{"id":9359,"date":"2019-11-30T14:18:51","date_gmt":"2019-11-30T13:18:51","guid":{"rendered":"https:\/\/www.turismoslovacchia.it\/?p=9359"},"modified":"2019-12-19T16:05:11","modified_gmt":"2019-12-19T15:05:11","slug":"a-bratislava-la-musica-della-basilica-di-santantonio-da-padova","status":"publish","type":"post","link":"https:\/\/www.turismoslovacchia.it\/?p=9359","title":{"rendered":"A Bratislava la musica della Basilica di Sant\u2019Antonio da Padova"},"content":{"rendered":"<p style=\"text-align: justify;\"><a href=\"https:\/\/www.turismoslovacchia.it\/wp-content\/uploads\/musica_Pixabay@1085606.jpg\" data-rel=\"lightbox-gallery-w7R6tnAD\" data-rl_title=\"\" data-rl_caption=\"\" title=\"\"><img decoding=\"async\" loading=\"lazy\" class=\"alignnone  wp-image-8281\" src=\"https:\/\/www.turismoslovacchia.it\/wp-content\/uploads\/musica_Pixabay@1085606.jpg\" alt=\"\" width=\"800\" height=\"492\" srcset=\"https:\/\/www.turismoslovacchia.it\/wp-content\/uploads\/musica_Pixabay@1085606.jpg 720w, https:\/\/www.turismoslovacchia.it\/wp-content\/uploads\/musica_Pixabay@1085606-300x185.jpg 300w, https:\/\/www.turismoslovacchia.it\/wp-content\/uploads\/musica_Pixabay@1085606-400x246.jpg 400w, https:\/\/www.turismoslovacchia.it\/wp-content\/uploads\/musica_Pixabay@1085606-100x62.jpg 100w, https:\/\/www.turismoslovacchia.it\/wp-content\/uploads\/musica_Pixabay@1085606-200x123.jpg 200w, https:\/\/www.turismoslovacchia.it\/wp-content\/uploads\/musica_Pixabay@1085606-150x92.jpg 150w\" sizes=\"(max-width: 800px) 100vw, 800px\" \/><\/a><\/p>\n<p style=\"text-align: justify;\">L\u2019organista della Basilica di Sant\u2019Antonio a Padova,\u00a0Massimo Dal Pr\u00e0,\u00a0sar\u00e0 il protagonista del concerto\u00a0\u201cEcce Crucem Domini\u201d\u00a0in programma il 2 dicembre prossimo nella\u00a0Chiesa dei Francescani di Bratislava.\u00a0Dal Pr\u00e0 arriva per la prima volta nella capitale slovacca dopo aver suonato in molti Paesi del mondo, in importanti festival organistici. Il programma del concerto spazier\u00e0 tra musiche classiche di grandi autori come Johann Sebastian Bach, Antonio Vivaldi, Johann Gottfried Walther, C\u00e9sar Franck, Th\u00e9odore Dubois, fino a brani di autori a noi pi\u00f9 vicini come sonorit\u00e0, quali David German.<\/p>\n<p style=\"text-align: justify;\">Massimo Dal Pr\u00e0 si \u00e8 diplomato con il massimo dei voti in pianoforte, organo e composizione presso il conservatorio \u201cC. Pollini\u201d a Padova con il M\u00b0 Renzo Buja.\u00a0Dopo il conseguimento dei diplomi ha continuato ad approfondire lo studio della composizione con il M\u00b0 Giorgio Pressato. Ha frequentato numerosi corsi di perfezionamento di musiche organistiche tedesche, francesi, italiane con il M\u00b0 Gaston Litaize. Ha al suo attivo pi\u00f9 di 600 concerti come solista o accompagnatore di cantanti o gruppi corali sacri o lirici in Italia e all\u2019estero. All\u2019attivit\u00e0 concertistica affianca quella didattica e di consulenza editoriale musicale. \u00c8 compositore di musica sacra.<\/p>\n<p style=\"text-align: justify;\">Dal 1981 al 1998 \u00e8 stato organista titolare della chiesa di San Benedetto a Padova. Dal 1998 al 2006 \u00e8 stato organista titolare della Cappella Musicale \u201cFiorella Benetti\u201d del Duomo dei Militari a Padova. Dal 2006 \u00e8 organista titolare della Pontificia Cappella Musicale Antoniana a Padova. Dal 2007 \u00e8 anche direttore di coro della Cappella Musicale San Benedetto Abate della chiesa di San Benedetto a Padova. Docente di organo presso la Scuola Diocesana di Padova, e teoria e solfeggio presso il Conservatorio di musica \u201cF. Venezze\u201d di Rovigo.<\/p>\n<p style=\"text-align: justify;\">La\u00a0Basilica di S. Antonio, che i padovani chiamano\u00a0Il Santo, \u00e8 il principale monumento di Padova ed uno tra i maggiori capolavori d\u2019arte ed architettura del mondo. \u00c8 inoltre uno dei pi\u00f9 celebri e frequentati luoghi di culto d\u2019Europa con milioni di turisti e pellegrini che lo visitano ogni anno.\u00a0Il tempio fu iniziato nel 1232 a onore di S. Antonio di Padova e fu compiuto nella sua parte principale sul finire del 1200.\u00a0La piazza di fronte alla Basilica ospita il maestoso monumento equestre al Gattamelata, opera realizzata a met\u00e0 del Quattrocento da Donatello e per secoli modello per i monumenti equestri in tutto l\u2019Occidente.<\/p>\n<p style=\"text-align: justify;\">L\u2019evento, organizzato dall\u2019Istituto Italiano di Cultura di Bratislava, si svolge sotto il Patrocinio dell\u2019Ambasciatore d\u2019Italia in Slovacchia,\u00a0Gabriele Meucci<\/p>\n<p style=\"text-align: justify;\">Programma: Johann Sebastian Bach, Antonio Vivaldi, Johann Gottfried Walther, C\u00e9sar Franck, Th\u00e9odore Dubois, Oreste Ravanello, David German.<\/p>\n<p style=\"text-align: justify;\">_<br \/>\nQuando: luned\u00ec 2 dicembre 2019, ore 18:00<br \/>\nOrganizzato da: IIC Bratislava, bratia Franti\u0161k\u00e1ni v Bratislave<br \/>\nIn collaborazione con: Ponti di Cultura n.o.<br \/>\nInfo:\u00a0<a class=\"wp-links-icon\" href=\"https:\/\/iicbratislava.esteri.it\/iic_bratislava\/it\/gli_eventi\/calendario\/2019\/12\/massimo-dal-pra-organista-della.html\" target=\"_blank\" rel=\"noopener\">IIC<\/a><br \/>\nIngresso Libero<\/p>\n","protected":false},"excerpt":{"rendered":"<p>L\u2019organista della Basilica di Sant\u2019Antonio a Padova,\u00a0Massimo Dal Pr\u00e0,\u00a0sar\u00e0 il protagonista del concerto\u00a0\u201cEcce Crucem Domini\u201d\u00a0in programma il 2 dicembre prossimo nella\u00a0Chiesa dei Francescani di Bratislava.\u00a0Dal Pr\u00e0 arriva per la prima volta nella capitale slovacca dopo aver suonato in molti Paesi del mondo, in importanti festival organistici. Il programma del concerto spazier\u00e0 tra musiche classiche di [&hellip;]<\/p>\n","protected":false},"author":2,"featured_media":8281,"comment_status":"open","ping_status":"open","sticky":false,"template":"","format":"standard","meta":[],"categories":[3,5,1],"tags":[9,249,29],"aioseo_notices":[],"jetpack_featured_media_url":"https:\/\/www.turismoslovacchia.it\/wp-content\/uploads\/musica_Pixabay@1085606.jpg","jetpack_sharing_enabled":true,"jetpack-related-posts":[{"id":4491,"url":"https:\/\/www.turismoslovacchia.it\/?p=4491","url_meta":{"origin":9359,"position":0},"title":"Bratislava, weekend di porte aperte. Appuntamenti culturali e non nella capitale","date":"24 Aprile 2015","format":false,"excerpt":"Da oggi e per tutto il weekend si terranno a Bratislava decine di eventi nell\u2019ambito della manifestazione \u201cBratislava pre v\u0161etk\u00fdch\u201d (Bratislava per tutti) per la conoscenza della citt\u00e0 e dei suoi cittadini, con visita libera delle istituzioni della capitale, anche di quelle normalmente inaccessibili. Tra i diversi eventi in programma\u2026","rel":"","context":"In &quot;Eventi&quot;","img":{"alt_text":"","src":"https:\/\/i0.wp.com\/www.turismoslovacchia.it\/wp-content\/uploads\/bratislava_event_bkis.sk_.jpg?resize=350%2C200&ssl=1","width":350,"height":200},"classes":[]},{"id":6848,"url":"https:\/\/www.turismoslovacchia.it\/?p=6848","url_meta":{"origin":9359,"position":1},"title":"Mese della Fotografia 2016, a Bratislava anche i grandi maestri italiani","date":"3 Novembre 2016","format":false,"excerpt":"Dal 4 novembre a Bratislava parte la rassegna internazionale annuale Mese della Fotografia (Mesiac fotografie) con numerose mostre\u00a0che inonderanno la capitale slovacca di immagini e\u00a0autori di alto profilo, slovacchi e internazionali. Alla sua 26esima\u00a0edizione\u00a0la rassegna presenta anche il terzo volume\u00a0della \u201cStoria della fotografia europea del XX secolo\u201d, un lavoro di\u2026","rel":"","context":"In &quot;Articoli&quot;","img":{"alt_text":"","src":"https:\/\/i0.wp.com\/www.turismoslovacchia.it\/wp-content\/uploads\/mesiacfotogr2016_poster.jpg?resize=350%2C200&ssl=1","width":350,"height":200},"classes":[]},{"id":8779,"url":"https:\/\/www.turismoslovacchia.it\/?p=8779","url_meta":{"origin":9359,"position":2},"title":"Novembre 2018: gli eventi a Bratislava e dintorni","date":"28 Ottobre 2018","format":false,"excerpt":"Bratislava Music Festival \u2013 Bratislava 28 settembre \u2013 14 ottobre 2018 La 54esima edizione del pi\u00f9 antico e prestigioso festival musicale internazionale in Slovacchia,\u00a0Bratislavsk\u00e9 Hudobn\u00e9 Sl\u00e1vnosti (BHS) prende il via il 28 settembre con un concerto inaugurale della Filarmonica Slovacca diretta da James Judd che vedr\u00e0 eseguiti brani di\u00a0Alexander Moyzes\u2026","rel":"","context":"In &quot;Eventi&quot;","img":{"alt_text":"","src":"https:\/\/i0.wp.com\/www.turismoslovacchia.it\/wp-content\/uploads\/vino-FB_malokarpatskavinnacestaMVC.jpg?resize=350%2C200&ssl=1","width":350,"height":200},"classes":[]},{"id":8743,"url":"https:\/\/www.turismoslovacchia.it\/?p=8743","url_meta":{"origin":9359,"position":3},"title":"Marzo 2018: gli eventi a Bratislava e dintorni","date":"5 Marzo 2018","format":false,"excerpt":"Mese della francofonia \u2013 Bratislava marzo 2018 Il mese di marzo \u00e8 dedicato, a Bratislava e in altre citt\u00e0, alla cultura francofona, un viaggio attraverso un programma variegato che si chiude con la settimana del cinema francese 'Cr\u00e9me de la Creme 5'.\u00a0Una mostra presso la European house of photography (Stredoeur\u00f3pskom\u2026","rel":"","context":"In &quot;Articoli&quot;","img":{"alt_text":"","src":"https:\/\/i0.wp.com\/www.turismoslovacchia.it\/wp-content\/uploads\/francofon-BSK.jpg?resize=350%2C200&ssl=1","width":350,"height":200},"classes":[]},{"id":9222,"url":"https:\/\/www.turismoslovacchia.it\/?p=9222","url_meta":{"origin":9359,"position":4},"title":"Bratislava, ritorna il Mese della fotografia","date":"1 Novembre 2019","format":false,"excerpt":"Ritorna per la ventinovesima volta il festival annuale Mesiac Fotografie \u2013 Month of Photography che ancora una volta porta a Bratislava star internazionali della fotografia contemporanea come AES + F e Joan Fountcouberta (vincitore del Premio Hasselblad, l'equivalente fotografico del Premio Nobel), insieme a vecchie glorie che dell'ottava arte hanno\u2026","rel":"","context":"In &quot;Articoli&quot;","img":{"alt_text":"","src":"https:\/\/i0.wp.com\/www.turismoslovacchia.it\/wp-content\/uploads\/mesiac-fotograf-19_1.jpg?resize=350%2C200&ssl=1","width":350,"height":200},"classes":[]},{"id":8861,"url":"https:\/\/www.turismoslovacchia.it\/?p=8861","url_meta":{"origin":9359,"position":5},"title":"Marzo 2019: gli eventi a Bratislava e dintorni","date":"6 Marzo 2019","format":false,"excerpt":"Mese della francofonia \u2013 Bratislava marzo 2019 Nel mese di marzo si svolge, a Bratislava e in altre citt\u00e0 slovacche, un festival della cultura francofona, un viaggio attraverso un programma variegato che include la settimana del cinema francese \u2018Cr\u00e9me de la Creme\u2019 dal 6 al 12 marzo, e poi ncontri,\u2026","rel":"","context":"In &quot;Eventi&quot;","img":{"alt_text":"","src":"https:\/\/i0.wp.com\/www.turismoslovacchia.it\/wp-content\/uploads\/cast-cervenykamen@gob-sk.jpg?resize=350%2C200&ssl=1","width":350,"height":200},"classes":[]}],"jetpack_shortlink":"https:\/\/wp.me\/p1oiY9-2qX","_links":{"self":[{"href":"https:\/\/www.turismoslovacchia.it\/index.php?rest_route=\/wp\/v2\/posts\/9359"}],"collection":[{"href":"https:\/\/www.turismoslovacchia.it\/index.php?rest_route=\/wp\/v2\/posts"}],"about":[{"href":"https:\/\/www.turismoslovacchia.it\/index.php?rest_route=\/wp\/v2\/types\/post"}],"author":[{"embeddable":true,"href":"https:\/\/www.turismoslovacchia.it\/index.php?rest_route=\/wp\/v2\/users\/2"}],"replies":[{"embeddable":true,"href":"https:\/\/www.turismoslovacchia.it\/index.php?rest_route=%2Fwp%2Fv2%2Fcomments&post=9359"}],"version-history":[{"count":2,"href":"https:\/\/www.turismoslovacchia.it\/index.php?rest_route=\/wp\/v2\/posts\/9359\/revisions"}],"predecessor-version":[{"id":9381,"href":"https:\/\/www.turismoslovacchia.it\/index.php?rest_route=\/wp\/v2\/posts\/9359\/revisions\/9381"}],"wp:featuredmedia":[{"embeddable":true,"href":"https:\/\/www.turismoslovacchia.it\/index.php?rest_route=\/wp\/v2\/media\/8281"}],"wp:attachment":[{"href":"https:\/\/www.turismoslovacchia.it\/index.php?rest_route=%2Fwp%2Fv2%2Fmedia&parent=9359"}],"wp:term":[{"taxonomy":"category","embeddable":true,"href":"https:\/\/www.turismoslovacchia.it\/index.php?rest_route=%2Fwp%2Fv2%2Fcategories&post=9359"},{"taxonomy":"post_tag","embeddable":true,"href":"https:\/\/www.turismoslovacchia.it\/index.php?rest_route=%2Fwp%2Fv2%2Ftags&post=9359"}],"curies":[{"name":"wp","href":"https:\/\/api.w.org\/{rel}","templated":true}]}}