{"id":9354,"date":"2019-11-23T15:13:07","date_gmt":"2019-11-23T14:13:07","guid":{"rendered":"https:\/\/www.turismoslovacchia.it\/?p=9354"},"modified":"2019-12-22T21:36:14","modified_gmt":"2019-12-22T20:36:14","slug":"cookintour-slovacchia-a-torino-una-cena-con-le-tipicita-gastronomiche-slovacche","status":"publish","type":"post","link":"https:\/\/www.turismoslovacchia.it\/?p=9354","title":{"rendered":"Cookin\u2019Tour Slovacchia, a Torino una cena con le tipicit\u00e0 gastronomiche slovacche"},"content":{"rendered":"<p style=\"text-align: justify;\"><strong><a href=\"https:\/\/www.turismoslovacchia.it\/wp-content\/uploads\/cookingtorinoSVK.jpg\" data-rel=\"lightbox-gallery-tmEcJyvU\" data-rl_title=\"\" data-rl_caption=\"\" title=\"\"><img decoding=\"async\" loading=\"lazy\" class=\"alignnone  wp-image-9355\" src=\"https:\/\/www.turismoslovacchia.it\/wp-content\/uploads\/cookingtorinoSVK.jpg\" alt=\"\" width=\"800\" height=\"480\" srcset=\"https:\/\/www.turismoslovacchia.it\/wp-content\/uploads\/cookingtorinoSVK.jpg 678w, https:\/\/www.turismoslovacchia.it\/wp-content\/uploads\/cookingtorinoSVK-300x180.jpg 300w, https:\/\/www.turismoslovacchia.it\/wp-content\/uploads\/cookingtorinoSVK-150x90.jpg 150w\" sizes=\"(max-width: 800px) 100vw, 800px\" \/><\/a><\/strong><\/p>\n<p style=\"text-align: justify;\"><strong>Gioved\u00ec 28 novembre 2019 a\u00a0Torino,<\/strong>\u00a0nell\u2019ambito del progetto Cookin\u2019Factory di Claudia Fraschini, si terr\u00e0 una\u00a0<strong>serata tematica dedicata alla Slovacchia<\/strong>\u00a0con la\u00a0<strong>presentazione delle tradizioni culturali<\/strong>\u00a0del paese centroeuropeo e\u00a0<strong>tante specialit\u00e0 culinarie<\/strong>.\u00a0La serata, patrocinata dall\u2019Ambasciata della Repubblica Slovacca in Italia e dall\u2019Istituto Slovacco a Roma, \u00e8 organizzata\u00a0<strong>dall\u2019associazione dei connazionali slovacchi a\u00a0Torino \u201eMY@VY \u2013 Priatelia Slovenska\u201c<\/strong>\u00a0con il supporto dell\u2018Ufficio per gli Slovacchi\u00a0che vivono\u00a0all\u2019estero<b><em>.<\/em><\/b><\/p>\n<p style=\"text-align: justify;\">In passato la cucina slovacca era una cucina povera, nella quale si utilizzavano ingredienti come il grano, le patate, il formaggio; tutto ci\u00f2 che potesse in qualche modo resistere alle avverse condizioni climatiche invernali. La caccia e l\u2019allevamento degli animali tipici del territorio portava poi a succucculenti manicaretti come l\u2019arrosto d\u2019oca e d\u2019anatra, le specialit\u00e0 di maiale, di selvaggina, e ovviamente piatti a base di pesce d\u2019acqua dolce, soprattutto la trota, la carpa e il luccio.<\/p>\n<p style=\"text-align: justify;\">Nella serata\u00a0<a class=\"wp-links-icon\" href=\"https:\/\/www.cookinfactory.com\/it\/blog\/item\/143-cookin-slovacchia\" target=\"_blank\" rel=\"noopener\">Cooking\u2019Slovacchia<\/a>\u00a0si scoprir\u00e0 molto pi\u00f9 di questo. Potrete degustare una standing dinner con i piatti tradizionali slovacchi e godere di un concerto lirico della mezzosoprano slovacca\u00a0<a class=\"wp-links-icon\" href=\"https:\/\/www.facebook.com\/barbarasomogyiovapage\/\" target=\"_blank\" rel=\"noopener\">Barbara Somogyiov\u00e1<\/a>\u00a0accompagnata\u00a0al pianoforte da Miwa Gofuka. Lo chef dell\u2019Ambasciata a Roma Tom\u00e1\u0161 Chvostek e la sommelier Adriana Harandzov\u00e1 provederanno a fare da guide\u00a0nei meandri della gastronomia tipica e dei vini pregiati della Slovacchia.\u00a0Verranno preparati piatti tipici caldi e freddi, dal goulasch al filetto di maiale, passando attraverso l\u2019anatra al miele e molte altre portate. Brevi filmati aiuteranno i partecipanti a conoscere meglio il paese Slovacchia.\u00a0Presente all\u2019evento il\u00a0Console Onorario della Repubblica Slovacca per il Piemonte, Liguria e\u00a0Valle d\u2019Aosta a Torino, Giuseppe Pellegrino.<\/p>\n<p style=\"text-align: justify;\">Indispensabile la prenotazione. Iscrizioni online al Cookin\u2019Slovacchia al costo di 25,00 euro a questa pagina, o 30,00 direttamente sul posto.<\/p>\n<h4 style=\"text-align: justify;\"><strong><a href=\"https:\/\/www.buongiornoslovacchia.sk\/wp-content\/uploads\/Invito-CookinTour-SVK_Torino.pdf\">Scarica l\u2019invito<\/a><\/strong><br \/>\n<a href=\"https:\/\/www.buongiornoslovacchia.sk\/wp-content\/uploads\/MENU_CookinTour_IT.pdf\"><strong>Vedi il menu<\/strong><\/a><\/h4>\n<p style=\"text-align: justify;\">_<br \/>\nDove:\u00a0<strong>Cookin\u2019Factory, Via Savonarola 2\/M, Torino<\/strong><br \/>\nQuando: giovedi 28 novembre a partire dalle 19:30<br \/>\nPrenotazioni sul sito\u00a0<a class=\"wp-links-icon\" href=\"http:\/\/www.cookinfactory.com\/bf\/\" target=\"_blank\" rel=\"noopener\">http:\/\/www.cookinfactory.com\/bf\/<\/a><br \/>\nInfo:\u00a0<a class=\"wp-links-icon\" href=\"https:\/\/www.facebook.com\/events\/913949258975696\/\" target=\"_blank\" rel=\"noopener\">https:\/\/www.facebook.com\/events\/913949258975696\/<\/a><\/p>\n","protected":false},"excerpt":{"rendered":"<p>Gioved\u00ec 28 novembre 2019 a\u00a0Torino,\u00a0nell\u2019ambito del progetto Cookin\u2019Factory di Claudia Fraschini, si terr\u00e0 una\u00a0serata tematica dedicata alla Slovacchia\u00a0con la\u00a0presentazione delle tradizioni culturali\u00a0del paese centroeuropeo e\u00a0tante specialit\u00e0 culinarie.\u00a0La serata, patrocinata dall\u2019Ambasciata della Repubblica Slovacca in Italia e dall\u2019Istituto Slovacco a Roma, \u00e8 organizzata\u00a0dall\u2019associazione dei connazionali slovacchi a\u00a0Torino \u201eMY@VY \u2013 Priatelia Slovenska\u201c\u00a0con il supporto dell\u2018Ufficio per gli [&hellip;]<\/p>\n","protected":false},"author":2,"featured_media":9355,"comment_status":"open","ping_status":"open","sticky":false,"template":"","format":"standard","meta":[],"categories":[3,5,1],"tags":[297,8,29,82],"aioseo_notices":[],"jetpack_featured_media_url":"https:\/\/www.turismoslovacchia.it\/wp-content\/uploads\/cookingtorinoSVK.jpg","jetpack_sharing_enabled":true,"jetpack-related-posts":[{"id":1371,"url":"https:\/\/www.turismoslovacchia.it\/?p=1371","url_meta":{"origin":9354,"position":0},"title":"Il festival delle arti popolari porta a Bratislava le migliori produzioni artigianali slovacche","date":"27 Agosto 2012","format":false,"excerpt":"In diversi luoghi della zona pedonale Bratislava \u00e8 in programma dal 31 agosto al 2 Settembre la festa dell\u2019artigianato, meglio definita come festa dei mestieri tradizionali e delle produzioni popolari, la pi\u00f9 grande rassegna della tradizione slovacca del \u201cfatto a mano\u201d e del \u201ccome si faceva una volta\u201d. Il festival,\u2026","rel":"","context":"In &quot;Articoli&quot;","img":{"alt_text":"","src":"https:\/\/i0.wp.com\/www.turismoslovacchia.it\/wp-content\/uploads\/arte-popolare-tradizioni-folk-folklore_foto_patriot.sk_.jpg?resize=350%2C200&ssl=1","width":350,"height":200},"classes":[]},{"id":8601,"url":"https:\/\/www.turismoslovacchia.it\/?p=8601","url_meta":{"origin":9354,"position":1},"title":"Tutti gli eventi della Settimana della cucina italiana in Slovacchia","date":"19 Novembre 2018","format":false,"excerpt":"Prendono il via oggi le iniziative organizzate dal Sistema Italia in Slovacchia nell\u2019ambito della\u00a0Settimana della Cucina Italiana nel Mondo. La manifestazione, promossa dal governo italiano e giunta alla terza edizione, prevede nella settimana\u00a0dal 19 al 25 novembre\u00a0oltre 1000 attivit\u00e0 promosse\u00a0in tutto il mondo\u00a0nel solco delle grandi tematiche che, a partire\u2026","rel":"","context":"In &quot;Articoli&quot;","img":{"alt_text":"","src":"https:\/\/i0.wp.com\/www.turismoslovacchia.it\/wp-content\/uploads\/cucinaita.jpg?resize=350%2C200&ssl=1","width":350,"height":200},"classes":[]},{"id":8614,"url":"https:\/\/www.turismoslovacchia.it\/?p=8614","url_meta":{"origin":9354,"position":2},"title":"Torino, mostra su 50 anni di Cecoslovacchia, dal 1918 al 1968","date":"22 Novembre 2018","format":false,"excerpt":"Nella Sala Mostre del Palazzo della Citt\u00e0 Metropolitana di Torino, sar\u00e0 inaugurata mercoled\u00ec 28 novembre la mostra storica didattica \u201c1918-1968. Dalla nascita della Cecoslovacchia alla Primavera di Praga\u201c, promossa, in occasione del Centenario dalla fondazione della Repubblica di Cecoslovacchia, dalle Ambasciate della Repubblica Ceca e della Repubblica Slovacca in Italia,\u2026","rel":"","context":"In &quot;Articoli&quot;","img":{"alt_text":"","src":"https:\/\/i0.wp.com\/www.turismoslovacchia.it\/wp-content\/uploads\/cecoslov-28.10.1918.jpg?resize=350%2C200&ssl=1","width":350,"height":200},"classes":[]},{"id":6110,"url":"https:\/\/www.turismoslovacchia.it\/?p=6110","url_meta":{"origin":9354,"position":3},"title":"Gran gala italiano a Bratislava, si festeggia l&#8217;attivit\u00e0 del liceo Saru","date":"25 Febbraio 2016","format":false,"excerpt":"Si \u00a0tenuto a Bratislava il 20 febbraio 2016 il GALA ITALIA, grande festa italiana, raffinata\u00a0ed elegante, che ha festeggiato il 25\u00b0 anniversario della creazione della sezione bilingue del Gymnazium ulica Ladislava Saru di Bratislava, unico liceo pubblico con una tale vocazione in Slovacchia.\u00a0Davanti a una platea di istituzioni italiane e\u2026","rel":"","context":"In &quot;Articoli&quot;","img":{"alt_text":"","src":"https:\/\/i0.wp.com\/www.turismoslovacchia.it\/wp-content\/uploads\/gala001.jpg?resize=350%2C200&ssl=1","width":350,"height":200},"classes":[]},{"id":546,"url":"https:\/\/www.turismoslovacchia.it\/?p=546","url_meta":{"origin":9354,"position":4},"title":"Arriva il Natale anche in Slovacchia con le sue tradizioni","date":"17 Novembre 2010","format":false,"excerpt":"Con l'apertura del mercatini inizia il Natale anche in Slovacchia, con le sue tradizioni. Come nel resto dell'Europa, anche in Slovacchia il Natale sembra iniziare prima ogni anno, almeno nei negozi. Ma il vero inizio della stagione arriva con l'apertura dei vari mercatini di Natale che si aprono nelle varie\u2026","rel":"","context":"In &quot;Articoli&quot;","img":{"alt_text":"","src":"https:\/\/i0.wp.com\/www.turismoslovacchia.it\/wp-content\/uploads\/2010\/10\/Mercatino-di-Natale-di-Bratislava.jpg?resize=350%2C200&ssl=1","width":350,"height":200},"classes":[]},{"id":6856,"url":"https:\/\/www.turismoslovacchia.it\/?p=6856","url_meta":{"origin":9354,"position":5},"title":"Novembre 2016: gli eventi a Bratislava e dintorni","date":"6 Novembre 2016","format":false,"excerpt":"4 - 30 novembre Mese della Fotografia 2016 Dal 4 novembre prende il via a Bratislava la rassegna internazionale annuale Mese della Fotografia (Mesiac fotografie) che distribuisce numerose mostre in diversi spazi della capitale slovacca con lavori e\u00a0autori di alto profilo, sia slovacchi che internazionali. Maggiori info a questo articolo.\u2026","rel":"","context":"In &quot;Eventi&quot;","img":{"alt_text":"","src":"https:\/\/i0.wp.com\/www.turismoslovacchia.it\/wp-content\/uploads\/eventi_00.jpg?resize=350%2C200&ssl=1","width":350,"height":200},"classes":[]}],"jetpack_shortlink":"https:\/\/wp.me\/p1oiY9-2qS","_links":{"self":[{"href":"https:\/\/www.turismoslovacchia.it\/index.php?rest_route=\/wp\/v2\/posts\/9354"}],"collection":[{"href":"https:\/\/www.turismoslovacchia.it\/index.php?rest_route=\/wp\/v2\/posts"}],"about":[{"href":"https:\/\/www.turismoslovacchia.it\/index.php?rest_route=\/wp\/v2\/types\/post"}],"author":[{"embeddable":true,"href":"https:\/\/www.turismoslovacchia.it\/index.php?rest_route=\/wp\/v2\/users\/2"}],"replies":[{"embeddable":true,"href":"https:\/\/www.turismoslovacchia.it\/index.php?rest_route=%2Fwp%2Fv2%2Fcomments&post=9354"}],"version-history":[{"count":2,"href":"https:\/\/www.turismoslovacchia.it\/index.php?rest_route=\/wp\/v2\/posts\/9354\/revisions"}],"predecessor-version":[{"id":9380,"href":"https:\/\/www.turismoslovacchia.it\/index.php?rest_route=\/wp\/v2\/posts\/9354\/revisions\/9380"}],"wp:featuredmedia":[{"embeddable":true,"href":"https:\/\/www.turismoslovacchia.it\/index.php?rest_route=\/wp\/v2\/media\/9355"}],"wp:attachment":[{"href":"https:\/\/www.turismoslovacchia.it\/index.php?rest_route=%2Fwp%2Fv2%2Fmedia&parent=9354"}],"wp:term":[{"taxonomy":"category","embeddable":true,"href":"https:\/\/www.turismoslovacchia.it\/index.php?rest_route=%2Fwp%2Fv2%2Fcategories&post=9354"},{"taxonomy":"post_tag","embeddable":true,"href":"https:\/\/www.turismoslovacchia.it\/index.php?rest_route=%2Fwp%2Fv2%2Ftags&post=9354"}],"curies":[{"name":"wp","href":"https:\/\/api.w.org\/{rel}","templated":true}]}}