{"id":9349,"date":"2019-11-18T12:06:53","date_gmt":"2019-11-18T11:06:53","guid":{"rendered":"https:\/\/www.turismoslovacchia.it\/?p=9349"},"modified":"2019-12-19T15:56:04","modified_gmt":"2019-12-19T14:56:04","slug":"a-bratislava-il-mittelcinemafest-2019-tra-i-film-anche-salvatores-e-bellocchio","status":"publish","type":"post","link":"https:\/\/www.turismoslovacchia.it\/?p=9349","title":{"rendered":"A Bratislava il MittelCinemaFest 2019, tra i film anche Salvatores e Bellocchio"},"content":{"rendered":"<p style=\"text-align: justify;\"><a href=\"https:\/\/www.turismoslovacchia.it\/wp-content\/uploads\/mittelcine19.jpg\" data-rel=\"lightbox-gallery-AEgprPqm\" data-rl_title=\"\" data-rl_caption=\"\" title=\"\"><img decoding=\"async\" loading=\"lazy\" class=\"alignnone  wp-image-9350\" src=\"https:\/\/www.turismoslovacchia.it\/wp-content\/uploads\/mittelcine19.jpg\" alt=\"\" width=\"801\" height=\"481\" srcset=\"https:\/\/www.turismoslovacchia.it\/wp-content\/uploads\/mittelcine19.jpg 678w, https:\/\/www.turismoslovacchia.it\/wp-content\/uploads\/mittelcine19-300x180.jpg 300w, https:\/\/www.turismoslovacchia.it\/wp-content\/uploads\/mittelcine19-150x90.jpg 150w\" sizes=\"(max-width: 801px) 100vw, 801px\" \/><\/a><\/p>\n<p style=\"text-align: justify;\">\u00c8 ai nastri di partenza la\u00a0<a class=\"wp-links-icon\" href=\"https:\/\/iicbratislava.esteri.it\/iic_bratislava\/it\/gli_eventi\/mittelcinemafest-2019.html\" target=\"_blank\" rel=\"noopener\">17a edizione del Mittelcinemafest<\/a>\u00a0\u2013 la rassegna del cinema italiano contemporaneo che annualmente viene proposta nei paesi dell\u2019Europa centrale. Anche quest\u2019anno il calendario prevede diverse opere recenti di grande qualit\u00e0, selezione rappresentativa della produzione cinematografica del Belpaese uscita negli ultimi mesi. Una particolare attenzione, come sempre,\u00a0viene prestata ai giovani talenti le cui opere hanno conquistato i festival internazionali, ma non mancano i grandi nomi, come Gabriele Salvatores e Marco Bellocchio, cui \u00e8 affidata rispettivamente l\u2019apertura e chiusura del festival. Il premio Oscar Salvatores presenta la sua pellicola di un viaggio avventuroso di padre e figlio autistico ispirato a fatti realmente accaduti, mentre Marco Bellocchio racconta la storia di un uomo che per primo ruppe negli anni \u201980 la lastra dell\u2019omert\u00e0 aprendo uno spiraglio all\u2019interno del sistema mafioso italiano.<\/p>\n<p style=\"text-align: justify;\">I dieci film presentati in cinque giornate rispecchiano l\u2019Italia di oggi, con storie di singoli personaggi che lottano ogni giorno per qualcosa in cui credono. Uno dei grandi temi di questa edizione \u00e8 la diversit\u00e0, nelle sue pi\u00f9 svariate sfumature e la sfida di poter amare anche chi non \u00e8 uguale a noi.<\/p>\n<p style=\"text-align: justify;\">Il festival, organizzato\u00a0dall\u2019Istituto Italiano di Cultura in collaborazione con l\u2019Istituto Luce Cinecitt\u00e0, avr\u00e0 luogo\u00a0dal\u00a020 al 24 novembre presso il Kino Lumi\u00e8re a Bratislava.\u00a0Adriana \u0160ul\u00edkov\u00e1 dell\u2019Istituto Italiano di Cultura, coinvolta nella compilazione del programma, ricorda che \u00abquasi tutti i film saranno in prima assoluta in\u00a0Slovacchia sul grande schermo, e siamo lieti che due di loro saranno disponibili anche per la distribuzione slovacca\u00bb.<\/p>\n<p style=\"text-align: justify;\"><img decoding=\"async\" loading=\"lazy\" class=\"alignnone jetpack-lazy-image jetpack-lazy-image--handled\" src=\"https:\/\/i0.wp.com\/iicbratislava.esteri.it\/iic_bratislava\/resource\/img\/2019\/11\/tutto-il-mio-folle-amore.jpg?resize=678%2C452&amp;ssl=1\" width=\"678\" height=\"452\" data-recalc-dims=\"1\" data-lazy-loaded=\"1\" \/><\/p>\n<div class=\"tlid-results-container results-container\" style=\"text-align: justify;\">\n<div class=\"tlid-result result-dict-wrapper\">\n<div class=\"result tlid-copy-target\">\n<div class=\"result-header\">\n<div class=\"starbutton jfk-button-flat jfk-button unstarred\" tabindex=\"0\" role=\"button\" aria-label=\"Aggiungi traduzione ai Preferiti\" data-tooltip=\"Aggiungi traduzione ai Preferiti\" data-tooltip-align=\"t,c\">\n<div class=\"jfk-button-img\"><strong>Inaugurazione mercoled\u00ec 20<\/strong>\u00a0alle ore 20.00 con il film\u00a0<em><strong>Tutto il mio folle amore<\/strong>\u00a0(titolo per la Slovacchia: Volare)<\/em>\u00a0di\u00a0<strong>Gabriele Salvatores<\/strong>. Willi, un cantante da bar e padre biologico di Vincent, che incontra per la prima volta quando il ragazzo ha sedici anni e lo scopre diverso da quello che aveva immaginato. Insieme intraprendono un folle viaggio, l\u2019inizio di una grande avventura, un\u2019opportunit\u00e0 per conoscersi e avvicinarsi. Il film \u00e8 stato proiettato al Festival Internazionale di Venezia ed \u00e8 una novit\u00e0 presentata in anteprima alla fine di ottobre.<\/div>\n<div><\/div>\n<div><img decoding=\"async\" loading=\"lazy\" class=\"alignnone jetpack-lazy-image jetpack-lazy-image--handled\" src=\"https:\/\/i2.wp.com\/iicbratislava.esteri.it\/iic_bratislava\/resource\/img\/2019\/11\/prvyzradca.jpg?resize=678%2C452&amp;ssl=1\" width=\"678\" height=\"452\" data-recalc-dims=\"1\" data-lazy-loaded=\"1\" \/><\/div>\n<\/div>\n<\/div>\n<\/div>\n<\/div>\n<\/div>\n<p style=\"text-align: justify;\"><strong>Domenica 24 novembre<\/strong>\u00a0alle 20:00 il festival si chiuder\u00e0 con\u00a0<strong><em>Il traditore<\/em><\/strong>\u00a0(<em>Prv\u00fd zradca<\/em>), ultima opera di\u00a0<strong>Marco Bellocchio<\/strong>\u00a0che ci riporta nell\u2019Italia negli anni \u201980. Il personaggio centrale della storia \u00e8 il boss della mafia Tommaso Buscetta (Pierfrancesco Favino), che fu il primo a infrangere il giuramento di Cosa Nostra, descrivendo in dettaglio le pratiche della grande organizzazione criminale, aiutando il giudice Falcone a scovare e imprigionare centinaia di mafiosi. Il film ha vinto sette Nastri d\u2019argento in tutte le principali categorie, il Globo d\u2019oro per il miglior film e la migliore musica. Il film era in gara per la Palma d\u2019oro a Cannes ed \u00e8 stato scelto come pellicola italiana candidata all\u2019Oscar per il miglior film straniero.<\/p>\n<p style=\"text-align: justify;\">Il programma del festival prevede anche i film:<br \/>\n<strong><em>Bangla<\/em><\/strong>, debutto cinematografico del giovane regista italiano di origine bengalese Phaim Bhuiyn;<br \/>\n<strong><em>La legge degli spazi bianchi<\/em><\/strong>\u00a0di Mauro Caputo, basato sull\u2019omonima storia di Giorgio Pressburger, regista, scrittore e drammaturgo nato a Budapest in una famiglia ebrea di Bratislava;<br \/>\n<strong><em>Quanto basta<\/em><\/strong>, commedia sull\u2019amicizia tra Guido e lo chef stellato Arturo;<br \/>\n<strong><em>Figlia mia<\/em><\/strong>\u00a0di Laura Bispuri, che tratta temi femminili e la questione della maternit\u00e0;<br \/>\n<em><strong>Il campione<\/strong><\/em>, opera prima del regista Leonardo D\u2019Agostini, una commedia drammatica ambientata nell\u2019ambiente calcistico e con un forte messaggio educativo;<br \/>\n<em><strong>Maternal<\/strong><\/em>, di Maura Delpero, coproduzione italo-argentina;<br \/>\n<strong>Domani \u00e8 un altro giorno<\/strong>\u00a0di Simone Spada che vede protagonisti i noti attori Valerio Mastandrea e Marco Giallini;<br \/>\n<em><strong>Dafne\u2019<\/strong><\/em>\u00a0di Federico Bondi, che racconta la storia poetica di un padre e una figlia con sindrome di Down che intraprendono un viaggio insieme per commemorare il ricordo della madre.<\/p>\n<p style=\"text-align: justify;\">Tutte le informazioni sono disponibili sul\u00a0<a class=\"wp-links-icon\" href=\"https:\/\/iicbratislava.esteri.it\/iic_bratislava\/it\/gli_eventi\/mittelcinemafest-2019.html\" target=\"_blank\" rel=\"noopener\">sito dell\u2019Istituto di Cultura<\/a>\u00a0e del\u00a0<a class=\"wp-links-icon\" href=\"http:\/\/www.kino-lumiere.sk\/klient-863\/kino-241\/stranka-9146\/informacia-11221\" target=\"_blank\" rel=\"noopener\">Kino Lumi\u00e8re<\/a>. Biglietti a 5 euro anche acquistabili online.<\/p>\n","protected":false},"excerpt":{"rendered":"<p>\u00c8 ai nastri di partenza la\u00a017a edizione del Mittelcinemafest\u00a0\u2013 la rassegna del cinema italiano contemporaneo che annualmente viene proposta nei paesi dell\u2019Europa centrale. Anche quest\u2019anno il calendario prevede diverse opere recenti di grande qualit\u00e0, selezione rappresentativa della produzione cinematografica del Belpaese uscita negli ultimi mesi. Una particolare attenzione, come sempre,\u00a0viene prestata ai giovani talenti le [&hellip;]<\/p>\n","protected":false},"author":2,"featured_media":9350,"comment_status":"open","ping_status":"open","sticky":false,"template":"","format":"standard","meta":[],"categories":[3,5,1],"tags":[9,339,583],"aioseo_notices":[],"jetpack_featured_media_url":"https:\/\/www.turismoslovacchia.it\/wp-content\/uploads\/mittelcine19.jpg","jetpack_sharing_enabled":true,"jetpack-related-posts":[{"id":2843,"url":"https:\/\/www.turismoslovacchia.it\/?p=2843","url_meta":{"origin":9349,"position":0},"title":"Melos-\u00c9tos, a Bratislava il festival della musica di oggi \u2013 anzi, di domani","date":"8 Novembre 2013","format":false,"excerpt":"Si apre oggi 8 novembre, con un concerto di sole prime esecuzioni, il Festival Internazionale di Musica Contemporanea Melos-\u00c9tos (anche Melos-Ethos, in inglese) che per una settimana porta, con il motto \u201cHudba je v\u0161ade\u201d (La musica \u00e8 ovunque), un po\u2019 di \u201caria nuova\u201d nel panorama musicale di Bratislava con musica\u2026","rel":"","context":"In &quot;Articoli&quot;","img":{"alt_text":"","src":"https:\/\/i0.wp.com\/www.turismoslovacchia.it\/wp-content\/uploads\/melos-etos.jpg?resize=350%2C200&ssl=1","width":350,"height":200},"classes":[]},{"id":3936,"url":"https:\/\/www.turismoslovacchia.it\/?p=3936","url_meta":{"origin":9349,"position":1},"title":"Parte oggi l\u2019Estate di Bratislava con una sfilata in piazza. In totale 250 eventi fino a settembre","date":"12 Giugno 2014","format":false,"excerpt":"Prende il via oggi 12 giugno L'estate culturale di Bratislava che, insieme al Festival del Castello propone eventi multi-genere nella capitale slovacca per i prossimi tre mesi. L\u2019evento con cui si apre ufficialmente la 39esima edizione dell\u2019Estate \u00e8 \u201cM\u00f3da v meste\u201d, Moda in citta', una sfilata di abiti delle collezioni\u2026","rel":"","context":"In &quot;Eventi&quot;","img":{"alt_text":"","src":"https:\/\/i0.wp.com\/www.turismoslovacchia.it\/wp-content\/uploads\/Bratislava-estate-eventi_flickr-10099099554.jpg?resize=350%2C200&ssl=1","width":350,"height":200},"classes":[]},{"id":1773,"url":"https:\/\/www.turismoslovacchia.it\/?p=1773","url_meta":{"origin":9349,"position":2},"title":"Febio Fest 2013, un mese di cinema di qualit\u00e0 in Slovacchia","date":"11 Marzo 2013","format":false,"excerpt":"Dopo l\u2019avvio del festival cinematografico Febio Fest oggi a Praga \u2013 con Giancarlo Giannini premiato dalla critica ceca e una rassegna \u2013 sara' il turno anche del suo gemello Febio Fest slovacco (www.febiofest.sk), che si tiene a Bratislava dal 15 al 21 marzo e in seguito si sposta in altre\u2026","rel":"","context":"In &quot;Eventi&quot;","img":{"alt_text":"","src":"https:\/\/i0.wp.com\/www.turismoslovacchia.it\/wp-content\/uploads\/febiofest.jpg?resize=350%2C200&ssl=1","width":350,"height":200},"classes":[]},{"id":8421,"url":"https:\/\/www.turismoslovacchia.it\/?p=8421","url_meta":{"origin":9349,"position":3},"title":"Febbraio 2018: gli eventi a Bratislava e dintorni","date":"28 Gennaio 2018","format":false,"excerpt":"Tra\u00a0gli eventi pi\u00f9 rilevanti del febbraio 2010 nella citt\u00e0 e regione di Bratislava\u00a0vanno ricordati la stagione dei balli che come tutti gli anni riporta in Slovacchia un po' dell'atmosfera delle serate danzanti d'epoca asburgica, l'opportunit\u00e0 di assaggiare piatti di stagione dei migliori chef slovacchi a costi accessibili, o di\u00a0godere della\u2026","rel":"","context":"In &quot;Articoli&quot;","img":{"alt_text":"","src":"https:\/\/i0.wp.com\/www.turismoslovacchia.it\/wp-content\/uploads\/music-concer_pix.jpg?resize=350%2C200&ssl=1","width":350,"height":200},"classes":[]},{"id":1092,"url":"https:\/\/www.turismoslovacchia.it\/?p=1092","url_meta":{"origin":9349,"position":4},"title":"La fotografia come ogni novembre invade Bratislava","date":"12 Novembre 2011","format":false,"excerpt":"La 21\u00b0 edizione del Mese della Fotografia di Bratislava mette insieme diversi generi, fotografi e paesi per un totale di 26 mostre, che sono state aperte all'inizio del mese e sono sparse in tutta la citta' dalle grandi alle piccole gallerie. Parte del circuito sono anche la Galleria Nazionale Slovacca\u2026","rel":"","context":"In &quot;Articoli&quot;","img":{"alt_text":"","src":"https:\/\/i0.wp.com\/www.turismoslovacchia.it\/wp-content\/uploads\/mesiacfotografie-JanSaudek_ps03.jpg?resize=350%2C200&ssl=1","width":350,"height":200},"classes":[]},{"id":9297,"url":"https:\/\/www.turismoslovacchia.it\/?p=9297","url_meta":{"origin":9349,"position":5},"title":"Melos-Ethos, il maggior festival slovacco di musica contemporanea","date":"3 Novembre 2019","format":false,"excerpt":"Il Festival biennale Melos-Ethos, che dal 1991 propone la pi\u00f9 importante rassegna di produzione musicale contemporanea slovacca, e selezionati autori stranieri prendendo spunto dalla\u00a0ricca tradizione musicale di Bratislava. Durante l'epoca comunista la musica contemporanea proveniente dall'America e dall'Europa era denigrata e agli autori slovacchi era permesso di esprimersi solo parzialmente,\u2026","rel":"","context":"In &quot;Articoli&quot;","img":{"alt_text":"","src":"https:\/\/i0.wp.com\/www.turismoslovacchia.it\/wp-content\/uploads\/melos-ethos19.jpg?resize=350%2C200&ssl=1","width":350,"height":200},"classes":[]}],"jetpack_shortlink":"https:\/\/wp.me\/p1oiY9-2qN","_links":{"self":[{"href":"https:\/\/www.turismoslovacchia.it\/index.php?rest_route=\/wp\/v2\/posts\/9349"}],"collection":[{"href":"https:\/\/www.turismoslovacchia.it\/index.php?rest_route=\/wp\/v2\/posts"}],"about":[{"href":"https:\/\/www.turismoslovacchia.it\/index.php?rest_route=\/wp\/v2\/types\/post"}],"author":[{"embeddable":true,"href":"https:\/\/www.turismoslovacchia.it\/index.php?rest_route=\/wp\/v2\/users\/2"}],"replies":[{"embeddable":true,"href":"https:\/\/www.turismoslovacchia.it\/index.php?rest_route=%2Fwp%2Fv2%2Fcomments&post=9349"}],"version-history":[{"count":2,"href":"https:\/\/www.turismoslovacchia.it\/index.php?rest_route=\/wp\/v2\/posts\/9349\/revisions"}],"predecessor-version":[{"id":9379,"href":"https:\/\/www.turismoslovacchia.it\/index.php?rest_route=\/wp\/v2\/posts\/9349\/revisions\/9379"}],"wp:featuredmedia":[{"embeddable":true,"href":"https:\/\/www.turismoslovacchia.it\/index.php?rest_route=\/wp\/v2\/media\/9350"}],"wp:attachment":[{"href":"https:\/\/www.turismoslovacchia.it\/index.php?rest_route=%2Fwp%2Fv2%2Fmedia&parent=9349"}],"wp:term":[{"taxonomy":"category","embeddable":true,"href":"https:\/\/www.turismoslovacchia.it\/index.php?rest_route=%2Fwp%2Fv2%2Fcategories&post=9349"},{"taxonomy":"post_tag","embeddable":true,"href":"https:\/\/www.turismoslovacchia.it\/index.php?rest_route=%2Fwp%2Fv2%2Ftags&post=9349"}],"curies":[{"name":"wp","href":"https:\/\/api.w.org\/{rel}","templated":true}]}}