{"id":9341,"date":"2019-11-15T10:45:04","date_gmt":"2019-11-15T09:45:04","guid":{"rendered":"https:\/\/www.turismoslovacchia.it\/?p=9341"},"modified":"2019-12-19T15:54:41","modified_gmt":"2019-12-19T14:54:41","slug":"al-castello-di-bratislava-la-mostra-n89-strada-verso-la-liberta","status":"publish","type":"post","link":"https:\/\/www.turismoslovacchia.it\/?p=9341","title":{"rendered":"Al Castello di Bratislava la mostra \u2018N89 \u2013 Strada verso la libert\u00e0\u2019"},"content":{"rendered":"<p><a href=\"https:\/\/www.turismoslovacchia.it\/wp-content\/uploads\/n89.jpg\" data-rel=\"lightbox-gallery-ogkfBuqY\" data-rl_title=\"\" data-rl_caption=\"\" title=\"\"><img decoding=\"async\" loading=\"lazy\" class=\"alignnone  wp-image-9342\" src=\"https:\/\/www.turismoslovacchia.it\/wp-content\/uploads\/n89.jpg\" alt=\"\" width=\"800\" height=\"480\" srcset=\"https:\/\/www.turismoslovacchia.it\/wp-content\/uploads\/n89.jpg 678w, https:\/\/www.turismoslovacchia.it\/wp-content\/uploads\/n89-300x180.jpg 300w, https:\/\/www.turismoslovacchia.it\/wp-content\/uploads\/n89-150x90.jpg 150w\" sizes=\"(max-width: 800px) 100vw, 800px\" \/><\/a><\/p>\n<p style=\"text-align: justify;\">Gioved\u00ec 14 novembre \u00e8 stata inaugurata nel castello di Bratislava la mostra \u201c<a class=\"wp-links-icon\" href=\"https:\/\/www.snm.sk\/?historicke-muzeum-aktualne-vystavy&amp;clanok=n89-cesta-k-slobode\" target=\"_blank\" rel=\"noopener\">N89 \u2013 Cesta k slobode<\/a>\u201d (Strada verso la libert\u00e0) che racconta il periodo della Rivoluzione di velluto (1989). Alla cerimonia di apertura hanno partecipato diverse personalit\u00e0 della cultura e delle istituzioni, a partire dal presidente del Parlamento Andrei Danko.\u00a0La mostra commemorativa organizzata dal Museo nazionale slovacco (SNM), dall\u2019Istituto di memoria nazionale (UPN) e da Klub 89 illustra non solo il periodo storico culminato con la caduta del muro di Berlino e la Rivoluzione di velluto, ma presenta anche una riflessione sulla percezione della libert\u00e0.<\/p>\n<p style=\"text-align: justify;\">Due generazioni di giovani non hanno vissuto la Rivoluzione di velluto o al tempo non avevano pi\u00f9 di dieci anni, quindi non erano in grado di comprendere i cambiamenti politici che stavano accadendo. \u201cN89 \u2013 Strada verso la libert\u00e0\u201d consentir\u00e0 di conoscere o ricordare le principali restrizioni alla libert\u00e0 in Cecoslovacchia durante l\u2019era comunista, grazie alla mostra di oggetti e materiali inediti, composta da elementi multimediali.<\/p>\n<p style=\"text-align: justify;\"><img decoding=\"async\" loading=\"lazy\" class=\"alignnone \" src=\"https:\/\/i0.wp.com\/www.buongiornoslovacchia.sk\/wp-content\/uploads\/n89-1.jpg?w=678&amp;ssl=1\" width=\"800\" height=\"480\" \/><\/p>\n<p style=\"text-align: justify;\">Numerose istituzioni e decine di individui hanno collaborato alla preparazione della mostra, che si conclude con le prime elezioni libere nel 1990, la distruzione del memoriale di Klement Gottwald dedicato al presidente cecoslovacco dell\u2019era stalinista e il cambio di nome da Gottwaldovo n\u00e1mestie a\u00a0N\u00e1mestie Slobody, Piazza della libert\u00e0.<\/p>\n<p style=\"text-align: justify;\">Il 17 novembre, data della caduta del regime, sar\u00e0 possibile viaggiare gratuitamente sullo storico filobus N89, che negli anni \u201980 trasportava anche molti manifestanti. Il filobus passer\u00e0 ogni 20 minuti sulla rotta Risultati di ricerca Risultato web con link ai siti Nemocnica Sv\u00e4t\u00e9ho Michala (Rajsk\u00e1) \u2013 Ondrejsk\u00fd cintor\u00edn \u2013 Koll\u00e1rovo n\u00e1m. \u2013 Hod\u017eovo n\u00e1mestie \u2013 Palis\u00e1dy \u2013 Hrad \u2013 Mudro\u0148ova \u2013 B\u00fadkov\u00e1.<\/p>\n<p style=\"text-align: justify;\">La mostra \u201cN89 \u2013 Strada verso la libert\u00e0\u201d rimarr\u00e0 aperta fino al 22 novembre 2020.<\/p>\n<p style=\"text-align: justify;\"><em><br \/>\nFoto\u00a0<a class=\"wp-links-icon\" href=\"https:\/\/www.facebook.com\/SNMHistorickeMuzeum\/\" target=\"_blank\" rel=\"noopener\">SNM<\/a><\/em><\/p>\n","protected":false},"excerpt":{"rendered":"<p>Gioved\u00ec 14 novembre \u00e8 stata inaugurata nel castello di Bratislava la mostra \u201cN89 \u2013 Cesta k slobode\u201d (Strada verso la libert\u00e0) che racconta il periodo della Rivoluzione di velluto (1989). Alla cerimonia di apertura hanno partecipato diverse personalit\u00e0 della cultura e delle istituzioni, a partire dal presidente del Parlamento Andrei Danko.\u00a0La mostra commemorativa organizzata dal [&hellip;]<\/p>\n","protected":false},"author":2,"featured_media":9342,"comment_status":"open","ping_status":"open","sticky":false,"template":"","format":"standard","meta":[],"categories":[3,5,1],"tags":[9,650,44,485],"aioseo_notices":[],"jetpack_featured_media_url":"https:\/\/www.turismoslovacchia.it\/wp-content\/uploads\/n89.jpg","jetpack_sharing_enabled":true,"jetpack-related-posts":[{"id":9250,"url":"https:\/\/www.turismoslovacchia.it\/?p=9250","url_meta":{"origin":9341,"position":0},"title":"A Roma una mostra-anniversario della Rivoluzione: \u201c30 anni di libert\u00e0 cecoslovacca\u201d","date":"16 Ottobre 2019","format":false,"excerpt":"Due Paesi, la\u00a0Repubblica Ceca\u00a0e la\u00a0Repubblica Slovacca, vogliono insieme ricordare uno dei momenti salienti della storia recente cecoslovacca: la\u00a0fine della quarantennale dittatura comunista.\u00a0Sessanta scatti iconici, realizzati da quindici tra i migliori fotografi cechi, raccontano fatti ed emozioni di quel periodo nella mostra fotografica \u201c1989: Rivoluzione di velluto. 30 anni della libert\u00e0\u2026","rel":"","context":"In &quot;Articoli&quot;","img":{"alt_text":"","src":"https:\/\/i0.wp.com\/www.turismoslovacchia.it\/wp-content\/uploads\/30-1989.jpg?resize=350%2C200&ssl=1","width":350,"height":200},"classes":[]},{"id":9222,"url":"https:\/\/www.turismoslovacchia.it\/?p=9222","url_meta":{"origin":9341,"position":1},"title":"Bratislava, ritorna il Mese della fotografia","date":"1 Novembre 2019","format":false,"excerpt":"Ritorna per la ventinovesima volta il festival annuale Mesiac Fotografie \u2013 Month of Photography che ancora una volta porta a Bratislava star internazionali della fotografia contemporanea come AES + F e Joan Fountcouberta (vincitore del Premio Hasselblad, l'equivalente fotografico del Premio Nobel), insieme a vecchie glorie che dell'ottava arte hanno\u2026","rel":"","context":"In &quot;Articoli&quot;","img":{"alt_text":"","src":"https:\/\/i0.wp.com\/www.turismoslovacchia.it\/wp-content\/uploads\/mesiac-fotograf-19_1.jpg?resize=350%2C200&ssl=1","width":350,"height":200},"classes":[]},{"id":1780,"url":"https:\/\/www.turismoslovacchia.it\/?p=1780","url_meta":{"origin":9341,"position":2},"title":"Museo del comunismo, apertura ufficiale il 25 marzo 2013","date":"11 Febbraio 2013","format":false,"excerpt":"Dopo un periodo di funzionamento sperimentale, il Museo dei crimini e delle vittime del comunismo viene ufficialmente inaugurato il 25 marzo, il giorno in cui in Slovacchia si va a commemorare il 25\u00b0 anniversario della manifestazione delle candele (svie\u010dkov\u00e1 demon\u0161tr\u00e1cia), l\u2019evento che dette inizio alle proteste contro il regime in\u2026","rel":"","context":"In &quot;Articoli&quot;","img":{"alt_text":"","src":"https:\/\/i0.wp.com\/www.turismoslovacchia.it\/wp-content\/uploads\/museo-comunismo-bratislava.jpg?resize=350%2C200","width":350,"height":200},"classes":[]},{"id":2866,"url":"https:\/\/www.turismoslovacchia.it\/?p=2866","url_meta":{"origin":9341,"position":3},"title":"17 novembre, Giorno della Lotta per la libert\u00e0 e la democrazia","date":"17 Novembre 2013","format":false,"excerpt":"Si celebra oggi, 17 novembre, il 24esimo anniversario della Rivoluzione di velluto del 1989, che port\u00f2 al crollo del regime comunista, una data ricordata in Slovacchia come Giorno della Lotta per la liberta' e la democrazia. Il giorno prima, il 16 novembre 1989, inizi\u00f2 tutto con una manifestazione pacifica a\u2026","rel":"","context":"In &quot;Articoli&quot;","img":{"alt_text":"","src":"https:\/\/i0.wp.com\/www.buongiornoslovacchia.sk\/wp-content\/uploads\/Rivoluzione-di-Velluto.jpg?resize=350%2C200","width":350,"height":200},"classes":[]},{"id":7937,"url":"https:\/\/www.turismoslovacchia.it\/?p=7937","url_meta":{"origin":9341,"position":4},"title":"37 musei slovacchi che sono gratuiti ogni prima domenica del mese","date":"29 Marzo 2017","format":false,"excerpt":"Diversi musei statali offrono ai visitatori l\u2019ingresso gratuito ogni prima domenica del mese, una iniziativa presa anni fa dal ministero dell Cultura che prosegue tutt\u2019ora. Sono gratuiti numerosi musei specializzati della rete del Museo Nazionale Slovacco (SNM), le cinque sedi della Galleria Nazionale Slovacca (SNG), quattro esposizioni del Museo dell\u2019Insurrezione\u2026","rel":"","context":"In &quot;Articoli&quot;","img":{"alt_text":"","src":"https:\/\/i0.wp.com\/www.turismoslovacchia.it\/wp-content\/uploads\/musei2.jpg?resize=350%2C200&ssl=1","width":350,"height":200},"classes":[]},{"id":8438,"url":"https:\/\/www.turismoslovacchia.it\/?p=8438","url_meta":{"origin":9341,"position":5},"title":"Bratislava, al Museo Nazionale il Maestro Pavol di Levo\u010da","date":"15 Gennaio 2018","format":false,"excerpt":"La mostra \u201cMaestro Pavol di Levo\u010da. Mani e oro al servizio dello spirito\u201d, ospitata dal Museo Nazionale Slovacco a Bratislava, \u00e8 l\u2019ultima delle attivit\u00e0 culturali che nel corso del 2017 hanno voluto ricordare i 500 anni della conclusione dei lavori sull'altare maggiore della Basilica di San Giacomo a Levo\u010da, forse\u2026","rel":"","context":"In &quot;Articoli&quot;","img":{"alt_text":"","src":"https:\/\/i0.wp.com\/www.turismoslovacchia.it\/wp-content\/uploads\/pavol-levoca-snm.jpg?resize=350%2C200&ssl=1","width":350,"height":200},"classes":[]}],"jetpack_shortlink":"https:\/\/wp.me\/p1oiY9-2qF","_links":{"self":[{"href":"https:\/\/www.turismoslovacchia.it\/index.php?rest_route=\/wp\/v2\/posts\/9341"}],"collection":[{"href":"https:\/\/www.turismoslovacchia.it\/index.php?rest_route=\/wp\/v2\/posts"}],"about":[{"href":"https:\/\/www.turismoslovacchia.it\/index.php?rest_route=\/wp\/v2\/types\/post"}],"author":[{"embeddable":true,"href":"https:\/\/www.turismoslovacchia.it\/index.php?rest_route=\/wp\/v2\/users\/2"}],"replies":[{"embeddable":true,"href":"https:\/\/www.turismoslovacchia.it\/index.php?rest_route=%2Fwp%2Fv2%2Fcomments&post=9341"}],"version-history":[{"count":3,"href":"https:\/\/www.turismoslovacchia.it\/index.php?rest_route=\/wp\/v2\/posts\/9341\/revisions"}],"predecessor-version":[{"id":9377,"href":"https:\/\/www.turismoslovacchia.it\/index.php?rest_route=\/wp\/v2\/posts\/9341\/revisions\/9377"}],"wp:featuredmedia":[{"embeddable":true,"href":"https:\/\/www.turismoslovacchia.it\/index.php?rest_route=\/wp\/v2\/media\/9342"}],"wp:attachment":[{"href":"https:\/\/www.turismoslovacchia.it\/index.php?rest_route=%2Fwp%2Fv2%2Fmedia&parent=9341"}],"wp:term":[{"taxonomy":"category","embeddable":true,"href":"https:\/\/www.turismoslovacchia.it\/index.php?rest_route=%2Fwp%2Fv2%2Fcategories&post=9341"},{"taxonomy":"post_tag","embeddable":true,"href":"https:\/\/www.turismoslovacchia.it\/index.php?rest_route=%2Fwp%2Fv2%2Ftags&post=9341"}],"curies":[{"name":"wp","href":"https:\/\/api.w.org\/{rel}","templated":true}]}}