{"id":9308,"date":"2019-11-05T10:31:55","date_gmt":"2019-11-05T09:31:55","guid":{"rendered":"https:\/\/www.turismoslovacchia.it\/?p=9308"},"modified":"2019-11-14T10:46:12","modified_gmt":"2019-11-14T09:46:12","slug":"svatomartinske-dni-il-vino-novello-nelle-giornate-di-san-martino","status":"publish","type":"post","link":"https:\/\/www.turismoslovacchia.it\/?p=9308","title":{"rendered":"Svatomartinsk\u00e9 dni \/ Il vino novello nelle Giornate di San Martino"},"content":{"rendered":"<p style=\"text-align: justify;\"><a href=\"https:\/\/www.turismoslovacchia.it\/wp-content\/uploads\/vino-sanmartino-brati.sk_.jpg\" data-rel=\"lightbox-gallery-QVhws3hr\" data-rl_title=\"\" data-rl_caption=\"\" title=\"\"><img decoding=\"async\" loading=\"lazy\" class=\"alignnone size-full wp-image-9310\" src=\"https:\/\/www.turismoslovacchia.it\/wp-content\/uploads\/vino-sanmartino-brati.sk_.jpg\" alt=\"\" width=\"720\" height=\"443\" srcset=\"https:\/\/www.turismoslovacchia.it\/wp-content\/uploads\/vino-sanmartino-brati.sk_.jpg 720w, https:\/\/www.turismoslovacchia.it\/wp-content\/uploads\/vino-sanmartino-brati.sk_-300x185.jpg 300w, https:\/\/www.turismoslovacchia.it\/wp-content\/uploads\/vino-sanmartino-brati.sk_-570x350.jpg 570w, https:\/\/www.turismoslovacchia.it\/wp-content\/uploads\/vino-sanmartino-brati.sk_-150x92.jpg 150w\" sizes=\"(max-width: 720px) 100vw, 720px\" \/><\/a><\/p>\n<p style=\"text-align: justify;\">Il quartiere della Citt\u00e0 Vecchia di Bratislava anche quest\u2019anno, in collaborazione con l\u2019Arcidiocesi, il Comune di Bratislava e diverse associazioni e istituzioni, prepara una tre giorni (8-10 novembre) dedicata a San Martino, il patrono dell\u2019Arcidiocesi di Bratislava. La manifestazione, che include la benedizione del vino novello (nella Cappella di S. Ladislav presso il Palazzo Primaziale) e una santa messa nel Duomo di San Martino, vedr\u00e0 diversi eventi di contorno intorno a Primaci\u00e1lne n\u00e1mestie.\u00a0Ai visitatori saranno serviti assaggi di vino novello delle cantine delle localit\u00e0 intorno alla capitale (Ra\u010da, Vajnory, Nov\u00e930 Mesto, Dev\u00edn), e gastronomia tipica tra cui piatti d\u2019oca e bue arrosto.<\/p>\n<p style=\"text-align: justify;\">La tradizione del vino novello di San Martino viene\u00a0<a class=\"wp-links-icon\" href=\"http:\/\/www.inba.sk\/vismo\/dokumenty2.asp?id_org=600185&amp;id=4378\" target=\"_blank\" rel=\"external nofollow noopener\">dal diritto concesso<\/a>\u00a0nel tardo Medioevo alla citt\u00e0 di mescere in questi giorni il vino nelle sue cantine. Il cosiddetto Bannzeit, introdotto nel XVI secolo a Pressburg, allora citt\u00e0 tedesca, vietava alle cantine del contado di vendere vino e questo diritto era riservato\u00a0 alla cantina comunale nel sotterraneo del Vecchio Municipio, dove tutt\u2019ora esiste il Museo municipale del vino, in\u00a0una cantina nel monastero francescano e nella\u00a0cosiddetta \u201cCantina Apostolica\u201d, che si trovava nella \u201cZelen\u00fd dom\u201d (Casa verde), in cui una sala decorata di verde fungeva da locanda all\u2019angolo della strada\u00a0Zelen\u00e1 ulica con Hlavn\u00e9 n\u00e1mestie, edificio tra i pi\u00f9 antichi della citt\u00e0, ancora esistente e pi\u00f9 volte rimaneggiato in pienissimo centro storico. Qui venivano conservati i migliori vini dei vigneti municipali in\u00a0dodici botti di vino su cui erano scolpiti i ritratti dei dodici apostoli.\u00a0E proprio in queste cantine andava ogni anno per San Martino il sindaco con i consiglieri\u00a0e altri funzionari della citt\u00e0 ad assaggiare il\u00a0vino giovane. Per impedire all\u2019allegra\u00a0compagnia di trattenersi oltre il canto del gallo, termine da non oltrepassare la mattina,\u00a0si posizionava a guisa di avvertimento un piccolo barile in cantina su cui venivano appoggiate ali e testa di un gallo.<\/p>\n<p style=\"text-align: justify;\">La storia della viticoltura e della vinificazione nella regione di Bratislava risale a quasi 3.000 anni fa e per molti secoli questa \u00e8 stata la pi\u00f9 importante regione vinicola della Slovacchia. I viticoltori di Bratislava godevano del grande favore della stessa regina Maria Teresa. Nel XVI-XVIII secolo la citt\u00e0 di Bratislava aveva la pi\u00f9 grande area di vigneti ed era il maggior produttore di vino in Slovacchia.<\/p>\n<p style=\"text-align: justify;\">Sar\u00e0 possibile degustare il vino novello venerd\u00ec 8 novembre dalle 14 alle 22, sabato dalle 12 alle 22 e domenica dalle 12 alle 18 negli stand su\u00a0Primaci\u00e1lne n\u00e1mestie. Maggiori informazioni <a href=\"https:\/\/www.bratislava.sk\/sk\/sprava\/12-rocnik-festivalu-svatomartinske-dni-v-bratislave-uz-tento-vikend\">qui<\/a> e <a href=\"https:\/\/www.folklorfest.sk\/10200-sv-tomartinske-dni-2019-bratislava-12-rocnik\/\">qui<\/a>.<strong>\u00a0<\/strong><\/p>\n<p style=\"text-align: right;\"><span style=\"color: #999999;\"><em>Foto: <a style=\"color: #999999;\" href=\"https:\/\/www.bratislava.sk\/sk\/sprava\/12-rocnik-festivalu-svatomartinske-dni-v-bratislave-uz-tento-vikend\">bratislava.sk<\/a><\/em><\/span><\/p>\n","protected":false},"excerpt":{"rendered":"<p>Il quartiere della Citt\u00e0 Vecchia di Bratislava anche quest\u2019anno, in collaborazione con l\u2019Arcidiocesi, il Comune di Bratislava e diverse associazioni e istituzioni, prepara una tre giorni (8-10 novembre) dedicata a San Martino, il patrono dell\u2019Arcidiocesi di Bratislava. La manifestazione, che include la benedizione del vino novello (nella Cappella di S. Ladislav presso il Palazzo Primaziale) [&hellip;]<\/p>\n","protected":false},"author":2,"featured_media":9310,"comment_status":"open","ping_status":"open","sticky":false,"template":"","format":"standard","meta":[],"categories":[3,5,1],"tags":[9,365,623],"aioseo_notices":[],"jetpack_featured_media_url":"https:\/\/www.turismoslovacchia.it\/wp-content\/uploads\/vino-sanmartino-brati.sk_.jpg","jetpack_sharing_enabled":true,"jetpack-related-posts":[{"id":9242,"url":"https:\/\/www.turismoslovacchia.it\/?p=9242","url_meta":{"origin":9308,"position":0},"title":"Novembre 2019: gli eventi a Bratislava e dintorni","date":"30 Ottobre 2019","format":false,"excerpt":"Mozart Festival, Bratislava 25 ottobre - 10 novembre 2019 Sesta edizione del\u00a0Bratislava Mozart Festival 2019, con\u00a0quattro concerti interpretati da grandi artisti slovacchi ed europei.\u00a0Apertura con l'eccezionale Opus\u00a0Requiem KV 626.\u00a0Seguir\u00e0 una selezione di quartetti di oboe di\u00a0Mozart\u00a0e del contemporaneo\u00a0Georg Druschetzky, di cui ricorre quest'anno\u00a0il\u00a0bicentenario della morte.\u00a0Verr\u00e0 eseguito\u00a0anche il trio d'archi di\u00a0Johann\u2026","rel":"","context":"In &quot;Eventi&quot;","img":{"alt_text":"","src":"https:\/\/i0.wp.com\/www.turismoslovacchia.it\/wp-content\/uploads\/tennis-sport@pix.jpg?resize=350%2C200&ssl=1","width":350,"height":200},"classes":[]},{"id":1112,"url":"https:\/\/www.turismoslovacchia.it\/?p=1112","url_meta":{"origin":9308,"position":1},"title":"Degustazione di Santa Caterina, il vino novello a Bratislava: 25-26\/11\/2011","date":"21 Novembre 2011","format":false,"excerpt":"La festa del vino novello slovacco si tiene a Bratislava in questo fine settimana (la ricorrenza di Santa Caterina \u00e8 caduta venerd\u00ec 25 novembre) con una padiglione mobile allestito sulla piazza del Palazzo del Primate (Primacialne Namestie), proprio quando viene inaugurato anche il mercatino di Natale della capitale. La magia\u2026","rel":"","context":"In &quot;Eventi&quot;","img":{"alt_text":"","src":"https:\/\/i0.wp.com\/www.turismoslovacchia.it\/wp-content\/uploads\/assaggi-di-vini-sulla-Strada-dei-Piccoli-Carpazi.jpg?resize=350%2C200&ssl=1","width":350,"height":200},"classes":[]},{"id":8295,"url":"https:\/\/www.turismoslovacchia.it\/?p=8295","url_meta":{"origin":9308,"position":2},"title":"Novembre 2017: gli eventi a Bratislava e dintorni","date":"28 Ottobre 2017","format":false,"excerpt":"Tra\u00a0gli eventi pi\u00f9 rilevanti del novembre 2017 nella citt\u00e0 e regione di Bratislava\u00a0vanno ricordati nella capitale il Mese della Fotografia e lo Slovak Press Photo,\u00a0 appuntamenti che da tempo sono ormai diventati un must del mese di novembre, e poi il Festival della Libert\u00e0, che si tiene nelle date intorno\u2026","rel":"","context":"In &quot;Articoli&quot;","img":{"alt_text":"","src":"https:\/\/i0.wp.com\/www.turismoslovacchia.it\/wp-content\/uploads\/eventi_00.jpg?resize=350%2C200&ssl=1","width":350,"height":200},"classes":[]},{"id":4262,"url":"https:\/\/www.turismoslovacchia.it\/?p=4262","url_meta":{"origin":9308,"position":3},"title":"San Martino, a Bratislava si gusta il vino nuovo","date":"7 Novembre 2014","format":false,"excerpt":"\u00a0 Da oggi e fino a marted\u00ec 11 novembre a Bratislava si festeggia San Martino, uno dei patroni della capitale slovacca, al quale \u00e8 dedicata la cattedrale. Ma anzich\u00e9 le classiche castagnate come siamo soliti fare in Italia, qui si celebra gustando il vino nuovo. Sulla Piazza Primaziale del centro\u2026","rel":"","context":"In &quot;Eventi&quot;","img":{"alt_text":"","src":"https:\/\/i0.wp.com\/www.turismoslovacchia.it\/wp-content\/uploads\/vino_contexttravel_4690413464@flickr_CC.jpg?resize=350%2C200&ssl=1","width":350,"height":200},"classes":[]},{"id":6856,"url":"https:\/\/www.turismoslovacchia.it\/?p=6856","url_meta":{"origin":9308,"position":4},"title":"Novembre 2016: gli eventi a Bratislava e dintorni","date":"6 Novembre 2016","format":false,"excerpt":"4 - 30 novembre Mese della Fotografia 2016 Dal 4 novembre prende il via a Bratislava la rassegna internazionale annuale Mese della Fotografia (Mesiac fotografie) che distribuisce numerose mostre in diversi spazi della capitale slovacca con lavori e\u00a0autori di alto profilo, sia slovacchi che internazionali. Maggiori info a questo articolo.\u2026","rel":"","context":"In &quot;Eventi&quot;","img":{"alt_text":"","src":"https:\/\/i0.wp.com\/www.turismoslovacchia.it\/wp-content\/uploads\/eventi_00.jpg?resize=350%2C200&ssl=1","width":350,"height":200},"classes":[]},{"id":6253,"url":"https:\/\/www.turismoslovacchia.it\/?p=6253","url_meta":{"origin":9308,"position":5},"title":"Questo weekend l\u2019incoronazione di Maria Teresa","date":"24 Giugno 2016","format":false,"excerpt":"Iniziano oggi, e proseguono fino a domenica, le celebrazioni 2016 del Coronation Festival, ovvero la rievocazione delle cerimonie di incoronazione che hanno visto nell\u2019attuale capitale slovacca per oltre due secoli e mezzo l\u2019investitura di decine di teste coronate della casa austro-ungarica. Questa volta sar\u00e0 il turno della pi\u00f9 nota tra\u2026","rel":"","context":"In &quot;Articoli&quot;","img":{"alt_text":"","src":"https:\/\/i0.wp.com\/www.turismoslovacchia.it\/wp-content\/uploads\/maria_teresa.jpg?resize=350%2C200&ssl=1","width":350,"height":200},"classes":[]}],"jetpack_shortlink":"https:\/\/wp.me\/p1oiY9-2q8","_links":{"self":[{"href":"https:\/\/www.turismoslovacchia.it\/index.php?rest_route=\/wp\/v2\/posts\/9308"}],"collection":[{"href":"https:\/\/www.turismoslovacchia.it\/index.php?rest_route=\/wp\/v2\/posts"}],"about":[{"href":"https:\/\/www.turismoslovacchia.it\/index.php?rest_route=\/wp\/v2\/types\/post"}],"author":[{"embeddable":true,"href":"https:\/\/www.turismoslovacchia.it\/index.php?rest_route=\/wp\/v2\/users\/2"}],"replies":[{"embeddable":true,"href":"https:\/\/www.turismoslovacchia.it\/index.php?rest_route=%2Fwp%2Fv2%2Fcomments&post=9308"}],"version-history":[{"count":4,"href":"https:\/\/www.turismoslovacchia.it\/index.php?rest_route=\/wp\/v2\/posts\/9308\/revisions"}],"predecessor-version":[{"id":9314,"href":"https:\/\/www.turismoslovacchia.it\/index.php?rest_route=\/wp\/v2\/posts\/9308\/revisions\/9314"}],"wp:featuredmedia":[{"embeddable":true,"href":"https:\/\/www.turismoslovacchia.it\/index.php?rest_route=\/wp\/v2\/media\/9310"}],"wp:attachment":[{"href":"https:\/\/www.turismoslovacchia.it\/index.php?rest_route=%2Fwp%2Fv2%2Fmedia&parent=9308"}],"wp:term":[{"taxonomy":"category","embeddable":true,"href":"https:\/\/www.turismoslovacchia.it\/index.php?rest_route=%2Fwp%2Fv2%2Fcategories&post=9308"},{"taxonomy":"post_tag","embeddable":true,"href":"https:\/\/www.turismoslovacchia.it\/index.php?rest_route=%2Fwp%2Fv2%2Ftags&post=9308"}],"curies":[{"name":"wp","href":"https:\/\/api.w.org\/{rel}","templated":true}]}}