{"id":9262,"date":"2019-10-20T13:41:54","date_gmt":"2019-10-20T11:41:54","guid":{"rendered":"https:\/\/www.turismoslovacchia.it\/?p=9262"},"modified":"2019-11-03T16:13:34","modified_gmt":"2019-11-03T15:13:34","slug":"le-statue-di-bratislava-svatopluk-il-re-degli-slovacchi","status":"publish","type":"post","link":"https:\/\/www.turismoslovacchia.it\/?p=9262","title":{"rendered":"Le statue di Bratislava: Sv\u00e4topluk, il &#8220;re degli slovacchi&#8221;"},"content":{"rendered":"<p><a href=\"https:\/\/www.turismoslovacchia.it\/wp-content\/uploads\/bratis-cast-svatopl_MstyslavChernov-cc-by-sa.jpg\" data-rel=\"lightbox-gallery-qW7Q80Nd\" data-rl_title=\"\" data-rl_caption=\"\" title=\"\"><img decoding=\"async\" loading=\"lazy\" class=\"alignnone  wp-image-7910\" src=\"https:\/\/www.turismoslovacchia.it\/wp-content\/uploads\/bratis-cast-svatopl_MstyslavChernov-cc-by-sa.jpg\" alt=\"\" width=\"800\" height=\"492\" srcset=\"https:\/\/www.turismoslovacchia.it\/wp-content\/uploads\/bratis-cast-svatopl_MstyslavChernov-cc-by-sa.jpg 720w, https:\/\/www.turismoslovacchia.it\/wp-content\/uploads\/bratis-cast-svatopl_MstyslavChernov-cc-by-sa-300x185.jpg 300w, https:\/\/www.turismoslovacchia.it\/wp-content\/uploads\/bratis-cast-svatopl_MstyslavChernov-cc-by-sa-400x246.jpg 400w, https:\/\/www.turismoslovacchia.it\/wp-content\/uploads\/bratis-cast-svatopl_MstyslavChernov-cc-by-sa-100x62.jpg 100w, https:\/\/www.turismoslovacchia.it\/wp-content\/uploads\/bratis-cast-svatopl_MstyslavChernov-cc-by-sa-200x123.jpg 200w, https:\/\/www.turismoslovacchia.it\/wp-content\/uploads\/bratis-cast-svatopl_MstyslavChernov-cc-by-sa-150x92.jpg 150w\" sizes=\"(max-width: 800px) 100vw, 800px\" \/><\/a><\/p>\n<p style=\"text-align: justify;\">Sullo spiazzo antistante il castello di Bratislava si trova la grande statua equestre in bronzo di Sv\u00e4topluk, il terzo e pi\u00f9 importante sovrano della Grande Moravia, vissuto nel IX secolo, realizzata da J\u00e1n Kulich e inaugurata nel 2010.\u00a0La statua in bronzo, alta 4,70 metri ed \u00e8 posta su uno zoccolo di granito di oltre 3 metri di altezza; rappresenta\u00a0Sv\u00e4topluk in posa da condottiero che leva la spada al cielo mentre monta su un cavallo nell&#8217;atto di\u00a0impennarsi.\u00a0Sul piedistallo, una targa riporta la scritta &#8220;Sv\u00e4topluk &#8211; Re degli antichi slovacchi&#8221;. Sempre sul piedistallo \u00e8 riportato l&#8217;inizio del testo della bolla <em>Industriae tuae<\/em> di Papa Giovanni VIII, che il pontefice invi\u00f2 a\u00a0Sv\u00e4topluk\u00a0nell&#8217;880.<\/p>\n<p><a href=\"https:\/\/www.turismoslovacchia.it\/wp-content\/uploads\/cast_bratis-statua-svatopluk2@pix.jpg\" data-rel=\"lightbox-gallery-qW7Q80Nd\" data-rl_title=\"\" data-rl_caption=\"\" title=\"\"><img decoding=\"async\" loading=\"lazy\" class=\"alignnone size-full wp-image-9264\" src=\"https:\/\/www.turismoslovacchia.it\/wp-content\/uploads\/cast_bratis-statua-svatopluk2@pix.jpg\" alt=\"\" width=\"800\" height=\"492\" srcset=\"https:\/\/www.turismoslovacchia.it\/wp-content\/uploads\/cast_bratis-statua-svatopluk2@pix.jpg 800w, https:\/\/www.turismoslovacchia.it\/wp-content\/uploads\/cast_bratis-statua-svatopluk2@pix-300x185.jpg 300w, https:\/\/www.turismoslovacchia.it\/wp-content\/uploads\/cast_bratis-statua-svatopluk2@pix-768x472.jpg 768w, https:\/\/www.turismoslovacchia.it\/wp-content\/uploads\/cast_bratis-statua-svatopluk2@pix-570x350.jpg 570w, https:\/\/www.turismoslovacchia.it\/wp-content\/uploads\/cast_bratis-statua-svatopluk2@pix-150x92.jpg 150w\" sizes=\"(max-width: 800px) 100vw, 800px\" \/><\/a><\/p>\n<p style=\"text-align: justify;\">Sv\u00e4topluk I, nipote di Rastislav, conosciuto anche come &#8220;il Grande&#8221; (e in latino in diversi modi tra cui <i>Sventopulch<\/i>) \u00e8 una delle figure pi\u00f9 importanti della storia slava. Fu il Principe del Principato di Nitra e pi\u00f9 tardi, negli anni 871-894, il terzo sovrano della Grande Moravia, che sotto il suo regno raggiunse la sua massima\u00a0espansione territoriale.\u00a0Nell&#8217;870 detronizz\u00f2 lo zio Rastislav, che era vassallo di Ludovico II il Germanico, e lo trad\u00ec con i Franchi, che tuttavia nel giro di un anno lo imprigionarono. Liberato dai Moravi che si ribellarono ai Franchi, Sv\u00e4topluk condusse i ribelli alla vittoria sugli invasori. Pi\u00f9 tardi non rispett\u00f2 il trattato di pace concluso con i Franchi nell&#8217;874, espandendo i suoi territori e invadendo persino la Marca di Pannonia, confine orientale dell&#8217;Impero carolingio.\u00a0Sv\u00e4topluk\u00a0stabil\u00ec un buon rapporto con i papi che presero formalmente sotto protezione lui e il suo popolo nell&#8217;880. In una lettera, Papa Stefano V lo indicava come &#8220;Re&#8221;nell&#8217;885. Per placare il clero tedesco, che si oppose alla liturgia in lingua glagolitica (o antico slavo ecclesiastico, lingua creata da San Cirillo), espulse i discepoli di Metodio dalla Moravia nell&#8217;886, dopo la morte del loro maestro, che era vescovo di Moravia\u00a0e Pannonia. Poco dopo la morte di\u00a0Sv\u00e4topluk il regno di Grande Moravia\u00a0croll\u00f2, tra i conflitti della lotta di potere tra i suoi figli e le incursioni ungheresi. Il suo regno\u00a0comprendeva parti del territorio della moderna Repubblica Ceca (Moravia e Boemia), Slovacchia, Polonia e Ungheria.\u00a0Nella letteratura slovacca del XVIII-XIX secolo\u00a0Sv\u00e4topluk\u00a0venne erroneamente indicato come &#8220;Re degli Slovacchi&#8221;.<\/p>\n<p><a href=\"https:\/\/www.turismoslovacchia.it\/wp-content\/uploads\/cast_bratis-statua-svatopluk1@pix.jpg\" data-rel=\"lightbox-gallery-qW7Q80Nd\" data-rl_title=\"\" data-rl_caption=\"\" title=\"\"><img decoding=\"async\" loading=\"lazy\" class=\"alignnone size-full wp-image-9263\" src=\"https:\/\/www.turismoslovacchia.it\/wp-content\/uploads\/cast_bratis-statua-svatopluk1@pix.jpg\" alt=\"\" width=\"800\" height=\"492\" srcset=\"https:\/\/www.turismoslovacchia.it\/wp-content\/uploads\/cast_bratis-statua-svatopluk1@pix.jpg 800w, https:\/\/www.turismoslovacchia.it\/wp-content\/uploads\/cast_bratis-statua-svatopluk1@pix-300x185.jpg 300w, https:\/\/www.turismoslovacchia.it\/wp-content\/uploads\/cast_bratis-statua-svatopluk1@pix-768x472.jpg 768w, https:\/\/www.turismoslovacchia.it\/wp-content\/uploads\/cast_bratis-statua-svatopluk1@pix-570x350.jpg 570w, https:\/\/www.turismoslovacchia.it\/wp-content\/uploads\/cast_bratis-statua-svatopluk1@pix-150x92.jpg 150w\" sizes=\"(max-width: 800px) 100vw, 800px\" \/><\/a><\/p>\n<p style=\"text-align: justify;\">Secondo la leggenda, quando mor\u00ec nel 894 Sv\u00e4topluk chiam\u00f2 i suoi tre figli, cui consegn\u00f2 il paese diviso in tre parti. Rese il primo governatore, e gli altri due subordinati al primogenito. Li ammon\u00ec invitandoli a essere uniti e mostr\u00f2 loro un esempio: leg\u00f2 tre aste e le consegn\u00f2 al primo figlio per romperle. Quando le forze di questi non bastarono a spezzarle, le diede al secondo e poi al terzo. Quindi divise le tre aste e ne diede una a ciascuno. Essi le spezzarono in un attimo. E poi disse: \u00abSe rimarrete uniti e in armonia i vostri nemici non saranno in grado di sconfiggervi. Se tra voi c&#8217;\u00e8 un conflitto e siete divisi in tre governi, non soggetti al primogenito, vi annienterete a vicenda e i vostri nemici vi abbatteranno!\u00bb. Ma parl\u00f2 invano.\u00a0Indebolita da lotte intestine e dal continuo conflitto alle frontiere contro l&#8217;impero dei Franchi, la Grande Moravia sub\u00ec un collasso definitivo ad opera dei Magiari intorno all&#8217;inizio del X secolo. Da allora, il territorio attuale della Slovacchia rimase per nove secoli soggiogata all&#8217;Ungheria, fino alla fine della prima guerra mondiale e alla creazione della Cecoslovacchia.<\/p>\n<p><img decoding=\"async\" loading=\"lazy\" class=\"alignnone \" src=\"https:\/\/upload.wikimedia.org\/wikipedia\/commons\/9\/92\/Bratislava_Profesionalita_maestra_Kulicha.jpg\" width=\"699\" height=\"931\" \/><\/p>\n<p style=\"text-align: justify;\">Il monumento al Castello di Bratislava, promosso dalle tre pi\u00f9 alte cariche dello Stato slovacco (i presidenti della Repubblica, del Parlamento e del Consiglio dei ministri), fu fonte di aspre critiche da parte di molti politici che ne disapprovarono l&#8217;uso strumentale di propaganda in piena campagna elettorale, a poche settimane dalle elezioni parlamentari del 2010. Il battesimo della statua fu compiuto in diretta televisiva, con uno show serale di grande presa emotiva. Otto urne con la terra dalle altrettante regioni della Slovacchia furono tumulate con enfasi nella base del monumento, a rappresentare il rilievo patriottico (nazionalista) dell&#8217;opera. Tra le critiche vi fu anche quella per la commissione della statua a uno scultore in passato compromesso con il regime comunista, anzich\u00e9 a un artista libero da affinit\u00e0 politiche. Nemmeno gli storici, nonch\u00e9 il mondo dell&#8217;arte, furono contenti degli stilemi artistici e di rispetto storico della statua, che tuttavia rimase al suo posto.<\/p>\n<p>&nbsp;<\/p>\n<p style=\"text-align: right;\"><em><span style=\"color: #999999;\">Foto<\/span>\u00a0<span style=\"color: #999999;\">pixabay,<\/span> <a href=\"https:\/\/commons.wikimedia.org\/wiki\/File:Bratislava_Profesionalita_maestra_Kulicha.jpg\" data-rel=\"lightbox-gallery-qW7Q80Nd\" data-rl_title=\"\" data-rl_caption=\"\" title=\"\"><span style=\"color: #999999;\">Peter Zeliz\u0148\u00e1k<\/span><\/a><span style=\"color: #999999;\">\u00a0cc by sa,<\/span><br \/>\n<a href=\"https:\/\/commons.wikimedia.org\/wiki\/File:Equestrian_statue_of_King_Sv%C3%A4topluk_at_the_background_of_Bratislava_Castle._Slovakia,_Eastern_Europe,_October_20,_2012.jpg\" data-rel=\"lightbox-gallery-qW7Q80Nd\" data-rl_title=\"\" data-rl_caption=\"\" title=\"\"><span style=\"color: #999999;\">Mstyslav<\/span> <span style=\"color: #999999;\">Chernov<\/span><\/a><span style=\"color: #999999;\"> cc by sa<\/span><\/em><\/p>\n","protected":false},"excerpt":{"rendered":"<p>Sullo spiazzo antistante il castello di Bratislava si trova la grande statua equestre in bronzo di Sv\u00e4topluk, il terzo e pi\u00f9 importante sovrano della Grande Moravia, vissuto nel IX secolo, realizzata da J\u00e1n Kulich e inaugurata nel 2010.\u00a0La statua in bronzo, alta 4,70 metri ed \u00e8 posta su uno zoccolo di granito di oltre 3 [&hellip;]<\/p>\n","protected":false},"author":2,"featured_media":7910,"comment_status":"open","ping_status":"open","sticky":false,"template":"","format":"standard","meta":[],"categories":[3,1],"tags":[9,650,418,750,649],"aioseo_notices":[],"jetpack_featured_media_url":"https:\/\/www.turismoslovacchia.it\/wp-content\/uploads\/bratis-cast-svatopl_MstyslavChernov-cc-by-sa.jpg","jetpack_sharing_enabled":true,"jetpack-related-posts":[{"id":319,"url":"https:\/\/www.turismoslovacchia.it\/?p=319","url_meta":{"origin":9262,"position":0},"title":"I Castelli della Slovacchia","date":"15 Ottobre 2010","format":false,"excerpt":"Riportiamo qui di seguito una lista - certo non esaustiva - di castelli, rocche, manieri e chateaux che fanno della Slovacchia probabilmente il paese in Europa centrale con il pi\u00f9 grande numero di castelli. Del resto la regione \u00e8 stata zona di frontiera, soprattutto quando gli ottomani hanno conquistato Budapest\u2026","rel":"","context":"In &quot;Articoli&quot;","img":{"alt_text":"","src":"https:\/\/i0.wp.com\/www.turismoslovacchia.it\/wp-content\/uploads\/2010\/10\/Bratislava-il-castello.jpg?resize=350%2C200&ssl=1","width":350,"height":200},"classes":[]},{"id":9053,"url":"https:\/\/www.turismoslovacchia.it\/?p=9053","url_meta":{"origin":9262,"position":1},"title":"Le statue di Bratislava: la guardiola del XVIII secolo di Hlavn\u00e9 n\u00e1mestie","date":"10 Settembre 2019","format":false,"excerpt":"Nella Piazza Principale (Hlavn\u00e9 n\u00e1mestie), oltre al soldato napoleonico, troviamo una guardiola con un soldato del XVIII secolo in misura leggermente superiore al reale. L'opera, realizzata e posta nella piazza nel 2006, \u00e8 stata realizzata dall'artista\u00a0Mari\u00e1n Pre\u0161najder e dagli architetti\u00a0Otto Grossman e\u00a0Juraj \u0160imek. Intitolata Str\u00e1\u017ena b\u00fadka, ricorda un posto di\u2026","rel":"","context":"In &quot;Articoli&quot;","img":{"alt_text":"","src":"https:\/\/i0.wp.com\/www.turismoslovacchia.it\/wp-content\/uploads\/bratis-statua-soldato2.jpg?resize=350%2C200&ssl=1","width":350,"height":200},"classes":[]},{"id":8978,"url":"https:\/\/www.turismoslovacchia.it\/?p=8978","url_meta":{"origin":9262,"position":2},"title":"Le statue di Bratislava: il soldato napoleonico di Hlavn\u00e9 n\u00e1mestie","date":"1 Giugno 2019","format":false,"excerpt":"Lo stesso autore della statua di\u00a0Sch\u00f6ner Naci\u00a0ha anche realizzato un\u2019altra presenza immancabile del centro storico, il\u00a0soldato napoleonico, che indossa il bicorno, copricapo popolare tra '700 e '800 soprattutto nelle uniformi militari e usato dall'esercito. La statua dello scultore Juraj Meli\u0161,\u00a0appoggiata su una panchina della Piazza Principale (Hlavn\u00e9 n\u00e1mestie) di Bratislava,\u2026","rel":"","context":"In &quot;Articoli&quot;","img":{"alt_text":"","src":"https:\/\/i0.wp.com\/www.turismoslovacchia.it\/wp-content\/uploads\/bratis_statue-soldato@Yamen-ccbysa.jpg?resize=350%2C200&ssl=1","width":350,"height":200},"classes":[]},{"id":9043,"url":"https:\/\/www.turismoslovacchia.it\/?p=9043","url_meta":{"origin":9262,"position":3},"title":"Luglio 2019: gli eventi a Bratislava e in Slovacchia","date":"2 Luglio 2019","format":false,"excerpt":"Estate culturale di Bratislava 2019 \u2013 Bratislava giugno\u00a0\u2013 settembre\u00a02019 La rassegna\u00a0\u201cEstate culturale di Bratislava\u201d \u00e8 il pi\u00f9 grande evento estivo in Slovacchia che, nel corso dei mesi d\u2019estate propone nella capitale centinaia di appuntamenti culturali, musicali, letterari, teatrali, e attivit\u00e0 per il tempo libero\u00a0per i residenti e i tanti turisti.\u2026","rel":"","context":"In &quot;Eventi&quot;","img":{"alt_text":"","src":"https:\/\/i0.wp.com\/www.turismoslovacchia.it\/wp-content\/uploads\/vychodna-festiv-folk.jpg?resize=350%2C200&ssl=1","width":350,"height":200},"classes":[]},{"id":8250,"url":"https:\/\/www.turismoslovacchia.it\/?p=8250","url_meta":{"origin":9262,"position":4},"title":"Luglio 2017: gli eventi a Bratislava e dintorni","date":"25 Giugno 2017","format":false,"excerpt":"Segnaliamo qui gli eventi pi\u00f9 rilevanti del mese di luglio 2017 nella citt\u00e0 e regione di Bratislava.\u00a0Tra quelli da segnalare ci sono il weekend della antiche arti presso il sempre affascinante\u00a0Castello di \u010cerven\u00fd Kame\u0148, il Festival Shakespeare, ormai una tradizione che da anni\u00a0ravviva la corte interna del castello di Bratislava,\u2026","rel":"","context":"In &quot;Articoli&quot;","img":{"alt_text":"","src":"https:\/\/i0.wp.com\/www.turismoslovacchia.it\/wp-content\/uploads\/eventi_00.jpg?resize=350%2C200&ssl=1","width":350,"height":200},"classes":[]},{"id":8861,"url":"https:\/\/www.turismoslovacchia.it\/?p=8861","url_meta":{"origin":9262,"position":5},"title":"Marzo 2019: gli eventi a Bratislava e dintorni","date":"6 Marzo 2019","format":false,"excerpt":"Mese della francofonia \u2013 Bratislava marzo 2019 Nel mese di marzo si svolge, a Bratislava e in altre citt\u00e0 slovacche, un festival della cultura francofona, un viaggio attraverso un programma variegato che include la settimana del cinema francese \u2018Cr\u00e9me de la Creme\u2019 dal 6 al 12 marzo, e poi ncontri,\u2026","rel":"","context":"In &quot;Eventi&quot;","img":{"alt_text":"","src":"https:\/\/i0.wp.com\/www.turismoslovacchia.it\/wp-content\/uploads\/cast-cervenykamen@gob-sk.jpg?resize=350%2C200&ssl=1","width":350,"height":200},"classes":[]}],"jetpack_shortlink":"https:\/\/wp.me\/p1oiY9-2po","_links":{"self":[{"href":"https:\/\/www.turismoslovacchia.it\/index.php?rest_route=\/wp\/v2\/posts\/9262"}],"collection":[{"href":"https:\/\/www.turismoslovacchia.it\/index.php?rest_route=\/wp\/v2\/posts"}],"about":[{"href":"https:\/\/www.turismoslovacchia.it\/index.php?rest_route=\/wp\/v2\/types\/post"}],"author":[{"embeddable":true,"href":"https:\/\/www.turismoslovacchia.it\/index.php?rest_route=\/wp\/v2\/users\/2"}],"replies":[{"embeddable":true,"href":"https:\/\/www.turismoslovacchia.it\/index.php?rest_route=%2Fwp%2Fv2%2Fcomments&post=9262"}],"version-history":[{"count":4,"href":"https:\/\/www.turismoslovacchia.it\/index.php?rest_route=\/wp\/v2\/posts\/9262\/revisions"}],"predecessor-version":[{"id":9268,"href":"https:\/\/www.turismoslovacchia.it\/index.php?rest_route=\/wp\/v2\/posts\/9262\/revisions\/9268"}],"wp:featuredmedia":[{"embeddable":true,"href":"https:\/\/www.turismoslovacchia.it\/index.php?rest_route=\/wp\/v2\/media\/7910"}],"wp:attachment":[{"href":"https:\/\/www.turismoslovacchia.it\/index.php?rest_route=%2Fwp%2Fv2%2Fmedia&parent=9262"}],"wp:term":[{"taxonomy":"category","embeddable":true,"href":"https:\/\/www.turismoslovacchia.it\/index.php?rest_route=%2Fwp%2Fv2%2Fcategories&post=9262"},{"taxonomy":"post_tag","embeddable":true,"href":"https:\/\/www.turismoslovacchia.it\/index.php?rest_route=%2Fwp%2Fv2%2Ftags&post=9262"}],"curies":[{"name":"wp","href":"https:\/\/api.w.org\/{rel}","templated":true}]}}