{"id":9250,"date":"2019-10-16T01:38:05","date_gmt":"2019-10-15T23:38:05","guid":{"rendered":"https:\/\/www.turismoslovacchia.it\/?p=9250"},"modified":"2019-11-03T16:32:12","modified_gmt":"2019-11-03T15:32:12","slug":"a-roma-una-mostra-anniversario-della-rivoluzione-30-anni-di-liberta-cecoslovacca","status":"publish","type":"post","link":"https:\/\/www.turismoslovacchia.it\/?p=9250","title":{"rendered":"A Roma una mostra-anniversario della Rivoluzione: \u201c30 anni di libert\u00e0 cecoslovacca\u201d"},"content":{"rendered":"<p style=\"text-align: justify;\"><img decoding=\"async\" loading=\"lazy\" class=\"alignnone  wp-image-9251\" src=\"https:\/\/www.turismoslovacchia.it\/wp-content\/uploads\/30-1989.jpg\" alt=\"\" width=\"800\" height=\"480\" srcset=\"https:\/\/www.turismoslovacchia.it\/wp-content\/uploads\/30-1989.jpg 678w, https:\/\/www.turismoslovacchia.it\/wp-content\/uploads\/30-1989-300x180.jpg 300w, https:\/\/www.turismoslovacchia.it\/wp-content\/uploads\/30-1989-150x90.jpg 150w\" sizes=\"(max-width: 800px) 100vw, 800px\" \/><\/p>\n<p style=\"text-align: justify;\">Due Paesi, la\u00a0<strong>Repubblica Ceca\u00a0<\/strong>e la\u00a0<strong>Repubblica Slovacca<\/strong>, vogliono insieme ricordare uno dei momenti salienti della storia recente cecoslovacca: la\u00a0<strong>fine della quarantennale dittatura comunista<\/strong>.\u00a0Sessanta scatti iconici, realizzati da quindici tra i migliori fotografi cechi, raccontano fatti ed emozioni di quel periodo nella mostra fotografica \u201c<strong>1989: Rivoluzione di velluto. 30 anni della libert\u00e0 cecoslovacca<\/strong>\u201d, accompagnata dall\u2019esposizione slovacca documentaria \u201c<strong>La strada verso l\u2018anno della Libert\u00e0<\/strong>\u201d, al\u00a0<strong>Museo di Roma in Trastevere\u00a0<\/strong>dal 19 ottobre al 24 novembre, inaugurazione\u00a0<strong>venerd\u00ec 18 ottobre<\/strong>\u00a0alle 18.30, preceduta da un dibattito con i protagonisti diretti ceco-slovacchi degli eventi del 1989, a partire dalle 17.00.<\/p>\n<p style=\"text-align: justify;\">La mostra \u201c<strong>1989: Rivoluzione di velluto. 30 anni della libert\u00e0 cecoslovacca<\/strong>\u201d, a cura di Dana Kyndrov\u00e1, \u00e8 incentrata su sessanta fotografie realizzate durante le prime manifestazioni anti-regime in Cecoslovacchia nel 1988, la Settimana di Jan Palach nel gennaio del 1989, il corteo del 17 novembre 1989, con le emozioni e l\u2019entusiasmo che ne conseguirono. Molte di queste immagini sono diventate leggendarie: grazie al loro valore documentario e artistico riescono tutt\u2019oggi a restituire le emozioni e l\u2019atmosfera elettrizzante che pervase la societ\u00e0 cecoslovacca di allora.<\/p>\n<p style=\"text-align: justify;\">La mostra slovacca documentaria \u201c<strong>La strada verso l\u2019anno della Libert\u00e0<\/strong>\u201d parte invece da alcuni momenti cruciali della storia della Cecoslovacchia dopo la fine della seconda guerra mondiale e illustra il percorso del paese verso la Rivoluzione di Velluto del 1989: ripercorre dunque i principali eventi che segnarono la fine del regime comunista cecoslovacco, costruendo le basi per la nuova fase democratica della storia moderna della Slovacchia e la Cechia.\u00a0Fa parte del progetto slovacco anche la proiezione cinematografica\u00a0<strong>\u201cNovembre 89 con gli occhi dei documentaristi slovacchi\u201d<\/strong>\u00a0con tre film documentari.<\/p>\n<p><a href=\"https:\/\/www.buongiornoslovacchia.sk\/index.php\/archives\/95981\">Vedi maggiori informazioni su Buongiorno Slovacchia<\/a><\/p>\n","protected":false},"excerpt":{"rendered":"<p>Due Paesi, la\u00a0Repubblica Ceca\u00a0e la\u00a0Repubblica Slovacca, vogliono insieme ricordare uno dei momenti salienti della storia recente cecoslovacca: la\u00a0fine della quarantennale dittatura comunista.\u00a0Sessanta scatti iconici, realizzati da quindici tra i migliori fotografi cechi, raccontano fatti ed emozioni di quel periodo nella mostra fotografica \u201c1989: Rivoluzione di velluto. 30 anni della libert\u00e0 cecoslovacca\u201d, accompagnata dall\u2019esposizione slovacca documentaria [&hellip;]<\/p>\n","protected":false},"author":2,"featured_media":9251,"comment_status":"open","ping_status":"open","sticky":false,"template":"","format":"standard","meta":[],"categories":[3,5,1],"tags":[467,169,29,485,270],"aioseo_notices":[],"jetpack_featured_media_url":"https:\/\/www.turismoslovacchia.it\/wp-content\/uploads\/30-1989.jpg","jetpack_sharing_enabled":true,"jetpack-related-posts":[{"id":8614,"url":"https:\/\/www.turismoslovacchia.it\/?p=8614","url_meta":{"origin":9250,"position":0},"title":"Torino, mostra su 50 anni di Cecoslovacchia, dal 1918 al 1968","date":"22 Novembre 2018","format":false,"excerpt":"Nella Sala Mostre del Palazzo della Citt\u00e0 Metropolitana di Torino, sar\u00e0 inaugurata mercoled\u00ec 28 novembre la mostra storica didattica \u201c1918-1968. Dalla nascita della Cecoslovacchia alla Primavera di Praga\u201c, promossa, in occasione del Centenario dalla fondazione della Repubblica di Cecoslovacchia, dalle Ambasciate della Repubblica Ceca e della Repubblica Slovacca in Italia,\u2026","rel":"","context":"In &quot;Articoli&quot;","img":{"alt_text":"","src":"https:\/\/i0.wp.com\/www.turismoslovacchia.it\/wp-content\/uploads\/cecoslov-28.10.1918.jpg?resize=350%2C200&ssl=1","width":350,"height":200},"classes":[]},{"id":9341,"url":"https:\/\/www.turismoslovacchia.it\/?p=9341","url_meta":{"origin":9250,"position":1},"title":"Al Castello di Bratislava la mostra \u2018N89 \u2013 Strada verso la libert\u00e0\u2019","date":"15 Novembre 2019","format":false,"excerpt":"Gioved\u00ec 14 novembre \u00e8 stata inaugurata nel castello di Bratislava la mostra \u201cN89 \u2013 Cesta k slobode\u201d (Strada verso la libert\u00e0) che racconta il periodo della Rivoluzione di velluto (1989). Alla cerimonia di apertura hanno partecipato diverse personalit\u00e0 della cultura e delle istituzioni, a partire dal presidente del Parlamento Andrei\u2026","rel":"","context":"In &quot;Articoli&quot;","img":{"alt_text":"","src":"https:\/\/i0.wp.com\/www.turismoslovacchia.it\/wp-content\/uploads\/n89.jpg?resize=350%2C200&ssl=1","width":350,"height":200},"classes":[]},{"id":2866,"url":"https:\/\/www.turismoslovacchia.it\/?p=2866","url_meta":{"origin":9250,"position":2},"title":"17 novembre, Giorno della Lotta per la libert\u00e0 e la democrazia","date":"17 Novembre 2013","format":false,"excerpt":"Si celebra oggi, 17 novembre, il 24esimo anniversario della Rivoluzione di velluto del 1989, che port\u00f2 al crollo del regime comunista, una data ricordata in Slovacchia come Giorno della Lotta per la liberta' e la democrazia. Il giorno prima, il 16 novembre 1989, inizi\u00f2 tutto con una manifestazione pacifica a\u2026","rel":"","context":"In &quot;Articoli&quot;","img":{"alt_text":"","src":"https:\/\/i0.wp.com\/www.buongiornoslovacchia.sk\/wp-content\/uploads\/Rivoluzione-di-Velluto.jpg?resize=350%2C200","width":350,"height":200},"classes":[]},{"id":9222,"url":"https:\/\/www.turismoslovacchia.it\/?p=9222","url_meta":{"origin":9250,"position":3},"title":"Bratislava, ritorna il Mese della fotografia","date":"1 Novembre 2019","format":false,"excerpt":"Ritorna per la ventinovesima volta il festival annuale Mesiac Fotografie \u2013 Month of Photography che ancora una volta porta a Bratislava star internazionali della fotografia contemporanea come AES + F e Joan Fountcouberta (vincitore del Premio Hasselblad, l'equivalente fotografico del Premio Nobel), insieme a vecchie glorie che dell'ottava arte hanno\u2026","rel":"","context":"In &quot;Articoli&quot;","img":{"alt_text":"","src":"https:\/\/i0.wp.com\/www.turismoslovacchia.it\/wp-content\/uploads\/mesiac-fotograf-19_1.jpg?resize=350%2C200&ssl=1","width":350,"height":200},"classes":[]},{"id":8657,"url":"https:\/\/www.turismoslovacchia.it\/?p=8657","url_meta":{"origin":9250,"position":4},"title":"Personalit\u00e0 e anniversari significativi: Alexander Dub\u010dek","date":"9 Ottobre 2018","format":false,"excerpt":"Alexander Dub\u010dek\u00a0(Uhrovec,\u00a027 novembre\u00a01921\u00a0\u2013\u00a0Praga,\u00a07 novembre\u00a01992) \u00c8 stato un\u00a0politico\u00a0cecoslovacco\u00a0rinomato per le sue azioni intese ad abbandonare il modello di socialismo di stampo sovietico. Dub\u010dek riun\u00ec intorno a s\u00e9 un gruppo di politici e intellettuali riformatori, diventando il maggiore interprete di una linea antiautoritaria \u2013 definita come \"socialismo\u00a0dal volto umano\" \u2013 e di\u2026","rel":"","context":"In &quot;Articoli&quot;","img":{"alt_text":"","src":"https:\/\/i0.wp.com\/www.turismoslovacchia.it\/wp-content\/uploads\/dubcek-havel1989.jpg?resize=350%2C200&ssl=1","width":350,"height":200},"classes":[]},{"id":8743,"url":"https:\/\/www.turismoslovacchia.it\/?p=8743","url_meta":{"origin":9250,"position":5},"title":"Marzo 2018: gli eventi a Bratislava e dintorni","date":"5 Marzo 2018","format":false,"excerpt":"Mese della francofonia \u2013 Bratislava marzo 2018 Il mese di marzo \u00e8 dedicato, a Bratislava e in altre citt\u00e0, alla cultura francofona, un viaggio attraverso un programma variegato che si chiude con la settimana del cinema francese 'Cr\u00e9me de la Creme 5'.\u00a0Una mostra presso la European house of photography (Stredoeur\u00f3pskom\u2026","rel":"","context":"In &quot;Articoli&quot;","img":{"alt_text":"","src":"https:\/\/i0.wp.com\/www.turismoslovacchia.it\/wp-content\/uploads\/francofon-BSK.jpg?resize=350%2C200&ssl=1","width":350,"height":200},"classes":[]}],"jetpack_shortlink":"https:\/\/wp.me\/p1oiY9-2pc","_links":{"self":[{"href":"https:\/\/www.turismoslovacchia.it\/index.php?rest_route=\/wp\/v2\/posts\/9250"}],"collection":[{"href":"https:\/\/www.turismoslovacchia.it\/index.php?rest_route=\/wp\/v2\/posts"}],"about":[{"href":"https:\/\/www.turismoslovacchia.it\/index.php?rest_route=\/wp\/v2\/types\/post"}],"author":[{"embeddable":true,"href":"https:\/\/www.turismoslovacchia.it\/index.php?rest_route=\/wp\/v2\/users\/2"}],"replies":[{"embeddable":true,"href":"https:\/\/www.turismoslovacchia.it\/index.php?rest_route=%2Fwp%2Fv2%2Fcomments&post=9250"}],"version-history":[{"count":1,"href":"https:\/\/www.turismoslovacchia.it\/index.php?rest_route=\/wp\/v2\/posts\/9250\/revisions"}],"predecessor-version":[{"id":9252,"href":"https:\/\/www.turismoslovacchia.it\/index.php?rest_route=\/wp\/v2\/posts\/9250\/revisions\/9252"}],"wp:featuredmedia":[{"embeddable":true,"href":"https:\/\/www.turismoslovacchia.it\/index.php?rest_route=\/wp\/v2\/media\/9251"}],"wp:attachment":[{"href":"https:\/\/www.turismoslovacchia.it\/index.php?rest_route=%2Fwp%2Fv2%2Fmedia&parent=9250"}],"wp:term":[{"taxonomy":"category","embeddable":true,"href":"https:\/\/www.turismoslovacchia.it\/index.php?rest_route=%2Fwp%2Fv2%2Fcategories&post=9250"},{"taxonomy":"post_tag","embeddable":true,"href":"https:\/\/www.turismoslovacchia.it\/index.php?rest_route=%2Fwp%2Fv2%2Ftags&post=9250"}],"curies":[{"name":"wp","href":"https:\/\/api.w.org\/{rel}","templated":true}]}}