{"id":9222,"date":"2019-11-01T23:22:16","date_gmt":"2019-11-01T22:22:16","guid":{"rendered":"https:\/\/www.turismoslovacchia.it\/?p=9222"},"modified":"2019-11-14T10:29:37","modified_gmt":"2019-11-14T09:29:37","slug":"bratislava-ritorna-il-mese-della-fotografia-nel-trentesimo-della-rivoluzione-di-velluto","status":"publish","type":"post","link":"https:\/\/www.turismoslovacchia.it\/?p=9222","title":{"rendered":"Bratislava, ritorna il Mese della fotografia"},"content":{"rendered":"<p style=\"text-align: justify;\"><a href=\"https:\/\/www.turismoslovacchia.it\/wp-content\/uploads\/mesiac-fotograf-19_zidlicky.jpg\" data-rel=\"lightbox-gallery-UOic5LKQ\" data-rl_title=\"\" data-rl_caption=\"\" title=\"\"><img decoding=\"async\" loading=\"lazy\" class=\"alignnone size-full wp-image-9300\" src=\"https:\/\/www.turismoslovacchia.it\/wp-content\/uploads\/mesiac-fotograf-19_zidlicky.jpg\" alt=\"\" width=\"720\" height=\"443\" srcset=\"https:\/\/www.turismoslovacchia.it\/wp-content\/uploads\/mesiac-fotograf-19_zidlicky.jpg 720w, https:\/\/www.turismoslovacchia.it\/wp-content\/uploads\/mesiac-fotograf-19_zidlicky-300x185.jpg 300w, https:\/\/www.turismoslovacchia.it\/wp-content\/uploads\/mesiac-fotograf-19_zidlicky-570x350.jpg 570w, https:\/\/www.turismoslovacchia.it\/wp-content\/uploads\/mesiac-fotograf-19_zidlicky-150x92.jpg 150w\" sizes=\"(max-width: 720px) 100vw, 720px\" \/><\/a><\/p>\n<p style=\"text-align: justify;\">Ritorna per la ventinovesima volta il festival annuale Mesiac Fotografie \u2013 Month of Photography che ancora una volta porta a Bratislava star internazionali della fotografia contemporanea come AES + F e Joan Fountcouberta (vincitore del Premio Hasselblad, l&#8217;equivalente fotografico del Premio Nobel), insieme a vecchie glorie che dell&#8217;ottava arte hanno fatto la storia. Ci saranno inoltre mostre di C\u00e9dric Delsaux, Tom Jakobi, un\u2019ampia retrospettiva di Vladim\u00edr \u017didlick\u00fd e molti altri autori slovacchi, cechi e stranieri.<\/p>\n<p><a href=\"https:\/\/www.turismoslovacchia.it\/wp-content\/uploads\/mesiac-fotograf-19_1.jpg\" data-rel=\"lightbox-gallery-UOic5LKQ\" data-rl_title=\"\" data-rl_caption=\"\" title=\"\"><img decoding=\"async\" loading=\"lazy\" class=\"alignnone size-full wp-image-9305\" src=\"https:\/\/www.turismoslovacchia.it\/wp-content\/uploads\/mesiac-fotograf-19_1.jpg\" alt=\"\" width=\"720\" height=\"443\" srcset=\"https:\/\/www.turismoslovacchia.it\/wp-content\/uploads\/mesiac-fotograf-19_1.jpg 720w, https:\/\/www.turismoslovacchia.it\/wp-content\/uploads\/mesiac-fotograf-19_1-300x185.jpg 300w, https:\/\/www.turismoslovacchia.it\/wp-content\/uploads\/mesiac-fotograf-19_1-570x350.jpg 570w, https:\/\/www.turismoslovacchia.it\/wp-content\/uploads\/mesiac-fotograf-19_1-150x92.jpg 150w\" sizes=\"(max-width: 720px) 100vw, 720px\" \/><\/a><\/p>\n<p style=\"text-align: justify;\">In un anno e un mese in cui si celebra il 30\u00b0 anniversario della Rivoluzione di velluto, questo sar\u00e0 uno dei temi del festival, in particolare attraverso i lavori di quegli autori\u00a0dell\u2019Europa centrale e orientale che si opponevano al potere comunista nell\u2019allora blocco orientale.<\/p>\n<p style=\"text-align: justify;\">Nel complesso saranno a disposizione degli appassionati\u00a0 25 mostre individuali e collettive in diverse aree e location della capitale slovacca. Tra le altre, susciteranno curiosit\u00e0 una mostra di fotografie\u00a0del paesaggio slovacco dal 1839 al 2019, una degli autori\u00a0vincitori e\u00a0finalisti del Premio Oskar Barnack del World Press Photo Award 2018, e soprattutto un&#8217;ampia rassegna curata da\u00a0Tom\u00e1\u0161 Posp\u011bch delle\u00a0opere di autori slovacchi e cechi\u00a0per segnare il 30esimo\u00a0anniversario della Rivoluzione di velluto.<\/p>\n<p><img decoding=\"async\" loading=\"lazy\" class=\"alignnone \" src=\"https:\/\/i2.wp.com\/www.sedf.sk\/wp-content\/uploads\/2019\/09\/Helilez_Varga_-1994.jpg?resize=803%2C737&amp;ssl=1\" width=\"720\" height=\"661\" \/><\/p>\n<p style=\"text-align: justify;\">Il festival si svolge per tutto il mese di novembre (alcune mostre di maggior richiamo anche oltre) in numerose location sparse per la capitale. Vedere il programma sul sito\u00a0<strong><a class=\"wp-links-icon\" href=\"https:\/\/www.mesiacfotografie.sk\/program\" target=\"_blank\" rel=\"external nofollow noopener\">www.mesiacfotografie.sk<\/a><\/strong>.<\/p>\n<p style=\"text-align: right;\"><span style=\"color: #999999;\"><em>Foto:\u00a0Vladim\u00edr \u017didlick\u00fd. Sotto: Kamil Varga<\/em><\/span><\/p>\n","protected":false},"excerpt":{"rendered":"<p>Ritorna per la ventinovesima volta il festival annuale Mesiac Fotografie \u2013 Month of Photography che ancora una volta porta a Bratislava star internazionali della fotografia contemporanea come AES + F e Joan Fountcouberta (vincitore del Premio Hasselblad, l&#8217;equivalente fotografico del Premio Nobel), insieme a vecchie glorie che dell&#8217;ottava arte hanno fatto la storia. Ci saranno [&hellip;]<\/p>\n","protected":false},"author":2,"featured_media":9305,"comment_status":"open","ping_status":"open","sticky":false,"template":"","format":"standard","meta":[],"categories":[3,5,1],"tags":[9,42,43,225],"aioseo_notices":[],"jetpack_featured_media_url":"https:\/\/www.turismoslovacchia.it\/wp-content\/uploads\/mesiac-fotograf-19_1.jpg","jetpack_sharing_enabled":true,"jetpack-related-posts":[{"id":1575,"url":"https:\/\/www.turismoslovacchia.it\/?p=1575","url_meta":{"origin":9222,"position":0},"title":"Mese della Fotografia: aperta la rassegna fotografica clou dell\u2019anno a Bratislava","date":"31 Ottobre 2012","format":false,"excerpt":"La ventiduesima edizione del Mese della Fotografia (Mesiac fotografie) ha preso avvio con la bella mostra di Robert Capa alla Galleria Nazionale Slovacca (SNG) ed \u00e8 proseguita con l'apertura della mostra National Geographic, mentre oggi apre presso la Galleria Civica di Bratislava (GMB) la rassegna di Lewis Hine. Un altro\u2026","rel":"","context":"In &quot;Articoli&quot;","img":{"alt_text":"","src":"https:\/\/i0.wp.com\/www.turismoslovacchia.it\/wp-content\/uploads\/mese-fotografia-2012.jpg?resize=350%2C200&ssl=1","width":350,"height":200},"classes":[]},{"id":8297,"url":"https:\/\/www.turismoslovacchia.it\/?p=8297","url_meta":{"origin":9222,"position":1},"title":"Il Mese della fotografia 2017 a Bratislava","date":"27 Ottobre 2017","format":false,"excerpt":"Con il mese di novembre ritorna a Bratislava il Mese della fotografia - Mesiac fotografie, il pi\u00f9 grande evento di fotografia in Slovacchia, arrivato quest\u2019anno alla sua 27esima edizione. Saranno aperte 26 mostre con opere di artisti da 18 paesi del mondo. Il festival slovacco, che dal 2004 \u00e8 stato\u2026","rel":"","context":"In &quot;Articoli&quot;","img":{"alt_text":"","src":"https:\/\/i0.wp.com\/www.turismoslovacchia.it\/wp-content\/uploads\/mesiacfotografie-2017.jpg?resize=350%2C200&ssl=1","width":350,"height":200},"classes":[]},{"id":2839,"url":"https:\/\/www.turismoslovacchia.it\/?p=2839","url_meta":{"origin":9222,"position":2},"title":"Parte a Bratislava il Mese della Fotografia 2013","date":"7 Novembre 2013","format":false,"excerpt":"Partita in sordina nei giorni scorsi, la kermesse della fotografia novembrina conosciuta con il brand \u201cMonth of Photography\u201d, che rappresenta una rete di festival in capitali di tutta Europa (tra cui Berlino, Vienna e Parigi), entra nel vivo da oggi fino a sabato con decine di vernissage e incontri, per\u2026","rel":"","context":"In &quot;Eventi&quot;","img":{"alt_text":"","src":"https:\/\/i0.wp.com\/www.turismoslovacchia.it\/wp-content\/uploads\/festival-foto-2013.jpg?resize=350%2C200&ssl=1","width":350,"height":200},"classes":[]},{"id":8295,"url":"https:\/\/www.turismoslovacchia.it\/?p=8295","url_meta":{"origin":9222,"position":3},"title":"Novembre 2017: gli eventi a Bratislava e dintorni","date":"28 Ottobre 2017","format":false,"excerpt":"Tra\u00a0gli eventi pi\u00f9 rilevanti del novembre 2017 nella citt\u00e0 e regione di Bratislava\u00a0vanno ricordati nella capitale il Mese della Fotografia e lo Slovak Press Photo,\u00a0 appuntamenti che da tempo sono ormai diventati un must del mese di novembre, e poi il Festival della Libert\u00e0, che si tiene nelle date intorno\u2026","rel":"","context":"In &quot;Articoli&quot;","img":{"alt_text":"","src":"https:\/\/i0.wp.com\/www.turismoslovacchia.it\/wp-content\/uploads\/eventi_00.jpg?resize=350%2C200&ssl=1","width":350,"height":200},"classes":[]},{"id":4269,"url":"https:\/\/www.turismoslovacchia.it\/?p=4269","url_meta":{"origin":9222,"position":4},"title":"A Bratislava \u00e8 novembre il Mese della Fotografia","date":"7 Novembre 2014","format":false,"excerpt":"Ha avuto inizio da poco pi\u00f9 di una settimana, e si svolger\u00e0 fino al 30 novembre a Bratislava, la 24esima edizione del Festival internazionaleMesiac fotografie\u00a0(Mese della fotografia). Divenuto nel corso del tempo uno dei pi\u00f9 importanti eventi culturali d\u2019autunno dell\u2019intera regione, il festival vede nel corso del mese decine di\u2026","rel":"","context":"In &quot;Articoli&quot;","img":{"alt_text":"","src":"https:\/\/i0.wp.com\/www.turismoslovacchia.it\/wp-content\/uploads\/mesefotogr-koppitz-2014.jpg?resize=350%2C200&ssl=1","width":350,"height":200},"classes":[]},{"id":6848,"url":"https:\/\/www.turismoslovacchia.it\/?p=6848","url_meta":{"origin":9222,"position":5},"title":"Mese della Fotografia 2016, a Bratislava anche i grandi maestri italiani","date":"3 Novembre 2016","format":false,"excerpt":"Dal 4 novembre a Bratislava parte la rassegna internazionale annuale Mese della Fotografia (Mesiac fotografie) con numerose mostre\u00a0che inonderanno la capitale slovacca di immagini e\u00a0autori di alto profilo, slovacchi e internazionali. Alla sua 26esima\u00a0edizione\u00a0la rassegna presenta anche il terzo volume\u00a0della \u201cStoria della fotografia europea del XX secolo\u201d, un lavoro di\u2026","rel":"","context":"In &quot;Articoli&quot;","img":{"alt_text":"","src":"https:\/\/i0.wp.com\/www.turismoslovacchia.it\/wp-content\/uploads\/mesiacfotogr2016_poster.jpg?resize=350%2C200&ssl=1","width":350,"height":200},"classes":[]}],"jetpack_shortlink":"https:\/\/wp.me\/p1oiY9-2oK","_links":{"self":[{"href":"https:\/\/www.turismoslovacchia.it\/index.php?rest_route=\/wp\/v2\/posts\/9222"}],"collection":[{"href":"https:\/\/www.turismoslovacchia.it\/index.php?rest_route=\/wp\/v2\/posts"}],"about":[{"href":"https:\/\/www.turismoslovacchia.it\/index.php?rest_route=\/wp\/v2\/types\/post"}],"author":[{"embeddable":true,"href":"https:\/\/www.turismoslovacchia.it\/index.php?rest_route=\/wp\/v2\/users\/2"}],"replies":[{"embeddable":true,"href":"https:\/\/www.turismoslovacchia.it\/index.php?rest_route=%2Fwp%2Fv2%2Fcomments&post=9222"}],"version-history":[{"count":7,"href":"https:\/\/www.turismoslovacchia.it\/index.php?rest_route=\/wp\/v2\/posts\/9222\/revisions"}],"predecessor-version":[{"id":9307,"href":"https:\/\/www.turismoslovacchia.it\/index.php?rest_route=\/wp\/v2\/posts\/9222\/revisions\/9307"}],"wp:featuredmedia":[{"embeddable":true,"href":"https:\/\/www.turismoslovacchia.it\/index.php?rest_route=\/wp\/v2\/media\/9305"}],"wp:attachment":[{"href":"https:\/\/www.turismoslovacchia.it\/index.php?rest_route=%2Fwp%2Fv2%2Fmedia&parent=9222"}],"wp:term":[{"taxonomy":"category","embeddable":true,"href":"https:\/\/www.turismoslovacchia.it\/index.php?rest_route=%2Fwp%2Fv2%2Fcategories&post=9222"},{"taxonomy":"post_tag","embeddable":true,"href":"https:\/\/www.turismoslovacchia.it\/index.php?rest_route=%2Fwp%2Fv2%2Ftags&post=9222"}],"curies":[{"name":"wp","href":"https:\/\/api.w.org\/{rel}","templated":true}]}}