{"id":9203,"date":"2019-09-19T21:23:43","date_gmt":"2019-09-19T19:23:43","guid":{"rendered":"https:\/\/www.turismoslovacchia.it\/?p=9203"},"modified":"2019-11-02T21:27:54","modified_gmt":"2019-11-02T20:27:54","slug":"a-bratislava-incontro-con-nadia-terranova-finalista-strega-2019","status":"publish","type":"post","link":"https:\/\/www.turismoslovacchia.it\/?p=9203","title":{"rendered":"A Bratislava incontro con Nadia Terranova, finalista Strega 2019"},"content":{"rendered":"<p style=\"text-align: justify;\"><img decoding=\"async\" loading=\"lazy\" class=\"alignnone  wp-image-9204\" src=\"https:\/\/www.turismoslovacchia.it\/wp-content\/uploads\/terranov.jpg\" alt=\"\" width=\"800\" height=\"480\" srcset=\"https:\/\/www.turismoslovacchia.it\/wp-content\/uploads\/terranov.jpg 720w, https:\/\/www.turismoslovacchia.it\/wp-content\/uploads\/terranov-300x180.jpg 300w, https:\/\/www.turismoslovacchia.it\/wp-content\/uploads\/terranov-150x90.jpg 150w\" sizes=\"(max-width: 800px) 100vw, 800px\" \/><\/p>\n<p style=\"text-align: justify;\">La scrittrice\u00a0Nadia Terranova presenter\u00e0 marted\u00ec\u00a024 settembre a Bratislava la traduzione slovacca di\u00a0<em>Addio fantasmi<\/em>, il suo ultimo romanzo entrato nella cinquina finalista del Premio Strega 2019 (e vincitore del Premio Letterario Nazionale Subiaco Citt\u00e0 del Libro).\u00a0Pubblicato in questi giorni con il titolo\u00a0<em>Zbohom pr\u00edzraky<\/em>,\u00a0il romanzo \u00e8 in via di traduzione in venticinque paesi, e negli Stati Uniti sar\u00e0 pubblicato dalla casa editrice di Elena Ferrante.\u00a0Nadia Terranova, messinese di 41 anni,\u00a0\u00e8 una scrittrice e giornalista.\u00a0Il suo primo romanzo,\u00a0<em>Gli anni al contrario<\/em>, \u00e8 stato pubblicato nel 2015 e ha vinto numerosi premi (Premio Bagutta per il debutto letterario, Premio Brancati e American The Bridge Book Award). Ha anche scritto libri per bambini, tra i quali\u00a0<em>Bruno, un ragazzo che impar\u00f2 a volare<\/em>\u00a0e\u00a0<em>Casca il mondo<\/em>. Scrive per il quotidiano Repubblica e per altri periodici.\u00a0L\u2019incontro con il pubblico di Bratislava si terr\u00e0 il 24 settembre alle ore 18:00\u00a0presso la\u00a0<a class=\"wp-links-icon\" href=\"https:\/\/www.facebook.com\/events\/372532987022933\/\" target=\"_blank\" rel=\"noopener\">Libreria Martinus, in via Obchodn\u00e1 a Bratislava<\/a>.<\/p>\n<p>Fonte <a href=\"https:\/\/www.buongiornoslovacchia.sk\/index.php\/archives\/95399\">Buongiorno Slovacchia<\/a><\/p>\n","protected":false},"excerpt":{"rendered":"<p>La scrittrice\u00a0Nadia Terranova presenter\u00e0 marted\u00ec\u00a024 settembre a Bratislava la traduzione slovacca di\u00a0Addio fantasmi, il suo ultimo romanzo entrato nella cinquina finalista del Premio Strega 2019 (e vincitore del Premio Letterario Nazionale Subiaco Citt\u00e0 del Libro).\u00a0Pubblicato in questi giorni con il titolo\u00a0Zbohom pr\u00edzraky,\u00a0il romanzo \u00e8 in via di traduzione in venticinque paesi, e negli Stati Uniti [&hellip;]<\/p>\n","protected":false},"author":2,"featured_media":9204,"comment_status":"open","ping_status":"open","sticky":false,"template":"","format":"standard","meta":[],"categories":[5,1],"tags":[],"aioseo_notices":[],"jetpack_featured_media_url":"https:\/\/www.turismoslovacchia.it\/wp-content\/uploads\/terranov.jpg","jetpack_sharing_enabled":true,"jetpack-related-posts":[{"id":8585,"url":"https:\/\/www.turismoslovacchia.it\/?p=8585","url_meta":{"origin":9203,"position":0},"title":"A Bratislava \u2018Ferrante fever\u2019, mini ciclo dedicato a Elena Ferrante","date":"25 Settembre 2018","format":false,"excerpt":"Venerd\u00ec 28 settembre l\u2019Istituto Italiano di Cultura di Bratislava apre un mini ciclo \u2013 giustamente intitolato \u2018Ferrante fever\u2019 \u2013 dedicato alla scrittrice\u00a0Elena Ferrante, che ha incontrato negli ultimi anni un successo planetario divenendo un vero e proprio fenomeno letterario contemporaneo, condito anche, ma solo in piccola parte, dal mistero che\u2026","rel":"","context":"In &quot;Articoli&quot;","img":{"alt_text":"","src":"https:\/\/i0.wp.com\/www.turismoslovacchia.it\/wp-content\/uploads\/ferrant.jpg?resize=350%2C200&ssl=1","width":350,"height":200},"classes":[]},{"id":1359,"url":"https:\/\/www.turismoslovacchia.it\/?p=1359","url_meta":{"origin":9203,"position":1},"title":"Karol Kallay, il pi\u00f9 noto fotografo slovacco amava l&#8217;Italia","date":"6 Agosto 2012","format":false,"excerpt":"Karol Kallay, il pi\u00f9 significativo e internazionale fotografo slovacco, \u00e8 morto a 86 anni sabato 2 agosto. Nato a Cadca (regione di Zilina) il 26 aprile 1926, Karol Kallay fece studi in economia e legge, laureandosi nel 1948, ma intraprese nonostante questo la carriera di fotografo professionista. Quando aveva 14\u2026","rel":"","context":"In &quot;Articoli&quot;","img":{"alt_text":"","src":"https:\/\/i0.wp.com\/www.turismoslovacchia.it\/wp-content\/uploads\/Karol-Kallay.jpg?resize=350%2C200&ssl=1","width":350,"height":200},"classes":[]},{"id":8636,"url":"https:\/\/www.turismoslovacchia.it\/?p=8636","url_meta":{"origin":9203,"position":2},"title":"Due nuovi video per la promozione di Bratislava come citt\u00e0 verde e regina della natura","date":"29 Novembre 2018","format":false,"excerpt":"La capitale Bratislava ha pubblicato un nuovo video promozionale e una serie di spot per promuovere la citt\u00e0 anche a livello internazionale. Prodotti che si rivolgono a diverse tipologie di turisti, da quelli che vogliono farsi un tranquillo week-end in citt\u00e0 alle famiglie con bambini, da chi preferisce vacanze attive\u2026","rel":"","context":"In &quot;Articoli&quot;","img":{"alt_text":"","src":"https:\/\/i0.wp.com\/www.turismoslovacchia.it\/wp-content\/uploads\/bratis-verde-forest-parch-giard1_visitbratis.jpg?resize=350%2C200&ssl=1","width":350,"height":200},"classes":[]},{"id":1773,"url":"https:\/\/www.turismoslovacchia.it\/?p=1773","url_meta":{"origin":9203,"position":3},"title":"Febio Fest 2013, un mese di cinema di qualit\u00e0 in Slovacchia","date":"11 Marzo 2013","format":false,"excerpt":"Dopo l\u2019avvio del festival cinematografico Febio Fest oggi a Praga \u2013 con Giancarlo Giannini premiato dalla critica ceca e una rassegna \u2013 sara' il turno anche del suo gemello Febio Fest slovacco (www.febiofest.sk), che si tiene a Bratislava dal 15 al 21 marzo e in seguito si sposta in altre\u2026","rel":"","context":"In &quot;Eventi&quot;","img":{"alt_text":"","src":"https:\/\/i0.wp.com\/www.turismoslovacchia.it\/wp-content\/uploads\/febiofest.jpg?resize=350%2C200&ssl=1","width":350,"height":200},"classes":[]},{"id":1279,"url":"https:\/\/www.turismoslovacchia.it\/?p=1279","url_meta":{"origin":9203,"position":4},"title":"Dolce Vitaj 2012: una stagione di appuntamenti italiani in Slovacchia","date":"29 Maggio 2012","format":false,"excerpt":"\u00c8 stato presentato oggi il festival Dolce Vitaj 2012, la pi\u00f9 importante manifestazione culturale italiana in Slovacchia, che realizza per la quinta volta nel mese di giugno una serie di appuntamenti che rappresentano una vera e propria finestra sull\u2019Italia. In una conferenza stampa presso il Comune di Bratislava si sono\u2026","rel":"","context":"In &quot;Eventi&quot;","img":{"alt_text":"","src":"https:\/\/i0.wp.com\/www.turismoslovacchia.it\/wp-content\/uploads\/dolcev12.jpg?resize=350%2C200&ssl=1","width":350,"height":200},"classes":[]},{"id":8154,"url":"https:\/\/www.turismoslovacchia.it\/?p=8154","url_meta":{"origin":9203,"position":5},"title":"A Bratislava il premio Golden Apple per l\u2019eccellenza nel turismo","date":"2 Giugno 2017","format":false,"excerpt":"La citt\u00e0 di Bratislava ha ricevuto il premio Golden Apple nella categoria \"destinazioni\" dalla Federazione mondiale dei giornalisti e scrittori di viaggio (FIJET) per l\u2019eccellenza nell\u2019industria turistica. Il Golden Apple \u00e8 l\u2019equivalente dei premi Oscar cinematografici per il mondo del turismo, ed \u00e8 concesso a \u00abuna destinazione che rappresenta un\u2026","rel":"","context":"In &quot;Articoli&quot;","img":{"alt_text":"","src":"https:\/\/i0.wp.com\/www.turismoslovacchia.it\/wp-content\/uploads\/bratis-teatr_Miroslav-Petrasko-cc-by-nc-nd.jpg?resize=350%2C200&ssl=1","width":350,"height":200},"classes":[]}],"jetpack_shortlink":"https:\/\/wp.me\/p1oiY9-2or","_links":{"self":[{"href":"https:\/\/www.turismoslovacchia.it\/index.php?rest_route=\/wp\/v2\/posts\/9203"}],"collection":[{"href":"https:\/\/www.turismoslovacchia.it\/index.php?rest_route=\/wp\/v2\/posts"}],"about":[{"href":"https:\/\/www.turismoslovacchia.it\/index.php?rest_route=\/wp\/v2\/types\/post"}],"author":[{"embeddable":true,"href":"https:\/\/www.turismoslovacchia.it\/index.php?rest_route=\/wp\/v2\/users\/2"}],"replies":[{"embeddable":true,"href":"https:\/\/www.turismoslovacchia.it\/index.php?rest_route=%2Fwp%2Fv2%2Fcomments&post=9203"}],"version-history":[{"count":1,"href":"https:\/\/www.turismoslovacchia.it\/index.php?rest_route=\/wp\/v2\/posts\/9203\/revisions"}],"predecessor-version":[{"id":9205,"href":"https:\/\/www.turismoslovacchia.it\/index.php?rest_route=\/wp\/v2\/posts\/9203\/revisions\/9205"}],"wp:featuredmedia":[{"embeddable":true,"href":"https:\/\/www.turismoslovacchia.it\/index.php?rest_route=\/wp\/v2\/media\/9204"}],"wp:attachment":[{"href":"https:\/\/www.turismoslovacchia.it\/index.php?rest_route=%2Fwp%2Fv2%2Fmedia&parent=9203"}],"wp:term":[{"taxonomy":"category","embeddable":true,"href":"https:\/\/www.turismoslovacchia.it\/index.php?rest_route=%2Fwp%2Fv2%2Fcategories&post=9203"},{"taxonomy":"post_tag","embeddable":true,"href":"https:\/\/www.turismoslovacchia.it\/index.php?rest_route=%2Fwp%2Fv2%2Ftags&post=9203"}],"curies":[{"name":"wp","href":"https:\/\/api.w.org\/{rel}","templated":true}]}}