{"id":9118,"date":"2019-08-02T23:31:31","date_gmt":"2019-08-02T21:31:31","guid":{"rendered":"https:\/\/www.turismoslovacchia.it\/?p=9118"},"modified":"2019-11-02T22:10:19","modified_gmt":"2019-11-02T21:10:19","slug":"agosto-2019-gli-eventi-a-bratislava-e-in-slovacchia","status":"publish","type":"post","link":"https:\/\/www.turismoslovacchia.it\/?p=9118","title":{"rendered":"Agosto 2019: gli eventi a Bratislava e in Slovacchia"},"content":{"rendered":"<p style=\"text-align: justify;\"><img decoding=\"async\" loading=\"lazy\" class=\"alignnone size-full wp-image-9133\" src=\"https:\/\/www.turismoslovacchia.it\/wp-content\/uploads\/eventi_00.jpg\" alt=\"\" width=\"720\" height=\"200\" srcset=\"https:\/\/www.turismoslovacchia.it\/wp-content\/uploads\/eventi_00.jpg 720w, https:\/\/www.turismoslovacchia.it\/wp-content\/uploads\/eventi_00-300x83.jpg 300w, https:\/\/www.turismoslovacchia.it\/wp-content\/uploads\/eventi_00-150x42.jpg 150w\" sizes=\"(max-width: 720px) 100vw, 720px\" \/><\/p>\n<h4 style=\"text-align: justify;\"><span style=\"color: #ff0000;\"><strong>VIVA MUSICA! FESTIVAL \u2013 Bratislava<br \/>\n6 luglio \u2013\u00a025 agosto\u00a0<\/strong><\/span><span style=\"color: #ff0000;\"><strong>2018<\/strong><\/span><\/h4>\n<p style=\"text-align: justify;\"><a href=\"https:\/\/www.turismoslovacchia.it\/wp-content\/uploads\/vivamusica-bratis-festiv.jpg\" data-rel=\"lightbox-gallery-gTDiFXD1\" data-rl_title=\"\" data-rl_caption=\"\" title=\"\"><img decoding=\"async\" loading=\"lazy\" class=\"alignnone size-full wp-image-8237\" src=\"https:\/\/www.turismoslovacchia.it\/wp-content\/uploads\/vivamusica-bratis-festiv.jpg\" alt=\"\" width=\"720\" height=\"443\" srcset=\"https:\/\/www.turismoslovacchia.it\/wp-content\/uploads\/vivamusica-bratis-festiv.jpg 720w, https:\/\/www.turismoslovacchia.it\/wp-content\/uploads\/vivamusica-bratis-festiv-300x185.jpg 300w, https:\/\/www.turismoslovacchia.it\/wp-content\/uploads\/vivamusica-bratis-festiv-400x246.jpg 400w, https:\/\/www.turismoslovacchia.it\/wp-content\/uploads\/vivamusica-bratis-festiv-100x62.jpg 100w, https:\/\/www.turismoslovacchia.it\/wp-content\/uploads\/vivamusica-bratis-festiv-200x123.jpg 200w, https:\/\/www.turismoslovacchia.it\/wp-content\/uploads\/vivamusica-bratis-festiv-150x92.jpg 150w\" sizes=\"(max-width: 720px) 100vw, 720px\" \/><\/a><\/p>\n<p style=\"text-align: justify;\">Il festival Viva Musica! \u00e8 nato nel 2005 con l&#8217;ambizione di creare un evento estivo di un alto livello per tutti gli appassionati di musica &#8211; classica e non &#8211; ma in luoghi e con stile innovativo. Il festival offre il meglio della musica classica e contemporanea, ma anche pop, con esecuzioni raffinate di artisti e gruppi di \u00e9lite nazionali\u00a0e internazionali. Con il motto &#8220;Classic goes modern&#8221;, il Viva musica \u00e8 il maggior festival musicale internazionale a Bratislava. Per questa edizione il Viva Musica! ha deciso la svolta ecologica, con il bando totale alle bottiglie di plastica e ai volantini cartacei, disponendo in tutti i luoghi del festival bidoni della spazzatura per la raccolta differenziata.<br \/>\n<strong>Info: <a href=\"http:\/\/www.vivamusica.sk\">www.vivamusica.sk<\/a>\u00a0| <a href=\"https:\/\/www.facebook.com\/pg\/vivamusicafestival\/events\/\">Programma<\/a><\/strong><\/p>\n<hr \/>\n<h4 style=\"text-align: justify;\"><strong><span style=\"color: #ff0000;\">Estate culturale di Bratislava 2019 \u2013 Bratislava<\/span><br \/>\n<span style=\"color: #ff0000;\">giugno\u00a0\u2013 settembre\u00a02019<\/span><br \/>\n<\/strong><\/h4>\n<p style=\"text-align: justify;\"><a href=\"https:\/\/www.turismoslovacchia.it\/wp-content\/uploads\/bratis-bkis-estate19.jpg\" data-rel=\"lightbox-gallery-gTDiFXD1\" data-rl_title=\"\" data-rl_caption=\"\" title=\"\"><img decoding=\"async\" loading=\"lazy\" class=\"alignnone size-full wp-image-9044\" src=\"https:\/\/www.turismoslovacchia.it\/wp-content\/uploads\/bratis-bkis-estate19.jpg\" alt=\"\" width=\"720\" height=\"443\" srcset=\"https:\/\/www.turismoslovacchia.it\/wp-content\/uploads\/bratis-bkis-estate19.jpg 720w, https:\/\/www.turismoslovacchia.it\/wp-content\/uploads\/bratis-bkis-estate19-300x185.jpg 300w, https:\/\/www.turismoslovacchia.it\/wp-content\/uploads\/bratis-bkis-estate19-570x350.jpg 570w, https:\/\/www.turismoslovacchia.it\/wp-content\/uploads\/bratis-bkis-estate19-150x92.jpg 150w\" sizes=\"(max-width: 720px) 100vw, 720px\" \/><\/a><\/p>\n<p style=\"text-align: justify;\">La rassegna\u00a0\u201cEstate culturale di Bratislava\u201d \u00e8 il pi\u00f9 grande evento estivo in Slovacchia che, nel corso dei mesi d\u2019estate propone nella capitale centinaia di appuntamenti culturali, musicali, letterari, teatrali, e attivit\u00e0 per il tempo libero\u00a0per i residenti e i tanti turisti. Arrivato alla sua 44esima edizione, il festival si volge in gran parte all\u2019aperto, nelle strade, piazze e cortili di Bratislava, oltre che nella corte del Castello. La rassegna include nel suo programma diverse altre manifestazioni cicliche, come il Festival internazionale di gruppi corali giovanili, arrivato al 22esimo anno, il Teatro al mercato (1\/6 &#8211; 29\/9) dedicato ai bambini, le Giornate \u00da\u013dUV dei maestri dell&#8217;artigianato (31.8 &#8211; 1.9), o il\u00a0<a href=\"https:\/\/www.visitbratislava.com\/events\/the-summer-shakespeare-festival-2019\/\">Summer Shakespeare Festival<\/a> (5\/7 &#8211; 4\/8, apertura con Romeo e Giulietta) al castello di Bratislava, che \u00e8 tra i pi\u00f9 antichi festival teatrali all&#8217;aperto in Europa. Nel programma anche l&#8217;evento <a href=\"https:\/\/www.visitbratislava.com\/events\/knights-at-devin-2\/\">Cavalieri a Devin<\/a>, che nella cornice dell&#8217;omonimo castello proporranno dimostrazioni medievale di arti del combattimento e artigianato (6 luglio, 3 e 31\u00a0agosto dalle 10 alle 18.30) e una novit\u00e0 per il 2019, le <a href=\"https:\/\/www.visitbratislava.com\/events\/bratislava-theater-nights-2019\/\">Notti del teatro di Bratislava<\/a> (10 luglio &#8211; 24 agosto), che porteranno nella corte del Vecchio municipio di Bratislava diverse rappresentazioni teatrali, tra le quali Don Chisciotte, sottotitolate in inglese.\u00a0Infine, nell&#8217;ambito della serie &#8220;Bratislava Internazionale&#8221;, dopo il mese italiano del Dolce Vitaj eventi di un giorno daranno l&#8217;opportunit\u00e0 di sperimentare la cultura e le usanze di paesi stranieri con la Giornata Giapponese (6.7), la <a href=\"https:\/\/www.visitbratislava.com\/events\/french-day\/\">Giornata Francese<\/a> (12.7), la Giornata Irlandese (17.7), la Giornata Turca (20.7) e la Giornata Inndonesiana (24.8).<br \/>\n<strong>Info:\u00a0<a class=\"wp-links-icon\" href=\"http:\/\/www.bkis.sk\/\" target=\"_blank\" rel=\"external nofollow noopener\">www.bkis.sk<\/a>\u00a0| <a href=\"https:\/\/www.visitbratislava.com\/events\/the-cultural-summer-and-castle-festival-2019\/\">www.visitbratislava.com<\/a><\/strong><\/p>\n<hr \/>\n<h4 style=\"text-align: justify;\"><span style=\"color: #ff0000;\"><strong>Trnavsk\u00fd Jazzyk &#8211; Trnava<\/strong><\/span><br \/>\n<span style=\"color: #ff0000;\"><strong>29 luglio &#8211; 2 agosto 2019<\/strong><\/span><\/h4>\n<p style=\"text-align: justify;\"><a href=\"https:\/\/www.turismoslovacchia.it\/wp-content\/uploads\/jazz-music-concer_tatlin-CC0@pix.jpg\" data-rel=\"lightbox-gallery-gTDiFXD1\" data-rl_title=\"\" data-rl_caption=\"\" title=\"\"><img decoding=\"async\" loading=\"lazy\" class=\"alignnone size-full wp-image-8288\" src=\"https:\/\/www.turismoslovacchia.it\/wp-content\/uploads\/jazz-music-concer_tatlin-CC0@pix.jpg\" alt=\"\" width=\"720\" height=\"443\" srcset=\"https:\/\/www.turismoslovacchia.it\/wp-content\/uploads\/jazz-music-concer_tatlin-CC0@pix.jpg 720w, https:\/\/www.turismoslovacchia.it\/wp-content\/uploads\/jazz-music-concer_tatlin-CC0@pix-300x185.jpg 300w, https:\/\/www.turismoslovacchia.it\/wp-content\/uploads\/jazz-music-concer_tatlin-CC0@pix-400x246.jpg 400w, https:\/\/www.turismoslovacchia.it\/wp-content\/uploads\/jazz-music-concer_tatlin-CC0@pix-100x62.jpg 100w, https:\/\/www.turismoslovacchia.it\/wp-content\/uploads\/jazz-music-concer_tatlin-CC0@pix-200x123.jpg 200w, https:\/\/www.turismoslovacchia.it\/wp-content\/uploads\/jazz-music-concer_tatlin-CC0@pix-150x92.jpg 150w\" sizes=\"(max-width: 720px) 100vw, 720px\" \/><\/a><\/p>\n<p style=\"text-align: justify;\">Sedicesima edizione di quello che \u00e8 tra i pi\u00f9 importanti festival jazz in Slovacchia.\u00a0Trnavsk\u00fd Jazzyk porta sul palco le migliori espressioni della scena nazionale e nomi scelti del jazz mondiale nei suoi multiformi generi, dal mainstream classico alla fusion, funky, soul, world music e jazz contemporaneo.\u00a0Clou del festival la sera del 2 agosto quando si esibir\u00e0 Andreas Varady, ragazzo ungherese di origini rom che Quincy Jones ha definito come uno dei musicisti pi\u00f9 talentuosi al mondo, e\u00a0il bassista e cantante camerunense Richard Bona, conosciuto in tutto il mondo.<br \/>\n<strong>Info:\u00a0<a href=\"http:\/\/www.trnavskyjazzyk.sk\/en\/welcome\/\">www.trnavskyjazzyk.sk<\/a><\/strong><\/p>\n<hr \/>\n<h4 style=\"text-align: justify;\"><span style=\"color: #ff0000;\"><b>Pezinsk\u00e9 viechy\u00a0\/ Cantine di Pezinok \u2013 Pezinok<br \/>\n<\/b><b>maggio-ottobre 2019<\/b><\/span><\/h4>\n<p style=\"text-align: justify;\"><a href=\"https:\/\/www.turismoslovacchia.it\/wp-content\/uploads\/pezinok-salone-naz-vino_slovakia.travel.jpg\" data-rel=\"lightbox-gallery-gTDiFXD1\" data-rl_title=\"\" data-rl_caption=\"\" title=\"\"><img decoding=\"async\" loading=\"lazy\" class=\"alignnone size-full wp-image-7882\" src=\"https:\/\/www.turismoslovacchia.it\/wp-content\/uploads\/pezinok-salone-naz-vino_slovakia.travel.jpg\" alt=\"\" width=\"720\" height=\"443\" srcset=\"https:\/\/www.turismoslovacchia.it\/wp-content\/uploads\/pezinok-salone-naz-vino_slovakia.travel.jpg 720w, https:\/\/www.turismoslovacchia.it\/wp-content\/uploads\/pezinok-salone-naz-vino_slovakia.travel-300x185.jpg 300w, https:\/\/www.turismoslovacchia.it\/wp-content\/uploads\/pezinok-salone-naz-vino_slovakia.travel-400x246.jpg 400w, https:\/\/www.turismoslovacchia.it\/wp-content\/uploads\/pezinok-salone-naz-vino_slovakia.travel-100x62.jpg 100w, https:\/\/www.turismoslovacchia.it\/wp-content\/uploads\/pezinok-salone-naz-vino_slovakia.travel-200x123.jpg 200w, https:\/\/www.turismoslovacchia.it\/wp-content\/uploads\/pezinok-salone-naz-vino_slovakia.travel-150x92.jpg 150w\" sizes=\"(max-width: 720px) 100vw, 720px\" \/><\/a><\/p>\n<p style=\"text-align: justify;\">Dall\u2019inizio di maggio fino al prossimo ottobre, questo evento d\u00e0 l&#8217;opportunit\u00e0 unica per degustare i vini dei produttori di Pezinok, e anche chiedere loro curiosit\u00e0 e segreti della propria produzione. Quanto meno, gustare un buon bicchiere di vino in compagnia. Iscrizione gratuita, si pagano soltanto gli assaggi di vino a scelta. <a href=\"https:\/\/www.turismoslovacchia.it\/?page_id=7864\">QUI<\/a> maggiori informazioni sulla Strada dei vini dei Piccoli Carpazi.<br \/>\n<b>Info:\u00a0<a href=\"https:\/\/zpvv.sk\/2019\/05\/20\/pezinske-viechy-2019-program\/\">https:\/\/zpvv.sk\/<\/a><\/b><\/p>\n<hr \/>\n<h4 style=\"text-align: justify;\"><span style=\"color: #ff0000;\"><strong>Uprising Reggae Festival 2019 &#8211; Bratislava<\/strong><\/span><br \/>\n<span style=\"color: #ff0000;\"><strong>23-24 agosto 2019<\/strong><\/span><\/h4>\n<p style=\"text-align: justify;\"><img decoding=\"async\" loading=\"lazy\" class=\"alignnone \" src=\"https:\/\/www.uprising.sk\/wp-content\/uploads\/2019\/08\/uprising-2019-good-point-zona_1078x490.jpg\" width=\"722\" height=\"328\" \/><\/p>\n<p style=\"text-align: justify;\">L&#8217;Uprising Festival \u00e8 uno dei principali festival musicali europei dedicati al reggae e alla dancehall.\u00a0Grandi protagonisti della scena reggae internazionale, cibi giamaicani e un&#8217;atmosfera unica dal profumo\u00a0caraibico fanno del Festival della Rivolta un evento pi\u00f9 unico che raro.\u00a0Il festival si svolge nell&#8217;area per il tempo libero sul lago Zlat\u00e9 Piesky, alle porte della capitale, che si trasforma in un paradiso per i fanatici del reggae. Ai concerti sui quattro palchi fanno da corollario artisti di strada, workshop, lezioni di yoga e altro.<br \/>\n<strong>Info:<\/strong> <a href=\"http:\/\/www.uprising.sk\">www.uprising.sk<\/a>.<\/p>\n<hr \/>\n<h4 style=\"text-align: justify;\"><strong><span style=\"color: #ff0000;\">Mostra mercato di artigianato popolare \u2013 \u010cerven\u00fd Kame\u0148<\/span><br \/>\n<span style=\"color: #ff0000;\">24-25 agosto 2019<\/span><\/strong><\/h4>\n<p style=\"text-align: justify;\"><img decoding=\"async\" loading=\"lazy\" class=\"alignnone \" src=\"http:\/\/gob.sk\/Static\/Event_covers\/2128\/b45d92463dd27e3d83bdf93160f77637_gallery.jpg\" width=\"721\" height=\"370\" \/><\/p>\n<p style=\"text-align: justify;\">Il Museo nazionale di \u010cerven\u00fd Kame\u0148 ha organizzato una mostra dal titolo\u00a0<em>Artigianato d&#8217;arte popolare<\/em> che si svolger\u00e0 per la prima volta al Castello di \u010cerven\u00fd Kame\u0148, con quaranta produttori di arte popolare come vasai, ceramisti, intagliatori di legno, falegnami, produttori di vetro, calderai e molti altri.\u00a0Gli artigiani mostreranno i loro mestieri, tra cui la filatura e lavorazione della lana nel Medioevo, e i bambini potranno assistere a un laboratorio di ceramica. I pi\u00f9 piccoli potranno fare un giro su una giostra in legno.<br \/>\n<strong>Info: <a href=\"https:\/\/www.facebook.com\/events\/%C4%8Derven%C3%BD-kame%C5%88-hrad\/%C4%BEudov%C3%A9-umeleck%C3%A9-remesl%C3%A1-na-hrade-%C4%8Derven%C3%BD-kame%C5%88\/368275380486780\/\">Facebook<\/a><\/strong><\/p>\n<hr \/>\n<h4 style=\"text-align: justify;\"><span style=\"color: #ff0000;\"><strong>Camminata guidata al castello di\u00a0\u010cerven\u00fd kame\u0148<\/strong><\/span><br \/>\n<span style=\"color: #ff0000;\"><strong>25 agosto 2019<\/strong><\/span><\/h4>\n<p style=\"text-align: justify;\"><a href=\"https:\/\/www.turismoslovacchia.it\/wp-content\/uploads\/cast-cervenykamen@gob-sk.jpg\" data-rel=\"lightbox-gallery-gTDiFXD1\" data-rl_title=\"\" data-rl_caption=\"\" title=\"\"><img decoding=\"async\" loading=\"lazy\" class=\"alignnone size-full wp-image-8862\" src=\"https:\/\/www.turismoslovacchia.it\/wp-content\/uploads\/cast-cervenykamen@gob-sk.jpg\" alt=\"\" width=\"720\" height=\"443\" srcset=\"https:\/\/www.turismoslovacchia.it\/wp-content\/uploads\/cast-cervenykamen@gob-sk.jpg 720w, https:\/\/www.turismoslovacchia.it\/wp-content\/uploads\/cast-cervenykamen@gob-sk-300x185.jpg 300w, https:\/\/www.turismoslovacchia.it\/wp-content\/uploads\/cast-cervenykamen@gob-sk-400x246.jpg 400w, https:\/\/www.turismoslovacchia.it\/wp-content\/uploads\/cast-cervenykamen@gob-sk-150x92.jpg 150w, https:\/\/www.turismoslovacchia.it\/wp-content\/uploads\/cast-cervenykamen@gob-sk-100x62.jpg 100w, https:\/\/www.turismoslovacchia.it\/wp-content\/uploads\/cast-cervenykamen@gob-sk-200x123.jpg 200w\" sizes=\"(max-width: 720px) 100vw, 720px\" \/><\/a><\/p>\n<p style=\"text-align: justify;\">Passeggiata turistica guidata nei dintorni del Castello di \u010cerven\u00fd kame\u0148, sulle colline dei Piccoli Carpazi a breve distanza da Bratislava. Nel percorso, di circa 7 chilometri per 3 ore circa di camminata, si potr\u00e0 scoprire chi era l\u2019uomo pi\u00f9 ricco del Medioevo, che fu il primo proprietario del castello, e si andr\u00e0 alla scopera di un vecchio cimitero ebraico, miniere sotterranee dove in passato si estraevano argento, rame e pirite, e si parler\u00e0 anche del pi\u00f9 famoso nativo di \u010cast\u00e1, Juraj F\u00e1ndly.<br \/>\n<strong>Info:\u00a0<\/strong><a class=\"wp-links-icon\" href=\"http:\/\/gob.sk\/event\/2949\/cervenokamenska-potulka\" target=\"_blank\" rel=\"external nofollow noopener\"><strong>www.gob.sk<\/strong><\/a><\/p>\n<hr \/>\n<h4><span style=\"color: #ff0000;\"><b>Kr\u00e1\u013eovstvo husaciny \u2013\u00a0Il Regno dell\u2019Oca<br \/>\n<\/b><b>31 agosto 2019<\/b><\/span><\/h4>\n<p><span class=\"embed-youtube\" style=\"text-align:center; display: block;\"><iframe loading=\"lazy\" class=\"youtube-player\" width=\"1140\" height=\"642\" src=\"https:\/\/www.youtube.com\/embed\/LW56JX9RRHA?version=3&#038;rel=1&#038;showsearch=0&#038;showinfo=1&#038;iv_load_policy=1&#038;fs=1&#038;hl=it-IT&#038;autohide=2&#038;wmode=transparent\" allowfullscreen=\"true\" style=\"border:0;\" sandbox=\"allow-scripts allow-same-origin allow-popups allow-presentation\"><\/iframe><\/span><\/p>\n<p style=\"text-align: justify;\">Il villaggio di Slovensk\u00fd Grob diventa ancora una volta diventer\u00e0 il Regno dell\u2019Oca. A partire dalle ore 14 nella piccola localit\u00e0\u00a0a un tiro di schioppo da Bratislava si svolger\u00e0 l\u2019incoronazione del re, con la partecipazione di Maria Teresa accompagnata da un banchetto reale, una taverna e deliziosi piatti di carne e fegato d\u2019oca, insieme ad un ricco programma musicale e culturale. L\u2019evento vuole ricordare che le specialit\u00e0 dell\u2019oca sono offerte durante tutto l\u2019anno e non solo nella stagione autunnale, da fine settembre a gennaio. Diversi concerti accompagneranno la giornata.<br \/>\n<strong>Info:\u00a0<a class=\"wp-links-icon\" href=\"http:\/\/www.kralovstvohusaciny.sk\/\" target=\"_blank\" rel=\"external nofollow noopener\">www.kralovstvohusaciny.sk<\/a><\/strong><\/p>\n<hr \/>\n<h5 style=\"text-align: justify;\">Altri eventi del mese nella regione sono visibili sul sito\u00a0<a class=\"wp-links-icon\" href=\"http:\/\/www.gob.sk\/\" target=\"_blank\" rel=\"external nofollow noopener\">www.gob.sk<\/a>. Per gli appuntamenti a Bratislava vedere i siti\u00a0<a class=\"wp-links-icon\" href=\"http:\/\/www.visitbratislava.com\/\" target=\"_blank\" rel=\"external nofollow noopener\">visitbratislava.com<\/a>\u00a0o\u00a0<a class=\"wp-links-icon\" href=\"https:\/\/www.citylife.sk\/\" target=\"_blank\" rel=\"external nofollow noopener\">www.citylife.sk<\/a><\/h5>\n<p style=\"text-align: right;\"><em><span style=\"color: #808080;\">Foto: gob.sk, visitbratislava.com e altro<\/span><\/em><\/p>\n<p>&nbsp;<\/p>\n","protected":false},"excerpt":{"rendered":"<p>VIVA MUSICA! FESTIVAL \u2013 Bratislava 6 luglio \u2013\u00a025 agosto\u00a02018 Il festival Viva Musica! \u00e8 nato nel 2005 con l&#8217;ambizione di creare un evento estivo di un alto livello per tutti gli appassionati di musica &#8211; classica e non &#8211; ma in luoghi e con stile innovativo. Il festival offre il meglio della musica classica e [&hellip;]<\/p>\n","protected":false},"author":2,"featured_media":194,"comment_status":"open","ping_status":"open","sticky":false,"template":"","format":"standard","meta":[],"categories":[5,1],"tags":[347,46,9,650,736,249,30,29,42,10],"aioseo_notices":[],"jetpack_featured_media_url":"https:\/\/www.turismoslovacchia.it\/wp-content\/uploads\/2010\/10\/Eventi.jpg","jetpack_sharing_enabled":true,"jetpack-related-posts":[{"id":8767,"url":"https:\/\/www.turismoslovacchia.it\/?p=8767","url_meta":{"origin":9118,"position":0},"title":"Luglio 2018: gli eventi a Bratislava e dintorni","date":"29 Giugno 2018","format":false,"excerpt":"Estate culturale di Bratislava 2018 \u2013 Bratislava giugno\u00a0\u2013 settembre\u00a02018 La rassegna\u00a0\u201cEstate culturale di Bratislava\u201d \u00e8 il pi\u00f9 grande evento estivo in Slovacchia che, nel corso dei mesi d\u2019estate propone nella capitale centinaia di appuntamenti culturali, musicali, letterari, teatrali, e attivit\u00e0 per il tempo libero\u00a0per i residenti e i tanti turisti.\u2026","rel":"","context":"In &quot;Eventi&quot;","img":{"alt_text":"","src":"https:\/\/i0.wp.com\/www.turismoslovacchia.it\/wp-content\/uploads\/bratis-eurovea-cultur-bkis.jpg?resize=350%2C200&ssl=1","width":350,"height":200},"classes":[]},{"id":8257,"url":"https:\/\/www.turismoslovacchia.it\/?p=8257","url_meta":{"origin":9118,"position":1},"title":"Agosto 2017: gli eventi a Bratislava e dintorni","date":"28 Luglio 2017","format":false,"excerpt":"Segnaliamo qui gli eventi pi\u00f9 rilevanti del mese di\u00a0agosto 2017 nella citt\u00e0 e regione di Bratislava.\u00a0Tra quelli da segnalare ci sono l'estate culturale di Bratislava, che\u00a0sta continuando da giugno con le sue\u00a0centinaia di appuntamenti, e la chiusura del\u00a0festival musicale Viva Musica!, poi il Summer Party nel resort acquatico-sportivo\u00a0Divok\u00e1 voda\u00a0a \u010cunovo,\u2026","rel":"","context":"In &quot;Articoli&quot;","img":{"alt_text":"","src":"https:\/\/i0.wp.com\/www.turismoslovacchia.it\/wp-content\/uploads\/eventi_00.jpg?resize=350%2C200&ssl=1","width":350,"height":200},"classes":[]},{"id":8250,"url":"https:\/\/www.turismoslovacchia.it\/?p=8250","url_meta":{"origin":9118,"position":2},"title":"Luglio 2017: gli eventi a Bratislava e dintorni","date":"25 Giugno 2017","format":false,"excerpt":"Segnaliamo qui gli eventi pi\u00f9 rilevanti del mese di luglio 2017 nella citt\u00e0 e regione di Bratislava.\u00a0Tra quelli da segnalare ci sono il weekend della antiche arti presso il sempre affascinante\u00a0Castello di \u010cerven\u00fd Kame\u0148, il Festival Shakespeare, ormai una tradizione che da anni\u00a0ravviva la corte interna del castello di Bratislava,\u2026","rel":"","context":"In &quot;Articoli&quot;","img":{"alt_text":"","src":"https:\/\/i0.wp.com\/www.turismoslovacchia.it\/wp-content\/uploads\/eventi_00.jpg?resize=350%2C200&ssl=1","width":350,"height":200},"classes":[]},{"id":5296,"url":"https:\/\/www.turismoslovacchia.it\/?p=5296","url_meta":{"origin":9118,"position":3},"title":"Al via l&#8217;Estate di Bratislava 2015: saranno 300 gli eventi fino a settembre","date":"9 Giugno 2015","format":false,"excerpt":"\u00c8 stato presentato ieri il programma della 40esima edizione dell\u2019Estate culturale di Bratislava (Festival Kult\u00farne leto a Hradn\u00e9 sl\u00e1vnosti Bratislava). La capitale, che vanta la stagione culturale pi\u00f9 longeva della Slovacchia, vedr\u00e0 svolgersi nelle diverse location \u2013 tra le quali diverse piazze e il castello \u2013 oltre 300 eventi culturali\u2026","rel":"","context":"In &quot;Articoli&quot;","img":{"alt_text":"","src":"https:\/\/i0.wp.com\/www.turismoslovacchia.it\/wp-content\/uploads\/bratislava_EadaoinFlynn-BY-NC-ND.jpg?resize=350%2C200&ssl=1","width":350,"height":200},"classes":[]},{"id":9043,"url":"https:\/\/www.turismoslovacchia.it\/?p=9043","url_meta":{"origin":9118,"position":4},"title":"Luglio 2019: gli eventi a Bratislava e in Slovacchia","date":"2 Luglio 2019","format":false,"excerpt":"Estate culturale di Bratislava 2019 \u2013 Bratislava giugno\u00a0\u2013 settembre\u00a02019 La rassegna\u00a0\u201cEstate culturale di Bratislava\u201d \u00e8 il pi\u00f9 grande evento estivo in Slovacchia che, nel corso dei mesi d\u2019estate propone nella capitale centinaia di appuntamenti culturali, musicali, letterari, teatrali, e attivit\u00e0 per il tempo libero\u00a0per i residenti e i tanti turisti.\u2026","rel":"","context":"In &quot;Eventi&quot;","img":{"alt_text":"","src":"https:\/\/i0.wp.com\/www.turismoslovacchia.it\/wp-content\/uploads\/vychodna-festiv-folk.jpg?resize=350%2C200&ssl=1","width":350,"height":200},"classes":[]},{"id":8236,"url":"https:\/\/www.turismoslovacchia.it\/?p=8236","url_meta":{"origin":9118,"position":5},"title":"Giugno 2017: gli eventi a Bratislava e dintorni","date":"22 Maggio 2017","format":false,"excerpt":"Segnaliamo qui gli eventi pi\u00f9 rilevanti del mese di giugno\u00a02017 nella citt\u00e0 e regione di Bratislava.\u00a0Tra quelli da segnalare ci sono l'estate culturale di Bratislava, che durer\u00e0 con centinaia di appuntamenti fino a settembre, il festival Viva Musica!, il grande Mercato della Ceramica di Pezinok, ma anche\u00a0la festa dell'incoronazione, che\u2026","rel":"","context":"In &quot;Articoli&quot;","img":{"alt_text":"","src":"https:\/\/i0.wp.com\/www.turismoslovacchia.it\/wp-content\/uploads\/eventi_00.jpg?resize=350%2C200&ssl=1","width":350,"height":200},"classes":[]}],"jetpack_shortlink":"https:\/\/wp.me\/p1oiY9-2n4","_links":{"self":[{"href":"https:\/\/www.turismoslovacchia.it\/index.php?rest_route=\/wp\/v2\/posts\/9118"}],"collection":[{"href":"https:\/\/www.turismoslovacchia.it\/index.php?rest_route=\/wp\/v2\/posts"}],"about":[{"href":"https:\/\/www.turismoslovacchia.it\/index.php?rest_route=\/wp\/v2\/types\/post"}],"author":[{"embeddable":true,"href":"https:\/\/www.turismoslovacchia.it\/index.php?rest_route=\/wp\/v2\/users\/2"}],"replies":[{"embeddable":true,"href":"https:\/\/www.turismoslovacchia.it\/index.php?rest_route=%2Fwp%2Fv2%2Fcomments&post=9118"}],"version-history":[{"count":14,"href":"https:\/\/www.turismoslovacchia.it\/index.php?rest_route=\/wp\/v2\/posts\/9118\/revisions"}],"predecessor-version":[{"id":9215,"href":"https:\/\/www.turismoslovacchia.it\/index.php?rest_route=\/wp\/v2\/posts\/9118\/revisions\/9215"}],"wp:featuredmedia":[{"embeddable":true,"href":"https:\/\/www.turismoslovacchia.it\/index.php?rest_route=\/wp\/v2\/media\/194"}],"wp:attachment":[{"href":"https:\/\/www.turismoslovacchia.it\/index.php?rest_route=%2Fwp%2Fv2%2Fmedia&parent=9118"}],"wp:term":[{"taxonomy":"category","embeddable":true,"href":"https:\/\/www.turismoslovacchia.it\/index.php?rest_route=%2Fwp%2Fv2%2Fcategories&post=9118"},{"taxonomy":"post_tag","embeddable":true,"href":"https:\/\/www.turismoslovacchia.it\/index.php?rest_route=%2Fwp%2Fv2%2Ftags&post=9118"}],"curies":[{"name":"wp","href":"https:\/\/api.w.org\/{rel}","templated":true}]}}