{"id":9043,"date":"2019-07-02T19:18:27","date_gmt":"2019-07-02T17:18:27","guid":{"rendered":"https:\/\/www.turismoslovacchia.it\/?p=9043"},"modified":"2019-11-03T22:15:32","modified_gmt":"2019-11-03T21:15:32","slug":"luglio-2019-gli-eventi-a-bratislava-e-in-slovacchia","status":"publish","type":"post","link":"https:\/\/www.turismoslovacchia.it\/?p=9043","title":{"rendered":"Luglio 2019: gli eventi a Bratislava e in Slovacchia"},"content":{"rendered":"<p style=\"text-align: justify;\"><img decoding=\"async\" loading=\"lazy\" class=\"alignnone size-full wp-image-9133\" src=\"https:\/\/www.turismoslovacchia.it\/wp-content\/uploads\/eventi_00.jpg\" alt=\"\" width=\"720\" height=\"200\" srcset=\"https:\/\/www.turismoslovacchia.it\/wp-content\/uploads\/eventi_00.jpg 720w, https:\/\/www.turismoslovacchia.it\/wp-content\/uploads\/eventi_00-300x83.jpg 300w, https:\/\/www.turismoslovacchia.it\/wp-content\/uploads\/eventi_00-150x42.jpg 150w\" sizes=\"(max-width: 720px) 100vw, 720px\" \/><\/p>\n<h4 style=\"text-align: justify;\"><strong><span style=\"color: #ff0000;\">Estate culturale di Bratislava 2019 \u2013 Bratislava<\/span><br \/>\n<span style=\"color: #ff0000;\">giugno\u00a0\u2013 settembre\u00a02019<\/span><br \/>\n<\/strong><\/h4>\n<p style=\"text-align: justify;\"><a href=\"https:\/\/www.turismoslovacchia.it\/wp-content\/uploads\/bratis-bkis-estate19.jpg\" data-rel=\"lightbox-gallery-XKn2sywQ\" data-rl_title=\"\" data-rl_caption=\"\" title=\"\"><img decoding=\"async\" loading=\"lazy\" class=\"alignnone size-full wp-image-9044\" src=\"https:\/\/www.turismoslovacchia.it\/wp-content\/uploads\/bratis-bkis-estate19.jpg\" alt=\"\" width=\"720\" height=\"443\" srcset=\"https:\/\/www.turismoslovacchia.it\/wp-content\/uploads\/bratis-bkis-estate19.jpg 720w, https:\/\/www.turismoslovacchia.it\/wp-content\/uploads\/bratis-bkis-estate19-300x185.jpg 300w, https:\/\/www.turismoslovacchia.it\/wp-content\/uploads\/bratis-bkis-estate19-570x350.jpg 570w, https:\/\/www.turismoslovacchia.it\/wp-content\/uploads\/bratis-bkis-estate19-150x92.jpg 150w\" sizes=\"(max-width: 720px) 100vw, 720px\" \/><\/a><\/p>\n<p style=\"text-align: justify;\">La rassegna\u00a0\u201cEstate culturale di Bratislava\u201d \u00e8 il pi\u00f9 grande evento estivo in Slovacchia che, nel corso dei mesi d\u2019estate propone nella capitale centinaia di appuntamenti culturali, musicali, letterari, teatrali, e attivit\u00e0 per il tempo libero\u00a0per i residenti e i tanti turisti. Arrivato alla sua 44esima edizione, il festival si volge in gran parte all\u2019aperto, nelle strade, piazze e cortili di Bratislava, oltre che nella corte del Castello. La rassegna include nel suo programma diverse altre manifestazioni cicliche, come il Festival internazionale di gruppi corali giovanili, arrivato al 22esimo anno, il Teatro al mercato (1\/6 &#8211; 29\/9) dedicato ai bambini, le Giornate \u00da\u013dUV dei maestri dell&#8217;artigianato (31.8 &#8211; 1.9), o il\u00a0<a href=\"https:\/\/www.visitbratislava.com\/events\/the-summer-shakespeare-festival-2019\/\">Summer Shakespeare Festival<\/a> (5\/7 &#8211; 4\/8, apertura con Romeo e Giulietta) al castello di Bratislava, che \u00e8 tra i pi\u00f9 antichi festival teatrali all&#8217;aperto in Europa. Nel programma anche l&#8217;evento <a href=\"https:\/\/www.visitbratislava.com\/events\/knights-at-devin-2\/\">Cavalieri a Devin<\/a>, che nella cornice dell&#8217;omonimo castello proporranno dimostrazioni medievale di arti del combattimento e artigianato (6 luglio, 3 e 31\u00a0agosto dalle 10 alle 18.30) e una novit\u00e0 per il 2019, le <a href=\"https:\/\/www.visitbratislava.com\/events\/bratislava-theater-nights-2019\/\">Notti del teatro di Bratislava<\/a> (10 luglio &#8211; 24 agosto), che porteranno nella corte del Vecchio municipio di Bratislava diverse rappresentazioni teatrali, tra le quali Don Chisciotte, sottotitolate in inglese.\u00a0Infine, nell&#8217;ambito della serie &#8220;Bratislava Internazionale&#8221;, dopo il mese italiano del Dolce Vitaj eventi di un giorno daranno l&#8217;opportunit\u00e0 di sperimentare la cultura e le usanze di paesi stranieri con la Giornata Giapponese (6.7), la <a href=\"https:\/\/www.visitbratislava.com\/events\/french-day\/\">Giornata Francese<\/a> (12.7), la Giornata Irlandese (17.7), la Giornata Turca (20.7) e la Giornata Inndonesiana (24.8).<br \/>\n<strong>Info:\u00a0<a class=\"wp-links-icon\" href=\"http:\/\/www.bkis.sk\/\" target=\"_blank\" rel=\"external nofollow noopener\">www.bkis.sk<\/a>\u00a0| <a href=\"https:\/\/www.visitbratislava.com\/events\/the-cultural-summer-and-castle-festival-2019\/\">www.visitbratislava.com<\/a><\/strong><\/p>\n<h4 style=\"text-align: justify;\"><span style=\"color: #ff0000;\"><strong>V\u00fdchodn\u00e1 Folk Festival<\/strong><\/span><br \/>\n<span style=\"color: #ff0000;\"><strong>1 &#8211; 7 luglio 2019<\/strong><\/span><\/h4>\n<p style=\"text-align: justify;\"><a href=\"https:\/\/www.turismoslovacchia.it\/wp-content\/uploads\/vychodna-festiv-folk.jpg\" data-rel=\"lightbox-gallery-XKn2sywQ\" data-rl_title=\"\" data-rl_caption=\"\" title=\"\"><img decoding=\"async\" loading=\"lazy\" class=\"alignnone size-full wp-image-9047\" src=\"https:\/\/www.turismoslovacchia.it\/wp-content\/uploads\/vychodna-festiv-folk.jpg\" alt=\"\" width=\"720\" height=\"443\" srcset=\"https:\/\/www.turismoslovacchia.it\/wp-content\/uploads\/vychodna-festiv-folk.jpg 720w, https:\/\/www.turismoslovacchia.it\/wp-content\/uploads\/vychodna-festiv-folk-300x185.jpg 300w, https:\/\/www.turismoslovacchia.it\/wp-content\/uploads\/vychodna-festiv-folk-570x350.jpg 570w, https:\/\/www.turismoslovacchia.it\/wp-content\/uploads\/vychodna-festiv-folk-150x92.jpg 150w\" sizes=\"(max-width: 720px) 100vw, 720px\" \/><\/a><\/p>\n<p style=\"text-align: justify;\">Il festival folcloristico V\u00fdchodn\u00e1 \u00e8 il pi\u00f9 antico, grande e importante festival in Slovacchia, con partecipazione anche internazionale. Nel primo settimana di luglio, da 65 anni, il bellissimo villaggio di V\u00fdchodn\u00e1, situato ai piedi delle catene montagnose degli Alti e Bassi Tatra, diventa il centro della cultura slovacca, dove le tradizioni popolari prendono vita.\u00a0Il festival ospita circa 1.400 artisti, tra gruppi folkloristici, gruppi folkloristici infantili, gruppi di musica tradizionale popolare, gruppi di canto e gruppi di danza.<br \/>\n<strong>Info:<\/strong>\u00a0<a href=\"http:\/\/www.festivalvychodna.sk\/en\/\"><strong>www.festivalvychodna.sk<\/strong><\/a><\/p>\n<h4 style=\"text-align: justify;\"><span style=\"color: #ff0000;\"><strong>VIVA MUSICA! FESTIVAL \u2013 Bratislava<br \/>\n6 luglio \u2013\u00a025 agosto\u00a0<\/strong><\/span><span style=\"color: #ff0000;\"><strong>2018<\/strong><\/span><\/h4>\n<p style=\"text-align: justify;\"><a href=\"https:\/\/www.turismoslovacchia.it\/wp-content\/uploads\/vivamusica-bratis-festiv.jpg\" data-rel=\"lightbox-gallery-XKn2sywQ\" data-rl_title=\"\" data-rl_caption=\"\" title=\"\"><img decoding=\"async\" loading=\"lazy\" class=\"alignnone size-full wp-image-8237\" src=\"https:\/\/www.turismoslovacchia.it\/wp-content\/uploads\/vivamusica-bratis-festiv.jpg\" alt=\"\" width=\"720\" height=\"443\" srcset=\"https:\/\/www.turismoslovacchia.it\/wp-content\/uploads\/vivamusica-bratis-festiv.jpg 720w, https:\/\/www.turismoslovacchia.it\/wp-content\/uploads\/vivamusica-bratis-festiv-300x185.jpg 300w, https:\/\/www.turismoslovacchia.it\/wp-content\/uploads\/vivamusica-bratis-festiv-400x246.jpg 400w, https:\/\/www.turismoslovacchia.it\/wp-content\/uploads\/vivamusica-bratis-festiv-100x62.jpg 100w, https:\/\/www.turismoslovacchia.it\/wp-content\/uploads\/vivamusica-bratis-festiv-200x123.jpg 200w, https:\/\/www.turismoslovacchia.it\/wp-content\/uploads\/vivamusica-bratis-festiv-150x92.jpg 150w\" sizes=\"(max-width: 720px) 100vw, 720px\" \/><\/a><\/p>\n<p style=\"text-align: justify;\">Il festival Viva Musica! \u00e8 nato nel 2005 con l&#8217;ambizione di creare un evento estivo di un alto livello per tutti gli appassionati di musica &#8211; classica e non &#8211; ma in luoghi e con stile innovativo. Il festival offre il meglio della musica classica e contemporanea, ma anche pop, con esecuzioni raffinate di artisti e gruppi di \u00e9lite nazionali\u00a0e internazionali. Con il motto &#8220;Classic goes modern&#8221;, il Viva musica \u00e8 il maggior festival musicale internazionale a Bratislava. Per questa edizione il Viva Musica! ha deciso la svolta ecologica, con il bando totale alle bottiglie di plastica e ai volantini cartacei, disponendo in tutti i luoghi del festival bidoni della spazzatura per la raccolta differenziata.<br \/>\n<strong>Info: <a href=\"http:\/\/www.vivamusica.sk\">www.vivamusica.sk<\/a>\u00a0| <a href=\"https:\/\/www.facebook.com\/pg\/vivamusicafestival\/events\/\">Programma<\/a><\/strong><\/p>\n<h4 style=\"text-align: justify;\"><span style=\"color: #ff0000;\"><strong>Festival Pohoda &#8211;\u00a0aeroporto di Tren\u010d\u00edn<\/strong><\/span><br \/>\n<span style=\"color: #ff0000;\"><strong>11 &#8211; 13 luglio<\/strong><\/span><\/h4>\n<p><a href=\"https:\/\/www.turismoslovacchia.it\/wp-content\/uploads\/pohoda.jpg\" data-rel=\"lightbox-gallery-XKn2sywQ\" data-rl_title=\"\" data-rl_caption=\"\" title=\"\"><img decoding=\"async\" loading=\"lazy\" class=\"alignnone size-full wp-image-9045\" src=\"https:\/\/www.turismoslovacchia.it\/wp-content\/uploads\/pohoda.jpg\" alt=\"\" width=\"720\" height=\"443\" srcset=\"https:\/\/www.turismoslovacchia.it\/wp-content\/uploads\/pohoda.jpg 720w, https:\/\/www.turismoslovacchia.it\/wp-content\/uploads\/pohoda-300x185.jpg 300w, https:\/\/www.turismoslovacchia.it\/wp-content\/uploads\/pohoda-570x350.jpg 570w, https:\/\/www.turismoslovacchia.it\/wp-content\/uploads\/pohoda-150x92.jpg 150w\" sizes=\"(max-width: 720px) 100vw, 720px\" \/><\/a><\/p>\n<p style=\"text-align: justify;\">Il Pohoda \u00e8 il pi\u00f9 grande festival musicale in Slovacchia, alla sua 23a edizione. Tra i nomi clou di quest&#8217;anno Liam Gallagher, The 1975, Charlotte Gainsbourg, gli slovacchi Peter Lipa e Para, la leggendaria band ceca The Plastic People of the Universe, protagonista del dissenso a Praga negli anni &#8217;70. Tre giorni intensi in cui oltre alla musica ci saranno performance teatrali, arti visive, discussioni e tanto altro.<br \/>\n<strong>Info:\u00a0<a href=\"https:\/\/www.pohodafestival.sk\/\">www.pohodafestival.sk<\/a><\/strong><\/p>\n<hr \/>\n<h4 style=\"text-align: justify;\"><span style=\"color: #ff0000;\"><strong>Il Cammino di Santiago in Slovacchia<br \/>\nBansk\u00e1 \u0160tiavnica- Bratislava<\/strong><\/span><br \/>\n<span style=\"color: #ff0000;\"><strong>12 &#8211; 25 luglio<\/strong><\/span><\/h4>\n<p><img decoding=\"async\" loading=\"lazy\" class=\"alignnone \" src=\"https:\/\/i2.wp.com\/www.turismoslovacchia.it\/homeslide\/homeslide_autumn_moozix.jpg?w=1140&amp;ssl=1\" width=\"720\" height=\"311\" \/><\/p>\n<p style=\"text-align: justify;\">L&#8217;antico Camino de Santiago \u00e8 una vasta rete di itinerari di pellegrinaggio in giro per l&#8217;Europa che si uniscono sulla tomba di San Giacomo a Santiago de Compostela, nel nord-ovest della Spagna. In occasione dell&#8217;apertura del tratto Trnava &#8211; Bratislava del Cammino di Santiago slovacco, i pellegrini possono fare il percorso da\u00a0Bansk\u00e1 \u0160tiavnica a Hronsk\u00fd Be\u0148adik, nel sud della Slovacchia, e attraverso diversi villaggi e le citt\u00e0 di Nitra e Trnava arrivare a Bratislava dove nella Cattedrale di San Martino si terr\u00e0 il 25 luglio la Messa del pellegrino. Il pellegrinaggio continua il giorno successivo per arrivare poi a Vienna.<br \/>\n<strong>Info:\u00a0<a href=\"http:\/\/www.caminodesantiago.sk\">www.caminodesantiago.sk<\/a> | <a href=\"https:\/\/www.facebook.com\/CaminoSlovakia\/posts\/2213555398735416?__xts__%5B0%5D=68.ARCiY89uQTc8Hx_tBzKamx_ePfgekMXjw-SxflCGJi00jUXpDLVy_sE-T4CEEUdTOpMIunOchfYW8PY5ktS02VXBCOTzjCYiD4UQ1DUx15Zi8Eg9RNItU8bW7xjX2ikyupfCG6DPv1MbMVJVcQbSJVkGgmIIbRFzKCzkkd34FlSKkNOXMEUjdaPF_fn1uT3aJDYj42rEjhtjvuOvbuejnVO7aT_E2aMskFP3kERCNMpo9PjqBszIXN_G789HBDwxZEvi2JTz-gGh5pIjIYkCUOuLQ7_qD7H6IW4ImX8euXoF7ct9jLTvrbTbYrxpq4JgXUy1S8syoQjzU2oVOAaGB6wMEA&amp;__tn__=-R\">Facebook<\/a><\/strong><\/p>\n<h4 style=\"text-align: justify;\"><span style=\"color: #ff0000;\"><strong>Picnic storico al castello di Betliar<br \/>\n13 luglio 2019<\/strong><\/span><\/h4>\n<p style=\"text-align: justify;\"><a href=\"https:\/\/www.turismoslovacchia.it\/wp-content\/uploads\/betliar-cast_fb-MuzeumBetliar_2.jpg\" data-rel=\"lightbox-gallery-XKn2sywQ\" data-rl_title=\"\" data-rl_caption=\"\" title=\"\"><img decoding=\"async\" loading=\"lazy\" class=\"alignnone size-full wp-image-7574\" src=\"https:\/\/www.turismoslovacchia.it\/wp-content\/uploads\/betliar-cast_fb-MuzeumBetliar_2.jpg\" alt=\"\" width=\"720\" height=\"443\" srcset=\"https:\/\/www.turismoslovacchia.it\/wp-content\/uploads\/betliar-cast_fb-MuzeumBetliar_2.jpg 720w, https:\/\/www.turismoslovacchia.it\/wp-content\/uploads\/betliar-cast_fb-MuzeumBetliar_2-300x185.jpg 300w, https:\/\/www.turismoslovacchia.it\/wp-content\/uploads\/betliar-cast_fb-MuzeumBetliar_2-600x369.jpg 600w, https:\/\/www.turismoslovacchia.it\/wp-content\/uploads\/betliar-cast_fb-MuzeumBetliar_2-400x246.jpg 400w, https:\/\/www.turismoslovacchia.it\/wp-content\/uploads\/betliar-cast_fb-MuzeumBetliar_2-100x62.jpg 100w, https:\/\/www.turismoslovacchia.it\/wp-content\/uploads\/betliar-cast_fb-MuzeumBetliar_2-200x123.jpg 200w, https:\/\/www.turismoslovacchia.it\/wp-content\/uploads\/betliar-cast_fb-MuzeumBetliar_2-150x92.jpg 150w\" sizes=\"(max-width: 720px) 100vw, 720px\" \/><\/a><\/p>\n<p style=\"text-align: justify;\">Riportaci al passato recente e goditi l&#8217;estate nel parco come faceva l&#8217;aristocrazia.<br \/>\nUn ritorno al passato recente con questo evento nel parco inglese di Betliar, che riporta la mente alle giornate estive dell&#8217;aristocrazia locale, tra cui la famiglia Andr\u00e1ssy padrona del bellissimo maniero di Betliar, oggi museo nazionale. Ad allietare il picnic ci saranno\u00a0il gruppo Classic Gipsy Music e attivit\u00e0 per bambini, tra cui dimostrazioni di sport popolari\u00a0dell&#8217;aristocrazia slovacca e prove dei costumi dell&#8217;epoca. Il tutto in un&#8217;atmosfera d&#8217;altri tempi in compagnia di\u00a0signore in crinoline.\u00a0Inoltre, i partecipanti possono gareggiare al concorso per la torta pi\u00f9 deliziosa. Chi non porta il proprio cestino da casa potr\u00e0 approfittare di quanto offerto dall&#8217;organizzazione, tra prodotti regionali, panini al cetriolo e crocchette di pollo, il tipico picnic degli Andr\u00e1ssy. Chi si presenta all&#8217;evento in costume d&#8217;epoca potr\u00e0 partecipare gratuitamente a una visita guidata del castello.<br \/>\n<strong>Info: <a href=\"https:\/\/www.facebook.com\/events\/snm-m%C3%BAzeum-betliar-ka%C5%A1tie%C4%BE-betliar-hrad-kr%C3%A1sna-h%C3%B4rka\/historick%C3%BD-piknik-pri-ka%C5%A1tieli-betliar\/438082976919053\/\">Facebook<\/a><\/strong><\/p>\n<h4 id=\"seo_h1_tag\" class=\"_5gmx\" data-testid=\"event-permalink-event-name\"><span style=\"color: #ff0000;\"><strong>SunDance Festival 2019 \u2212 Zempl\u00ednska \u0161\u00edrava &#8211; L\u00fa\u010d<\/strong><\/span><br \/>\n<span style=\"color: #ff0000;\"><strong>19 &#8211; 21 luglio 2019<\/strong><\/span><\/h4>\n<div class=\"fb-video\" data-allowfullscreen=\"true\" data-href=\"https:\/\/www.facebook.com\/SunDanceParty\/videos\/10162214110400722\/\"><\/div>\n<p style=\"text-align: justify;\">Festival di musica elettronica che ha portato in Slovacchia nei suoi dodici anni di storia nomi di punta della scena internazionale e che vedr\u00e0 tra gli altri esibirsi quest&#8217;anno artisti come CID (Usa) e OFFAIAH (Usa). L&#8217;evento, che si svolge nei pressi del bacino di Zempl\u00ednska \u0160\u00edrava, nella Slovacchia orientale, su un&#8217;area complessiva di 12mila metri quadrati, prevede la presenza di altri 40 dei migliori dj, anche slovacchi e cechi, che si esibiscono su quattro palcoscenici. A disposizione del pubblico\u00a0zona VIP, zona relax e tante attivit\u00e0 acquatiche sulla spiaggia, oltre alla possiblit\u00e0 di seguire le esibizioni anche in barca.<br \/>\n<strong>Info: <\/strong><a href=\"https:\/\/www.facebook.com\/events\/sundance-festival\/sundance-festival-2019-19-21-j%C3%BAl-zempl%C3%ADnska-%C5%A1%C3%ADrava-l%C3%BA%C4%8D\/198900220790691\/\"><strong>Facebook<\/strong><\/a><\/p>\n<h4><span style=\"color: #ff0000;\"><strong>Countryfest Bohunice &#8211; Jaskovsk\u00e9 Bohunice<\/strong><\/span><br \/>\n<span style=\"color: #ff0000;\"><strong>19 &#8211; 21 luglio 2019<\/strong><\/span><\/h4>\n<p>Festival di tre giorni di musica country, un evento per tutta la famiglia, anche per i bambini. Nell&#8217;edizione 2019 si esibiranno nomi della scena popolare country come Sima Martaus, Alan Miku\u0161ek, Bystr\u00edk Band, Fe\u0161\u00e1ci, Fleret (entrambi CZ), Dru\u017eina (SK) e Mariachi Sin Fronteras (SK \/ MX). Diverse attivit\u00e0 collaterali a disposizione per i partecipanti, grandi e piccini, tra cui bagni di schiuma, gare di paintball elettronico e spedizioni indiane, e pure gare di bevute &#8211; di birra, naturalmente.<br \/>\n<strong>Info:\u00a0<\/strong><a href=\"https:\/\/countryfestbohunice.sk\/\"><strong>https:\/\/countryfestbohunice.sk<\/strong><\/a><\/p>\n<h4 style=\"text-align: justify;\"><span style=\"color: #ff0000;\"><strong>Trnavsk\u00fd Jazzyk &#8211; Trnava<\/strong><\/span><br \/>\n<span style=\"color: #ff0000;\"><strong>29 luglio &#8211; 2 agosto 2019<\/strong><\/span><\/h4>\n<p><a href=\"https:\/\/www.turismoslovacchia.it\/wp-content\/uploads\/jazz-music-concer_tatlin-CC0@pix.jpg\" data-rel=\"lightbox-gallery-XKn2sywQ\" data-rl_title=\"\" data-rl_caption=\"\" title=\"\"><img decoding=\"async\" loading=\"lazy\" class=\"alignnone size-full wp-image-8288\" src=\"https:\/\/www.turismoslovacchia.it\/wp-content\/uploads\/jazz-music-concer_tatlin-CC0@pix.jpg\" alt=\"\" width=\"720\" height=\"443\" srcset=\"https:\/\/www.turismoslovacchia.it\/wp-content\/uploads\/jazz-music-concer_tatlin-CC0@pix.jpg 720w, https:\/\/www.turismoslovacchia.it\/wp-content\/uploads\/jazz-music-concer_tatlin-CC0@pix-300x185.jpg 300w, https:\/\/www.turismoslovacchia.it\/wp-content\/uploads\/jazz-music-concer_tatlin-CC0@pix-400x246.jpg 400w, https:\/\/www.turismoslovacchia.it\/wp-content\/uploads\/jazz-music-concer_tatlin-CC0@pix-100x62.jpg 100w, https:\/\/www.turismoslovacchia.it\/wp-content\/uploads\/jazz-music-concer_tatlin-CC0@pix-200x123.jpg 200w, https:\/\/www.turismoslovacchia.it\/wp-content\/uploads\/jazz-music-concer_tatlin-CC0@pix-150x92.jpg 150w\" sizes=\"(max-width: 720px) 100vw, 720px\" \/><\/a><\/p>\n<p style=\"text-align: justify;\">Sedicesima edizione di quello che \u00e8 tra i pi\u00f9 importanti festival jazz in Slovacchia.\u00a0Trnavsk\u00fd Jazzyk porta sul palco le migliori espressioni della scena nazionale e nomi scelti del jazz mondiale nei suoi multiformi generi, dal mainstream classico alla fusion, funky, soul, world music e jazz contemporaneo.\u00a0Clou del festival la sera del 2 agosto quando si esibir\u00e0 Andreas Varady, ragazzo ungherese di origini rom che Quincy Jones ha definito come uno dei musicisti pi\u00f9 talentuosi al mondo, e\u00a0il bassista e cantante camerunense Richard Bona, conosciuto in tutto il mondo.<br \/>\n<strong>Info:\u00a0<a href=\"http:\/\/www.trnavskyjazzyk.sk\/en\/welcome\/\">www.trnavskyjazzyk.sk<\/a><\/strong><\/p>\n<h4 style=\"text-align: justify;\"><span style=\"color: #ff0000;\"><b>Pezinsk\u00e9 viechy\u00a0\/ Cantine di Pezinok \u2013 Pezinok<br \/>\n<\/b><b>maggio-ottobre 2019<\/b><\/span><\/h4>\n<p style=\"text-align: justify;\"><a href=\"https:\/\/www.turismoslovacchia.it\/wp-content\/uploads\/pezinok-salone-naz-vino_slovakia.travel.jpg\" data-rel=\"lightbox-gallery-XKn2sywQ\" data-rl_title=\"\" data-rl_caption=\"\" title=\"\"><img decoding=\"async\" loading=\"lazy\" class=\"alignnone size-full wp-image-7882\" src=\"https:\/\/www.turismoslovacchia.it\/wp-content\/uploads\/pezinok-salone-naz-vino_slovakia.travel.jpg\" alt=\"\" width=\"720\" height=\"443\" srcset=\"https:\/\/www.turismoslovacchia.it\/wp-content\/uploads\/pezinok-salone-naz-vino_slovakia.travel.jpg 720w, https:\/\/www.turismoslovacchia.it\/wp-content\/uploads\/pezinok-salone-naz-vino_slovakia.travel-300x185.jpg 300w, https:\/\/www.turismoslovacchia.it\/wp-content\/uploads\/pezinok-salone-naz-vino_slovakia.travel-400x246.jpg 400w, https:\/\/www.turismoslovacchia.it\/wp-content\/uploads\/pezinok-salone-naz-vino_slovakia.travel-100x62.jpg 100w, https:\/\/www.turismoslovacchia.it\/wp-content\/uploads\/pezinok-salone-naz-vino_slovakia.travel-200x123.jpg 200w, https:\/\/www.turismoslovacchia.it\/wp-content\/uploads\/pezinok-salone-naz-vino_slovakia.travel-150x92.jpg 150w\" sizes=\"(max-width: 720px) 100vw, 720px\" \/><\/a><\/p>\n<p style=\"text-align: justify;\">Dall\u2019inizio di maggio fino al prossimo ottobre, questo evento d\u00e0 l&#8217;opportunit\u00e0 unica per degustare i vini dei produttori di Pezinok, e anche chiedere loro curiosit\u00e0 e segreti della propria produzione. Quanto meno, gustare un buon bicchiere di vino in compagnia. Iscrizione gratuita, si pagano soltanto gli assaggi di vino a scelta. <a href=\"https:\/\/www.turismoslovacchia.it\/?page_id=7864\">QUI<\/a> maggiori informazioni sulla Strada dei vini dei Piccoli Carpazi.<br \/>\n<b>Info:\u00a0<a href=\"https:\/\/zpvv.sk\/2019\/05\/20\/pezinske-viechy-2019-program\/\">https:\/\/zpvv.sk\/<\/a><\/b><\/p>\n<hr \/>\n<h5 style=\"text-align: justify;\">Altri eventi del mese nella regione sono visibili sul sito\u00a0<a class=\"wp-links-icon\" href=\"http:\/\/www.gob.sk\/\" target=\"_blank\" rel=\"external nofollow noopener\">www.gob.sk<\/a>. Per gli appuntamenti a Bratislava vedere i siti\u00a0<a class=\"wp-links-icon\" href=\"http:\/\/www.visitbratislava.com\/\" target=\"_blank\" rel=\"external nofollow noopener\">visitbratislava.com<\/a>\u00a0o\u00a0<a class=\"wp-links-icon\" href=\"https:\/\/www.citylife.sk\/\" target=\"_blank\" rel=\"external nofollow noopener\">www.citylife.sk<\/a><\/h5>\n<p style=\"text-align: right;\"><em><span style=\"color: #808080;\">Foto: gob.sk, visitbratislava.com e altro<\/span><\/em><\/p>\n","protected":false},"excerpt":{"rendered":"<p>Estate culturale di Bratislava 2019 \u2013 Bratislava giugno\u00a0\u2013 settembre\u00a02019 La rassegna\u00a0\u201cEstate culturale di Bratislava\u201d \u00e8 il pi\u00f9 grande evento estivo in Slovacchia che, nel corso dei mesi d\u2019estate propone nella capitale centinaia di appuntamenti culturali, musicali, letterari, teatrali, e attivit\u00e0 per il tempo libero\u00a0per i residenti e i tanti turisti. Arrivato alla sua 44esima edizione, [&hellip;]<\/p>\n","protected":false},"author":2,"featured_media":194,"comment_status":"open","ping_status":"open","sticky":false,"template":"","format":"standard","meta":[],"categories":[5,1],"tags":[347,46,9,587,650,30,29,42,38,138],"aioseo_notices":[],"jetpack_featured_media_url":"https:\/\/www.turismoslovacchia.it\/wp-content\/uploads\/2010\/10\/Eventi.jpg","jetpack_sharing_enabled":true,"jetpack-related-posts":[{"id":8767,"url":"https:\/\/www.turismoslovacchia.it\/?p=8767","url_meta":{"origin":9043,"position":0},"title":"Luglio 2018: gli eventi a Bratislava e dintorni","date":"29 Giugno 2018","format":false,"excerpt":"Estate culturale di Bratislava 2018 \u2013 Bratislava giugno\u00a0\u2013 settembre\u00a02018 La rassegna\u00a0\u201cEstate culturale di Bratislava\u201d \u00e8 il pi\u00f9 grande evento estivo in Slovacchia che, nel corso dei mesi d\u2019estate propone nella capitale centinaia di appuntamenti culturali, musicali, letterari, teatrali, e attivit\u00e0 per il tempo libero\u00a0per i residenti e i tanti turisti.\u2026","rel":"","context":"In &quot;Eventi&quot;","img":{"alt_text":"","src":"https:\/\/i0.wp.com\/www.turismoslovacchia.it\/wp-content\/uploads\/bratis-eurovea-cultur-bkis.jpg?resize=350%2C200&ssl=1","width":350,"height":200},"classes":[]},{"id":8774,"url":"https:\/\/www.turismoslovacchia.it\/?p=8774","url_meta":{"origin":9043,"position":1},"title":"Settembre 2018: gli eventi a Bratislava e dintorni","date":"30 Agosto 2018","format":false,"excerpt":"Estate culturale di Bratislava 2018 \u2013 Bratislava giugno\u00a0\u2013 settembre\u00a02018 La rassegna\u00a0\u201cEstate culturale di Bratislava\u201d \u00e8 il pi\u00f9 grande evento estivo in Slovacchia che, nel corso dei mesi d\u2019estate propone nella capitale centinaia di appuntamenti culturali, musicali, letterari, teatrali, e attivit\u00e0 per il tempo libero\u00a0per i residenti e i tanti turisti.\u2026","rel":"","context":"In &quot;Eventi&quot;","img":{"alt_text":"","src":"https:\/\/i0.wp.com\/www.turismoslovacchia.it\/wp-content\/uploads\/Vinobranie-malekarpaty-vino-vendemm-sagre_gob-skBSK.jpg?resize=350%2C200&ssl=1","width":350,"height":200},"classes":[]},{"id":9118,"url":"https:\/\/www.turismoslovacchia.it\/?p=9118","url_meta":{"origin":9043,"position":2},"title":"Agosto 2019: gli eventi a Bratislava e in Slovacchia","date":"2 Agosto 2019","format":false,"excerpt":"VIVA MUSICA! FESTIVAL \u2013 Bratislava 6 luglio \u2013\u00a025 agosto\u00a02018 Il festival Viva Musica! \u00e8 nato nel 2005 con l'ambizione di creare un evento estivo di un alto livello per tutti gli appassionati di musica - classica e non - ma in luoghi e con stile innovativo. Il festival offre il\u2026","rel":"","context":"In &quot;Eventi&quot;","img":{"alt_text":"","src":"https:\/\/i0.wp.com\/www.turismoslovacchia.it\/wp-content\/uploads\/eventi_00.jpg?resize=350%2C200&ssl=1","width":350,"height":200},"classes":[]},{"id":8257,"url":"https:\/\/www.turismoslovacchia.it\/?p=8257","url_meta":{"origin":9043,"position":3},"title":"Agosto 2017: gli eventi a Bratislava e dintorni","date":"28 Luglio 2017","format":false,"excerpt":"Segnaliamo qui gli eventi pi\u00f9 rilevanti del mese di\u00a0agosto 2017 nella citt\u00e0 e regione di Bratislava.\u00a0Tra quelli da segnalare ci sono l'estate culturale di Bratislava, che\u00a0sta continuando da giugno con le sue\u00a0centinaia di appuntamenti, e la chiusura del\u00a0festival musicale Viva Musica!, poi il Summer Party nel resort acquatico-sportivo\u00a0Divok\u00e1 voda\u00a0a \u010cunovo,\u2026","rel":"","context":"In &quot;Articoli&quot;","img":{"alt_text":"","src":"https:\/\/i0.wp.com\/www.turismoslovacchia.it\/wp-content\/uploads\/eventi_00.jpg?resize=350%2C200&ssl=1","width":350,"height":200},"classes":[]},{"id":8250,"url":"https:\/\/www.turismoslovacchia.it\/?p=8250","url_meta":{"origin":9043,"position":4},"title":"Luglio 2017: gli eventi a Bratislava e dintorni","date":"25 Giugno 2017","format":false,"excerpt":"Segnaliamo qui gli eventi pi\u00f9 rilevanti del mese di luglio 2017 nella citt\u00e0 e regione di Bratislava.\u00a0Tra quelli da segnalare ci sono il weekend della antiche arti presso il sempre affascinante\u00a0Castello di \u010cerven\u00fd Kame\u0148, il Festival Shakespeare, ormai una tradizione che da anni\u00a0ravviva la corte interna del castello di Bratislava,\u2026","rel":"","context":"In &quot;Articoli&quot;","img":{"alt_text":"","src":"https:\/\/i0.wp.com\/www.turismoslovacchia.it\/wp-content\/uploads\/eventi_00.jpg?resize=350%2C200&ssl=1","width":350,"height":200},"classes":[]},{"id":9210,"url":"https:\/\/www.turismoslovacchia.it\/?p=9210","url_meta":{"origin":9043,"position":5},"title":"Settembre 2019: gli eventi a Bratislava e dintorni","date":"31 Agosto 2019","format":false,"excerpt":"Pezinsk\u00e9 viechy\u00a0\/ Cantine di Pezinok \u2013 Pezinok maggio-ottobre 2019 Dall\u2019inizio di maggio fino al prossimo ottobre, questo evento d\u00e0 l\u2019opportunit\u00e0 unica per degustare i vini dei produttori di Pezinok, e anche chiedere loro curiosit\u00e0 e segreti della propria produzione. Quanto meno, gustare un buon bicchiere di vino in compagnia. Iscrizione\u2026","rel":"","context":"In &quot;Eventi&quot;","img":{"alt_text":"","src":"https:\/\/i0.wp.com\/www.turismoslovacchia.it\/wp-content\/uploads\/eventi_00.jpg?resize=350%2C200&ssl=1","width":350,"height":200},"classes":[]}],"jetpack_shortlink":"https:\/\/wp.me\/p1oiY9-2lR","_links":{"self":[{"href":"https:\/\/www.turismoslovacchia.it\/index.php?rest_route=\/wp\/v2\/posts\/9043"}],"collection":[{"href":"https:\/\/www.turismoslovacchia.it\/index.php?rest_route=\/wp\/v2\/posts"}],"about":[{"href":"https:\/\/www.turismoslovacchia.it\/index.php?rest_route=\/wp\/v2\/types\/post"}],"author":[{"embeddable":true,"href":"https:\/\/www.turismoslovacchia.it\/index.php?rest_route=\/wp\/v2\/users\/2"}],"replies":[{"embeddable":true,"href":"https:\/\/www.turismoslovacchia.it\/index.php?rest_route=%2Fwp%2Fv2%2Fcomments&post=9043"}],"version-history":[{"count":13,"href":"https:\/\/www.turismoslovacchia.it\/index.php?rest_route=\/wp\/v2\/posts\/9043\/revisions"}],"predecessor-version":[{"id":9293,"href":"https:\/\/www.turismoslovacchia.it\/index.php?rest_route=\/wp\/v2\/posts\/9043\/revisions\/9293"}],"wp:featuredmedia":[{"embeddable":true,"href":"https:\/\/www.turismoslovacchia.it\/index.php?rest_route=\/wp\/v2\/media\/194"}],"wp:attachment":[{"href":"https:\/\/www.turismoslovacchia.it\/index.php?rest_route=%2Fwp%2Fv2%2Fmedia&parent=9043"}],"wp:term":[{"taxonomy":"category","embeddable":true,"href":"https:\/\/www.turismoslovacchia.it\/index.php?rest_route=%2Fwp%2Fv2%2Fcategories&post=9043"},{"taxonomy":"post_tag","embeddable":true,"href":"https:\/\/www.turismoslovacchia.it\/index.php?rest_route=%2Fwp%2Fv2%2Ftags&post=9043"}],"curies":[{"name":"wp","href":"https:\/\/api.w.org\/{rel}","templated":true}]}}