{"id":8991,"date":"2019-06-03T22:16:26","date_gmt":"2019-06-03T20:16:26","guid":{"rendered":"https:\/\/www.turismoslovacchia.it\/?p=8991"},"modified":"2019-06-30T22:51:06","modified_gmt":"2019-06-30T20:51:06","slug":"gli-alti-tatra-slovacchi-sono-la-destinazione-best-in-europe-2019-di-lonely-planet","status":"publish","type":"post","link":"https:\/\/www.turismoslovacchia.it\/?p=8991","title":{"rendered":"Gli Alti Tatra slovacchi sono la destinazione \u2018Best in Europe 2019\u2019 di Lonely Planet"},"content":{"rendered":"<p style=\"text-align: justify;\"><a href=\"https:\/\/www.turismoslovacchia.it\/wp-content\/uploads\/altitatra-strbskeples_vendin-cc-by.jpg\" data-rel=\"lightbox-gallery-LpOpijhP\" data-rl_title=\"\" data-rl_caption=\"\" title=\"\"><img decoding=\"async\" loading=\"lazy\" class=\"alignnone size-full wp-image-8993\" src=\"https:\/\/www.turismoslovacchia.it\/wp-content\/uploads\/altitatra-strbskeples_vendin-cc-by.jpg\" alt=\"\" width=\"720\" height=\"443\" srcset=\"https:\/\/www.turismoslovacchia.it\/wp-content\/uploads\/altitatra-strbskeples_vendin-cc-by.jpg 720w, https:\/\/www.turismoslovacchia.it\/wp-content\/uploads\/altitatra-strbskeples_vendin-cc-by-300x185.jpg 300w, https:\/\/www.turismoslovacchia.it\/wp-content\/uploads\/altitatra-strbskeples_vendin-cc-by-570x350.jpg 570w, https:\/\/www.turismoslovacchia.it\/wp-content\/uploads\/altitatra-strbskeples_vendin-cc-by-150x92.jpg 150w\" sizes=\"(max-width: 720px) 100vw, 720px\" \/><\/a><\/p>\n<p style=\"text-align: justify;\">Il paesaggio degli Alti Tatra \u00e8 stato scelto per guidare la classifica \u201c<a class=\"wp-links-icon\" href=\"https:\/\/www.lonelyplanet.com\/news\/2019\/05\/20\/best-places-europe-2019\/\" target=\"_blank\" rel=\"noopener\">Best in Europe 2019<\/a>\u201d di Lonely Planet dedicata alle migliori destinazioni per le prossime vacanze estive. Non \u00e8 difficile capire le ragioni per cui gli esperti di viaggio della pi\u00f9 famosa guida\u00a0<a class=\"wp-links-icon\" href=\"https:\/\/www.lonelyplanet.com\/slovakia\/east-slovakia\/high-tatras\" target=\"_blank\" rel=\"noopener\">hanno scelto<\/a>\u00a0il pi\u00f9 antico parco naturale della Slovacchia, creato nel 1949.\u00a0Gli Alti Tatra, parte della catena montuosa dei Carpazi, hanno qualcosa di sublime in cui vedere \u00abmontagne, cascate e persino gli orsi bruni, che sono spariti dalla maggior parte delle altre regioni d\u2019Europa\u00bb.<\/p>\n<div class=\"fb-video\" data-allowfullscreen=\"true\" data-href=\"https:\/\/www.facebook.com\/lonelyplanet\/videos\/2359944967594411\/\"><\/div>\n<p>&nbsp;<\/p>\n<p style=\"text-align: justify;\"><img decoding=\"async\" loading=\"lazy\" class=\"alignnone  wp-image-92399 jetpack-lazy-image jetpack-lazy-image--handled\" style=\"margin: 1.25rem 0px; padding: 0px; border: 0px; font: inherit; vertical-align: bottom; max-width: 100%; height: 433px; display: block; width: 721px;\" src=\"https:\/\/i1.wp.com\/www.buongiornoslovacchia.sk\/wp-content\/uploads\/AltiTatra_%C5%A0tefan-%C5%A0tefanc%C3%ADk@unsplash-com.jpg?resize=678%2C407&amp;ssl=1\" sizes=\"(max-width: 678px) 100vw, 678px\" srcset=\"https:\/\/i1.wp.com\/www.buongiornoslovacchia.sk\/wp-content\/uploads\/AltiTatra_\u0160tefan-\u0160tefanc\u00edk@unsplash-com.jpg?w=678&amp;ssl=1 678w, https:\/\/i1.wp.com\/www.buongiornoslovacchia.sk\/wp-content\/uploads\/AltiTatra_\u0160tefan-\u0160tefanc\u00edk@unsplash-com.jpg?resize=550%2C330&amp;ssl=1 550w\" alt=\"\" width=\"678\" height=\"407\" data-attachment-id=\"92399\" data-permalink=\"https:\/\/www.buongiornoslovacchia.sk\/index.php\/archives\/92398\/altitatra_stefan-stefancikunsplash-com\" data-orig-file=\"https:\/\/i1.wp.com\/www.buongiornoslovacchia.sk\/wp-content\/uploads\/AltiTatra_\u0160tefan-\u0160tefanc\u00edk@unsplash-com.jpg?fit=678%2C407&amp;ssl=1\" data-orig-size=\"678,407\" data-comments-opened=\"1\" data-image-meta=\"{&quot;aperture&quot;:&quot;0&quot;,&quot;credit&quot;:&quot;&quot;,&quot;camera&quot;:&quot;&quot;,&quot;caption&quot;:&quot;&quot;,&quot;created_timestamp&quot;:&quot;0&quot;,&quot;copyright&quot;:&quot;&quot;,&quot;focal_length&quot;:&quot;0&quot;,&quot;iso&quot;:&quot;0&quot;,&quot;shutter_speed&quot;:&quot;0&quot;,&quot;title&quot;:&quot;&quot;,&quot;orientation&quot;:&quot;0&quot;}\" data-image-=\"\" data-image-description=\"&lt;p&gt;https:\/\/unsplash.com\/photos\/pmH_Y4Qetrk&lt;br \/&gt; Il Rifugio Tery, 2015 m, Alti Tatra&lt;br \/&gt; Foto \u0160tefan \u0160tefan\u010d\u00edk CC0&lt;\/p&gt; \" data-medium-file=\"https:\/\/i1.wp.com\/www.buongiornoslovacchia.sk\/wp-content\/uploads\/AltiTatra_\u0160tefan-\u0160tefanc\u00edk@unsplash-com.jpg?fit=550%2C330&amp;ssl=1\" data-large-file=\"https:\/\/i1.wp.com\/www.buongiornoslovacchia.sk\/wp-content\/uploads\/AltiTatra_\u0160tefan-\u0160tefanc\u00edk@unsplash-com.jpg?fit=678%2C407&amp;ssl=1\" data-recalc-dims=\"1\" data-lazy-loaded=\"1\" \/><span style=\"color: #808080;\"><em>Il Rifugio Tery, 2015 m, Alti Tatra<\/em><\/span><\/p>\n<p style=\"text-align: justify;\">Una regione selvaggia e aspra, con 25 vette oltre i 2.500 metri che offrono un vero spettacolo mozzafiato, vallate verdi e lussureggianti e nevi perenni, cascate, un centinaio di laghi glaciali e vaste foreste di pino mugo (<em>kosodrevina<\/em>). \u00abLa cima del monte Kriv\u00e1\u0148 (2.495 m) \u00e8 diventata un simbolo nazionale nella letteratura e nella cultura popolare slovacca, e alcuni slovacchi pensano che sia loro dovere scalarla\u00bb.<\/p>\n<p style=\"text-align: justify;\"><img decoding=\"async\" loading=\"lazy\" class=\"alignnone  wp-image-92400 jetpack-lazy-image jetpack-lazy-image--handled\" style=\"margin: 1.25rem 0px; padding: 0px; border: 0px; font: inherit; vertical-align: bottom; max-width: 100%; height: 433px; display: block; width: 721px;\" src=\"https:\/\/i1.wp.com\/www.buongiornoslovacchia.sk\/wp-content\/uploads\/altitatra-sci-montagn1@pxhere.jpg?resize=678%2C407&amp;ssl=1\" sizes=\"(max-width: 678px) 100vw, 678px\" srcset=\"https:\/\/i1.wp.com\/www.buongiornoslovacchia.sk\/wp-content\/uploads\/altitatra-sci-montagn1@pxhere.jpg?w=678&amp;ssl=1 678w, https:\/\/i1.wp.com\/www.buongiornoslovacchia.sk\/wp-content\/uploads\/altitatra-sci-montagn1@pxhere.jpg?resize=550%2C330&amp;ssl=1 550w\" alt=\"\" width=\"678\" height=\"407\" data-attachment-id=\"92400\" data-permalink=\"https:\/\/www.buongiornoslovacchia.sk\/index.php\/archives\/92398\/altitatra-sci-montagn1pxhere\" data-orig-file=\"https:\/\/i1.wp.com\/www.buongiornoslovacchia.sk\/wp-content\/uploads\/altitatra-sci-montagn1@pxhere.jpg?fit=678%2C407&amp;ssl=1\" data-orig-size=\"678,407\" data-comments-opened=\"1\" data-image-meta=\"{&quot;aperture&quot;:&quot;0&quot;,&quot;credit&quot;:&quot;&quot;,&quot;camera&quot;:&quot;&quot;,&quot;caption&quot;:&quot;&quot;,&quot;created_timestamp&quot;:&quot;0&quot;,&quot;copyright&quot;:&quot;&quot;,&quot;focal_length&quot;:&quot;0&quot;,&quot;iso&quot;:&quot;0&quot;,&quot;shutter_speed&quot;:&quot;0&quot;,&quot;title&quot;:&quot;&quot;,&quot;orientation&quot;:&quot;0&quot;}\" data-image-=\"\" data-image-description=\"&lt;p&gt;https:\/\/pxhere.com\/cs\/photo\/985242&lt;br \/&gt; Foto Pxhere&lt;\/p&gt; \" data-medium-file=\"https:\/\/i1.wp.com\/www.buongiornoslovacchia.sk\/wp-content\/uploads\/altitatra-sci-montagn1@pxhere.jpg?fit=550%2C330&amp;ssl=1\" data-large-file=\"https:\/\/i1.wp.com\/www.buongiornoslovacchia.sk\/wp-content\/uploads\/altitatra-sci-montagn1@pxhere.jpg?fit=678%2C407&amp;ssl=1\" data-recalc-dims=\"1\" data-lazy-loaded=\"1\" \/><\/p>\n<p style=\"text-align: justify;\">In questo paradiso alpino, dichiarato riserva della biosfera dall\u2019Unesco, vivono le linci, i lupi, i camosci Tatra, le aquile reali e l\u2019orso bruno, che \u00e8 gi\u00e0 scomparso in molte altre regioni d\u2019Europa. Un vero e proprio regno per avventurieri ed escursionisti, attirati da tutta Europa, che d\u2019inverno diventa un piccolo paradiso per famiglie di sciatori.<\/p>\n<p style=\"text-align: justify;\"><a href=\"https:\/\/www.turismoslovacchia.it\/wp-content\/uploads\/camoscio-kazmik-tatra_Matus-Benian-BY-NC-12572795844.jpg\" data-rel=\"lightbox-gallery-LpOpijhP\" data-rl_title=\"\" data-rl_caption=\"\" title=\"\"><img decoding=\"async\" loading=\"lazy\" class=\"alignnone size-full wp-image-5246\" src=\"https:\/\/www.turismoslovacchia.it\/wp-content\/uploads\/camoscio-kazmik-tatra_Matus-Benian-BY-NC-12572795844.jpg\" alt=\"\" width=\"720\" height=\"443\" srcset=\"https:\/\/www.turismoslovacchia.it\/wp-content\/uploads\/camoscio-kazmik-tatra_Matus-Benian-BY-NC-12572795844.jpg 720w, https:\/\/www.turismoslovacchia.it\/wp-content\/uploads\/camoscio-kazmik-tatra_Matus-Benian-BY-NC-12572795844-300x185.jpg 300w, https:\/\/www.turismoslovacchia.it\/wp-content\/uploads\/camoscio-kazmik-tatra_Matus-Benian-BY-NC-12572795844-600x369.jpg 600w, https:\/\/www.turismoslovacchia.it\/wp-content\/uploads\/camoscio-kazmik-tatra_Matus-Benian-BY-NC-12572795844-400x246.jpg 400w, https:\/\/www.turismoslovacchia.it\/wp-content\/uploads\/camoscio-kazmik-tatra_Matus-Benian-BY-NC-12572795844-100x62.jpg 100w, https:\/\/www.turismoslovacchia.it\/wp-content\/uploads\/camoscio-kazmik-tatra_Matus-Benian-BY-NC-12572795844-200x123.jpg 200w, https:\/\/www.turismoslovacchia.it\/wp-content\/uploads\/camoscio-kazmik-tatra_Matus-Benian-BY-NC-12572795844-150x92.jpg 150w\" sizes=\"(max-width: 720px) 100vw, 720px\" \/><\/a><\/p>\n<p style=\"text-align: justify;\">Nel parco naturale i visitatori possono godere di molte esperienze differenti, circuiti avventura a piedi per osservare gli animali, remare nel lago glaciale \u0160trbsk\u00e9 Pleso\u00a0<em>(foto sotto al titolo)<\/em>, prendere funivie con viste spettacolari o salire fino alla cima del Gerlachovsk\u00fd \u0161t\u00edt (2.655 m), il picco pi\u00f9 alto in Slovacchia.<\/p>\n<p style=\"text-align: justify;\"><img decoding=\"async\" loading=\"lazy\" class=\"alignnone  wp-image-92401 jetpack-lazy-image jetpack-lazy-image--handled\" style=\"margin: 1.25rem 0px; padding: 0px; border: 0px; font: inherit; vertical-align: bottom; max-width: 100%; height: 432px; display: block; width: 720px;\" src=\"https:\/\/i2.wp.com\/www.buongiornoslovacchia.sk\/wp-content\/uploads\/altitatra_PatrikMichalicka@unsplash.jpg?resize=678%2C407&amp;ssl=1\" sizes=\"(max-width: 678px) 100vw, 678px\" srcset=\"https:\/\/i2.wp.com\/www.buongiornoslovacchia.sk\/wp-content\/uploads\/altitatra_PatrikMichalicka@unsplash.jpg?w=678&amp;ssl=1 678w, https:\/\/i2.wp.com\/www.buongiornoslovacchia.sk\/wp-content\/uploads\/altitatra_PatrikMichalicka@unsplash.jpg?resize=550%2C330&amp;ssl=1 550w\" alt=\"\" width=\"678\" height=\"407\" data-attachment-id=\"92401\" data-permalink=\"https:\/\/www.buongiornoslovacchia.sk\/index.php\/archives\/92398\/altitatra_patrikmichalickaunsplash\" data-orig-file=\"https:\/\/i2.wp.com\/www.buongiornoslovacchia.sk\/wp-content\/uploads\/altitatra_PatrikMichalicka@unsplash.jpg?fit=678%2C407&amp;ssl=1\" data-orig-size=\"678,407\" data-comments-opened=\"1\" data-image-meta=\"{&quot;aperture&quot;:&quot;0&quot;,&quot;credit&quot;:&quot;&quot;,&quot;camera&quot;:&quot;&quot;,&quot;caption&quot;:&quot;&quot;,&quot;created_timestamp&quot;:&quot;0&quot;,&quot;copyright&quot;:&quot;&quot;,&quot;focal_length&quot;:&quot;0&quot;,&quot;iso&quot;:&quot;0&quot;,&quot;shutter_speed&quot;:&quot;0&quot;,&quot;title&quot;:&quot;&quot;,&quot;orientation&quot;:&quot;1&quot;}\" data-image-=\"\" data-image-description=\"&lt;p&gt;https:\/\/unsplash.com\/photos\/oaJyBg2WKDE&lt;br \/&gt; Foto Patrik Michalik CC0&lt;\/p&gt; \" data-medium-file=\"https:\/\/i2.wp.com\/www.buongiornoslovacchia.sk\/wp-content\/uploads\/altitatra_PatrikMichalicka@unsplash.jpg?fit=550%2C330&amp;ssl=1\" data-large-file=\"https:\/\/i2.wp.com\/www.buongiornoslovacchia.sk\/wp-content\/uploads\/altitatra_PatrikMichalicka@unsplash.jpg?fit=678%2C407&amp;ssl=1\" data-recalc-dims=\"1\" data-lazy-loaded=\"1\" \/><\/p>\n<p style=\"text-align: justify;\">L\u2019amministratore delegato europeo di Lonely Planet, Joe Reville, ha consegnato simbolicamente il premio a Michal S\u00fdkora, presidente dell\u2019Organizzazione regionale del turismo della Slovacchia centrale. Questo prestigioso riconoscimento \u00e8 un incentivo a fare di pi\u00f9, ha detto S\u00fdkora, che ha sottolineato l\u2019essenzialit\u00e0 di promuovere lo sviluppo degli Alti Tatra e migliorare la qualit\u00e0 dei servizi anche con finanziamenti statali. Dovrebbe inoltre essere approvata una nuova zonizzazione della regione del Parco Nazionale e una legge per la conservazione della natura, che non ostacoli n\u00e9 lo sviluppo del turismo n\u00e9 la vita degli abitanti.<\/p>\n<p><a href=\"https:\/\/www.turismoslovacchia.it\/wp-content\/uploads\/altitatra-forest_Pxhere_cco.jpg\" data-rel=\"lightbox-gallery-LpOpijhP\" data-rl_title=\"\" data-rl_caption=\"\" title=\"\"><img decoding=\"async\" loading=\"lazy\" class=\"alignnone size-full wp-image-8994\" src=\"https:\/\/www.turismoslovacchia.it\/wp-content\/uploads\/altitatra-forest_Pxhere_cco.jpg\" alt=\"\" width=\"720\" height=\"443\" srcset=\"https:\/\/www.turismoslovacchia.it\/wp-content\/uploads\/altitatra-forest_Pxhere_cco.jpg 720w, https:\/\/www.turismoslovacchia.it\/wp-content\/uploads\/altitatra-forest_Pxhere_cco-300x185.jpg 300w, https:\/\/www.turismoslovacchia.it\/wp-content\/uploads\/altitatra-forest_Pxhere_cco-570x350.jpg 570w, https:\/\/www.turismoslovacchia.it\/wp-content\/uploads\/altitatra-forest_Pxhere_cco-150x92.jpg 150w\" sizes=\"(max-width: 720px) 100vw, 720px\" \/><\/a><\/p>\n<h4 style=\"text-align: justify;\">Per saperne di pi\u00f9:\u00a0<a class=\"wp-links-icon\" href=\"https:\/\/www.turismoslovacchia.it\/?page_id=5239\" target=\"_blank\" rel=\"noopener\"><strong>Parco Nazionale dei Tatra<\/strong><\/a><\/h4>\n<p style=\"text-align: justify;\">(TS, fonte\u00a0<a class=\"wp-links-icon\" href=\"https:\/\/www.buenosdiaseslovaquia.sk\/altos-tatras-mejor-destino-para-este-verano-segun-lonely-planet\/\" target=\"_blank\" rel=\"noopener\">BDE<\/a>)<\/p>\n<p><span style=\"color: #808080;\"><em>&#8211;<br \/>\nFoto Va\u0161ek Vinkl\u00e1t\u00a0<a class=\"wp-links-icon\" style=\"color: #808080;\" href=\"https:\/\/www.flickr.com\/photos\/vendin\/14168487401\" target=\"_blank\" rel=\"noopener\">cc<\/a>\u00a0by,\u00a0<\/em><em>\u0160tefan \u0160tefan\u010d\u00edk\u00a0<a class=\"wp-links-icon\" style=\"color: #808080;\" href=\"https:\/\/unsplash.com\/photos\/pmH_Y4Qetrk\" target=\"_blank\" rel=\"noopener\">CC0<\/a>,\u00a0Foto\u00a0<a class=\"wp-links-icon\" style=\"color: #808080;\" href=\"https:\/\/pxhere.com\/cs\/photo\/985242\" target=\"_blank\" rel=\"noopener\">Pxhere<\/a>,\u00a0<\/em><em>Matus Benian <a style=\"color: #808080;\" href=\"https:\/\/www.flickr.com\/photos\/94110441@N06\/12572795844\/\">cc<\/a> by nc,\u00a0<\/em><\/span><em><span style=\"color: #808080;\">Patrik Michalik\u00a0<a class=\"wp-links-icon\" style=\"color: #808080;\" href=\"https:\/\/unsplash.com\/photos\/oaJyBg2WKDE\" target=\"_blank\" rel=\"noopener\">CC0<\/a>,\u00a0Pxhere <a style=\"color: #808080;\" href=\"https:\/\/pxhere.com\/en\/photo\/784281\">CC0<\/a><\/span><\/em><\/p>\n","protected":false},"excerpt":{"rendered":"<p>Il paesaggio degli Alti Tatra \u00e8 stato scelto per guidare la classifica \u201cBest in Europe 2019\u201d di Lonely Planet dedicata alle migliori destinazioni per le prossime vacanze estive. Non \u00e8 difficile capire le ragioni per cui gli esperti di viaggio della pi\u00f9 famosa guida\u00a0hanno scelto\u00a0il pi\u00f9 antico parco naturale della Slovacchia, creato nel 1949.\u00a0Gli Alti [&hellip;]<\/p>\n","protected":false},"author":2,"featured_media":8993,"comment_status":"open","ping_status":"open","sticky":false,"template":"","format":"standard","meta":[],"categories":[3,5,1,326],"tags":[33,525,524,310,111,375,127,649],"aioseo_notices":[],"jetpack_featured_media_url":"https:\/\/www.turismoslovacchia.it\/wp-content\/uploads\/altitatra-strbskeples_vendin-cc-by.jpg","jetpack_sharing_enabled":true,"jetpack-related-posts":[{"id":8206,"url":"https:\/\/www.turismoslovacchia.it\/?p=8206","url_meta":{"origin":8991,"position":0},"title":"Pi\u00f9 di 19.000 persone hanno visitato il Parco Nazionale dei Tatra in un solo giorno","date":"12 Agosto 2017","format":false,"excerpt":"Secondo i risultati dell'ultimo censimento annuale sui propri visitatori, mercoled\u00ec 2 agosto ben 19.227 turisti hanno visitato il Parco Nazionale dei Tatra (TANAP), un vasto territorio alpino negli Alti Tatra, le pi\u00f9 alte montagne della Slovacchia. Tra le nazionalit\u00e0 dei visitatori, la pi\u00f9 numerosa era quella degli slovacchi, seguita da\u2026","rel":"","context":"In &quot;Articoli&quot;","img":{"alt_text":"","src":"https:\/\/i0.wp.com\/www.turismoslovacchia.it\/wp-content\/uploads\/altitatra-2_teveve-cc-by-nc-sa.jpg?resize=350%2C200&ssl=1","width":350,"height":200},"classes":[]},{"id":1723,"url":"https:\/\/www.turismoslovacchia.it\/?p=1723","url_meta":{"origin":8991,"position":1},"title":"Turismo: scelti sul web i tre siti slovacchi da scansionare per Google Street View","date":"11 Aprile 2013","format":false,"excerpt":"Alti Tatra, il rifugio\/osservatorio di Skalnate Pleso Il pubblico slovacco ha scelto i 3 siti di interesse turistico da includere nel servizio Google Street View di Google Maps. Sui circa 30 mila click del sondaggio on-line realizzato da Google insieme all\u2019Agenzia Slovacca per il Turismo (Sacr), gli slovacchi hanno scelto\u2026","rel":"","context":"In &quot;Articoli&quot;","img":{"alt_text":"","src":"https:\/\/i0.wp.com\/www.turismoslovacchia.it\/wp-content\/uploads\/Alti-Tatra-Osservatorio-Skalnate-pleso-Slovacchia.jpg?resize=350%2C200&ssl=1","width":350,"height":200},"classes":[]},{"id":1064,"url":"https:\/\/www.turismoslovacchia.it\/?p=1064","url_meta":{"origin":8991,"position":2},"title":"Nel freddo delle Alpi slovacche gli sport invernali hanno il loro posto assicurato","date":"24 Ottobre 2011","format":false,"excerpt":"Sono passati i tempi in cui l\u2019Europa centro-orientale era considerata una meta di serie B. Centri del turismo internazionale come Budapest o Praga attirano milioni di visitatori, e anche gli interni dei diversi paesi, con le loro bellezze ancora in buona parte incontaminate incuriosiscono i turisti dell\u2019Occidente. Certo \u00e8 dura\u2026","rel":"","context":"In &quot;Articoli&quot;","img":{"alt_text":"","src":"https:\/\/i0.wp.com\/www.turismoslovacchia.it\/wp-content\/uploads\/sciare-in-Slovacchia-foto_residenceclub-sk.jpg?resize=350%2C200&ssl=1","width":350,"height":200},"classes":[]},{"id":719,"url":"https:\/\/www.turismoslovacchia.it\/?p=719","url_meta":{"origin":8991,"position":3},"title":"Alti Tatra: apertura ufficiale della stagione invernale a Strbske Pleso","date":"20 Dicembre 2010","format":false,"excerpt":"Anche se sciatori e snowboarder hanno gia' potuto godere della neve sugli Alti Tatra ormai da due settimane, \u00e8 solo Sabato 18 Dicembre che la stagione invernale di quest\u2019anno \u00e8 stata ufficialmente aperta sulle pi\u00f9 alte montagne della Slovacchia. La cerimonia di apertura, avvenuta nel centro sciistico di Strbske Pleso,\u2026","rel":"","context":"In &quot;Articoli&quot;","img":{"alt_text":"","src":"https:\/\/i0.wp.com\/www.turismoslovacchia.it\/wp-content\/uploads\/Il-complesso-sciistico-di-Strbske-Pleso-negli-Alti-Tatra.jpg?resize=350%2C200&ssl=1","width":350,"height":200},"classes":[]},{"id":5589,"url":"https:\/\/www.turismoslovacchia.it\/?p=5589","url_meta":{"origin":8991,"position":4},"title":"Le 7 cose da non perdere in Slovacchia","date":"12 Agosto 2015","format":false,"excerpt":"Sono molti\u00a0i posti da visitare in Slovacchia prima di morire, \u00a0e sono legati alla storia e cultura di questo bel paese. Gi\u00e0\u00a0parte dell'impero austro-ungarico, la Slovacchia ha\u00a0mantenuto forti\u00a0tradizioni popolari e culturali, soprattutto musica e danza, e chi visita il paese le trova sempre affascinanti.\u00a0La Slovacchia \u00e8 un paese ospitale, e\u2026","rel":"","context":"In &quot;Articoli&quot;","img":{"alt_text":"","src":"https:\/\/i0.wp.com\/www.turismoslovacchia.it\/wp-content\/uploads\/malafatra-parc1_honzasterba-cc-by-nc-nd.jpg?resize=350%2C200&ssl=1","width":350,"height":200},"classes":[]},{"id":977,"url":"https:\/\/www.turismoslovacchia.it\/?p=977","url_meta":{"origin":8991,"position":5},"title":"Il numero di turisti negli Alti Tatra slovacchi \u00e8 salito dell\u20198% quest\u2019estate","date":"13 Settembre 2011","format":false,"excerpt":"Gli Alti Tatra, i monti pi\u00f9 alti della Slovacchia, sono stati visitati da un maggior numero di turisti in questa stagione estiva rispetto a un anno fa, lo ha detto ieri il direttore dell\u2019Associazione del turismo negli Alti Tatra (ZCR VT), Peter Chudy. \u00abLuglio e agosto sono i mesi cruciali.\u2026","rel":"","context":"In &quot;Articoli&quot;","img":{"alt_text":"","src":"https:\/\/i0.wp.com\/www.turismoslovacchia.it\/wp-content\/uploads\/Levoca_Marianska-Hora_foto_ubertino-skyscraper.jpg?resize=350%2C200&ssl=1","width":350,"height":200},"classes":[]}],"jetpack_shortlink":"https:\/\/wp.me\/p1oiY9-2l1","_links":{"self":[{"href":"https:\/\/www.turismoslovacchia.it\/index.php?rest_route=\/wp\/v2\/posts\/8991"}],"collection":[{"href":"https:\/\/www.turismoslovacchia.it\/index.php?rest_route=\/wp\/v2\/posts"}],"about":[{"href":"https:\/\/www.turismoslovacchia.it\/index.php?rest_route=\/wp\/v2\/types\/post"}],"author":[{"embeddable":true,"href":"https:\/\/www.turismoslovacchia.it\/index.php?rest_route=\/wp\/v2\/users\/2"}],"replies":[{"embeddable":true,"href":"https:\/\/www.turismoslovacchia.it\/index.php?rest_route=%2Fwp%2Fv2%2Fcomments&post=8991"}],"version-history":[{"count":3,"href":"https:\/\/www.turismoslovacchia.it\/index.php?rest_route=\/wp\/v2\/posts\/8991\/revisions"}],"predecessor-version":[{"id":8996,"href":"https:\/\/www.turismoslovacchia.it\/index.php?rest_route=\/wp\/v2\/posts\/8991\/revisions\/8996"}],"wp:featuredmedia":[{"embeddable":true,"href":"https:\/\/www.turismoslovacchia.it\/index.php?rest_route=\/wp\/v2\/media\/8993"}],"wp:attachment":[{"href":"https:\/\/www.turismoslovacchia.it\/index.php?rest_route=%2Fwp%2Fv2%2Fmedia&parent=8991"}],"wp:term":[{"taxonomy":"category","embeddable":true,"href":"https:\/\/www.turismoslovacchia.it\/index.php?rest_route=%2Fwp%2Fv2%2Fcategories&post=8991"},{"taxonomy":"post_tag","embeddable":true,"href":"https:\/\/www.turismoslovacchia.it\/index.php?rest_route=%2Fwp%2Fv2%2Ftags&post=8991"}],"curies":[{"name":"wp","href":"https:\/\/api.w.org\/{rel}","templated":true}]}}