{"id":8861,"date":"2019-03-06T14:33:31","date_gmt":"2019-03-06T13:33:31","guid":{"rendered":"https:\/\/www.turismoslovacchia.it\/?p=8861"},"modified":"2019-11-02T19:07:16","modified_gmt":"2019-11-02T18:07:16","slug":"marzo-2019-gli-eventi-a-bratislava-e-dintorni","status":"publish","type":"post","link":"https:\/\/www.turismoslovacchia.it\/?p=8861","title":{"rendered":"Marzo 2019: gli eventi a Bratislava e dintorni"},"content":{"rendered":"<div class=\"post-headline\" style=\"text-align: justify;\"><img decoding=\"async\" loading=\"lazy\" class=\"alignnone size-full wp-image-9133\" src=\"https:\/\/www.turismoslovacchia.it\/wp-content\/uploads\/eventi_00.jpg\" alt=\"\" width=\"720\" height=\"200\" srcset=\"https:\/\/www.turismoslovacchia.it\/wp-content\/uploads\/eventi_00.jpg 720w, https:\/\/www.turismoslovacchia.it\/wp-content\/uploads\/eventi_00-300x83.jpg 300w, https:\/\/www.turismoslovacchia.it\/wp-content\/uploads\/eventi_00-150x42.jpg 150w\" sizes=\"(max-width: 720px) 100vw, 720px\" \/><\/div>\n<div class=\"post-bodycopy clearfix\" style=\"text-align: justify;\">\n<hr \/>\n<h4><span style=\"color: #ff0000;\"><b>Mese della francofonia \u2013 Bratislava<br \/>\n<\/b><b>marzo 2019<\/b><\/span><\/h4>\n<p><a href=\"https:\/\/www.turismoslovacchia.it\/wp-content\/uploads\/bratis-piaz-hlavne3_jlascar-cc-by.jpg\" data-rel=\"lightbox-gallery-3h6OLRle\" data-rl_title=\"\" data-rl_caption=\"\" title=\"\"><img decoding=\"async\" loading=\"lazy\" class=\"alignnone size-full wp-image-7373\" src=\"https:\/\/www.turismoslovacchia.it\/wp-content\/uploads\/bratis-piaz-hlavne3_jlascar-cc-by.jpg\" alt=\"\" width=\"720\" height=\"443\" srcset=\"https:\/\/www.turismoslovacchia.it\/wp-content\/uploads\/bratis-piaz-hlavne3_jlascar-cc-by.jpg 720w, https:\/\/www.turismoslovacchia.it\/wp-content\/uploads\/bratis-piaz-hlavne3_jlascar-cc-by-300x185.jpg 300w, https:\/\/www.turismoslovacchia.it\/wp-content\/uploads\/bratis-piaz-hlavne3_jlascar-cc-by-600x369.jpg 600w, https:\/\/www.turismoslovacchia.it\/wp-content\/uploads\/bratis-piaz-hlavne3_jlascar-cc-by-400x246.jpg 400w, https:\/\/www.turismoslovacchia.it\/wp-content\/uploads\/bratis-piaz-hlavne3_jlascar-cc-by-100x62.jpg 100w, https:\/\/www.turismoslovacchia.it\/wp-content\/uploads\/bratis-piaz-hlavne3_jlascar-cc-by-200x123.jpg 200w, https:\/\/www.turismoslovacchia.it\/wp-content\/uploads\/bratis-piaz-hlavne3_jlascar-cc-by-150x92.jpg 150w\" sizes=\"(max-width: 720px) 100vw, 720px\" \/><\/a><\/p>\n<p>Nel mese di marzo si svolge, a Bratislava e in altre citt\u00e0 slovacche, un festival della cultura francofona, un viaggio attraverso un programma variegato che include la settimana del cinema francese \u2018<a href=\"https:\/\/www.facebook.com\/cremedelacreme.sk\/\">Cr\u00e9me de la Creme<\/a>\u2019 dal 6 al 12 marzo, e poi ncontri, conferenze, mostre, concerti, feste, presentazioni di libri in lingua e degustazioni.<br \/>\n<strong>Info:\u00a0<a class=\"wp-links-icon\" href=\"https:\/\/institutfrancais.sk\/\" target=\"_blank\" rel=\"external nofollow noopener\">https:\/\/institutfrancais.sk<\/a><\/strong><\/p>\n<\/div>\n<hr \/>\n<h4 style=\"text-align: justify;\"><span style=\"color: #ff0000;\"><b>\u201cL\u2019et\u00e0 d\u2019oro di Peterhof\u201d \u2013 Castello di Bratislava<br \/>\n<\/b><b>fino al\u00a031 marzo 2019<\/b><\/span><\/h4>\n<p style=\"text-align: justify;\"><a href=\"https:\/\/www.turismoslovacchia.it\/wp-content\/uploads\/SNM-peterhof1.jpg\" data-rel=\"lightbox-gallery-3h6OLRle\" data-rl_title=\"\" data-rl_caption=\"\" title=\"\"><img decoding=\"async\" loading=\"lazy\" class=\"alignnone size-full wp-image-8723\" src=\"https:\/\/www.turismoslovacchia.it\/wp-content\/uploads\/SNM-peterhof1.jpg\" alt=\"\" width=\"720\" height=\"338\" srcset=\"https:\/\/www.turismoslovacchia.it\/wp-content\/uploads\/SNM-peterhof1.jpg 720w, https:\/\/www.turismoslovacchia.it\/wp-content\/uploads\/SNM-peterhof1-300x141.jpg 300w, https:\/\/www.turismoslovacchia.it\/wp-content\/uploads\/SNM-peterhof1-400x188.jpg 400w, https:\/\/www.turismoslovacchia.it\/wp-content\/uploads\/SNM-peterhof1-150x70.jpg 150w, https:\/\/www.turismoslovacchia.it\/wp-content\/uploads\/SNM-peterhof1-100x47.jpg 100w, https:\/\/www.turismoslovacchia.it\/wp-content\/uploads\/SNM-peterhof1-200x94.jpg 200w\" sizes=\"(max-width: 720px) 100vw, 720px\" \/><\/a><\/p>\n<p style=\"text-align: justify;\">La mostra \u201cL\u2019et\u00e0 d\u2019oro di Peterhof \u2013 Da Pietro I a Caterina II\u201d ripercorre l\u2019et\u00e0 della corte imperiale dello zar a Peterhof (letteralmente \u201cCorte di Pietro\u201d in tedesco), la Versailles russa\u00a0vicino a San Pietroburgo sulle rive del Golfo di Finlandia edificata da Pietro il Grande tra il 1714 e il 1723.\u00a0Per illustrare la vita della sfarzosa corte in una delle Sette meraviglie della Russia sono esposti oggetti personali e abiti di importanti governanti, tra cui\u00a0Pietro (1682-1725) e Caterina (1762-1796), che gi\u00e0 in vita veniva chiamata \u201cla Grande\u201d, e poi finissime porcellane orientali, dipinti e altro.<br \/>\n<strong>Info:\u00a0<a href=\"https:\/\/www.turismoslovacchia.it\/?p=8721\">www.turismoslovacchia.it\/?p=8721<\/a><\/strong><\/p>\n<hr \/>\n<h4 style=\"text-align: justify;\"><span style=\"color: #ff0000;\"><strong>Passeggiata storica al castello di\u00a0\u010cerven\u00fd kame\u0148<\/strong><\/span><br \/>\n<span style=\"color: #ff0000;\"><strong>17 marzo 2019<\/strong><\/span><\/h4>\n<p style=\"text-align: justify;\"><a href=\"https:\/\/www.turismoslovacchia.it\/wp-content\/uploads\/cast-cervenykamen@gob-sk.jpg\" data-rel=\"lightbox-gallery-3h6OLRle\" data-rl_title=\"\" data-rl_caption=\"\" title=\"\"><img decoding=\"async\" loading=\"lazy\" class=\"alignnone size-full wp-image-8862\" src=\"https:\/\/www.turismoslovacchia.it\/wp-content\/uploads\/cast-cervenykamen@gob-sk.jpg\" alt=\"\" width=\"720\" height=\"443\" srcset=\"https:\/\/www.turismoslovacchia.it\/wp-content\/uploads\/cast-cervenykamen@gob-sk.jpg 720w, https:\/\/www.turismoslovacchia.it\/wp-content\/uploads\/cast-cervenykamen@gob-sk-300x185.jpg 300w, https:\/\/www.turismoslovacchia.it\/wp-content\/uploads\/cast-cervenykamen@gob-sk-400x246.jpg 400w, https:\/\/www.turismoslovacchia.it\/wp-content\/uploads\/cast-cervenykamen@gob-sk-150x92.jpg 150w, https:\/\/www.turismoslovacchia.it\/wp-content\/uploads\/cast-cervenykamen@gob-sk-100x62.jpg 100w, https:\/\/www.turismoslovacchia.it\/wp-content\/uploads\/cast-cervenykamen@gob-sk-200x123.jpg 200w\" sizes=\"(max-width: 720px) 100vw, 720px\" \/><\/a><\/p>\n<p style=\"text-align: justify;\">Passeggiata turistica guidata nei dintorni del Castello di \u010cerven\u00fd kame\u0148, sulle colline dei Piccoli Carpazi a breve distanza da Bratislava. Nel percorso, di circa 7 chilometri per 3 ore circa di camminata, si potr\u00e0 scoprire chi era l&#8217;uomo pi\u00f9 ricco del Medioevo, che fu il primo proprietario del castello, e si andr\u00e0 alla scopera di un vecchio cimitero ebraico, miniere sotterranee dove in passato si estraevano argento, rame e pirite, e si parler\u00e0 anche del pi\u00f9 famoso nativo di \u010cast\u00e1, Juraj F\u00e1ndly.<br \/>\n<strong>Info: <\/strong><a href=\"http:\/\/gob.sk\/event\/2574\/cervenokamenska-potulka\"><strong>www.gob.sk<\/strong><\/a><\/p>\n<hr \/>\n<h4 style=\"text-align: justify;\"><span style=\"color: #ff0000;\"><strong>Febiofest\u00a0\u2013 Bratislava<br \/>\n20 \u2013 26 marzo 2019<\/strong><\/span><\/h4>\n<p style=\"text-align: justify;\"><a title=\"\" href=\"https:\/\/www.turismoslovacchia.it\/wp-content\/uploads\/cinema-film.jpg\" data-rel=\"lightbox-gallery-bGlnaHRib3gtZ2FsbGVyeS1QNjFxVmtacw==\" data-rl_title=\"\" data-rl_caption=\"\" data-rl_title=\"\" data-rl_caption=\"\"><img decoding=\"async\" loading=\"lazy\" class=\"alignnone size-full wp-image-8313\" src=\"https:\/\/www.turismoslovacchia.it\/wp-content\/uploads\/cinema-film.jpg\" sizes=\"(max-width: 719px) 100vw, 719px\" srcset=\"https:\/\/www.turismoslovacchia.it\/wp-content\/uploads\/cinema-film.jpg 719w, https:\/\/www.turismoslovacchia.it\/wp-content\/uploads\/cinema-film-300x185.jpg 300w, https:\/\/www.turismoslovacchia.it\/wp-content\/uploads\/cinema-film-400x246.jpg 400w, https:\/\/www.turismoslovacchia.it\/wp-content\/uploads\/cinema-film-100x62.jpg 100w, https:\/\/www.turismoslovacchia.it\/wp-content\/uploads\/cinema-film-200x123.jpg 200w, https:\/\/www.turismoslovacchia.it\/wp-content\/uploads\/cinema-film-150x92.jpg 150w\" alt=\"\" width=\"719\" height=\"443\" \/><\/a><\/p>\n<p style=\"text-align: justify;\">Il festival internazionale del cinema di cineteca Febiofest \u00e8 un tributo agli autori e ai club cinematografici. In programma prime proiezioni di nuovi film slovacchi, omaggi ai grandi nomi della cinematografia, film cult e anticipazioni esclusive di festival internazionali.<br \/>\n<strong>Info:\u00a0<a class=\"wp-links-icon\" href=\"http:\/\/www.febiofest.sk\/\" target=\"_blank\" rel=\"external nofollow noopener\">www.febiofest.sk<\/a>\u00a0<\/strong><\/p>\n<hr \/>\n<h4 style=\"text-align: justify;\"><span style=\"color: #ff0000;\"><strong>Hobby Bratislava,\u00a0Bratislava<\/strong><\/span><br \/>\n<span style=\"color: #ff0000;\"><strong>23 marzo 2019<\/strong><\/span><\/h4>\n<p style=\"text-align: justify;\">Alla Casa della Cultura Ru\u017einov a Bratislava si svolge la terza mostra scambio tra hobbisti, collezionisti di modellini di auto, modellini di ferrovie, modelli di plastica e carta, LEGO, figurine, vecchi giocattoli e altri oggetti da collezionismo e curiosit\u00e0.<br \/>\nInfo: <a href=\"http:\/\/www.facebook.com\/events\/390876711479054\/\">www.facebook.com\/events\/390876711479054\/<\/a><\/p>\n<hr \/>\n<h4 style=\"text-align: justify;\">Altri eventi del mese nella regione sono visibili sul sito\u00a0<a class=\"wp-links-icon\" href=\"http:\/\/www.gob.sk\/\" target=\"_blank\" rel=\"external nofollow noopener\">www.gob.sk<\/a>. Per gli appuntamenti a Bratislava vedere i siti\u00a0<a class=\"wp-links-icon\" href=\"http:\/\/www.visitbratislava.com\/\" target=\"_blank\" rel=\"external nofollow noopener\">visitbratislava.com<\/a>\u00a0o\u00a0<a class=\"wp-links-icon\" href=\"https:\/\/www.citylife.sk\/\" target=\"_blank\" rel=\"external nofollow noopener\">www.citylife.sk<\/a><\/h4>\n<p style=\"text-align: justify;\"><span style=\"color: #808080;\"><em>Foto\u00a0jlascar <a style=\"color: #808080;\" href=\"https:\/\/www.flickr.com\/photos\/jlascar\/10267309636\/\">cc<\/a> by, gob.sk<\/em><\/span><\/p>\n","protected":false},"excerpt":{"rendered":"<p>Mese della francofonia \u2013 Bratislava marzo 2019 Nel mese di marzo si svolge, a Bratislava e in altre citt\u00e0 slovacche, un festival della cultura francofona, un viaggio attraverso un programma variegato che include la settimana del cinema francese \u2018Cr\u00e9me de la Creme\u2019 dal 6 al 12 marzo, e poi ncontri, conferenze, mostre, concerti, feste, presentazioni [&hellip;]<\/p>\n","protected":false},"author":2,"featured_media":194,"comment_status":"open","ping_status":"open","sticky":false,"template":"","format":"standard","meta":[],"categories":[5,1],"tags":[347,9,650,736,339,249,30,29,42,44],"aioseo_notices":[],"jetpack_featured_media_url":"https:\/\/www.turismoslovacchia.it\/wp-content\/uploads\/2010\/10\/Eventi.jpg","jetpack_sharing_enabled":true,"jetpack-related-posts":[{"id":8743,"url":"https:\/\/www.turismoslovacchia.it\/?p=8743","url_meta":{"origin":8861,"position":0},"title":"Marzo 2018: gli eventi a Bratislava e dintorni","date":"5 Marzo 2018","format":false,"excerpt":"Mese della francofonia \u2013 Bratislava marzo 2018 Il mese di marzo \u00e8 dedicato, a Bratislava e in altre citt\u00e0, alla cultura francofona, un viaggio attraverso un programma variegato che si chiude con la settimana del cinema francese 'Cr\u00e9me de la Creme 5'.\u00a0Una mostra presso la European house of photography (Stredoeur\u00f3pskom\u2026","rel":"","context":"In &quot;Articoli&quot;","img":{"alt_text":"","src":"https:\/\/i0.wp.com\/www.turismoslovacchia.it\/wp-content\/uploads\/francofon-BSK.jpg?resize=350%2C200&ssl=1","width":350,"height":200},"classes":[]},{"id":4269,"url":"https:\/\/www.turismoslovacchia.it\/?p=4269","url_meta":{"origin":8861,"position":1},"title":"A Bratislava \u00e8 novembre il Mese della Fotografia","date":"7 Novembre 2014","format":false,"excerpt":"Ha avuto inizio da poco pi\u00f9 di una settimana, e si svolger\u00e0 fino al 30 novembre a Bratislava, la 24esima edizione del Festival internazionaleMesiac fotografie\u00a0(Mese della fotografia). Divenuto nel corso del tempo uno dei pi\u00f9 importanti eventi culturali d\u2019autunno dell\u2019intera regione, il festival vede nel corso del mese decine di\u2026","rel":"","context":"In &quot;Articoli&quot;","img":{"alt_text":"","src":"https:\/\/i0.wp.com\/www.turismoslovacchia.it\/wp-content\/uploads\/mesefotogr-koppitz-2014.jpg?resize=350%2C200&ssl=1","width":350,"height":200},"classes":[]},{"id":8421,"url":"https:\/\/www.turismoslovacchia.it\/?p=8421","url_meta":{"origin":8861,"position":2},"title":"Febbraio 2018: gli eventi a Bratislava e dintorni","date":"28 Gennaio 2018","format":false,"excerpt":"Tra\u00a0gli eventi pi\u00f9 rilevanti del febbraio 2010 nella citt\u00e0 e regione di Bratislava\u00a0vanno ricordati la stagione dei balli che come tutti gli anni riporta in Slovacchia un po' dell'atmosfera delle serate danzanti d'epoca asburgica, l'opportunit\u00e0 di assaggiare piatti di stagione dei migliori chef slovacchi a costi accessibili, o di\u00a0godere della\u2026","rel":"","context":"In &quot;Articoli&quot;","img":{"alt_text":"","src":"https:\/\/i0.wp.com\/www.turismoslovacchia.it\/wp-content\/uploads\/music-concer_pix.jpg?resize=350%2C200&ssl=1","width":350,"height":200},"classes":[]},{"id":8295,"url":"https:\/\/www.turismoslovacchia.it\/?p=8295","url_meta":{"origin":8861,"position":3},"title":"Novembre 2017: gli eventi a Bratislava e dintorni","date":"28 Ottobre 2017","format":false,"excerpt":"Tra\u00a0gli eventi pi\u00f9 rilevanti del novembre 2017 nella citt\u00e0 e regione di Bratislava\u00a0vanno ricordati nella capitale il Mese della Fotografia e lo Slovak Press Photo,\u00a0 appuntamenti che da tempo sono ormai diventati un must del mese di novembre, e poi il Festival della Libert\u00e0, che si tiene nelle date intorno\u2026","rel":"","context":"In &quot;Articoli&quot;","img":{"alt_text":"","src":"https:\/\/i0.wp.com\/www.turismoslovacchia.it\/wp-content\/uploads\/eventi_00.jpg?resize=350%2C200&ssl=1","width":350,"height":200},"classes":[]},{"id":9210,"url":"https:\/\/www.turismoslovacchia.it\/?p=9210","url_meta":{"origin":8861,"position":4},"title":"Settembre 2019: gli eventi a Bratislava e dintorni","date":"31 Agosto 2019","format":false,"excerpt":"Pezinsk\u00e9 viechy\u00a0\/ Cantine di Pezinok \u2013 Pezinok maggio-ottobre 2019 Dall\u2019inizio di maggio fino al prossimo ottobre, questo evento d\u00e0 l\u2019opportunit\u00e0 unica per degustare i vini dei produttori di Pezinok, e anche chiedere loro curiosit\u00e0 e segreti della propria produzione. Quanto meno, gustare un buon bicchiere di vino in compagnia. Iscrizione\u2026","rel":"","context":"In &quot;Eventi&quot;","img":{"alt_text":"","src":"https:\/\/i0.wp.com\/www.turismoslovacchia.it\/wp-content\/uploads\/eventi_00.jpg?resize=350%2C200&ssl=1","width":350,"height":200},"classes":[]},{"id":9118,"url":"https:\/\/www.turismoslovacchia.it\/?p=9118","url_meta":{"origin":8861,"position":5},"title":"Agosto 2019: gli eventi a Bratislava e in Slovacchia","date":"2 Agosto 2019","format":false,"excerpt":"VIVA MUSICA! FESTIVAL \u2013 Bratislava 6 luglio \u2013\u00a025 agosto\u00a02018 Il festival Viva Musica! \u00e8 nato nel 2005 con l'ambizione di creare un evento estivo di un alto livello per tutti gli appassionati di musica - classica e non - ma in luoghi e con stile innovativo. Il festival offre il\u2026","rel":"","context":"In &quot;Eventi&quot;","img":{"alt_text":"","src":"https:\/\/i0.wp.com\/www.turismoslovacchia.it\/wp-content\/uploads\/eventi_00.jpg?resize=350%2C200&ssl=1","width":350,"height":200},"classes":[]}],"jetpack_shortlink":"https:\/\/wp.me\/p1oiY9-2iV","_links":{"self":[{"href":"https:\/\/www.turismoslovacchia.it\/index.php?rest_route=\/wp\/v2\/posts\/8861"}],"collection":[{"href":"https:\/\/www.turismoslovacchia.it\/index.php?rest_route=\/wp\/v2\/posts"}],"about":[{"href":"https:\/\/www.turismoslovacchia.it\/index.php?rest_route=\/wp\/v2\/types\/post"}],"author":[{"embeddable":true,"href":"https:\/\/www.turismoslovacchia.it\/index.php?rest_route=\/wp\/v2\/users\/2"}],"replies":[{"embeddable":true,"href":"https:\/\/www.turismoslovacchia.it\/index.php?rest_route=%2Fwp%2Fv2%2Fcomments&post=8861"}],"version-history":[{"count":6,"href":"https:\/\/www.turismoslovacchia.it\/index.php?rest_route=\/wp\/v2\/posts\/8861\/revisions"}],"predecessor-version":[{"id":9181,"href":"https:\/\/www.turismoslovacchia.it\/index.php?rest_route=\/wp\/v2\/posts\/8861\/revisions\/9181"}],"wp:featuredmedia":[{"embeddable":true,"href":"https:\/\/www.turismoslovacchia.it\/index.php?rest_route=\/wp\/v2\/media\/194"}],"wp:attachment":[{"href":"https:\/\/www.turismoslovacchia.it\/index.php?rest_route=%2Fwp%2Fv2%2Fmedia&parent=8861"}],"wp:term":[{"taxonomy":"category","embeddable":true,"href":"https:\/\/www.turismoslovacchia.it\/index.php?rest_route=%2Fwp%2Fv2%2Fcategories&post=8861"},{"taxonomy":"post_tag","embeddable":true,"href":"https:\/\/www.turismoslovacchia.it\/index.php?rest_route=%2Fwp%2Fv2%2Ftags&post=8861"}],"curies":[{"name":"wp","href":"https:\/\/api.w.org\/{rel}","templated":true}]}}