{"id":8811,"date":"2019-02-20T19:52:47","date_gmt":"2019-02-20T18:52:47","guid":{"rendered":"https:\/\/www.turismoslovacchia.it\/?p=8811"},"modified":"2019-02-21T00:05:46","modified_gmt":"2019-02-20T23:05:46","slug":"visite-guidate-gratuite-per-la-giornata-internazionale-della-guida-turistica","status":"publish","type":"post","link":"https:\/\/www.turismoslovacchia.it\/?p=8811","title":{"rendered":"Visite guidate gratuite per la Giornata internazionale della guida turistica"},"content":{"rendered":"<p style=\"text-align: justify;\"><a href=\"https:\/\/www.turismoslovacchia.it\/wp-content\/uploads\/turisti-turismo-guida_pex.jpg\" data-rel=\"lightbox-gallery-YOG3Tj6S\" data-rl_title=\"\" data-rl_caption=\"\" title=\"\"><img decoding=\"async\" loading=\"lazy\" class=\"alignnone size-full wp-image-8812\" src=\"https:\/\/www.turismoslovacchia.it\/wp-content\/uploads\/turisti-turismo-guida_pex.jpg\" alt=\"\" width=\"720\" height=\"443\" srcset=\"https:\/\/www.turismoslovacchia.it\/wp-content\/uploads\/turisti-turismo-guida_pex.jpg 720w, https:\/\/www.turismoslovacchia.it\/wp-content\/uploads\/turisti-turismo-guida_pex-300x185.jpg 300w, https:\/\/www.turismoslovacchia.it\/wp-content\/uploads\/turisti-turismo-guida_pex-400x246.jpg 400w, https:\/\/www.turismoslovacchia.it\/wp-content\/uploads\/turisti-turismo-guida_pex-150x92.jpg 150w, https:\/\/www.turismoslovacchia.it\/wp-content\/uploads\/turisti-turismo-guida_pex-100x62.jpg 100w, https:\/\/www.turismoslovacchia.it\/wp-content\/uploads\/turisti-turismo-guida_pex-200x123.jpg 200w\" sizes=\"(max-width: 720px) 100vw, 720px\" \/><\/a><\/p>\n<p style=\"text-align: justify;\">Una dozzina di citt\u00e0 slovacche partecipano alla Giornata internazionale della guida turistica, che cade il 21 febbraio di ogni anno. Saranno disponibili visite guidate gratuite, anche &#8211; ed \u00e8 una novit\u00e0 &#8211; in diverse lingue straniere, secondo quanto indicato dal presidente dell&#8217;Associazione Guide Turistiche della Slovacchia Marian Bilacic. Inoltre, le visite guidate di quest&#8217;anno includeranno non soltanto tour urbani ma anche molte strutture.<\/p>\n<p style=\"text-align: justify;\">La sedicesima edizione dell&#8217;iniziativa ha preso il via a Bardejov (regione di Presov) il 17 febbraio e terminer\u00e0 a Nitra il 2 marzo, un periodo di tre settimane studiato per includere le vacanze scolastiche e la stagione di carnevale (Fasiangy in Slovacchia). Sono coinvolte queste localit\u00e0: Bansk\u00e1 Bystrica, Bansk\u00e1 \u0160tiavnica, Bardejov, Bratislava, Doln\u00fd Kub\u00edn, Ko\u0161ice, Liptovsk\u00fd Mikul\u00e1\u0161, Martin, Nitra, Ro\u017e\u0148ava, Skalica, \u0160a\u013ea e \u017dilina.<\/p>\n<p style=\"text-align: justify;\">Chi vuole partecipare a visite guidate a Bratislava potr\u00e0 prendere parte a tour in altre lingue oltre alla slovacca. Sabato 23 febbraio saranno disponibili visite guidate del centro storico di Bratislava in tedesco, inglese, russo e spagnolo. A Ko\u0161ice, le visite guidate saranno anche in inglese e ungherese.<\/p>\n<p style=\"text-align: justify;\">Qui il programma pubblicato <a href=\"http:\/\/www.ssscr.sk\/de\/aktuality-detail-517.html\">sul sito dell&#8217;associazione<\/a>\u00a0dei prossimi appuntamenti:<\/p>\n<p style=\"text-align: justify;\"><span style=\"color: #ff0000;\"><strong>21 febbraio 2019<\/strong><\/span><\/p>\n<p style=\"text-align: justify;\"><strong>Poprad-Ve\u013ek\u00e1<br \/>\nore 17:00<\/strong><br \/>\nChiesa di San Giovanni Evangelista e Casa Scherfelov &#8211; visita guidata<\/p>\n<p style=\"text-align: justify;\"><strong>Spi\u0161sk\u00e1 Nov\u00e1 Ves<br \/>\nore 11:00 \/ 13:00\/ 15:00<\/strong><br \/>\nIngresso alla torre della chiesa e visita guidata<br \/>\n<strong>ore 17:00<\/strong><br \/>\nVista tematica guidata della citt\u00e0<\/p>\n<p style=\"text-align: justify;\"><span style=\"color: #ff0000;\"><strong>23 febbraio 2019<\/strong><\/span><\/p>\n<p style=\"text-align: justify;\"><strong>Bansk\u00e1 Bystrica<\/strong><br \/>\n<strong>ore 13:00 \/ 14:00\/ 15:00<\/strong><br \/>\n\u017dELEZNICE \u2013 BR\u00c1NA INDUSTRIALIZ\u00c1CIE MESTA &#8211; visita guidata<\/p>\n<p style=\"text-align: justify;\"><strong>Bratislava<\/strong><br \/>\n<strong>ore 10.00 &#8211; 11.30<\/strong><br \/>\nPasseggiata guidata da Porta Laurinsk\u00e1 (cca. 90 min)<br \/>\n<strong>ore 14.00 &#8211; 15.30 <\/strong><br \/>\nPasseggiata guidata &#8216;Bratislava musicale&#8217; (cca. 90 min)<br \/>\n<strong>ore 14.00 &#8211; 15.30 <\/strong><br \/>\nIl meglio della Citt\u00e0 Vecchia &#8211; passeggiata guidata (cca. 90 min)<br \/>\n<strong>ore 14.00 &#8211; 15.30<\/strong><br \/>\nDAS GELBE VOM EI &#8211; passeggiata in lingua tedesca<br \/>\n<strong>ore 14.00 &#8211; 15.30 <\/strong><br \/>\nTHE BEST OF BRATISLAVA &#8211; passeggiata in lingua inglese<br \/>\n<strong>ore 14.00 &#8211; 15.30 <\/strong><br \/>\nTO NAJ ZO STAR\u00c9HO MESTA &#8211; passeggiata in lingua russa<br \/>\n<strong>ore 14:00 &#8211; 15.30<\/strong><br \/>\nLO MEJOR DE BRATISLAVA &#8211; passeggiata in lingua spagnola<br \/>\n<strong>ore 14.00 &#8211; 15.30 <\/strong><br \/>\nLe personalit\u00e0 femminili di Bratislava &#8211; passeggiata guidata (cca. 90 min)<\/p>\n<p style=\"text-align: justify;\"><strong>Malacky<\/strong><br \/>\n<strong>ore 14:00<\/strong><br \/>\nVisita guidata della citt\u00e0<\/p>\n<p style=\"text-align: justify;\"><strong>Martin<\/strong><br \/>\n<strong>ore 14:00 <\/strong><br \/>\nVisita guidata della citt\u00e0<\/p>\n<p style=\"text-align: justify;\"><strong>Ru\u017eomberok<\/strong><br \/>\n<strong>ore 14:00<\/strong><br \/>\nVisita guidata della citt\u00e0<\/p>\n<p style=\"text-align: justify;\"><strong>Skalica<\/strong><br \/>\n<strong>ore 14:00 &#8211; 16:00 <\/strong><br \/>\nAccesso gratuito ai seguenti monumenti:<br \/>\n&#8211; Rotonda di San Giorgio \/ Rotunda sv\u00e4t\u00e9ho Juraja<br \/>\n&#8211; Chiesa dei Gesuiti \/ Jezuitsk\u00fd kostol<br \/>\n&#8211; Torre della chiesa parrocchiale \/ Ve\u017ea farsk\u00e9ho kostol<br \/>\n&#8211; Municipio \/ Mestsk\u00e9ho \u00faradu<\/p>\n<p style=\"text-align: justify;\"><strong>Trnava<\/strong><br \/>\n<strong>ore 10:00 e 12:00 &#8211; due tour:<\/strong><br \/>\nLa Trnava barocca &#8211; Mestsk\u00e1 ve\u017ea, Kostol sv. Jakuba, Kostol sv. Anny, Komplex univerzitn\u00fdch budov, Katedr\u00e1la sv. Krstite\u013ea<br \/>\nLa Trnava gotica &#8211; Mestsk\u00e1 ve\u017ea, Mestsk\u00e1 radnica, Mestsk\u00e9 hradby, Karner, Bazilika sv. Mikul\u00e1\u0161a<\/p>\n<p style=\"text-align: justify;\"><span style=\"color: #ff0000;\"><strong>24 febbraio 2019<\/strong><\/span><\/p>\n<p style=\"text-align: justify;\"><strong>Bratislava<\/strong><br \/>\n<strong>ore 10.00 &#8211; 11.30 <\/strong><br \/>\nPasseggiata guidata da Porta Laurinsk\u00e1 (cca. 90 min)<br \/>\n<strong>ore 14.30 &#8211; 16.00 <\/strong><br \/>\nLo Slav\u00edn &#8211; visita guidata (cca. 90 min)<\/p>\n<p style=\"text-align: justify;\"><span style=\"color: #ff0000;\"><strong>25 febbraio 2019<\/strong><\/span><\/p>\n<p style=\"text-align: justify;\"><strong>Poprad <\/strong><br \/>\n<strong>ore 13:00<\/strong><br \/>\nChiesa di Sant&#8217;Egidio \/ Kostol Sv. Eg\u00eddia<\/p>\n<p style=\"text-align: justify;\"><span style=\"color: #ff0000;\"><strong>2 marzo 2019<\/strong><\/span><\/p>\n<p style=\"text-align: justify;\"><strong>Nitra<\/strong><br \/>\n<strong>ore 13:00<\/strong><br \/>\nVisita guidata della citt\u00e0 sul tema &#8216;Secessione&#8217;<\/p>\n<p style=\"text-align: justify;\"><strong>Poprad &#8211; Kvetnica<\/strong><br \/>\n<strong>ore 11:00 <\/strong><br \/>\nCappella dell&#8217;Ascensione \/ Kaplnka Vzkriesenia &#8211; visita guidata<\/p>\n<p style=\"text-align: justify;\">\n","protected":false},"excerpt":{"rendered":"<p>Una dozzina di citt\u00e0 slovacche partecipano alla Giornata internazionale della guida turistica, che cade il 21 febbraio di ogni anno. Saranno disponibili visite guidate gratuite, anche &#8211; ed \u00e8 una novit\u00e0 &#8211; in diverse lingue straniere, secondo quanto indicato dal presidente dell&#8217;Associazione Guide Turistiche della Slovacchia Marian Bilacic. Inoltre, le visite guidate di quest&#8217;anno includeranno [&hellip;]<\/p>\n","protected":false},"author":2,"featured_media":8812,"comment_status":"open","ping_status":"open","sticky":false,"template":"","format":"standard","meta":[],"categories":[3,5,1],"tags":[347,190,479,9,22,501,25,32,261,519,407,530,16,461],"aioseo_notices":[],"jetpack_featured_media_url":"https:\/\/www.turismoslovacchia.it\/wp-content\/uploads\/turisti-turismo-guida_pex.jpg","jetpack_sharing_enabled":true,"jetpack-related-posts":[{"id":4739,"url":"https:\/\/www.turismoslovacchia.it\/?p=4739","url_meta":{"origin":8811,"position":0},"title":"Notte dei Musei questo sabato in 61 localit\u00e0 della Slovacchia","date":"14 Maggio 2015","format":false,"excerpt":"Sabato 16 maggio in Slovacchia sar\u00e0 la \u201cNotte dei Musei e delle Gallerie\u201d (Noc m\u00faze\u00ed a gal\u00e9ri\u00ed), una Notte Bianca del patrimonio culturale slovacco a livello nazionale. Numerose saranno le iniziative e gli eventi in ben 61 localit\u00e0 di tutto il Paese. Citt\u00e0 grandi e meno grandi, ma anche paesi\u2026","rel":"","context":"In &quot;Eventi&quot;","img":{"alt_text":"","src":"https:\/\/i0.wp.com\/www.turismoslovacchia.it\/wp-content\/uploads\/Museo-Cerveny-Kamen_eadaoinflynn-CC.jpg?resize=350%2C200&ssl=1","width":350,"height":200},"classes":[]},{"id":8147,"url":"https:\/\/www.turismoslovacchia.it\/?p=8147","url_meta":{"origin":8811,"position":1},"title":"Sabato 20 maggio la Notte dei Musei e Gallerie","date":"18 Maggio 2017","format":false,"excerpt":"Anche quest\u2019anno la Slovacchia partecipa per la tredicesima volta con la \u201cNoc m\u00faze\u00ed a gal\u00e9ri\u00ed 2017\u201d, cui partecipano oltre 130 istituzioni pubbliche e private in tutto il Paese, all\u2019evento europeo Notte dei Musei, iniziativa che si tiene in occasione della Giornata Internazionale dei Musei. Sabato 20 maggio, dalle 10:00 alle\u2026","rel":"","context":"In &quot;Articoli&quot;","img":{"alt_text":"","src":"https:\/\/i0.wp.com\/www.turismoslovacchia.it\/wp-content\/uploads\/nottemusei17-nocmuzei.jpg?resize=350%2C200&ssl=1","width":350,"height":200},"classes":[]},{"id":2756,"url":"https:\/\/www.turismoslovacchia.it\/?p=2756","url_meta":{"origin":8811,"position":2},"title":"Volkswagen apre alle visite guidate le porte del suo stabilimento di Bratislava","date":"27 Agosto 2013","format":false,"excerpt":"Lo stabilimento Volkswagen di Bratislava ha deciso di aprire le sue porte ai visitatori, slovacchi e stranieri, per mostrare loro con orgoglio uno degli impianti automobilistici pi\u00f9 moderni del mondo, e l\u2019unico sul pianeta che sforna veicoli di ben cinque marchi sotto lo stesso tetto. La visita alla grande fabbrica\u2026","rel":"","context":"In &quot;Articoli&quot;","img":{"alt_text":"","src":"https:\/\/i0.wp.com\/www.turismoslovacchia.it\/wp-content\/uploads\/visita-volkswagen.sk_.jpg?resize=350%2C200&ssl=1","width":350,"height":200},"classes":[]},{"id":8308,"url":"https:\/\/www.turismoslovacchia.it\/?p=8308","url_meta":{"origin":8811,"position":3},"title":"Bratislava si avvicina a 1 milione e mezzo di visitatori nel 2017","date":"1 Novembre 2017","format":false,"excerpt":"Anche quest\u2019anno la citt\u00e0 di Bratislava continua a incrementare i precedenti record di presenze turistiche. Dopo aver superato per la prima volta il milione di turisti due anni fa, nei primi sette mesi dell\u2019anno segna un incremento di turisti di oltre l\u20198%, con i pernottamenti cresciuti di quasi il 6%.\u2026","rel":"","context":"In &quot;Articoli&quot;","img":{"alt_text":"","src":"https:\/\/i0.wp.com\/www.turismoslovacchia.it\/wp-content\/uploads\/bratisl-pano_FB-BratislavaRegionTourism.jpg?resize=350%2C200&ssl=1","width":350,"height":200},"classes":[]},{"id":1274,"url":"https:\/\/www.turismoslovacchia.it\/?p=1274","url_meta":{"origin":8811,"position":4},"title":"1 giugno, in Slovacchia \u00e8 la Notte delle Chiese","date":"31 Maggio 2012","format":false,"excerpt":"La Slovacchia l\u2019ha sperimentata per la prima volta lo scorso anno con un\u2019edizione pilota nella diocesi di Trnava. Quest\u2019anno la \u201cNotte delle chiese\u201d sara' vissuta domani 1\u00b0 giugno in circa 180 chiese slovacche di quasi tutte le diocesi. Il progetto nacque nel 2005 in Austria, dove si attendono forse 300.000\u2026","rel":"","context":"In &quot;Articoli&quot;","img":{"alt_text":"","src":"https:\/\/i0.wp.com\/www.turismoslovacchia.it\/wp-content\/uploads\/Chiesa-Klarisky-Bratislava-panor1883650.jpg?resize=350%2C200&ssl=1","width":350,"height":200},"classes":[]},{"id":7937,"url":"https:\/\/www.turismoslovacchia.it\/?p=7937","url_meta":{"origin":8811,"position":5},"title":"37 musei slovacchi che sono gratuiti ogni prima domenica del mese","date":"29 Marzo 2017","format":false,"excerpt":"Diversi musei statali offrono ai visitatori l\u2019ingresso gratuito ogni prima domenica del mese, una iniziativa presa anni fa dal ministero dell Cultura che prosegue tutt\u2019ora. Sono gratuiti numerosi musei specializzati della rete del Museo Nazionale Slovacco (SNM), le cinque sedi della Galleria Nazionale Slovacca (SNG), quattro esposizioni del Museo dell\u2019Insurrezione\u2026","rel":"","context":"In &quot;Articoli&quot;","img":{"alt_text":"","src":"https:\/\/i0.wp.com\/www.turismoslovacchia.it\/wp-content\/uploads\/musei2.jpg?resize=350%2C200&ssl=1","width":350,"height":200},"classes":[]}],"jetpack_shortlink":"https:\/\/wp.me\/p1oiY9-2i7","_links":{"self":[{"href":"https:\/\/www.turismoslovacchia.it\/index.php?rest_route=\/wp\/v2\/posts\/8811"}],"collection":[{"href":"https:\/\/www.turismoslovacchia.it\/index.php?rest_route=\/wp\/v2\/posts"}],"about":[{"href":"https:\/\/www.turismoslovacchia.it\/index.php?rest_route=\/wp\/v2\/types\/post"}],"author":[{"embeddable":true,"href":"https:\/\/www.turismoslovacchia.it\/index.php?rest_route=\/wp\/v2\/users\/2"}],"replies":[{"embeddable":true,"href":"https:\/\/www.turismoslovacchia.it\/index.php?rest_route=%2Fwp%2Fv2%2Fcomments&post=8811"}],"version-history":[{"count":1,"href":"https:\/\/www.turismoslovacchia.it\/index.php?rest_route=\/wp\/v2\/posts\/8811\/revisions"}],"predecessor-version":[{"id":8813,"href":"https:\/\/www.turismoslovacchia.it\/index.php?rest_route=\/wp\/v2\/posts\/8811\/revisions\/8813"}],"wp:featuredmedia":[{"embeddable":true,"href":"https:\/\/www.turismoslovacchia.it\/index.php?rest_route=\/wp\/v2\/media\/8812"}],"wp:attachment":[{"href":"https:\/\/www.turismoslovacchia.it\/index.php?rest_route=%2Fwp%2Fv2%2Fmedia&parent=8811"}],"wp:term":[{"taxonomy":"category","embeddable":true,"href":"https:\/\/www.turismoslovacchia.it\/index.php?rest_route=%2Fwp%2Fv2%2Fcategories&post=8811"},{"taxonomy":"post_tag","embeddable":true,"href":"https:\/\/www.turismoslovacchia.it\/index.php?rest_route=%2Fwp%2Fv2%2Ftags&post=8811"}],"curies":[{"name":"wp","href":"https:\/\/api.w.org\/{rel}","templated":true}]}}