{"id":8802,"date":"2019-02-07T23:51:12","date_gmt":"2019-02-07T22:51:12","guid":{"rendered":"https:\/\/www.turismoslovacchia.it\/?p=8802"},"modified":"2019-11-02T19:07:49","modified_gmt":"2019-11-02T18:07:49","slug":"febbraio-2019-gli-eventi-a-bratislava-e-dintorni","status":"publish","type":"post","link":"https:\/\/www.turismoslovacchia.it\/?p=8802","title":{"rendered":"Febbraio 2019: gli eventi a Bratislava e dintorni"},"content":{"rendered":"<p style=\"text-align: justify;\" align=\"justify\"><img decoding=\"async\" loading=\"lazy\" class=\"alignnone size-full wp-image-9133\" src=\"https:\/\/www.turismoslovacchia.it\/wp-content\/uploads\/eventi_00.jpg\" alt=\"\" width=\"720\" height=\"200\" srcset=\"https:\/\/www.turismoslovacchia.it\/wp-content\/uploads\/eventi_00.jpg 720w, https:\/\/www.turismoslovacchia.it\/wp-content\/uploads\/eventi_00-300x83.jpg 300w, https:\/\/www.turismoslovacchia.it\/wp-content\/uploads\/eventi_00-150x42.jpg 150w\" sizes=\"(max-width: 720px) 100vw, 720px\" \/><\/p>\n<hr \/>\n<h4 style=\"text-align: justify;\" align=\"justify\"><span style=\"color: #ff0000;\"><b>Festival invernale della gastronomia \u2013 Bratislava e tutta la Slovacchia<br \/>\n<\/b><b>14 gennaio \u2013 24 febbraio 2019<\/b><\/span><\/h4>\n<p style=\"text-align: justify;\" align=\"justify\"><a href=\"https:\/\/www.turismoslovacchia.it\/wp-content\/uploads\/chef-festiv-gastro-zimntfestival19.jpg\" data-rel=\"lightbox-gallery-XDW0FipM\" data-rl_title=\"\" data-rl_caption=\"\" title=\"\"><img decoding=\"async\" loading=\"lazy\" class=\"alignnone size-full wp-image-8736\" src=\"https:\/\/www.turismoslovacchia.it\/wp-content\/uploads\/chef-festiv-gastro-zimntfestival19.jpg\" alt=\"\" width=\"720\" height=\"443\" srcset=\"https:\/\/www.turismoslovacchia.it\/wp-content\/uploads\/chef-festiv-gastro-zimntfestival19.jpg 720w, https:\/\/www.turismoslovacchia.it\/wp-content\/uploads\/chef-festiv-gastro-zimntfestival19-300x185.jpg 300w, https:\/\/www.turismoslovacchia.it\/wp-content\/uploads\/chef-festiv-gastro-zimntfestival19-400x246.jpg 400w, https:\/\/www.turismoslovacchia.it\/wp-content\/uploads\/chef-festiv-gastro-zimntfestival19-150x92.jpg 150w, https:\/\/www.turismoslovacchia.it\/wp-content\/uploads\/chef-festiv-gastro-zimntfestival19-100x62.jpg 100w, https:\/\/www.turismoslovacchia.it\/wp-content\/uploads\/chef-festiv-gastro-zimntfestival19-200x123.jpg 200w\" sizes=\"(max-width: 720px) 100vw, 720px\" \/><\/a><\/p>\n<p style=\"text-align: justify;\" align=\"justify\">Dal 14 gennaio al 24 febbraio 2019 si potranno gustare piatti di alta cucina a prezzi ragionevoli in molti locali di Bratislava e dintorni, ma anche in altre regioni del paese. Una iniziativa arrivata alla sesta edizione pensata per offrire la possibilit\u00e0 di\u00a0gustare a costi definiti i piatti dei migliori\u00a0chef\u00a0serviti nei ristoranti pi\u00f9 raffinati della Slovacchia.\u00a0Il\u00a0Festival Invernale di Gastronomia- <strong>Zimn\u00fd festival jedla<\/strong> permette,\u00a0con il coinvolgimento di ristoranti e chef rinomati, un\u2019esperienza culinaria completa con un menu di tre portate. Prezzi a partire da 16-18 euro per un menu di due portate, fino a 33 euro per un menu completo da quattro portate.\u00a0I voucher per le degustazioni si possono anche acquistare sul sito del festival.<br \/>\nTutte le informazioni per partecipare, tra cui i menu e i locali, sono disponibili sul sito.<br \/>\n<strong>Info:\u00a0<a class=\"wp-links-icon\" href=\"http:\/\/www.zimnyfestivaljedla.sk\/\" target=\"_blank\" rel=\"external nofollow noopener\">www.zimnyfestivaljedla.sk<\/a>, o <a href=\"https:\/\/www.facebook.com\/ZimnyFestivalJedla\/\">pagina Facebook<\/a>.<\/strong><\/p>\n<hr \/>\n<h4 style=\"text-align: justify;\"><span style=\"color: #ff0000;\"><b>Stagione dei balli di gala \u2013 Bratislava<br \/>\n<\/b><b>gennaio\u00a0\u2013 febbraio 2018<\/b><\/span><\/h4>\n<p style=\"text-align: justify;\"><a href=\"https:\/\/www.turismoslovacchia.it\/wp-content\/uploads\/gala001.jpg\" data-rel=\"lightbox-gallery-XDW0FipM\" data-rl_title=\"\" data-rl_caption=\"\" title=\"\"><img decoding=\"async\" loading=\"lazy\" class=\"size-full wp-image-6111\" src=\"https:\/\/www.turismoslovacchia.it\/wp-content\/uploads\/gala001.jpg\" alt=\"\" width=\"520\" height=\"320\" srcset=\"https:\/\/www.turismoslovacchia.it\/wp-content\/uploads\/gala001.jpg 520w, https:\/\/www.turismoslovacchia.it\/wp-content\/uploads\/gala001-300x185.jpg 300w, https:\/\/www.turismoslovacchia.it\/wp-content\/uploads\/gala001-400x246.jpg 400w, https:\/\/www.turismoslovacchia.it\/wp-content\/uploads\/gala001-100x62.jpg 100w, https:\/\/www.turismoslovacchia.it\/wp-content\/uploads\/gala001-200x123.jpg 200w, https:\/\/www.turismoslovacchia.it\/wp-content\/uploads\/gala001-150x92.jpg 150w\" sizes=\"(max-width: 520px) 100vw, 520px\" \/><\/a><\/p>\n<p style=\"text-align: justify;\">Qui un piccolo elenco non esaustivo dei balli del mese di febbraio.<\/p>\n<ul style=\"text-align: justify;\">\n<li>02\u00a0febbraio 2019 &#8211; Vrakunsk\u00fd ples 2019, Spolo\u010densk\u00e1 s\u00e1la, Vrak\u00fa\u0148a, Bratislava. Musica: Bratislava hot serenaders.\u00a0<a href=\"http:\/\/www.vrakuna.sk\/2019\/01\/08\/vrakunsky-ples-2019\/\">Info<\/a><\/li>\n<li>02\u00a0febbraio 2019 &#8211;\u00a050. B\u00e1l Z\u00e1hor\u00e1k\u00fa 2019, DK Zrkadlov\u00fd h\u00e1j, Bratislava<\/li>\n<li>09\u00a0febbraio 2019 &#8211;\u00a0Hotel Tatra Ball, Hotel Tatra, Bratislava. Musica:\u00a0Igor Kme\u0165o st. <a href=\"https:\/\/hoteltatra.sk\/\">Info<\/a><\/li>\n<li>16 febbraio 2019 &#8211;\u00a0Ples zdru\u017eenia,\u00a0Hotel Tatra, Bratislava.\u00a0Show di balletto e musica di POPs.\u00a0<a href=\"https:\/\/lepsiasprava.sk\/ples-2019\/\">Info<\/a><\/li>\n<li>09 febbraio 2019 &#8211; The Beatles Ples &#8211;\u00a0Holiday Inn Bratislava. Musica:\u00a0The Backwards. <a href=\"https:\/\/www.ticketportal.sk\/event\/The-Beatles-Ples\">Info<\/a><\/li>\n<li>09 febbraio 2019 &#8211; Burlesque\u00a0b\u00e1l, Hotel Carlton, Bratislava. Musica: Michal David.\u00a0<a href=\"https:\/\/www.visitbratislava.com\/sk\/podujatia\/burlesque-bal\/\">Info<\/a><\/li>\n<li>09 febbraio 2019 &#8211; Ples V\u00fdchodniarov, Doubletree by Hilton Hotel,\u00a0Bratislava. <a href=\"http:\/\/www.plesvychodniarov.sk\/\">Info<\/a><\/li>\n<li>15 febbraio 2019 &#8211; Ples Advok\u00e1tov 2019,\u00a0Crowne plaza hotel, Bratislava. Musica: Fragile, Dara Rolins, DJ set.\u00a0<a href=\"https:\/\/www.facebook.com\/events\/fragile.sk\/ples-advok%C3%A1tov-2019-bratislava\/359704271266434\/\">Info<\/a><\/li>\n<li>15 febbraio 2019 &#8211;\u00a0Ples gymn\u00e1zia Pezinok,\u00a0Dom kult\u00fary, Pezinok. <a href=\"https:\/\/www.ajdnes.sk\/ples-gymnazia-pezinok\/pezinok\/101032\">Info<\/a><\/li>\n<li>16\u00a0febbraio 2019 &#8211; Bratislavsk\u00fd b\u00e1l, Reduta, Bratislava. \u00c8 il secondo evento pi\u00f9 importante della stagione dei balli a Bratislava (dopo il Ballo dell&#8217;Opera). Orchestre e artisti noti, vari show e ospiti importanti, come lo \u00e8 il prezzo dell&#8217;ingresso.\u00a0<a href=\"http:\/\/presporskybal.sk\/\">Info<\/a><\/li>\n<li>23 febbraio 2019 &#8211; VIP ples, Club Hron, Podunajsk\u00e9 Biskupice, Bratislava. <a href=\"https:\/\/www.ajdnes.sk\/vip-ples\/bratislava\/99916\">Info<\/a><\/li>\n<li>Per gli altri eventi nel resto della Slovacchia vedere:\u00a0<a href=\"https:\/\/www.ajdnes.sk\/tanecne-zabavy-a-plesy\/c13\">ajdnes.sk<\/a>\u00a0o\u00a0<a href=\"http:\/\/zenskyweb.sk\/clanok\/42180-plesova-sezona-2019-prehlad-plesov\">zenskyweb.sk<\/a>.<\/li>\n<\/ul>\n<hr \/>\n<h4 style=\"text-align: justify;\"><strong><span style=\"color: #ff0000;\">Fa\u0161iangy v Modre \u2013\u00a0Modra<br \/>\n16 febbraio 2019<\/span><\/strong><\/h4>\n<p style=\"text-align: justify;\"><a href=\"https:\/\/www.turismoslovacchia.it\/wp-content\/uploads\/fasiang-modra_gpb-sk.jpg\" data-rel=\"lightbox-gallery-XDW0FipM\" data-rl_title=\"\" data-rl_caption=\"\" title=\"\"><img decoding=\"async\" loading=\"lazy\" class=\"alignnone size-full wp-image-8804\" src=\"https:\/\/www.turismoslovacchia.it\/wp-content\/uploads\/fasiang-modra_gpb-sk.jpg\" alt=\"\" width=\"720\" height=\"443\" srcset=\"https:\/\/www.turismoslovacchia.it\/wp-content\/uploads\/fasiang-modra_gpb-sk.jpg 720w, https:\/\/www.turismoslovacchia.it\/wp-content\/uploads\/fasiang-modra_gpb-sk-300x185.jpg 300w, https:\/\/www.turismoslovacchia.it\/wp-content\/uploads\/fasiang-modra_gpb-sk-400x246.jpg 400w, https:\/\/www.turismoslovacchia.it\/wp-content\/uploads\/fasiang-modra_gpb-sk-150x92.jpg 150w, https:\/\/www.turismoslovacchia.it\/wp-content\/uploads\/fasiang-modra_gpb-sk-100x62.jpg 100w, https:\/\/www.turismoslovacchia.it\/wp-content\/uploads\/fasiang-modra_gpb-sk-200x123.jpg 200w\" sizes=\"(max-width: 720px) 100vw, 720px\" \/><\/a><\/p>\n<p style=\"text-align: justify;\">Le <a href=\"https:\/\/www.turismoslovacchia.it\/?p=1650\">tradizioni di Fa\u0161iang<\/a> (carnevale) in Slovacchia costituiscono una variegata gamma di cerimonie e incontri delle comunit\u00e0 locali. A Modra tradizionalmente si festeggia il carnevale con un concorso culinario molto popolare in cui ci si batte per la realizzazione della migliore zuppa di cavolo. Si potr\u00e0 inoltre gustare specialit\u00e0 gastronomiche tipiche, vino dei Piccoli Carpazi, godere della musica tradizionale e della sfilata di carnevale con le maschere del folclore locale.<br \/>\n<strong>Info: <a href=\"http:\/\/www.kcmodra.sk\/sk\/kc-modra\/vsetky-podujatia\/fasiangy-v-modre-2019\">www.kcmodra.sk<\/a><\/strong><\/p>\n<hr \/>\n<h4 style=\"text-align: justify;\"><strong><span style=\"color: #ff0000;\">Festival delle lingue \u2013 Bratislava<br \/>\n16 febbraio 2019<\/span><\/strong><\/h4>\n<p style=\"text-align: justify;\"><img decoding=\"async\" loading=\"lazy\" class=\"alignnone \" src=\"http:\/\/gob.sk\/Static\/Event_covers\/2128\/679ce9e8f8665c5c8fe0d8bb7f4b15ed_gallery.jpg\" width=\"720\" height=\"405\" \/><\/p>\n<p style=\"text-align: justify;\">Tutti gli amanti delle lingue e del buon cibo sono invitati al 6\u00b0 Festival linguistico nel Mercato Vecchio di Bratislava (Star\u00e1 tr\u017enica).\u00a0Cosa ti aspetta:\u00a0Divertenti quiz di lingua;\u00a0quiz su paesi, usi e tradizioni;\u00a0degustazione di cibo da diverse parti del mondo.\u00a0Si pu\u00f2 vincere buoni regalo e buoni sconto per acquistare letteratura presso Oxford Bookshop Libri in lingua straniera e tanto altro.<br \/>\n<strong>Info:\u00a0<a href=\"http:\/\/festivaljazykov.sk\/\">http:\/\/festivaljazykov.sk\/<\/a><\/strong><\/p>\n<hr \/>\n<h4 style=\"text-align: justify;\"><span style=\"color: #ff0000;\"><strong>Pezinsk\u00e9 v\u00ednne pivnice 2019, Pezinok<\/strong><\/span><br \/>\n<span style=\"color: #ff0000;\"><strong>16 febbraio 2019<\/strong><\/span><\/h4>\n<p style=\"text-align: justify;\"><a href=\"https:\/\/www.turismoslovacchia.it\/wp-content\/uploads\/cantine-piccolicarpaz_cruster1-cc-by.jpg\" data-rel=\"lightbox-gallery-XDW0FipM\" data-rl_title=\"\" data-rl_caption=\"\" title=\"\"><img decoding=\"async\" loading=\"lazy\" class=\"alignnone size-full wp-image-7867\" src=\"https:\/\/www.turismoslovacchia.it\/wp-content\/uploads\/cantine-piccolicarpaz_cruster1-cc-by.jpg\" alt=\"\" width=\"720\" height=\"500\" srcset=\"https:\/\/www.turismoslovacchia.it\/wp-content\/uploads\/cantine-piccolicarpaz_cruster1-cc-by.jpg 720w, https:\/\/www.turismoslovacchia.it\/wp-content\/uploads\/cantine-piccolicarpaz_cruster1-cc-by-300x208.jpg 300w, https:\/\/www.turismoslovacchia.it\/wp-content\/uploads\/cantine-piccolicarpaz_cruster1-cc-by-400x278.jpg 400w, https:\/\/www.turismoslovacchia.it\/wp-content\/uploads\/cantine-piccolicarpaz_cruster1-cc-by-100x69.jpg 100w, https:\/\/www.turismoslovacchia.it\/wp-content\/uploads\/cantine-piccolicarpaz_cruster1-cc-by-180x125.jpg 180w, https:\/\/www.turismoslovacchia.it\/wp-content\/uploads\/cantine-piccolicarpaz_cruster1-cc-by-150x104.jpg 150w\" sizes=\"(max-width: 720px) 100vw, 720px\" \/><\/a><\/p>\n<p style=\"text-align: justify;\">Apertura delle cantine di Pezinok, la piccola &#8220;capitale&#8221; della Strada del Vino dei Piccoli Carpazi, che richiama ogni anno numerosi appassionati del vino. Saranno 40 i produttori di vino di Pezinok e dintorni che offriranno alla degustazione i propri prodotti.\u00a0I biglietti possono essere prenotati per via elettronica a: sales@pvp.sk.<br \/>\n<strong>Info:\u00a0<\/strong><a href=\"http:\/\/pvp.sk\/\"><strong>http:\/\/pvp.sk\/<\/strong><\/a><\/p>\n<hr \/>\n<h4 style=\"text-align: justify;\">Altri eventi del mese nella regione sono visibili sul sito\u00a0<a class=\"wp-links-icon\" href=\"http:\/\/www.gob.sk\/\" target=\"_blank\" rel=\"external nofollow noopener\">www.gob.sk<\/a>. Per gli appuntamenti a Bratislava vedere i siti\u00a0<a class=\"wp-links-icon\" href=\"http:\/\/www.visitbratislava.com\/\" target=\"_blank\" rel=\"external nofollow noopener\">visitbratislava.com<\/a>\u00a0o\u00a0<a class=\"wp-links-icon\" href=\"https:\/\/www.citylife.sk\/\" target=\"_blank\" rel=\"external nofollow noopener\">www.citylife.sk<\/a><\/h4>\n<p style=\"text-align: justify;\">\n","protected":false},"excerpt":{"rendered":"<p>Festival invernale della gastronomia \u2013 Bratislava e tutta la Slovacchia 14 gennaio \u2013 24 febbraio 2019 Dal 14 gennaio al 24 febbraio 2019 si potranno gustare piatti di alta cucina a prezzi ragionevoli in molti locali di Bratislava e dintorni, ma anche in altre regioni del paese. Una iniziativa arrivata alla sesta edizione pensata per [&hellip;]<\/p>\n","protected":false},"author":2,"featured_media":249,"comment_status":"open","ping_status":"open","sticky":false,"template":"","format":"standard","meta":[],"categories":[3,5,1],"tags":[347,9,319,17,29,318,15,14,193,623],"aioseo_notices":[],"jetpack_featured_media_url":"https:\/\/www.turismoslovacchia.it\/wp-content\/uploads\/2010\/10\/Eventi-in-Slovacchia.jpg","jetpack_sharing_enabled":true,"jetpack-related-posts":[{"id":8735,"url":"https:\/\/www.turismoslovacchia.it\/?p=8735","url_meta":{"origin":8802,"position":0},"title":"Gennaio 2019: gli eventi a Bratislava e dintorni","date":"10 Gennaio 2019","format":false,"excerpt":"Festival invernale della gastronomia \u2013 Bratislava e tutta la Slovacchia 14 gennaio \u2013 24 febbraio 2019 Dal 14 gennaio al 24 febbraio 2019 si potranno gustare piatti di alta cucina a prezzi ragionevoli in molti locali di Bratislava e dintorni, ma anche in altre regioni del paese. Una iniziativa arrivata\u2026","rel":"","context":"In &quot;Eventi&quot;","img":{"alt_text":"","src":"https:\/\/i0.wp.com\/www.turismoslovacchia.it\/wp-content\/uploads\/chef-festiv-gastro-zimntfestival19.jpg?resize=350%2C200&ssl=1","width":350,"height":200},"classes":[]},{"id":8421,"url":"https:\/\/www.turismoslovacchia.it\/?p=8421","url_meta":{"origin":8802,"position":1},"title":"Febbraio 2018: gli eventi a Bratislava e dintorni","date":"28 Gennaio 2018","format":false,"excerpt":"Tra\u00a0gli eventi pi\u00f9 rilevanti del febbraio 2010 nella citt\u00e0 e regione di Bratislava\u00a0vanno ricordati la stagione dei balli che come tutti gli anni riporta in Slovacchia un po' dell'atmosfera delle serate danzanti d'epoca asburgica, l'opportunit\u00e0 di assaggiare piatti di stagione dei migliori chef slovacchi a costi accessibili, o di\u00a0godere della\u2026","rel":"","context":"In &quot;Articoli&quot;","img":{"alt_text":"","src":"https:\/\/i0.wp.com\/www.turismoslovacchia.it\/wp-content\/uploads\/music-concer_pix.jpg?resize=350%2C200&ssl=1","width":350,"height":200},"classes":[]},{"id":8743,"url":"https:\/\/www.turismoslovacchia.it\/?p=8743","url_meta":{"origin":8802,"position":2},"title":"Marzo 2018: gli eventi a Bratislava e dintorni","date":"5 Marzo 2018","format":false,"excerpt":"Mese della francofonia \u2013 Bratislava marzo 2018 Il mese di marzo \u00e8 dedicato, a Bratislava e in altre citt\u00e0, alla cultura francofona, un viaggio attraverso un programma variegato che si chiude con la settimana del cinema francese 'Cr\u00e9me de la Creme 5'.\u00a0Una mostra presso la European house of photography (Stredoeur\u00f3pskom\u2026","rel":"","context":"In &quot;Articoli&quot;","img":{"alt_text":"","src":"https:\/\/i0.wp.com\/www.turismoslovacchia.it\/wp-content\/uploads\/francofon-BSK.jpg?resize=350%2C200&ssl=1","width":350,"height":200},"classes":[]},{"id":9210,"url":"https:\/\/www.turismoslovacchia.it\/?p=9210","url_meta":{"origin":8802,"position":3},"title":"Settembre 2019: gli eventi a Bratislava e dintorni","date":"31 Agosto 2019","format":false,"excerpt":"Pezinsk\u00e9 viechy\u00a0\/ Cantine di Pezinok \u2013 Pezinok maggio-ottobre 2019 Dall\u2019inizio di maggio fino al prossimo ottobre, questo evento d\u00e0 l\u2019opportunit\u00e0 unica per degustare i vini dei produttori di Pezinok, e anche chiedere loro curiosit\u00e0 e segreti della propria produzione. Quanto meno, gustare un buon bicchiere di vino in compagnia. Iscrizione\u2026","rel":"","context":"In &quot;Eventi&quot;","img":{"alt_text":"","src":"https:\/\/i0.wp.com\/www.turismoslovacchia.it\/wp-content\/uploads\/eventi_00.jpg?resize=350%2C200&ssl=1","width":350,"height":200},"classes":[]},{"id":8784,"url":"https:\/\/www.turismoslovacchia.it\/?p=8784","url_meta":{"origin":8802,"position":4},"title":"Vota per Bratislava quale &#8220;Miglior destinazione europea 2019&#8221;","date":"25 Gennaio 2019","format":false,"excerpt":"Bratislava \u00e8 stata nominata tra le 20 destinazioni turistiche favorite del 2019 e si \u00e8 stata recentemente classificata terza tra le citt\u00e0 pi\u00f9 verdi del mondo, per i suoi parchi e le foreste che la circondano. Ora la capitale della Slovacchia concorre per vincere il titolo di \"Migliore destinazione europea\u2026","rel":"","context":"In &quot;Articoli&quot;","img":{"alt_text":"","src":"https:\/\/i0.wp.com\/www.turismoslovacchia.it\/wp-content\/uploads\/bratisl-pano_FB-BratislavaRegionTourism.jpg?resize=350%2C200&ssl=1","width":350,"height":200},"classes":[]},{"id":8859,"url":"https:\/\/www.turismoslovacchia.it\/?p=8859","url_meta":{"origin":8802,"position":5},"title":"Vota per Bratislava \u201cMiglior destinazione europea 2019\u201d","date":"4 Febbraio 2019","format":false,"excerpt":"Bratislava \u00e8 stata nominata tra le 20 destinazioni turistiche favorite del 2019 e si \u00e8 stata recentemente classificata terza tra le citt\u00e0 pi\u00f9 verdi del mondo, per i suoi parchi e le foreste che la circondano. Ora la capitale della Slovacchia concorre per vincere\u00a0il titolo di \u201cMigliore destinazione europea 2019\u201d,\u2026","rel":"","context":"In &quot;Articoli&quot;","img":{"alt_text":"","src":"https:\/\/i0.wp.com\/www.turismoslovacchia.it\/wp-content\/uploads\/bratis-cast-int_nrsr.sk6_.jpg?resize=350%2C200&ssl=1","width":350,"height":200},"classes":[]}],"jetpack_shortlink":"https:\/\/wp.me\/p1oiY9-2hY","_links":{"self":[{"href":"https:\/\/www.turismoslovacchia.it\/index.php?rest_route=\/wp\/v2\/posts\/8802"}],"collection":[{"href":"https:\/\/www.turismoslovacchia.it\/index.php?rest_route=\/wp\/v2\/posts"}],"about":[{"href":"https:\/\/www.turismoslovacchia.it\/index.php?rest_route=\/wp\/v2\/types\/post"}],"author":[{"embeddable":true,"href":"https:\/\/www.turismoslovacchia.it\/index.php?rest_route=\/wp\/v2\/users\/2"}],"replies":[{"embeddable":true,"href":"https:\/\/www.turismoslovacchia.it\/index.php?rest_route=%2Fwp%2Fv2%2Fcomments&post=8802"}],"version-history":[{"count":6,"href":"https:\/\/www.turismoslovacchia.it\/index.php?rest_route=\/wp\/v2\/posts\/8802\/revisions"}],"predecessor-version":[{"id":9182,"href":"https:\/\/www.turismoslovacchia.it\/index.php?rest_route=\/wp\/v2\/posts\/8802\/revisions\/9182"}],"wp:featuredmedia":[{"embeddable":true,"href":"https:\/\/www.turismoslovacchia.it\/index.php?rest_route=\/wp\/v2\/media\/249"}],"wp:attachment":[{"href":"https:\/\/www.turismoslovacchia.it\/index.php?rest_route=%2Fwp%2Fv2%2Fmedia&parent=8802"}],"wp:term":[{"taxonomy":"category","embeddable":true,"href":"https:\/\/www.turismoslovacchia.it\/index.php?rest_route=%2Fwp%2Fv2%2Fcategories&post=8802"},{"taxonomy":"post_tag","embeddable":true,"href":"https:\/\/www.turismoslovacchia.it\/index.php?rest_route=%2Fwp%2Fv2%2Ftags&post=8802"}],"curies":[{"name":"wp","href":"https:\/\/api.w.org\/{rel}","templated":true}]}}