{"id":8793,"date":"2019-01-25T23:27:31","date_gmt":"2019-01-25T22:27:31","guid":{"rendered":"https:\/\/www.turismoslovacchia.it\/?p=8793"},"modified":"2019-02-06T23:34:25","modified_gmt":"2019-02-06T22:34:25","slug":"a-bratislava-dal-15-febbraio-grandi-restrizioni-alla-circolazione","status":"publish","type":"post","link":"https:\/\/www.turismoslovacchia.it\/?p=8793","title":{"rendered":"A Bratislava dal 15 febbraio grandi restrizioni alla circolazione"},"content":{"rendered":"<p style=\"text-align: justify;\"><a href=\"https:\/\/www.turismoslovacchia.it\/wp-content\/uploads\/bratis-pano-pontesnp_LubosHouska@pix.jpg\" data-rel=\"lightbox-gallery-V78Rn4j2\" data-rl_title=\"\" data-rl_caption=\"\" title=\"\"><img decoding=\"async\" loading=\"lazy\" class=\"alignnone size-full wp-image-8794\" src=\"https:\/\/www.turismoslovacchia.it\/wp-content\/uploads\/bratis-pano-pontesnp_LubosHouska@pix.jpg\" alt=\"\" width=\"720\" height=\"443\" srcset=\"https:\/\/www.turismoslovacchia.it\/wp-content\/uploads\/bratis-pano-pontesnp_LubosHouska@pix.jpg 720w, https:\/\/www.turismoslovacchia.it\/wp-content\/uploads\/bratis-pano-pontesnp_LubosHouska@pix-300x185.jpg 300w, https:\/\/www.turismoslovacchia.it\/wp-content\/uploads\/bratis-pano-pontesnp_LubosHouska@pix-400x246.jpg 400w, https:\/\/www.turismoslovacchia.it\/wp-content\/uploads\/bratis-pano-pontesnp_LubosHouska@pix-150x92.jpg 150w, https:\/\/www.turismoslovacchia.it\/wp-content\/uploads\/bratis-pano-pontesnp_LubosHouska@pix-100x62.jpg 100w, https:\/\/www.turismoslovacchia.it\/wp-content\/uploads\/bratis-pano-pontesnp_LubosHouska@pix-200x123.jpg 200w\" sizes=\"(max-width: 720px) 100vw, 720px\" \/><\/a><\/p>\n<p style=\"text-align: justify;\">Dal 15 febbraio 2019 a Bratislava saranno\u00a0<a class=\"wp-links-icon\" href=\"https:\/\/www.bratislava.sk\/sk\/sprava\/od-polovice-februara-nastane-mestska-hromadna-oprava\" target=\"_blank\" rel=\"noopener\">imposte restrizioni al traffico<\/a>\u00a0che avranno un grande impatto sui movimenti e in generale sulla vita dei cittadini. Tra breve partir\u00e0 una campagna di informazione delle autorit\u00e0 locali della capitale slovacca allo scopo di invitare le persone a viaggiare in particolare con i mezzi pubblici, per cercare di alleviare almeno in parte gli ingorghi e la difficile situazione che si verr\u00e0 a creare per la mobilit\u00e0 urbana e non solo. Il quartiere pi\u00f9 colpito sar\u00e0 Ruzinov, e la zona rossa \u00e8 compresa tra le strade Gagarinov\u00e1, Landererov\u00e1 e Bajkalsk\u00e1, ma anche altre zone cittadine subiranno delle conseguenze.<\/p>\n<p style=\"text-align: justify;\">A creare il problema sono i lavori di costruzione della nuova tangenziale, ovvero del sistema di viabilit\u00e0 veloce composta dalle autostrade D4 e R7, che si aggiungono alla prevista ricostruzione della strada\u00a0<a class=\"wp-links-icon\" href=\"https:\/\/www.google.it\/maps\/vt\/data=UIk3g2uHcYmtv0_JHd9f7PvQBFifhkCeCR66Nn22iAUu_IUUQzvHeFIdkacekAQS1u_H-JA_34Z1JVvX3HdMmzyskkiLlyrRe3Mf276pXewi07Uza3bvm0piO41OIYFVdZNm_otyyR-kL3RgFt0TfVOpDkXLtgMeH-VPuqQkncidM6XsNo3aBVfjmhteruHkq5AGvLNd\" target=\"_blank\" rel=\"noopener\">Mlynsk\u00e9 Nivy<\/a>\u00a0ai bordi del centro storico, che gi\u00e0 dallo scorso luned\u00ec 14 gennaio \u00e8 stata parzialmente chiusa ma che subir\u00e0 una completa interdizione alla circolazione per sei mesi (e per altri sei riservata solo agli autobus), e a lavori sul raccordo di accesso al Pr\u00edstavn\u00fd most, il Ponte del porto, che accoglie anche il traffico autostradale di passaggio sul territorio cittadino. Qui i lavori, suddivisi in sei fasi, dureranno per due anni (nella visualizzazione pi\u00f9 sotto il suo aspetto futuro).<\/p>\n<h3 style=\"text-align: justify;\">Per maggiori dettagli <a href=\"https:\/\/www.buongiornoslovacchia.sk\/index.php\/archives\/89048\">vedere su Buongiorno Slovacchia<\/a>.<\/h3>\n<p style=\"text-align: right;\">\n<span style=\"color: #808080;\"><em>Foto Lubos Houska <\/em><\/span><a href=\"https:\/\/pixabay.com\/en\/bratislava-city-slovakia-bridge-1324693\/\"><span style=\"color: #808080;\"><em>CC0<\/em><\/span><\/a><\/p>\n","protected":false},"excerpt":{"rendered":"<p>Dal 15 febbraio 2019 a Bratislava saranno\u00a0imposte restrizioni al traffico\u00a0che avranno un grande impatto sui movimenti e in generale sulla vita dei cittadini. Tra breve partir\u00e0 una campagna di informazione delle autorit\u00e0 locali della capitale slovacca allo scopo di invitare le persone a viaggiare in particolare con i mezzi pubblici, per cercare di alleviare almeno [&hellip;]<\/p>\n","protected":false},"author":2,"featured_media":8794,"comment_status":"open","ping_status":"open","sticky":false,"template":"","format":"standard","meta":[],"categories":[3,1],"tags":[9],"aioseo_notices":[],"jetpack_featured_media_url":"https:\/\/www.turismoslovacchia.it\/wp-content\/uploads\/bratis-pano-pontesnp_LubosHouska@pix.jpg","jetpack_sharing_enabled":true,"jetpack-related-posts":[{"id":8799,"url":"https:\/\/www.turismoslovacchia.it\/?p=8799","url_meta":{"origin":8793,"position":0},"title":"Bratislava, dal 18 febbraio a fine marzo alcune linee di bus gratis","date":"5 Febbraio 2019","format":false,"excerpt":"La capitale slovacca ha annunciato la gratuit\u00e0 di alcune linee di autobus e filobus del trasporto pubblico urbano allo scopo di\u00a0alleviare i disagi della popolazione in vista dell\u2019emergenza che si verr\u00e0 a creare dal 15 febbraio con l'adozione delle maggiori restrizioni alla circolazione mai viste\u00a0a Bratislava. In particolare,\u00a0la zona di\u2026","rel":"","context":"In &quot;Articoli&quot;","img":{"alt_text":"","src":"https:\/\/i0.wp.com\/www.turismoslovacchia.it\/wp-content\/uploads\/bratis-duomo-strad-bus_ccby.jpg?resize=350%2C200&ssl=1","width":350,"height":200},"classes":[]},{"id":8421,"url":"https:\/\/www.turismoslovacchia.it\/?p=8421","url_meta":{"origin":8793,"position":1},"title":"Febbraio 2018: gli eventi a Bratislava e dintorni","date":"28 Gennaio 2018","format":false,"excerpt":"Tra\u00a0gli eventi pi\u00f9 rilevanti del febbraio 2010 nella citt\u00e0 e regione di Bratislava\u00a0vanno ricordati la stagione dei balli che come tutti gli anni riporta in Slovacchia un po' dell'atmosfera delle serate danzanti d'epoca asburgica, l'opportunit\u00e0 di assaggiare piatti di stagione dei migliori chef slovacchi a costi accessibili, o di\u00a0godere della\u2026","rel":"","context":"In &quot;Articoli&quot;","img":{"alt_text":"","src":"https:\/\/i0.wp.com\/www.turismoslovacchia.it\/wp-content\/uploads\/music-concer_pix.jpg?resize=350%2C200&ssl=1","width":350,"height":200},"classes":[]},{"id":8802,"url":"https:\/\/www.turismoslovacchia.it\/?p=8802","url_meta":{"origin":8793,"position":2},"title":"Febbraio 2019: gli eventi a Bratislava e dintorni","date":"7 Febbraio 2019","format":false,"excerpt":"Festival invernale della gastronomia \u2013 Bratislava e tutta la Slovacchia 14 gennaio \u2013 24 febbraio 2019 Dal 14 gennaio al 24 febbraio 2019 si potranno gustare piatti di alta cucina a prezzi ragionevoli in molti locali di Bratislava e dintorni, ma anche in altre regioni del paese. Una iniziativa arrivata\u2026","rel":"","context":"In &quot;Articoli&quot;","img":{"alt_text":"","src":"https:\/\/i0.wp.com\/www.turismoslovacchia.it\/wp-content\/uploads\/fasiang-modra_gpb-sk.jpg?resize=350%2C200&ssl=1","width":350,"height":200},"classes":[]},{"id":2750,"url":"https:\/\/www.turismoslovacchia.it\/?p=2750","url_meta":{"origin":8793,"position":3},"title":"Ferrovie slovacche: connessione gratuita wi-fi da agosto su diversi treni IC ed espressi","date":"26 Agosto 2013","format":false,"excerpt":"Buone notizie per i viaggiatori dei treni slovacchi che non possono proprio fare a meno di una connessione wi-fi per i loro dispositivi \u2013 laptop, tablet o smartphone che siano. Le Ferrovie nazionali stanno procedendo gradualmente a introdurre sui loro treni la connessione internet gratuita, e in agosto sono arrivati\u2026","rel":"","context":"In &quot;Articoli&quot;","img":{"alt_text":"","src":"https:\/\/i0.wp.com\/www.turismoslovacchia.it\/wp-content\/uploads\/wifi_herdeirodocaos33_2233946428@flickr.jpg?resize=350%2C200&ssl=1","width":350,"height":200},"classes":[]},{"id":7861,"url":"https:\/\/www.turismoslovacchia.it\/?p=7861","url_meta":{"origin":8793,"position":4},"title":"Da ottobre si vola a Bratislava anche da Bologna","date":"15 Febbraio 2017","format":false,"excerpt":"Ryanair aggiunger\u00e0 alle sue destinazioni dall\u2019aeroporto di Bratislava, a partire dal prossimo orario invernale, due nuove rotte per Bologna e Salonicco. Si tratta di due voli di linea settimanali da e per il capoluogo emiliano e la citt\u00e0 portuale greca, che entreranno in calendario alla fine di ottobre 2017 e\u2026","rel":"","context":"In &quot;Articoli&quot;","img":{"alt_text":"","src":"https:\/\/i0.wp.com\/www.turismoslovacchia.it\/wp-content\/uploads\/voli-aerop_mmisof@pix.jpg?resize=350%2C200&ssl=1","width":350,"height":200},"classes":[]},{"id":8735,"url":"https:\/\/www.turismoslovacchia.it\/?p=8735","url_meta":{"origin":8793,"position":5},"title":"Gennaio 2019: gli eventi a Bratislava e dintorni","date":"10 Gennaio 2019","format":false,"excerpt":"Festival invernale della gastronomia \u2013 Bratislava e tutta la Slovacchia 14 gennaio \u2013 24 febbraio 2019 Dal 14 gennaio al 24 febbraio 2019 si potranno gustare piatti di alta cucina a prezzi ragionevoli in molti locali di Bratislava e dintorni, ma anche in altre regioni del paese. Una iniziativa arrivata\u2026","rel":"","context":"In &quot;Eventi&quot;","img":{"alt_text":"","src":"https:\/\/i0.wp.com\/www.turismoslovacchia.it\/wp-content\/uploads\/chef-festiv-gastro-zimntfestival19.jpg?resize=350%2C200&ssl=1","width":350,"height":200},"classes":[]}],"jetpack_shortlink":"https:\/\/wp.me\/p1oiY9-2hP","_links":{"self":[{"href":"https:\/\/www.turismoslovacchia.it\/index.php?rest_route=\/wp\/v2\/posts\/8793"}],"collection":[{"href":"https:\/\/www.turismoslovacchia.it\/index.php?rest_route=\/wp\/v2\/posts"}],"about":[{"href":"https:\/\/www.turismoslovacchia.it\/index.php?rest_route=\/wp\/v2\/types\/post"}],"author":[{"embeddable":true,"href":"https:\/\/www.turismoslovacchia.it\/index.php?rest_route=\/wp\/v2\/users\/2"}],"replies":[{"embeddable":true,"href":"https:\/\/www.turismoslovacchia.it\/index.php?rest_route=%2Fwp%2Fv2%2Fcomments&post=8793"}],"version-history":[{"count":1,"href":"https:\/\/www.turismoslovacchia.it\/index.php?rest_route=\/wp\/v2\/posts\/8793\/revisions"}],"predecessor-version":[{"id":8795,"href":"https:\/\/www.turismoslovacchia.it\/index.php?rest_route=\/wp\/v2\/posts\/8793\/revisions\/8795"}],"wp:featuredmedia":[{"embeddable":true,"href":"https:\/\/www.turismoslovacchia.it\/index.php?rest_route=\/wp\/v2\/media\/8794"}],"wp:attachment":[{"href":"https:\/\/www.turismoslovacchia.it\/index.php?rest_route=%2Fwp%2Fv2%2Fmedia&parent=8793"}],"wp:term":[{"taxonomy":"category","embeddable":true,"href":"https:\/\/www.turismoslovacchia.it\/index.php?rest_route=%2Fwp%2Fv2%2Fcategories&post=8793"},{"taxonomy":"post_tag","embeddable":true,"href":"https:\/\/www.turismoslovacchia.it\/index.php?rest_route=%2Fwp%2Fv2%2Ftags&post=8793"}],"curies":[{"name":"wp","href":"https:\/\/api.w.org\/{rel}","templated":true}]}}