{"id":8776,"date":"2018-09-28T23:55:52","date_gmt":"2018-09-28T21:55:52","guid":{"rendered":"https:\/\/www.turismoslovacchia.it\/?p=8776"},"modified":"2019-11-02T18:43:26","modified_gmt":"2019-11-02T17:43:26","slug":"ottobre-2018-gli-eventi-a-bratislava-e-dintorni","status":"publish","type":"post","link":"https:\/\/www.turismoslovacchia.it\/?p=8776","title":{"rendered":"Ottobre 2018: gli eventi a Bratislava e dintorni"},"content":{"rendered":"<p style=\"text-align: justify;\"><a href=\"https:\/\/www.turismoslovacchia.it\/wp-content\/uploads\/eventi_00.jpg\" data-rel=\"lightbox-gallery-TnNJ6Fsw\" data-rl_title=\"\" data-rl_caption=\"\" title=\"\"><img decoding=\"async\" loading=\"lazy\" class=\"alignnone size-full wp-image-9133\" src=\"https:\/\/www.turismoslovacchia.it\/wp-content\/uploads\/eventi_00.jpg\" alt=\"\" width=\"720\" height=\"200\" srcset=\"https:\/\/www.turismoslovacchia.it\/wp-content\/uploads\/eventi_00.jpg 720w, https:\/\/www.turismoslovacchia.it\/wp-content\/uploads\/eventi_00-300x83.jpg 300w, https:\/\/www.turismoslovacchia.it\/wp-content\/uploads\/eventi_00-150x42.jpg 150w\" sizes=\"(max-width: 720px) 100vw, 720px\" \/><\/a><\/p>\n<hr \/>\n<p style=\"text-align: justify;\"><span style=\"color: #ff0000;\"><b>Dni Zel\u00e1 \/\u00a0<\/b><b>Festival del cavolo\u00a0<\/b><b>\u2013 Stupava<br \/>\n<\/b><b>5 &#8211; 7 ottobre 2018<\/b><\/span><\/p>\n<p style=\"text-align: justify;\" align=\"justify\"><a title=\"\" href=\"http:\/\/www.turismoslovacchia.it\/wp-content\/uploads\/sagre-cavolo-stupava-dnizela_gob.sk_.jpg\" data-rel=\"lightbox-gallery-bGlnaHRib3gtZ2FsbGVyeS1TQklJVWVFNg==\" data-rl_title=\"\" data-rl_caption=\"\" data-rl_title=\"\" data-rl_caption=\"\"><img decoding=\"async\" loading=\"lazy\" class=\"alignnone size-full wp-image-8273\" src=\"http:\/\/www.turismoslovacchia.it\/wp-content\/uploads\/sagre-cavolo-stupava-dnizela_gob.sk_.jpg\" sizes=\"(max-width: 720px) 100vw, 720px\" srcset=\"https:\/\/www.turismoslovacchia.it\/wp-content\/uploads\/sagre-cavolo-stupava-dnizela_gob.sk_.jpg 720w, https:\/\/www.turismoslovacchia.it\/wp-content\/uploads\/sagre-cavolo-stupava-dnizela_gob.sk_-300x185.jpg 300w, https:\/\/www.turismoslovacchia.it\/wp-content\/uploads\/sagre-cavolo-stupava-dnizela_gob.sk_-400x246.jpg 400w, https:\/\/www.turismoslovacchia.it\/wp-content\/uploads\/sagre-cavolo-stupava-dnizela_gob.sk_-100x62.jpg 100w, https:\/\/www.turismoslovacchia.it\/wp-content\/uploads\/sagre-cavolo-stupava-dnizela_gob.sk_-200x123.jpg 200w, https:\/\/www.turismoslovacchia.it\/wp-content\/uploads\/sagre-cavolo-stupava-dnizela_gob.sk_-150x92.jpg 150w\" alt=\"\" width=\"720\" height=\"443\" \/><\/a><\/p>\n<p style=\"text-align: justify;\" align=\"justify\">Il festival Dni Zel\u00e1 \u00e8 una grande fiera paesana che cerca di preservare le tradizioni della coltivazione e trasformazione delle variet\u00e0 regionali di cavolo che caratterizzano il territorio di Stupava. Il cavolo, nelle sue varie ricette, la fa da padrone e attrae ogni anno migliaia di visitatori come uno degli avvenimenti pi\u00f9 popolari della regione di Zahorie. Il cavolo viene offerto fresco sui banchi del mercato o direttamente nelle case dei produttori, oppure come Kysl\u00e1 kapusta, affettato e in salamoia in grandi tini. Per i visitatori sono a disposizione degustazioni della famosa\u00a0<a href=\"http:\/\/www.turismoslovacchia.it\/?page_id=5161\">kapustnica<\/a>, la gustosa zuppa di cavolo regina del Natale e per la quale ogni donna slovacca ha la sua ricetta speciale. Diversi appuntamenti musicali e spettacoli intratterranno inoltre cittadini e visitatori fino a tardi per l\u2019intero weekend.<br \/>\n<strong>Info:\u00a0<a class=\"wp-links-icon\" href=\"http:\/\/www.mkic.sk\/web\/src\/index.php?lg=sk&amp;pgid=19\" target=\"_blank\" rel=\"external nofollow noopener\">www.mkic.sk<\/a><\/strong><\/p>\n<hr \/>\n<p style=\"text-align: justify;\"><span style=\"color: #ff0000;\"><b>Biela noc \/ Notte bianca \u2013 Bratislava<br \/>\n<\/b><b>13 &#8211; 14 ottobre 2017<\/b><\/span><\/p>\n<p style=\"text-align: justify;\" align=\"justify\"><a href=\"https:\/\/www.turismoslovacchia.it\/wp-content\/uploads\/nottebianca16brati.jpg\" data-rel=\"lightbox-gallery-TnNJ6Fsw\" data-rl_title=\"\" data-rl_caption=\"\" title=\"\"><img decoding=\"async\" loading=\"lazy\" class=\"alignnone size-full wp-image-6620\" src=\"https:\/\/www.turismoslovacchia.it\/wp-content\/uploads\/nottebianca16brati.jpg\" alt=\"\" width=\"520\" height=\"330\" srcset=\"https:\/\/www.turismoslovacchia.it\/wp-content\/uploads\/nottebianca16brati.jpg 520w, https:\/\/www.turismoslovacchia.it\/wp-content\/uploads\/nottebianca16brati-300x190.jpg 300w, https:\/\/www.turismoslovacchia.it\/wp-content\/uploads\/nottebianca16brati-400x254.jpg 400w, https:\/\/www.turismoslovacchia.it\/wp-content\/uploads\/nottebianca16brati-100x63.jpg 100w, https:\/\/www.turismoslovacchia.it\/wp-content\/uploads\/nottebianca16brati-197x125.jpg 197w, https:\/\/www.turismoslovacchia.it\/wp-content\/uploads\/nottebianca16brati-150x95.jpg 150w\" sizes=\"(max-width: 520px) 100vw, 520px\" \/><\/a><\/p>\n<p style=\"text-align: justify;\" align=\"justify\">La Notte Bianca \u00e8 l\u2019evento pi\u00f9 partecipato di arte contemporanea in Slovacchia, e si rif\u00e0 alle esperienze nate in questo campo in altri paesi. Organizzata a Bratislava e nella \u00ecmetropoli dell\u2019est\u2019, Kosice, la Notte Bianca \u00e8 una magica passeggiata notturna per la citt\u00e0 con una ricca offerta di arte, installazioni e performance, sia nei luoghi classici dell\u2019arte che usando come sfondo le piazze, le strade e i monumenti cittadini. Sono chiamati a partecipare rilevanti artisti slovacchi e internazionali.<br \/>\n<b>Info:<\/b>\u00a0<strong><a class=\"wp-links-icon\" href=\"https:\/\/www.bielanoc.sk\/sk\/ba\/umelci\/\" target=\"_blank\" rel=\"external nofollow noopener\">www.bielanoc.sk<\/a><\/strong><\/p>\n<hr \/>\n<p style=\"text-align: justify;\"><span style=\"color: #ff0000;\"><b>Bratislav<\/b><b>a\u00a0<\/b><b>Jazz\u00a0<\/b><b>Days \u2013 Bratislava<br \/>\n<\/b><b>19 &#8211; 21 ottobre 2018<\/b><\/span><\/p>\n<p style=\"text-align: justify;\" align=\"justify\"><a title=\"\" href=\"http:\/\/www.turismoslovacchia.it\/wp-content\/uploads\/jazz-music-concer_tatlin-CC0@pix.jpg\" data-rel=\"lightbox-gallery-bGlnaHRib3gtZ2FsbGVyeS1ndXRxTjlhTQ==\" data-rl_title=\"\" data-rl_caption=\"\" data-rl_title=\"\" data-rl_caption=\"\"><img decoding=\"async\" loading=\"lazy\" class=\"alignnone size-full wp-image-8288\" src=\"http:\/\/www.turismoslovacchia.it\/wp-content\/uploads\/jazz-music-concer_tatlin-CC0@pix.jpg\" sizes=\"(max-width: 720px) 100vw, 720px\" srcset=\"https:\/\/www.turismoslovacchia.it\/wp-content\/uploads\/jazz-music-concer_tatlin-CC0@pix.jpg 720w, https:\/\/www.turismoslovacchia.it\/wp-content\/uploads\/jazz-music-concer_tatlin-CC0@pix-300x185.jpg 300w, https:\/\/www.turismoslovacchia.it\/wp-content\/uploads\/jazz-music-concer_tatlin-CC0@pix-400x246.jpg 400w, https:\/\/www.turismoslovacchia.it\/wp-content\/uploads\/jazz-music-concer_tatlin-CC0@pix-100x62.jpg 100w, https:\/\/www.turismoslovacchia.it\/wp-content\/uploads\/jazz-music-concer_tatlin-CC0@pix-200x123.jpg 200w, https:\/\/www.turismoslovacchia.it\/wp-content\/uploads\/jazz-music-concer_tatlin-CC0@pix-150x92.jpg 150w\" alt=\"\" width=\"720\" height=\"443\" \/><\/a><\/p>\n<p style=\"text-align: justify;\" align=\"justify\">Le Giornate del Jazz di Bratislava sono il pi\u00f9 classico degli appuntamenti per gli slovacchi amanti del jazz di qualit\u00e0. Arrivato al 43esimo anno nell\u2019edizione autunnale, il festival, porta ogni anno sorprese e stelle della scena mondiale della musica jazz in tutte le sue forme e contaminazioni possibili, seguendo le correnti e mode del momento. La rassegna, divenuta una delle pi\u00f9 importanti del suo genere in Europa centrale, nacque nel 1975 da un piccolo gruppo tra i quali c\u2019era Peter Lipa, considerato il padre del jazz slovacco. Gi\u00e0 nel giro di pochi anni, e quando ancora la Slovacchia era dietro la cortina di ferro, il BJD aveva gi\u00e0 visto celebrit\u00e0 come Chick Corea, Herbie Hancock, John McLaughlin, Bobbie McFerrin, Al DiMeola, Jean Luc Ponty, Jack DeJohnette , Marcus Miller e molti altri. Tra gli artisti presenti a questa edizione ci sar\u00e0 ancora Marcus Mille e i Blood, Sweat &amp; Tears.<br \/>\n<strong>Info:\u00a0<a class=\"wp-links-icon\" href=\"http:\/\/www.bjd.sk\/\" target=\"_blank\" rel=\"external nofollow noopener\">www.bjd.sk<\/a><\/strong><\/p>\n<hr \/>\n<p style=\"text-align: justify;\" align=\"justify\"><span style=\"color: #ff0000;\"><strong>Bratislava Jazz Days &#8211; Stefano Bollani<\/strong><\/span><br \/>\n<span style=\"color: #ff0000;\"><strong>20 ottobre 2018<\/strong><\/span><\/p>\n<p style=\"text-align: justify;\" align=\"justify\"><a href=\"https:\/\/www.turismoslovacchia.it\/wp-content\/uploads\/bollani.jpg\" data-rel=\"lightbox-gallery-TnNJ6Fsw\" data-rl_title=\"\" data-rl_caption=\"\" title=\"\"><img decoding=\"async\" loading=\"lazy\" class=\"alignnone size-full wp-image-8592\" src=\"https:\/\/www.turismoslovacchia.it\/wp-content\/uploads\/bollani.jpg\" alt=\"\" width=\"520\" height=\"320\" srcset=\"https:\/\/www.turismoslovacchia.it\/wp-content\/uploads\/bollani.jpg 520w, https:\/\/www.turismoslovacchia.it\/wp-content\/uploads\/bollani-300x185.jpg 300w, https:\/\/www.turismoslovacchia.it\/wp-content\/uploads\/bollani-400x246.jpg 400w, https:\/\/www.turismoslovacchia.it\/wp-content\/uploads\/bollani-150x92.jpg 150w, https:\/\/www.turismoslovacchia.it\/wp-content\/uploads\/bollani-100x62.jpg 100w, https:\/\/www.turismoslovacchia.it\/wp-content\/uploads\/bollani-200x123.jpg 200w\" sizes=\"(max-width: 520px) 100vw, 520px\" \/><\/a><\/p>\n<p style=\"text-align: justify;\" align=\"justify\">Quest&#8217;anno al festival\u00a0<strong>Bratislava Jazz Days<\/strong>, salir\u00e0 sul palco anche la stella italica\u00a0<strong>Stefano Bollani<\/strong>, eclettico compositore, pianista, cantate milanese ben noto anche oltreconfine, con il progetto Napoli Trip.<br \/>\n<a href=\"https:\/\/www.turismoslovacchia.it\/?p=8591\"><strong>Vedi a questo articolo<\/strong><\/a><\/p>\n<hr \/>\n<h4 style=\"text-align: justify;\">Altri eventi del mese nella regione sono visibili sul sito\u00a0<a class=\"wp-links-icon\" href=\"http:\/\/www.gob.sk\/\" target=\"_blank\" rel=\"external nofollow noopener\">www.gob.sk<\/a>. Per gli appuntamenti a Bratislava vedere i siti\u00a0<a class=\"wp-links-icon\" href=\"http:\/\/www.visitbratislava.com\/\" target=\"_blank\" rel=\"external nofollow noopener\">visitbratislava.com<\/a>\u00a0o\u00a0<a class=\"wp-links-icon\" href=\"https:\/\/www.citylife.sk\/\" target=\"_blank\" rel=\"external nofollow noopener\">www.citylife.sk<\/a><\/h4>\n<p style=\"text-align: justify;\" align=\"justify\">\n","protected":false},"excerpt":{"rendered":"<p>Dni Zel\u00e1 \/\u00a0Festival del cavolo\u00a0\u2013 Stupava 5 &#8211; 7 ottobre 2018 Il festival Dni Zel\u00e1 \u00e8 una grande fiera paesana che cerca di preservare le tradizioni della coltivazione e trasformazione delle variet\u00e0 regionali di cavolo che caratterizzano il territorio di Stupava. Il cavolo, nelle sue varie ricette, la fa da padrone e attrae ogni anno [&hellip;]<\/p>\n","protected":false},"author":2,"featured_media":249,"comment_status":"open","ping_status":"open","sticky":false,"template":"","format":"standard","meta":[],"categories":[5,1],"tags":[347,9,29,473],"aioseo_notices":[],"jetpack_featured_media_url":"https:\/\/www.turismoslovacchia.it\/wp-content\/uploads\/2010\/10\/Eventi-in-Slovacchia.jpg","jetpack_sharing_enabled":true,"jetpack-related-posts":[{"id":8588,"url":"https:\/\/www.turismoslovacchia.it\/?p=8588","url_meta":{"origin":8776,"position":0},"title":"Cinema e cibo: gli eventi in Slovacchia della Settimana della Lingua Italiana","date":"11 Ottobre 2018","format":false,"excerpt":"In occasione della\u00a0XVIII Settimana della Lingua Italiana nel Mondo, che si svolge sul tema\u201dL\u2019italiano e la rete, le reti per l\u2019italiano\u201d, l\u2019Istituto Italiano di Cultura di Bratislava ha preparato una serie di eventi a Bratislava, Ru\u017eomberok,\u00a0Bansk\u00e1 Bystrica e Nitra tra\u00a0conversazioni, proiezioni di film, seminari. Il programma di Bratislava Luned\u00ec 15\u2026","rel":"","context":"In &quot;Articoli&quot;","img":{"alt_text":"","src":"https:\/\/i0.wp.com\/www.turismoslovacchia.it\/wp-content\/uploads\/filmitabracibo.jpg?resize=350%2C200&ssl=1","width":350,"height":200},"classes":[]},{"id":8779,"url":"https:\/\/www.turismoslovacchia.it\/?p=8779","url_meta":{"origin":8776,"position":1},"title":"Novembre 2018: gli eventi a Bratislava e dintorni","date":"28 Ottobre 2018","format":false,"excerpt":"Bratislava Music Festival \u2013 Bratislava 28 settembre \u2013 14 ottobre 2018 La 54esima edizione del pi\u00f9 antico e prestigioso festival musicale internazionale in Slovacchia,\u00a0Bratislavsk\u00e9 Hudobn\u00e9 Sl\u00e1vnosti (BHS) prende il via il 28 settembre con un concerto inaugurale della Filarmonica Slovacca diretta da James Judd che vedr\u00e0 eseguiti brani di\u00a0Alexander Moyzes\u2026","rel":"","context":"In &quot;Eventi&quot;","img":{"alt_text":"","src":"https:\/\/i0.wp.com\/www.turismoslovacchia.it\/wp-content\/uploads\/vino-FB_malokarpatskavinnacestaMVC.jpg?resize=350%2C200&ssl=1","width":350,"height":200},"classes":[]},{"id":173,"url":"https:\/\/www.turismoslovacchia.it\/?p=173","url_meta":{"origin":8776,"position":2},"title":"Eventi in Slovacchia \u2013 OTTOBRE 2010","date":"10 Ottobre 2010","format":false,"excerpt":"Calendario eventi OTTOBRE 2010 15 settembre - 6 dicembre, 2010 Giornate di Visegrad Questo evento porta a Ko\u0161ice tutto il meglio della scena della cultura centro-europea. I visitatori possono aspettarsi molti spettacoli e ottimi artisti provenienti dalla Repubblica Ceca, l'Ungheria, la Polonia e la Slovacchia. Luogo: Ko\u0161ice Informazioni: Zdru\u017eenie Forsa\u2026","rel":"","context":"In &quot;Eventi&quot;","img":{"alt_text":"","src":"https:\/\/i0.wp.com\/www.turismoslovacchia.it\/wp-content\/uploads\/2010\/10\/Eventi-in-Slovacchia.jpg?resize=350%2C200&ssl=1","width":350,"height":200},"classes":[]},{"id":8585,"url":"https:\/\/www.turismoslovacchia.it\/?p=8585","url_meta":{"origin":8776,"position":3},"title":"A Bratislava \u2018Ferrante fever\u2019, mini ciclo dedicato a Elena Ferrante","date":"25 Settembre 2018","format":false,"excerpt":"Venerd\u00ec 28 settembre l\u2019Istituto Italiano di Cultura di Bratislava apre un mini ciclo \u2013 giustamente intitolato \u2018Ferrante fever\u2019 \u2013 dedicato alla scrittrice\u00a0Elena Ferrante, che ha incontrato negli ultimi anni un successo planetario divenendo un vero e proprio fenomeno letterario contemporaneo, condito anche, ma solo in piccola parte, dal mistero che\u2026","rel":"","context":"In &quot;Articoli&quot;","img":{"alt_text":"","src":"https:\/\/i0.wp.com\/www.turismoslovacchia.it\/wp-content\/uploads\/ferrant.jpg?resize=350%2C200&ssl=1","width":350,"height":200},"classes":[]},{"id":8279,"url":"https:\/\/www.turismoslovacchia.it\/?p=8279","url_meta":{"origin":8776,"position":4},"title":"Ottobre 2017: gli eventi a Bratislava e dintorni","date":"28 Settembre 2017","format":false,"excerpt":"Tra\u00a0gli eventi pi\u00f9 rilevanti del mese di\u00a0ottobre 2017 nella citt\u00e0 e regione di Bratislava, continuano gli appuntamenti gastronomici\u00a0in regione, come il Festival del cavolo di Stupava, l'Oktoberfest dei produttori di birra artigianale nella capitale, e poi\u00a0il\u00a0Bratislava Music Festival, il pi\u00f9 antico e prestigioso festival musicale internazionale in Slovacchia, la Notte\u2026","rel":"","context":"In &quot;Articoli&quot;","img":{"alt_text":"","src":"https:\/\/i0.wp.com\/www.turismoslovacchia.it\/wp-content\/uploads\/eventi_00.jpg?resize=350%2C200&ssl=1","width":350,"height":200},"classes":[]},{"id":9213,"url":"https:\/\/www.turismoslovacchia.it\/?p=9213","url_meta":{"origin":8776,"position":5},"title":"Ottobre 2019: gli eventi a Bratislava e dintorni","date":"27 Settembre 2019","format":false,"excerpt":"Biela noc \/ Notte bianca \u2013 Bratislava 27 - 29 settembre 2019 La Notte Bianca \u00e8 l\u2019evento pi\u00f9 partecipato di arte contemporanea in Slovacchia, e si rif\u00e0 alle esperienze nate in questo campo in altri paesi. Organizzata a Bratislava e nella \u00ecmetropoli dell\u2019est\u2019, Kosice, la Notte Bianca \u00e8 una magica\u2026","rel":"","context":"In &quot;Eventi&quot;","img":{"alt_text":"","src":"https:\/\/i0.wp.com\/www.turismoslovacchia.it\/wp-content\/uploads\/musica-class@pixx.jpg?resize=350%2C200&ssl=1","width":350,"height":200},"classes":[]}],"jetpack_shortlink":"https:\/\/wp.me\/p1oiY9-2hy","_links":{"self":[{"href":"https:\/\/www.turismoslovacchia.it\/index.php?rest_route=\/wp\/v2\/posts\/8776"}],"collection":[{"href":"https:\/\/www.turismoslovacchia.it\/index.php?rest_route=\/wp\/v2\/posts"}],"about":[{"href":"https:\/\/www.turismoslovacchia.it\/index.php?rest_route=\/wp\/v2\/types\/post"}],"author":[{"embeddable":true,"href":"https:\/\/www.turismoslovacchia.it\/index.php?rest_route=\/wp\/v2\/users\/2"}],"replies":[{"embeddable":true,"href":"https:\/\/www.turismoslovacchia.it\/index.php?rest_route=%2Fwp%2Fv2%2Fcomments&post=8776"}],"version-history":[{"count":4,"href":"https:\/\/www.turismoslovacchia.it\/index.php?rest_route=\/wp\/v2\/posts\/8776\/revisions"}],"predecessor-version":[{"id":9149,"href":"https:\/\/www.turismoslovacchia.it\/index.php?rest_route=\/wp\/v2\/posts\/8776\/revisions\/9149"}],"wp:featuredmedia":[{"embeddable":true,"href":"https:\/\/www.turismoslovacchia.it\/index.php?rest_route=\/wp\/v2\/media\/249"}],"wp:attachment":[{"href":"https:\/\/www.turismoslovacchia.it\/index.php?rest_route=%2Fwp%2Fv2%2Fmedia&parent=8776"}],"wp:term":[{"taxonomy":"category","embeddable":true,"href":"https:\/\/www.turismoslovacchia.it\/index.php?rest_route=%2Fwp%2Fv2%2Fcategories&post=8776"},{"taxonomy":"post_tag","embeddable":true,"href":"https:\/\/www.turismoslovacchia.it\/index.php?rest_route=%2Fwp%2Fv2%2Ftags&post=8776"}],"curies":[{"name":"wp","href":"https:\/\/api.w.org\/{rel}","templated":true}]}}