{"id":8774,"date":"2018-08-30T23:16:09","date_gmt":"2018-08-30T21:16:09","guid":{"rendered":"https:\/\/www.turismoslovacchia.it\/?p=8774"},"modified":"2019-11-02T18:43:46","modified_gmt":"2019-11-02T17:43:46","slug":"settembre-2018-gli-eventi-a-bratislava-e-dintorni","status":"publish","type":"post","link":"https:\/\/www.turismoslovacchia.it\/?p=8774","title":{"rendered":"Settembre 2018: gli eventi a Bratislava e dintorni"},"content":{"rendered":"<p style=\"text-align: justify;\"><a href=\"https:\/\/www.turismoslovacchia.it\/wp-content\/uploads\/eventi_00.jpg\" data-rel=\"lightbox-gallery-G8Gx5qZ7\" data-rl_title=\"\" data-rl_caption=\"\" title=\"\"><img decoding=\"async\" loading=\"lazy\" class=\"alignnone size-full wp-image-9133\" src=\"https:\/\/www.turismoslovacchia.it\/wp-content\/uploads\/eventi_00.jpg\" alt=\"\" width=\"720\" height=\"200\" srcset=\"https:\/\/www.turismoslovacchia.it\/wp-content\/uploads\/eventi_00.jpg 720w, https:\/\/www.turismoslovacchia.it\/wp-content\/uploads\/eventi_00-300x83.jpg 300w, https:\/\/www.turismoslovacchia.it\/wp-content\/uploads\/eventi_00-150x42.jpg 150w\" sizes=\"(max-width: 720px) 100vw, 720px\" \/><\/a><\/p>\n<hr \/>\n<p style=\"text-align: justify;\"><strong><span style=\"color: #ff0000;\">Estate culturale di Bratislava 2018 \u2013 Bratislava<\/span><br \/>\n<span style=\"color: #ff0000;\">giugno\u00a0\u2013 settembre\u00a02018<\/span><br \/>\n<\/strong><\/p>\n<p style=\"text-align: justify;\"><a href=\"https:\/\/www.turismoslovacchia.it\/wp-content\/uploads\/bratislava_event_bkis.sk_.jpg\" data-rel=\"lightbox-gallery-G8Gx5qZ7\" data-rl_title=\"\" data-rl_caption=\"\" title=\"\"><img decoding=\"async\" loading=\"lazy\" class=\"alignnone size-full wp-image-4492\" src=\"https:\/\/www.turismoslovacchia.it\/wp-content\/uploads\/bratislava_event_bkis.sk_.jpg\" alt=\"\" width=\"520\" height=\"320\" srcset=\"https:\/\/www.turismoslovacchia.it\/wp-content\/uploads\/bratislava_event_bkis.sk_.jpg 520w, https:\/\/www.turismoslovacchia.it\/wp-content\/uploads\/bratislava_event_bkis.sk_-300x185.jpg 300w, https:\/\/www.turismoslovacchia.it\/wp-content\/uploads\/bratislava_event_bkis.sk_-400x246.jpg 400w, https:\/\/www.turismoslovacchia.it\/wp-content\/uploads\/bratislava_event_bkis.sk_-100x62.jpg 100w, https:\/\/www.turismoslovacchia.it\/wp-content\/uploads\/bratislava_event_bkis.sk_-200x123.jpg 200w, https:\/\/www.turismoslovacchia.it\/wp-content\/uploads\/bratislava_event_bkis.sk_-150x92.jpg 150w\" sizes=\"(max-width: 520px) 100vw, 520px\" \/><\/a><\/p>\n<p style=\"text-align: justify;\">La rassegna\u00a0\u201cEstate culturale di Bratislava\u201d \u00e8 il pi\u00f9 grande evento estivo in Slovacchia che, nel corso dei mesi d\u2019estate propone nella capitale centinaia di appuntamenti culturali, musicali, letterari, teatrali, e attivit\u00e0 per il tempo libero\u00a0per i residenti e i tanti turisti. Arrivato alla sua 43esima edizione, il festival si volge in gran parte all\u2019aperto, nelle strade, piazze e cortili di Bratislava, oltre che nella corte del Castello.<br \/>\n<strong>Info:<\/strong>\u00a0<a class=\"wp-links-icon\" href=\"http:\/\/www.bkis.sk\/\" target=\"_blank\" rel=\"external nofollow noopener\">www.bkis.sk<\/a>.<\/p>\n<hr \/>\n<p style=\"text-align: justify;\"><span style=\"color: #ff0000;\"><strong>Farm Fest \u2013 Regione di Bratislava<\/strong><\/span><br \/>\n<span style=\"color: #ff0000;\"><strong>aprile \u2013 settembre 2018<\/strong><\/span><\/p>\n<p style=\"text-align: justify;\"><a title=\"\" href=\"https:\/\/www.turismoslovacchia.it\/wp-content\/uploads\/FarmFest-aliment-gastro_BSK_gob.sk_.jpg\" data-rel=\"lightbox-gallery-bGlnaHRib3gtZ2FsbGVyeS1vRUFzcE5OVQ==\" data-rl_title=\"\" data-rl_caption=\"\" data-rl_title=\"\" data-rl_caption=\"\"><img decoding=\"async\" loading=\"lazy\" class=\"alignnone size-full wp-image-8747\" src=\"https:\/\/www.turismoslovacchia.it\/wp-content\/uploads\/FarmFest-aliment-gastro_BSK_gob.sk_.jpg\" sizes=\"(max-width: 720px) 100vw, 720px\" srcset=\"https:\/\/www.turismoslovacchia.it\/wp-content\/uploads\/FarmFest-aliment-gastro_BSK_gob.sk_.jpg 720w, https:\/\/www.turismoslovacchia.it\/wp-content\/uploads\/FarmFest-aliment-gastro_BSK_gob.sk_-300x185.jpg 300w, https:\/\/www.turismoslovacchia.it\/wp-content\/uploads\/FarmFest-aliment-gastro_BSK_gob.sk_-400x246.jpg 400w, https:\/\/www.turismoslovacchia.it\/wp-content\/uploads\/FarmFest-aliment-gastro_BSK_gob.sk_-150x92.jpg 150w, https:\/\/www.turismoslovacchia.it\/wp-content\/uploads\/FarmFest-aliment-gastro_BSK_gob.sk_-100x62.jpg 100w, https:\/\/www.turismoslovacchia.it\/wp-content\/uploads\/FarmFest-aliment-gastro_BSK_gob.sk_-200x123.jpg 200w\" alt=\"\" width=\"720\" height=\"443\" \/><\/a><\/p>\n<p style=\"text-align: justify;\">L\u2019evento Farm Fest \u00e8 inteso mettere in risalto qualit\u00e0, tradizione, gusto e talento degli agricoltori locali con un\u2019ampia selezione di gustosi prodotti che rappresentano l\u2019unicit\u00e0 della regione di Bratislava.<\/p>\n<hr \/>\n<p style=\"text-align: justify;\"><span style=\"color: #ff0000;\"><b>Il Regno dell\u2019Oca \u2013 Kr\u00e1\u013eovstvo husaciny<br \/>\n<\/b><b>1 settembre 2018<\/b><\/span><\/p>\n<p><span class=\"embed-youtube\" style=\"text-align:center; display: block;\"><iframe loading=\"lazy\" class=\"youtube-player\" width=\"1140\" height=\"642\" src=\"https:\/\/www.youtube.com\/embed\/LW56JX9RRHA?version=3&#038;rel=1&#038;showsearch=0&#038;showinfo=1&#038;iv_load_policy=1&#038;fs=1&#038;hl=it-IT&#038;autohide=2&#038;wmode=transparent\" allowfullscreen=\"true\" style=\"border:0;\" sandbox=\"allow-scripts allow-same-origin allow-popups allow-presentation\"><\/iframe><\/span><\/p>\n<p style=\"text-align: justify;\">Il 1\u00b0 settembre 2018 il villaggio di Slovensk\u00fd Grob, a un tiro di schioppo da Bratislava, diventer\u00e0 il Regno dell\u2019Oca. A partire dalle ore 14 si svolger\u00e0 l\u2019incoronazione del re, con la partecipazione di Maria Teresa accompagnata da un banchetto reale, una taverna e deliziosi piatti di carne e fegato d\u2019oca, insieme ad un ricco programma musicale e culturale. L\u2019evento vuole ricordare che le specialit\u00e0 dell\u2019oca sono offerte durante tutto l\u2019anno e non solo nella stagione autunnale, da fine settembre a gennaio.<br \/>\n<strong>Info:\u00a0<a class=\"wp-links-icon\" href=\"http:\/\/www.kralovstvohusaciny.sk\/\" target=\"_blank\" rel=\"external nofollow noopener\">www.kralovstvohusaciny.sk<\/a><\/strong><\/p>\n<hr \/>\n<p style=\"text-align: justify;\"><span style=\"color: #ff0000;\"><strong>Vinobranie \/\u00a0Sagre della vendemmia &#8211;\u00a0Regione di Bratislava<\/strong><\/span><br \/>\n<span style=\"color: #ff0000;\"><b>14-16 settembre 2018 \u2013 Ra\u010da<br \/>\n<\/b><b>28-30 settembre 2018 \u2013 Modra<br \/>\n<\/b><b>21-23 settembre 2018 \u2013 Pezinok<\/b><\/span><\/p>\n<p style=\"text-align: justify;\"><a href=\"https:\/\/www.turismoslovacchia.it\/wp-content\/uploads\/Vinobranie-malekarpaty-vino-vendemm-sagre_gob-skBSK.jpg\" data-rel=\"lightbox-gallery-G8Gx5qZ7\" data-rl_title=\"\" data-rl_caption=\"\" title=\"\"><img decoding=\"async\" loading=\"lazy\" class=\"alignnone size-full wp-image-8775\" src=\"https:\/\/www.turismoslovacchia.it\/wp-content\/uploads\/Vinobranie-malekarpaty-vino-vendemm-sagre_gob-skBSK.jpg\" alt=\"\" width=\"720\" height=\"443\" srcset=\"https:\/\/www.turismoslovacchia.it\/wp-content\/uploads\/Vinobranie-malekarpaty-vino-vendemm-sagre_gob-skBSK.jpg 720w, https:\/\/www.turismoslovacchia.it\/wp-content\/uploads\/Vinobranie-malekarpaty-vino-vendemm-sagre_gob-skBSK-300x185.jpg 300w, https:\/\/www.turismoslovacchia.it\/wp-content\/uploads\/Vinobranie-malekarpaty-vino-vendemm-sagre_gob-skBSK-400x246.jpg 400w, https:\/\/www.turismoslovacchia.it\/wp-content\/uploads\/Vinobranie-malekarpaty-vino-vendemm-sagre_gob-skBSK-150x92.jpg 150w, https:\/\/www.turismoslovacchia.it\/wp-content\/uploads\/Vinobranie-malekarpaty-vino-vendemm-sagre_gob-skBSK-100x62.jpg 100w, https:\/\/www.turismoslovacchia.it\/wp-content\/uploads\/Vinobranie-malekarpaty-vino-vendemm-sagre_gob-skBSK-200x123.jpg 200w\" sizes=\"(max-width: 720px) 100vw, 720px\" \/><\/a><\/p>\n<p style=\"text-align: justify;\">La stagione della raccolta delle uve nella regione di Bratislava \u00e8 accompagnata dalle tradizionali sagre della vendemmia, aperte da marce allegoriche insieme a canti e musica dal vivo di gruppi folcloristici locali. Gli appuntamenti si svolgono nelle localit\u00e0 di Ra\u010da, alla periferia di Bratislava, e a Pezinok, Sv\u00e4t\u00fd Jur e Modra, sulle colline dei Piccoli Carpazi, con spettacoli e concorsi focalizzati sui temi del vino.<br \/>\n<strong>Info: <a href=\"http:\/\/www.raca.sk\">www.raca.sk<\/a>, <a href=\"http:\/\/www.modra.sk\">www.modra.sk<\/a>, <a href=\"http:\/\/www.pezinok.sk\">www.pezinok.sk<\/a><\/strong><\/p>\n<hr \/>\n<p style=\"text-align: justify;\"><span style=\"color: #ff0000;\"><b>\u00da\u013dUV \u2013 Dni majstrov \/\u00a0<\/b><b>I maestri artigiani \u2013 Bratislava<br \/>\n<\/b><b>25 &#8211; 26 settembre 2018<\/b><\/span><\/p>\n<p style=\"text-align: justify;\" align=\"justify\"><a title=\"\" href=\"http:\/\/www.turismoslovacchia.it\/wp-content\/uploads\/artig-folk-uluv_gob.sk_.jpg\" data-rel=\"lightbox-gallery-bGlnaHRib3gtZ2FsbGVyeS1TQklJVWVFNg==\" data-rl_title=\"\" data-rl_caption=\"\" data-rl_title=\"\" data-rl_caption=\"\"><img decoding=\"async\" loading=\"lazy\" class=\"alignnone size-full wp-image-8272\" src=\"http:\/\/www.turismoslovacchia.it\/wp-content\/uploads\/artig-folk-uluv_gob.sk_.jpg\" sizes=\"(max-width: 720px) 100vw, 720px\" srcset=\"https:\/\/www.turismoslovacchia.it\/wp-content\/uploads\/artig-folk-uluv_gob.sk_.jpg 720w, https:\/\/www.turismoslovacchia.it\/wp-content\/uploads\/artig-folk-uluv_gob.sk_-300x185.jpg 300w, https:\/\/www.turismoslovacchia.it\/wp-content\/uploads\/artig-folk-uluv_gob.sk_-400x246.jpg 400w, https:\/\/www.turismoslovacchia.it\/wp-content\/uploads\/artig-folk-uluv_gob.sk_-100x62.jpg 100w, https:\/\/www.turismoslovacchia.it\/wp-content\/uploads\/artig-folk-uluv_gob.sk_-200x123.jpg 200w, https:\/\/www.turismoslovacchia.it\/wp-content\/uploads\/artig-folk-uluv_gob.sk_-150x92.jpg 150w\" alt=\"\" width=\"720\" height=\"443\" \/><\/a><\/p>\n<p style=\"text-align: justify;\" align=\"justify\">Le giornate dei maestri dell\u2019artigianato porteranno per le strade della Citt\u00e0 Vecchia di Bratislava i migliori artigiani del paese. Oltre cento maestri artigiani mostreranno al pubblico l\u2019arte folcloristica e popolare dei loro antichi mestieri e mettono in vendita un assortimento della loro produzione di qualit\u00e0. Durante la giornata l\u2019evento sar\u00e0 allietato da gruppi folcloristici, danzatori e strumentisti, e i visitatori potranno seguire corsi di tecnica artigianale, scuole di danza, concorsi, mostre e altro. L\u2019evento si svolge dal 1990 ed \u00e8 arrivato alla 27esima edizione. \u00da\u013dUV \u00e8 una istituzione per la promozione e la salvaguardia della produzione artistica tradizionale.<br \/>\n<strong>Info:\u00a0<a class=\"wp-links-icon\" href=\"http:\/\/www.uluv.sk\/en\/web\/events\/craftmen-days-uluv\/craftsmen-days-uluv-2017\/program\/\" target=\"_blank\" rel=\"external nofollow noopener\">www.uluv.sk<\/a><\/strong><\/p>\n<hr \/>\n<h4 style=\"text-align: justify;\">Altri eventi del mese nella regione sono visibili sul sito\u00a0<a class=\"wp-links-icon\" href=\"http:\/\/www.gob.sk\/\" target=\"_blank\" rel=\"external nofollow noopener\">www.gob.sk<\/a>. Per gli appuntamenti a Bratislava vedere i siti\u00a0<a class=\"wp-links-icon\" href=\"http:\/\/www.visitbratislava.com\/\" target=\"_blank\" rel=\"external nofollow noopener\">visitbratislava.com<\/a>\u00a0o\u00a0<a class=\"wp-links-icon\" href=\"https:\/\/www.citylife.sk\/\" target=\"_blank\" rel=\"external nofollow noopener\">www.citylife.sk<\/a><\/h4>\n","protected":false},"excerpt":{"rendered":"<p>Estate culturale di Bratislava 2018 \u2013 Bratislava giugno\u00a0\u2013 settembre\u00a02018 La rassegna\u00a0\u201cEstate culturale di Bratislava\u201d \u00e8 il pi\u00f9 grande evento estivo in Slovacchia che, nel corso dei mesi d\u2019estate propone nella capitale centinaia di appuntamenti culturali, musicali, letterari, teatrali, e attivit\u00e0 per il tempo libero\u00a0per i residenti e i tanti turisti. Arrivato alla sua 43esima edizione, [&hellip;]<\/p>\n","protected":false},"author":2,"featured_media":249,"comment_status":"open","ping_status":"open","sticky":false,"template":"","format":"standard","meta":[],"categories":[5,1],"tags":[347,9,473],"aioseo_notices":[],"jetpack_featured_media_url":"https:\/\/www.turismoslovacchia.it\/wp-content\/uploads\/2010\/10\/Eventi-in-Slovacchia.jpg","jetpack_sharing_enabled":true,"jetpack-related-posts":[{"id":8767,"url":"https:\/\/www.turismoslovacchia.it\/?p=8767","url_meta":{"origin":8774,"position":0},"title":"Luglio 2018: gli eventi a Bratislava e dintorni","date":"29 Giugno 2018","format":false,"excerpt":"Estate culturale di Bratislava 2018 \u2013 Bratislava giugno\u00a0\u2013 settembre\u00a02018 La rassegna\u00a0\u201cEstate culturale di Bratislava\u201d \u00e8 il pi\u00f9 grande evento estivo in Slovacchia che, nel corso dei mesi d\u2019estate propone nella capitale centinaia di appuntamenti culturali, musicali, letterari, teatrali, e attivit\u00e0 per il tempo libero\u00a0per i residenti e i tanti turisti.\u2026","rel":"","context":"In &quot;Eventi&quot;","img":{"alt_text":"","src":"https:\/\/i0.wp.com\/www.turismoslovacchia.it\/wp-content\/uploads\/bratis-eurovea-cultur-bkis.jpg?resize=350%2C200&ssl=1","width":350,"height":200},"classes":[]},{"id":9210,"url":"https:\/\/www.turismoslovacchia.it\/?p=9210","url_meta":{"origin":8774,"position":1},"title":"Settembre 2019: gli eventi a Bratislava e dintorni","date":"31 Agosto 2019","format":false,"excerpt":"Pezinsk\u00e9 viechy\u00a0\/ Cantine di Pezinok \u2013 Pezinok maggio-ottobre 2019 Dall\u2019inizio di maggio fino al prossimo ottobre, questo evento d\u00e0 l\u2019opportunit\u00e0 unica per degustare i vini dei produttori di Pezinok, e anche chiedere loro curiosit\u00e0 e segreti della propria produzione. Quanto meno, gustare un buon bicchiere di vino in compagnia. Iscrizione\u2026","rel":"","context":"In &quot;Eventi&quot;","img":{"alt_text":"","src":"https:\/\/i0.wp.com\/www.turismoslovacchia.it\/wp-content\/uploads\/eventi_00.jpg?resize=350%2C200&ssl=1","width":350,"height":200},"classes":[]},{"id":8270,"url":"https:\/\/www.turismoslovacchia.it\/?p=8270","url_meta":{"origin":8774,"position":2},"title":"Settembre 2017: gli eventi a Bratislava e dintorni","date":"25 Agosto 2017","format":false,"excerpt":"Segnaliamo qui gli eventi pi\u00f9 rilevanti del mese di settembre 2017 nella citt\u00e0 e regione di Bratislava.\u00a0Tra quelli da segnalare ci sono diverse Farm Fest, appuntamenti gastronomici in tutta la regione che includono il famoso Festival del cavolo di Stupava o il Regno dell'Oca di Slovensk\u00fd Grob, le sagre della\u2026","rel":"","context":"In &quot;Articoli&quot;","img":{"alt_text":"","src":"https:\/\/i0.wp.com\/www.turismoslovacchia.it\/wp-content\/uploads\/eventi_00.jpg?resize=350%2C200&ssl=1","width":350,"height":200},"classes":[]},{"id":8779,"url":"https:\/\/www.turismoslovacchia.it\/?p=8779","url_meta":{"origin":8774,"position":3},"title":"Novembre 2018: gli eventi a Bratislava e dintorni","date":"28 Ottobre 2018","format":false,"excerpt":"Bratislava Music Festival \u2013 Bratislava 28 settembre \u2013 14 ottobre 2018 La 54esima edizione del pi\u00f9 antico e prestigioso festival musicale internazionale in Slovacchia,\u00a0Bratislavsk\u00e9 Hudobn\u00e9 Sl\u00e1vnosti (BHS) prende il via il 28 settembre con un concerto inaugurale della Filarmonica Slovacca diretta da James Judd che vedr\u00e0 eseguiti brani di\u00a0Alexander Moyzes\u2026","rel":"","context":"In &quot;Eventi&quot;","img":{"alt_text":"","src":"https:\/\/i0.wp.com\/www.turismoslovacchia.it\/wp-content\/uploads\/vino-FB_malokarpatskavinnacestaMVC.jpg?resize=350%2C200&ssl=1","width":350,"height":200},"classes":[]},{"id":3936,"url":"https:\/\/www.turismoslovacchia.it\/?p=3936","url_meta":{"origin":8774,"position":4},"title":"Parte oggi l\u2019Estate di Bratislava con una sfilata in piazza. In totale 250 eventi fino a settembre","date":"12 Giugno 2014","format":false,"excerpt":"Prende il via oggi 12 giugno L'estate culturale di Bratislava che, insieme al Festival del Castello propone eventi multi-genere nella capitale slovacca per i prossimi tre mesi. L\u2019evento con cui si apre ufficialmente la 39esima edizione dell\u2019Estate \u00e8 \u201cM\u00f3da v meste\u201d, Moda in citta', una sfilata di abiti delle collezioni\u2026","rel":"","context":"In &quot;Eventi&quot;","img":{"alt_text":"","src":"https:\/\/i0.wp.com\/www.turismoslovacchia.it\/wp-content\/uploads\/Bratislava-estate-eventi_flickr-10099099554.jpg?resize=350%2C200&ssl=1","width":350,"height":200},"classes":[]},{"id":8257,"url":"https:\/\/www.turismoslovacchia.it\/?p=8257","url_meta":{"origin":8774,"position":5},"title":"Agosto 2017: gli eventi a Bratislava e dintorni","date":"28 Luglio 2017","format":false,"excerpt":"Segnaliamo qui gli eventi pi\u00f9 rilevanti del mese di\u00a0agosto 2017 nella citt\u00e0 e regione di Bratislava.\u00a0Tra quelli da segnalare ci sono l'estate culturale di Bratislava, che\u00a0sta continuando da giugno con le sue\u00a0centinaia di appuntamenti, e la chiusura del\u00a0festival musicale Viva Musica!, poi il Summer Party nel resort acquatico-sportivo\u00a0Divok\u00e1 voda\u00a0a \u010cunovo,\u2026","rel":"","context":"In &quot;Articoli&quot;","img":{"alt_text":"","src":"https:\/\/i0.wp.com\/www.turismoslovacchia.it\/wp-content\/uploads\/eventi_00.jpg?resize=350%2C200&ssl=1","width":350,"height":200},"classes":[]}],"jetpack_shortlink":"https:\/\/wp.me\/p1oiY9-2hw","_links":{"self":[{"href":"https:\/\/www.turismoslovacchia.it\/index.php?rest_route=\/wp\/v2\/posts\/8774"}],"collection":[{"href":"https:\/\/www.turismoslovacchia.it\/index.php?rest_route=\/wp\/v2\/posts"}],"about":[{"href":"https:\/\/www.turismoslovacchia.it\/index.php?rest_route=\/wp\/v2\/types\/post"}],"author":[{"embeddable":true,"href":"https:\/\/www.turismoslovacchia.it\/index.php?rest_route=\/wp\/v2\/users\/2"}],"replies":[{"embeddable":true,"href":"https:\/\/www.turismoslovacchia.it\/index.php?rest_route=%2Fwp%2Fv2%2Fcomments&post=8774"}],"version-history":[{"count":2,"href":"https:\/\/www.turismoslovacchia.it\/index.php?rest_route=\/wp\/v2\/posts\/8774\/revisions"}],"predecessor-version":[{"id":9150,"href":"https:\/\/www.turismoslovacchia.it\/index.php?rest_route=\/wp\/v2\/posts\/8774\/revisions\/9150"}],"wp:featuredmedia":[{"embeddable":true,"href":"https:\/\/www.turismoslovacchia.it\/index.php?rest_route=\/wp\/v2\/media\/249"}],"wp:attachment":[{"href":"https:\/\/www.turismoslovacchia.it\/index.php?rest_route=%2Fwp%2Fv2%2Fmedia&parent=8774"}],"wp:term":[{"taxonomy":"category","embeddable":true,"href":"https:\/\/www.turismoslovacchia.it\/index.php?rest_route=%2Fwp%2Fv2%2Fcategories&post=8774"},{"taxonomy":"post_tag","embeddable":true,"href":"https:\/\/www.turismoslovacchia.it\/index.php?rest_route=%2Fwp%2Fv2%2Ftags&post=8774"}],"curies":[{"name":"wp","href":"https:\/\/api.w.org\/{rel}","templated":true}]}}