{"id":8767,"date":"2018-06-29T22:45:16","date_gmt":"2018-06-29T20:45:16","guid":{"rendered":"https:\/\/www.turismoslovacchia.it\/?p=8767"},"modified":"2019-11-02T18:44:06","modified_gmt":"2019-11-02T17:44:06","slug":"luglio-2018-gli-eventi-a-bratislava-e-dintorni","status":"publish","type":"post","link":"https:\/\/www.turismoslovacchia.it\/?p=8767","title":{"rendered":"Luglio 2018: gli eventi a Bratislava e dintorni"},"content":{"rendered":"<p style=\"text-align: justify;\"><a href=\"https:\/\/www.turismoslovacchia.it\/wp-content\/uploads\/eventi_00.jpg\" data-rel=\"lightbox-gallery-x4gErab2\" data-rl_title=\"\" data-rl_caption=\"\" title=\"\"><img decoding=\"async\" loading=\"lazy\" class=\"alignnone size-full wp-image-9133\" src=\"https:\/\/www.turismoslovacchia.it\/wp-content\/uploads\/eventi_00.jpg\" alt=\"\" width=\"720\" height=\"200\" srcset=\"https:\/\/www.turismoslovacchia.it\/wp-content\/uploads\/eventi_00.jpg 720w, https:\/\/www.turismoslovacchia.it\/wp-content\/uploads\/eventi_00-300x83.jpg 300w, https:\/\/www.turismoslovacchia.it\/wp-content\/uploads\/eventi_00-150x42.jpg 150w\" sizes=\"(max-width: 720px) 100vw, 720px\" \/><\/a><\/p>\n<hr \/>\n<p style=\"text-align: justify;\"><strong><span style=\"color: #ff0000;\">Estate culturale di Bratislava 2018 \u2013 Bratislava<\/span><br \/>\n<span style=\"color: #ff0000;\">giugno\u00a0\u2013 settembre\u00a02018<\/span><br \/>\n<\/strong><\/p>\n<p style=\"text-align: justify;\"><a href=\"https:\/\/www.turismoslovacchia.it\/wp-content\/uploads\/bratis-eurovea-cultur-bkis.jpg\" data-rel=\"lightbox-gallery-x4gErab2\" data-rl_title=\"\" data-rl_caption=\"\" title=\"\"><img decoding=\"async\" loading=\"lazy\" class=\"alignnone size-full wp-image-8770\" src=\"https:\/\/www.turismoslovacchia.it\/wp-content\/uploads\/bratis-eurovea-cultur-bkis.jpg\" alt=\"\" width=\"720\" height=\"443\" srcset=\"https:\/\/www.turismoslovacchia.it\/wp-content\/uploads\/bratis-eurovea-cultur-bkis.jpg 720w, https:\/\/www.turismoslovacchia.it\/wp-content\/uploads\/bratis-eurovea-cultur-bkis-300x185.jpg 300w, https:\/\/www.turismoslovacchia.it\/wp-content\/uploads\/bratis-eurovea-cultur-bkis-400x246.jpg 400w, https:\/\/www.turismoslovacchia.it\/wp-content\/uploads\/bratis-eurovea-cultur-bkis-150x92.jpg 150w, https:\/\/www.turismoslovacchia.it\/wp-content\/uploads\/bratis-eurovea-cultur-bkis-100x62.jpg 100w, https:\/\/www.turismoslovacchia.it\/wp-content\/uploads\/bratis-eurovea-cultur-bkis-200x123.jpg 200w\" sizes=\"(max-width: 720px) 100vw, 720px\" \/><\/a><\/p>\n<p style=\"text-align: justify;\">La rassegna\u00a0\u201cEstate culturale di Bratislava\u201d \u00e8 il pi\u00f9 grande evento estivo in Slovacchia che, nel corso dei mesi d\u2019estate propone nella capitale centinaia di appuntamenti culturali, musicali, letterari, teatrali, e attivit\u00e0 per il tempo libero\u00a0per i residenti e i tanti turisti. Arrivato alla sua 43esima edizione, il festival si volge in gran parte all\u2019aperto, nelle strade, piazze e cortili di Bratislava, oltre che nella corte del Castello.<br \/>\n<strong>Info:<\/strong>\u00a0<a class=\"wp-links-icon\" href=\"http:\/\/www.bkis.sk\/\" target=\"_blank\" rel=\"external nofollow noopener\">www.bkis.sk<\/a>.<\/p>\n<hr \/>\n<p style=\"text-align: justify;\"><span style=\"color: #ff0000;\"><strong>VIVA MUSICA! FESTIVAL \u2013 Bratislava<br \/>\n6 luglio \u2013\u00a025 agosto\u00a0<\/strong><\/span><span style=\"color: #ff0000;\"><strong>2018<\/strong><\/span><\/p>\n<p style=\"text-align: justify;\"><a href=\"https:\/\/www.turismoslovacchia.it\/wp-content\/uploads\/vivamusica-bratis-festiv.jpg\" data-rel=\"lightbox-gallery-x4gErab2\" data-rl_title=\"\" data-rl_caption=\"\" title=\"\"><img decoding=\"async\" loading=\"lazy\" class=\"alignnone size-full wp-image-8237\" src=\"https:\/\/www.turismoslovacchia.it\/wp-content\/uploads\/vivamusica-bratis-festiv.jpg\" alt=\"\" width=\"720\" height=\"443\" srcset=\"https:\/\/www.turismoslovacchia.it\/wp-content\/uploads\/vivamusica-bratis-festiv.jpg 720w, https:\/\/www.turismoslovacchia.it\/wp-content\/uploads\/vivamusica-bratis-festiv-300x185.jpg 300w, https:\/\/www.turismoslovacchia.it\/wp-content\/uploads\/vivamusica-bratis-festiv-400x246.jpg 400w, https:\/\/www.turismoslovacchia.it\/wp-content\/uploads\/vivamusica-bratis-festiv-100x62.jpg 100w, https:\/\/www.turismoslovacchia.it\/wp-content\/uploads\/vivamusica-bratis-festiv-200x123.jpg 200w, https:\/\/www.turismoslovacchia.it\/wp-content\/uploads\/vivamusica-bratis-festiv-150x92.jpg 150w\" sizes=\"(max-width: 720px) 100vw, 720px\" \/><\/a><\/p>\n<p style=\"text-align: justify;\">Il festival Viva Musica! \u00e8 nato nel 2005 con l&#8217;ambizione di creare un evento estivo di un alto livello per tutti gli appassionati di musica classica ma in luoghi e con stile innovativo. Il festival offre il meglio della musica classica con esecuzioni raffinate da artisti e gruppi di \u00e9lite nazionali\u00a0e internazionali.<br \/>\n<strong>Info: <a href=\"http:\/\/www.vivamusica.sk\">www.vivamusica.sk<\/a><\/strong><\/p>\n<hr \/>\n<p style=\"text-align: justify;\"><strong><span style=\"color: #ff0000;\">Festival delle arti dimenticate \u2013 Castello \u010cerven\u00fd Kame\u0148<\/span><br \/>\n<span style=\"color: #ff0000;\">30 giugno &#8211; 1 luglio 2018<\/span><br \/>\n<\/strong><\/p>\n<p style=\"text-align: justify;\"><a href=\"https:\/\/www.turismoslovacchia.it\/wp-content\/uploads\/cervenykamen-festiv-medioev-festival-zabudnutych-remesiel_gb-sk.jpg\" data-rel=\"lightbox-gallery-x4gErab2\" data-rl_title=\"\" data-rl_caption=\"\" title=\"\"><img decoding=\"async\" loading=\"lazy\" class=\"alignnone size-full wp-image-8769\" src=\"https:\/\/www.turismoslovacchia.it\/wp-content\/uploads\/cervenykamen-festiv-medioev-festival-zabudnutych-remesiel_gb-sk.jpg\" alt=\"\" width=\"720\" height=\"443\" srcset=\"https:\/\/www.turismoslovacchia.it\/wp-content\/uploads\/cervenykamen-festiv-medioev-festival-zabudnutych-remesiel_gb-sk.jpg 720w, https:\/\/www.turismoslovacchia.it\/wp-content\/uploads\/cervenykamen-festiv-medioev-festival-zabudnutych-remesiel_gb-sk-300x185.jpg 300w, https:\/\/www.turismoslovacchia.it\/wp-content\/uploads\/cervenykamen-festiv-medioev-festival-zabudnutych-remesiel_gb-sk-400x246.jpg 400w, https:\/\/www.turismoslovacchia.it\/wp-content\/uploads\/cervenykamen-festiv-medioev-festival-zabudnutych-remesiel_gb-sk-150x92.jpg 150w, https:\/\/www.turismoslovacchia.it\/wp-content\/uploads\/cervenykamen-festiv-medioev-festival-zabudnutych-remesiel_gb-sk-100x62.jpg 100w, https:\/\/www.turismoslovacchia.it\/wp-content\/uploads\/cervenykamen-festiv-medioev-festival-zabudnutych-remesiel_gb-sk-200x123.jpg 200w\" sizes=\"(max-width: 720px) 100vw, 720px\" \/><\/a><\/p>\n<p style=\"text-align: justify;\">Entrate nel mondo medievale e trovatevi al centro di un mercato. Benvenuti nel mondo pieno di gioia, arte,\u00a0gusti e odori di ogni genere . Si pu\u00f2 divenire\u00a0testimone di un atto legale con un ladro, ci si pu\u00f2 vestire con abiti del tempo, si possono vedere \u201cuomini d\u2019affari\u201d a caccia di polli da spennare o abili artigiani che mostrano le arti e mestieri medievali con gli strumenti dell\u2019epoca.<br \/>\n<strong>Info:\u00a0\u00a0<\/strong><a class=\"wp-links-icon\" href=\"http:\/\/www.remeselnyfestival.schatmansdorf.sk\/\" target=\"_blank\" rel=\"external nofollow noopener\">www.remeselnyfestival.schatmansdorf.sk<\/a>.<\/p>\n<hr \/>\n<h4 style=\"text-align: justify;\">Altri eventi del mese nella regione sono visibili sul sito\u00a0<a class=\"wp-links-icon\" href=\"http:\/\/www.gob.sk\/\" target=\"_blank\" rel=\"external nofollow noopener\">www.gob.sk<\/a>. Per gli appuntamenti a Bratislava vedere i siti\u00a0<a class=\"wp-links-icon\" href=\"http:\/\/www.visitbratislava.com\/\" target=\"_blank\" rel=\"external nofollow noopener\">visitbratislava.com<\/a>\u00a0o\u00a0<a class=\"wp-links-icon\" href=\"https:\/\/www.citylife.sk\/\" target=\"_blank\" rel=\"external nofollow noopener\">www.citylife.sk<\/a><\/h4>\n","protected":false},"excerpt":{"rendered":"<p>Estate culturale di Bratislava 2018 \u2013 Bratislava giugno\u00a0\u2013 settembre\u00a02018 La rassegna\u00a0\u201cEstate culturale di Bratislava\u201d \u00e8 il pi\u00f9 grande evento estivo in Slovacchia che, nel corso dei mesi d\u2019estate propone nella capitale centinaia di appuntamenti culturali, musicali, letterari, teatrali, e attivit\u00e0 per il tempo libero\u00a0per i residenti e i tanti turisti. Arrivato alla sua 43esima edizione, [&hellip;]<\/p>\n","protected":false},"author":2,"featured_media":249,"comment_status":"open","ping_status":"open","sticky":false,"template":"","format":"standard","meta":[],"categories":[5,1],"tags":[749,9,736,29,473],"aioseo_notices":[],"jetpack_featured_media_url":"https:\/\/www.turismoslovacchia.it\/wp-content\/uploads\/2010\/10\/Eventi-in-Slovacchia.jpg","jetpack_sharing_enabled":true,"jetpack-related-posts":[{"id":8774,"url":"https:\/\/www.turismoslovacchia.it\/?p=8774","url_meta":{"origin":8767,"position":0},"title":"Settembre 2018: gli eventi a Bratislava e dintorni","date":"30 Agosto 2018","format":false,"excerpt":"Estate culturale di Bratislava 2018 \u2013 Bratislava giugno\u00a0\u2013 settembre\u00a02018 La rassegna\u00a0\u201cEstate culturale di Bratislava\u201d \u00e8 il pi\u00f9 grande evento estivo in Slovacchia che, nel corso dei mesi d\u2019estate propone nella capitale centinaia di appuntamenti culturali, musicali, letterari, teatrali, e attivit\u00e0 per il tempo libero\u00a0per i residenti e i tanti turisti.\u2026","rel":"","context":"In &quot;Eventi&quot;","img":{"alt_text":"","src":"https:\/\/i0.wp.com\/www.turismoslovacchia.it\/wp-content\/uploads\/Vinobranie-malekarpaty-vino-vendemm-sagre_gob-skBSK.jpg?resize=350%2C200&ssl=1","width":350,"height":200},"classes":[]},{"id":9210,"url":"https:\/\/www.turismoslovacchia.it\/?p=9210","url_meta":{"origin":8767,"position":1},"title":"Settembre 2019: gli eventi a Bratislava e dintorni","date":"31 Agosto 2019","format":false,"excerpt":"Pezinsk\u00e9 viechy\u00a0\/ Cantine di Pezinok \u2013 Pezinok maggio-ottobre 2019 Dall\u2019inizio di maggio fino al prossimo ottobre, questo evento d\u00e0 l\u2019opportunit\u00e0 unica per degustare i vini dei produttori di Pezinok, e anche chiedere loro curiosit\u00e0 e segreti della propria produzione. Quanto meno, gustare un buon bicchiere di vino in compagnia. Iscrizione\u2026","rel":"","context":"In &quot;Eventi&quot;","img":{"alt_text":"","src":"https:\/\/i0.wp.com\/www.turismoslovacchia.it\/wp-content\/uploads\/eventi_00.jpg?resize=350%2C200&ssl=1","width":350,"height":200},"classes":[]},{"id":8257,"url":"https:\/\/www.turismoslovacchia.it\/?p=8257","url_meta":{"origin":8767,"position":2},"title":"Agosto 2017: gli eventi a Bratislava e dintorni","date":"28 Luglio 2017","format":false,"excerpt":"Segnaliamo qui gli eventi pi\u00f9 rilevanti del mese di\u00a0agosto 2017 nella citt\u00e0 e regione di Bratislava.\u00a0Tra quelli da segnalare ci sono l'estate culturale di Bratislava, che\u00a0sta continuando da giugno con le sue\u00a0centinaia di appuntamenti, e la chiusura del\u00a0festival musicale Viva Musica!, poi il Summer Party nel resort acquatico-sportivo\u00a0Divok\u00e1 voda\u00a0a \u010cunovo,\u2026","rel":"","context":"In &quot;Articoli&quot;","img":{"alt_text":"","src":"https:\/\/i0.wp.com\/www.turismoslovacchia.it\/wp-content\/uploads\/eventi_00.jpg?resize=350%2C200&ssl=1","width":350,"height":200},"classes":[]},{"id":8270,"url":"https:\/\/www.turismoslovacchia.it\/?p=8270","url_meta":{"origin":8767,"position":3},"title":"Settembre 2017: gli eventi a Bratislava e dintorni","date":"25 Agosto 2017","format":false,"excerpt":"Segnaliamo qui gli eventi pi\u00f9 rilevanti del mese di settembre 2017 nella citt\u00e0 e regione di Bratislava.\u00a0Tra quelli da segnalare ci sono diverse Farm Fest, appuntamenti gastronomici in tutta la regione che includono il famoso Festival del cavolo di Stupava o il Regno dell'Oca di Slovensk\u00fd Grob, le sagre della\u2026","rel":"","context":"In &quot;Articoli&quot;","img":{"alt_text":"","src":"https:\/\/i0.wp.com\/www.turismoslovacchia.it\/wp-content\/uploads\/eventi_00.jpg?resize=350%2C200&ssl=1","width":350,"height":200},"classes":[]},{"id":8779,"url":"https:\/\/www.turismoslovacchia.it\/?p=8779","url_meta":{"origin":8767,"position":4},"title":"Novembre 2018: gli eventi a Bratislava e dintorni","date":"28 Ottobre 2018","format":false,"excerpt":"Bratislava Music Festival \u2013 Bratislava 28 settembre \u2013 14 ottobre 2018 La 54esima edizione del pi\u00f9 antico e prestigioso festival musicale internazionale in Slovacchia,\u00a0Bratislavsk\u00e9 Hudobn\u00e9 Sl\u00e1vnosti (BHS) prende il via il 28 settembre con un concerto inaugurale della Filarmonica Slovacca diretta da James Judd che vedr\u00e0 eseguiti brani di\u00a0Alexander Moyzes\u2026","rel":"","context":"In &quot;Eventi&quot;","img":{"alt_text":"","src":"https:\/\/i0.wp.com\/www.turismoslovacchia.it\/wp-content\/uploads\/vino-FB_malokarpatskavinnacestaMVC.jpg?resize=350%2C200&ssl=1","width":350,"height":200},"classes":[]},{"id":8746,"url":"https:\/\/www.turismoslovacchia.it\/?p=8746","url_meta":{"origin":8767,"position":5},"title":"Aprile 2018: gli eventi a Bratislava e dintorni","date":"2 Aprile 2018","format":false,"excerpt":"NOV\u00c1 DOBA. 1920-1930\u00a0\u2013 Bratislava 22 febbraio \u2013 25 aprile 2018 Nuova Era. 1920-1930.\u00a0Ciclo di conferenze sul 100\u00b0 anniversario della prima Repubblica Cecoslovacca. Nonostante si sia scelto un periodo definito, grosso modo il primo decennio dopo la nascita della Cecoslovacchia indipendente, si car\u00e0 spazio anche pi\u00f9 in generale su tutta la\u2026","rel":"","context":"In &quot;Articoli&quot;","img":{"alt_text":"","src":"https:\/\/i0.wp.com\/www.turismoslovacchia.it\/wp-content\/uploads\/Bratislava-panor_gob.sk_BSK.jpg?resize=350%2C200&ssl=1","width":350,"height":200},"classes":[]}],"jetpack_shortlink":"https:\/\/wp.me\/p1oiY9-2hp","_links":{"self":[{"href":"https:\/\/www.turismoslovacchia.it\/index.php?rest_route=\/wp\/v2\/posts\/8767"}],"collection":[{"href":"https:\/\/www.turismoslovacchia.it\/index.php?rest_route=\/wp\/v2\/posts"}],"about":[{"href":"https:\/\/www.turismoslovacchia.it\/index.php?rest_route=\/wp\/v2\/types\/post"}],"author":[{"embeddable":true,"href":"https:\/\/www.turismoslovacchia.it\/index.php?rest_route=\/wp\/v2\/users\/2"}],"replies":[{"embeddable":true,"href":"https:\/\/www.turismoslovacchia.it\/index.php?rest_route=%2Fwp%2Fv2%2Fcomments&post=8767"}],"version-history":[{"count":4,"href":"https:\/\/www.turismoslovacchia.it\/index.php?rest_route=\/wp\/v2\/posts\/8767\/revisions"}],"predecessor-version":[{"id":9151,"href":"https:\/\/www.turismoslovacchia.it\/index.php?rest_route=\/wp\/v2\/posts\/8767\/revisions\/9151"}],"wp:featuredmedia":[{"embeddable":true,"href":"https:\/\/www.turismoslovacchia.it\/index.php?rest_route=\/wp\/v2\/media\/249"}],"wp:attachment":[{"href":"https:\/\/www.turismoslovacchia.it\/index.php?rest_route=%2Fwp%2Fv2%2Fmedia&parent=8767"}],"wp:term":[{"taxonomy":"category","embeddable":true,"href":"https:\/\/www.turismoslovacchia.it\/index.php?rest_route=%2Fwp%2Fv2%2Fcategories&post=8767"},{"taxonomy":"post_tag","embeddable":true,"href":"https:\/\/www.turismoslovacchia.it\/index.php?rest_route=%2Fwp%2Fv2%2Ftags&post=8767"}],"curies":[{"name":"wp","href":"https:\/\/api.w.org\/{rel}","templated":true}]}}