{"id":8762,"date":"2018-05-28T21:50:37","date_gmt":"2018-05-28T19:50:37","guid":{"rendered":"https:\/\/www.turismoslovacchia.it\/?p=8762"},"modified":"2019-11-02T18:44:26","modified_gmt":"2019-11-02T17:44:26","slug":"giugno-2018-gli-eventi-a-bratislava-e-dintorni","status":"publish","type":"post","link":"https:\/\/www.turismoslovacchia.it\/?p=8762","title":{"rendered":"Giugno 2018: gli eventi a Bratislava e dintorni"},"content":{"rendered":"<p style=\"text-align: justify;\"><a href=\"https:\/\/www.turismoslovacchia.it\/wp-content\/uploads\/eventi_00.jpg\" data-rel=\"lightbox-gallery-G0Wd5oaV\" data-rl_title=\"\" data-rl_caption=\"\" title=\"\"><img decoding=\"async\" loading=\"lazy\" class=\"alignnone size-full wp-image-9133\" src=\"https:\/\/www.turismoslovacchia.it\/wp-content\/uploads\/eventi_00.jpg\" alt=\"\" width=\"720\" height=\"200\" srcset=\"https:\/\/www.turismoslovacchia.it\/wp-content\/uploads\/eventi_00.jpg 720w, https:\/\/www.turismoslovacchia.it\/wp-content\/uploads\/eventi_00-300x83.jpg 300w, https:\/\/www.turismoslovacchia.it\/wp-content\/uploads\/eventi_00-150x42.jpg 150w\" sizes=\"(max-width: 720px) 100vw, 720px\" \/><\/a><\/p>\n<hr \/>\n<p style=\"text-align: justify;\"><span style=\"color: #ff0000;\"><strong>Weekwnd dei parchi e giardini aperti<\/strong><\/span><br \/>\n<span style=\"color: #ff0000;\"><strong>1 &#8211; 3 giugno 2018<\/strong><\/span><\/p>\n<p style=\"text-align: justify;\"><a href=\"https:\/\/www.turismoslovacchia.it\/wp-content\/uploads\/bratis-verde-forest-parch-giard1_visitbratis.jpg\" data-rel=\"lightbox-gallery-G0Wd5oaV\" data-rl_title=\"\" data-rl_caption=\"\" title=\"\"><img decoding=\"async\" loading=\"lazy\" class=\"alignnone size-full wp-image-8640\" src=\"https:\/\/www.turismoslovacchia.it\/wp-content\/uploads\/bratis-verde-forest-parch-giard1_visitbratis.jpg\" alt=\"\" width=\"720\" height=\"443\" srcset=\"https:\/\/www.turismoslovacchia.it\/wp-content\/uploads\/bratis-verde-forest-parch-giard1_visitbratis.jpg 720w, https:\/\/www.turismoslovacchia.it\/wp-content\/uploads\/bratis-verde-forest-parch-giard1_visitbratis-300x185.jpg 300w, https:\/\/www.turismoslovacchia.it\/wp-content\/uploads\/bratis-verde-forest-parch-giard1_visitbratis-400x246.jpg 400w, https:\/\/www.turismoslovacchia.it\/wp-content\/uploads\/bratis-verde-forest-parch-giard1_visitbratis-150x92.jpg 150w, https:\/\/www.turismoslovacchia.it\/wp-content\/uploads\/bratis-verde-forest-parch-giard1_visitbratis-100x62.jpg 100w, https:\/\/www.turismoslovacchia.it\/wp-content\/uploads\/bratis-verde-forest-parch-giard1_visitbratis-200x123.jpg 200w\" sizes=\"(max-width: 720px) 100vw, 720px\" \/><\/a><\/p>\n<p style=\"text-align: justify;\">Decine di aree verdi, storiche e moderne, saranno aperte durante il fine settimana a Bratislava e in tutto il Paese. Solo nella capitale \u00e8 possibile visitare oltre venti tra giardini e parchi, alcuni dei quali durante l\u2019anno non sono fruibili al grande pubblico.<br \/>\n<strong>Info:\u00a0<\/strong><a href=\"http:\/\/www.vikendotvorenychzahrad.sk\/\"><strong>www.vikendotvorenychzahrad.sk<\/strong><\/a><\/p>\n<hr \/>\n<p style=\"text-align: justify;\"><span style=\"color: #ff0000;\"><strong>Urban Art Festival &#8211; Bratislava\u00a0<\/strong><\/span><br \/>\n<span style=\"color: #ff0000;\"><strong>30 giugno &#8211; 1 luglio 2018<\/strong><\/span><\/p>\n<p style=\"text-align: justify;\"><img decoding=\"async\" loading=\"lazy\" class=\" alignleft\" src=\"https:\/\/www.urbanartfestival.sk\/assets\/images\/banner.jpg\" width=\"186\" height=\"155\" \/>Festival musicale multi-genere che si svolge per le strade di Bratislava. Durante il festival \u00e8 possibile visitare diverse fasi senza perdere le aree tematiche e le discussioni. Urban Art presenta una serie di eventi di accompagnamento. In un giorno si scoprono luoghi importanti di Bratislava, artisti di rilievo sulla scena locale. Il tutto a ingresso gratuito.<br \/>\n<strong>Info:\u00a0<a href=\"https:\/\/www.urbanartfestival.sk\/sk\/home\">www.urbanartfestival.sk<\/a><\/strong><\/p>\n<hr \/>\n<p style=\"text-align: justify;\"><strong><span style=\"color: #ff0000;\">Mercato della ceramica \u2013 Pezinok<\/span><br \/>\n<span style=\"color: #ff0000;\">giugno\u00a02018<\/span><br \/>\n<\/strong><\/p>\n<p style=\"text-align: justify;\"><a title=\"\" href=\"http:\/\/www.turismoslovacchia.it\/wp-content\/uploads\/pezinok-ceramic_muzeumpezinok.sk_.jpg\" data-rel=\"lightbox-gallery-bGlnaHRib3gtZ2FsbGVyeS1YTnAxblZYYQ==\" data-rl_title=\"\" data-rl_caption=\"\" data-rl_title=\"\" data-rl_caption=\"\"><img decoding=\"async\" loading=\"lazy\" class=\"alignnone size-full wp-image-8241\" src=\"http:\/\/www.turismoslovacchia.it\/wp-content\/uploads\/pezinok-ceramic_muzeumpezinok.sk_.jpg\" sizes=\"(max-width: 720px) 100vw, 720px\" srcset=\"https:\/\/www.turismoslovacchia.it\/wp-content\/uploads\/pezinok-ceramic_muzeumpezinok.sk_.jpg 720w, https:\/\/www.turismoslovacchia.it\/wp-content\/uploads\/pezinok-ceramic_muzeumpezinok.sk_-300x185.jpg 300w, https:\/\/www.turismoslovacchia.it\/wp-content\/uploads\/pezinok-ceramic_muzeumpezinok.sk_-400x246.jpg 400w, https:\/\/www.turismoslovacchia.it\/wp-content\/uploads\/pezinok-ceramic_muzeumpezinok.sk_-100x62.jpg 100w, https:\/\/www.turismoslovacchia.it\/wp-content\/uploads\/pezinok-ceramic_muzeumpezinok.sk_-200x123.jpg 200w, https:\/\/www.turismoslovacchia.it\/wp-content\/uploads\/pezinok-ceramic_muzeumpezinok.sk_-150x92.jpg 150w\" alt=\"\" width=\"720\" height=\"443\" \/><\/a><\/p>\n<p style=\"text-align: justify;\">Grande presentazione e vendita della lavorazione artigianale da ceramisti provenienti da\u00a0tutta la Slovacchia e da alcuni paesi stranieri. L\u2019evento include una mostra di ceramica presso il locale Museo dei Piccoli Carpazi (Malokarpatsk\u00e9 m\u00fazeum)\u00a0e un concorso di ceramica, che mettono in risalto\u00a0l&#8217;artigianato lcoale dei Piccoli Carpazi, una tradizione conosciuta da secoli.\u00a0L\u2019evento, arrivato alla quindicesima edizione, si svolge nel weekend pi\u00f9 vicino al 14 giugno, data in cui nel 1647 furono\u00a0concessi a Pezinok i privilegi reali di Citt\u00e0. Grande partecipazione del pubblico, con oltre 20.000 visitatori.<br \/>\n<strong>Info:\u00a0<a class=\"wp-links-icon\" href=\"http:\/\/www.muzeumpezinok.sk\/sk\/najblizsie-podujatia\/keramicke-trhy-2018-rozpalia-pezinok\" target=\"_blank\" rel=\"external nofollow noopener\">www.muzeumpezinok.sk<\/a>.<\/strong><\/p>\n<hr \/>\n<p style=\"text-align: justify;\"><span style=\"color: #ff0000;\"><strong>Cerimonia di incoronazione &#8211; Bratislava\u00a0<\/strong><\/span><br \/>\n<span style=\"color: #ff0000;\"><strong>27 &#8211; 28 giugno 2018<\/strong><\/span><\/p>\n<p style=\"text-align: justify;\"><a href=\"https:\/\/www.turismoslovacchia.it\/wp-content\/uploads\/incoronaz-Bratis-mariateres_gobsk.jpg\" data-rel=\"lightbox-gallery-G0Wd5oaV\" data-rl_title=\"\" data-rl_caption=\"\" title=\"\"><img decoding=\"async\" loading=\"lazy\" class=\"alignnone size-full wp-image-8246\" src=\"https:\/\/www.turismoslovacchia.it\/wp-content\/uploads\/incoronaz-Bratis-mariateres_gobsk.jpg\" alt=\"\" width=\"720\" height=\"443\" srcset=\"https:\/\/www.turismoslovacchia.it\/wp-content\/uploads\/incoronaz-Bratis-mariateres_gobsk.jpg 720w, https:\/\/www.turismoslovacchia.it\/wp-content\/uploads\/incoronaz-Bratis-mariateres_gobsk-300x185.jpg 300w, https:\/\/www.turismoslovacchia.it\/wp-content\/uploads\/incoronaz-Bratis-mariateres_gobsk-400x246.jpg 400w, https:\/\/www.turismoslovacchia.it\/wp-content\/uploads\/incoronaz-Bratis-mariateres_gobsk-100x62.jpg 100w, https:\/\/www.turismoslovacchia.it\/wp-content\/uploads\/incoronaz-Bratis-mariateres_gobsk-200x123.jpg 200w, https:\/\/www.turismoslovacchia.it\/wp-content\/uploads\/incoronaz-Bratis-mariateres_gobsk-150x92.jpg 150w\" sizes=\"(max-width: 720px) 100vw, 720px\" \/><\/a><\/p>\n<p style=\"text-align: justify;\">Ogni anno si svolge la rievocazione delle celebrazioni per l&#8217;incoronazione di uno dei sovrani del Regno di Ungheria nel periodo di quasi tre secoli in cui Bratislava ne fu capitale. L&#8217;evento si svolge nell&#8217;ultimo fine settimana di giugno in omaggio all&#8217;incoronazione di Maria Teresa del 25 giugno 1741.\u00a0Per il corteo reale e la ricostruzione dei vari eventi dell&#8217;incoronazione tra Castello e centro citt\u00e0, intervengono oltre 200 figuranti in abiti storici, con cavalli e carrozze bardate come all&#8217;epoca.<br \/>\n<strong>Info:\u00a0<a href=\"http:\/\/www.korunovacie.sk\">www.korunovacie.sk<\/a><\/strong><\/p>\n<hr \/>\n<h4 style=\"text-align: justify;\">Altri eventi del mese nella regione sono visibili sul sito\u00a0<a class=\"wp-links-icon\" href=\"http:\/\/www.gob.sk\/\" target=\"_blank\" rel=\"external nofollow noopener\">www.gob.sk<\/a>. Per gli appuntamenti a Bratislava vedere i siti\u00a0<a class=\"wp-links-icon\" href=\"http:\/\/www.visitbratislava.com\/\" target=\"_blank\" rel=\"external nofollow noopener\">visitbratislava.com<\/a>\u00a0o\u00a0<a class=\"wp-links-icon\" href=\"https:\/\/www.citylife.sk\/\" target=\"_blank\" rel=\"external nofollow noopener\">www.citylife.sk<\/a><\/h4>\n","protected":false},"excerpt":{"rendered":"<p>Weekwnd dei parchi e giardini aperti 1 &#8211; 3 giugno 2018 Decine di aree verdi, storiche e moderne, saranno aperte durante il fine settimana a Bratislava e in tutto il Paese. Solo nella capitale \u00e8 possibile visitare oltre venti tra giardini e parchi, alcuni dei quali durante l\u2019anno non sono fruibili al grande pubblico. Info:\u00a0www.vikendotvorenychzahrad.sk [&hellip;]<\/p>\n","protected":false},"author":2,"featured_media":249,"comment_status":"open","ping_status":"open","sticky":false,"template":"","format":"standard","meta":[],"categories":[5,1],"tags":[347,9,29,473],"aioseo_notices":[],"jetpack_featured_media_url":"https:\/\/www.turismoslovacchia.it\/wp-content\/uploads\/2010\/10\/Eventi-in-Slovacchia.jpg","jetpack_sharing_enabled":true,"jetpack-related-posts":[{"id":8971,"url":"https:\/\/www.turismoslovacchia.it\/?p=8971","url_meta":{"origin":8762,"position":0},"title":"Giugno 2019: gli eventi a Bratislava e dintorni","date":"28 Maggio 2019","format":false,"excerpt":"Weekend dei parchi e giardini aperti 1 - 2 giugno 2019 Decine di aree verdi, storiche e moderne, saranno aperte durante il fine settimana a Bratislava e in tutto il Paese. Solo nella capitale \u00e8 possibile visitare oltre venti tra giardini e parchi, alcuni dei quali durante l\u2019anno non sono\u2026","rel":"","context":"In &quot;Eventi&quot;","img":{"alt_text":"","src":"https:\/\/i0.wp.com\/www.turismoslovacchia.it\/wp-content\/uploads\/eventi_00.jpg?resize=350%2C200&ssl=1","width":350,"height":200},"classes":[]},{"id":3929,"url":"https:\/\/www.turismoslovacchia.it\/?p=3929","url_meta":{"origin":8762,"position":1},"title":"Questo weekend aprono al pubblico decine di giardini segreti in tutta la Slovacchia","date":"6 Giugno 2014","format":false,"excerpt":"Decine di aree verdi, storiche e moderne, saranno aperte durante il fine settimana a Bratislava e in tutto il Paese. Sabato 7 e domenica 8 giugno solo nella capitale \u00e8 possibile visitare ben 24 tra giardini e parchi, alcuni dei quali durante l\u2019anno non sono fruibili al pubblico. L\u2019evento \u00e8\u2026","rel":"","context":"In &quot;Eventi&quot;","img":{"alt_text":"","src":"https:\/\/i0.wp.com\/www.turismoslovacchia.it\/wp-content\/uploads\/bratis-parco-sad-jankakrala_embuck-cc-by-sa.jpg?resize=350%2C200&ssl=1","width":350,"height":200},"classes":[]},{"id":8236,"url":"https:\/\/www.turismoslovacchia.it\/?p=8236","url_meta":{"origin":8762,"position":2},"title":"Giugno 2017: gli eventi a Bratislava e dintorni","date":"22 Maggio 2017","format":false,"excerpt":"Segnaliamo qui gli eventi pi\u00f9 rilevanti del mese di giugno\u00a02017 nella citt\u00e0 e regione di Bratislava.\u00a0Tra quelli da segnalare ci sono l'estate culturale di Bratislava, che durer\u00e0 con centinaia di appuntamenti fino a settembre, il festival Viva Musica!, il grande Mercato della Ceramica di Pezinok, ma anche\u00a0la festa dell'incoronazione, che\u2026","rel":"","context":"In &quot;Articoli&quot;","img":{"alt_text":"","src":"https:\/\/i0.wp.com\/www.turismoslovacchia.it\/wp-content\/uploads\/eventi_00.jpg?resize=350%2C200&ssl=1","width":350,"height":200},"classes":[]},{"id":8308,"url":"https:\/\/www.turismoslovacchia.it\/?p=8308","url_meta":{"origin":8762,"position":3},"title":"Bratislava si avvicina a 1 milione e mezzo di visitatori nel 2017","date":"1 Novembre 2017","format":false,"excerpt":"Anche quest\u2019anno la citt\u00e0 di Bratislava continua a incrementare i precedenti record di presenze turistiche. Dopo aver superato per la prima volta il milione di turisti due anni fa, nei primi sette mesi dell\u2019anno segna un incremento di turisti di oltre l\u20198%, con i pernottamenti cresciuti di quasi il 6%.\u2026","rel":"","context":"In &quot;Articoli&quot;","img":{"alt_text":"","src":"https:\/\/i0.wp.com\/www.turismoslovacchia.it\/wp-content\/uploads\/bratisl-pano_FB-BratislavaRegionTourism.jpg?resize=350%2C200&ssl=1","width":350,"height":200},"classes":[]},{"id":8784,"url":"https:\/\/www.turismoslovacchia.it\/?p=8784","url_meta":{"origin":8762,"position":4},"title":"Vota per Bratislava quale &#8220;Miglior destinazione europea 2019&#8221;","date":"25 Gennaio 2019","format":false,"excerpt":"Bratislava \u00e8 stata nominata tra le 20 destinazioni turistiche favorite del 2019 e si \u00e8 stata recentemente classificata terza tra le citt\u00e0 pi\u00f9 verdi del mondo, per i suoi parchi e le foreste che la circondano. Ora la capitale della Slovacchia concorre per vincere il titolo di \"Migliore destinazione europea\u2026","rel":"","context":"In &quot;Articoli&quot;","img":{"alt_text":"","src":"https:\/\/i0.wp.com\/www.turismoslovacchia.it\/wp-content\/uploads\/bratisl-pano_FB-BratislavaRegionTourism.jpg?resize=350%2C200&ssl=1","width":350,"height":200},"classes":[]},{"id":8859,"url":"https:\/\/www.turismoslovacchia.it\/?p=8859","url_meta":{"origin":8762,"position":5},"title":"Vota per Bratislava \u201cMiglior destinazione europea 2019\u201d","date":"4 Febbraio 2019","format":false,"excerpt":"Bratislava \u00e8 stata nominata tra le 20 destinazioni turistiche favorite del 2019 e si \u00e8 stata recentemente classificata terza tra le citt\u00e0 pi\u00f9 verdi del mondo, per i suoi parchi e le foreste che la circondano. Ora la capitale della Slovacchia concorre per vincere\u00a0il titolo di \u201cMigliore destinazione europea 2019\u201d,\u2026","rel":"","context":"In &quot;Articoli&quot;","img":{"alt_text":"","src":"https:\/\/i0.wp.com\/www.turismoslovacchia.it\/wp-content\/uploads\/bratis-cast-int_nrsr.sk6_.jpg?resize=350%2C200&ssl=1","width":350,"height":200},"classes":[]}],"jetpack_shortlink":"https:\/\/wp.me\/p1oiY9-2hk","_links":{"self":[{"href":"https:\/\/www.turismoslovacchia.it\/index.php?rest_route=\/wp\/v2\/posts\/8762"}],"collection":[{"href":"https:\/\/www.turismoslovacchia.it\/index.php?rest_route=\/wp\/v2\/posts"}],"about":[{"href":"https:\/\/www.turismoslovacchia.it\/index.php?rest_route=\/wp\/v2\/types\/post"}],"author":[{"embeddable":true,"href":"https:\/\/www.turismoslovacchia.it\/index.php?rest_route=\/wp\/v2\/users\/2"}],"replies":[{"embeddable":true,"href":"https:\/\/www.turismoslovacchia.it\/index.php?rest_route=%2Fwp%2Fv2%2Fcomments&post=8762"}],"version-history":[{"count":4,"href":"https:\/\/www.turismoslovacchia.it\/index.php?rest_route=\/wp\/v2\/posts\/8762\/revisions"}],"predecessor-version":[{"id":9152,"href":"https:\/\/www.turismoslovacchia.it\/index.php?rest_route=\/wp\/v2\/posts\/8762\/revisions\/9152"}],"wp:featuredmedia":[{"embeddable":true,"href":"https:\/\/www.turismoslovacchia.it\/index.php?rest_route=\/wp\/v2\/media\/249"}],"wp:attachment":[{"href":"https:\/\/www.turismoslovacchia.it\/index.php?rest_route=%2Fwp%2Fv2%2Fmedia&parent=8762"}],"wp:term":[{"taxonomy":"category","embeddable":true,"href":"https:\/\/www.turismoslovacchia.it\/index.php?rest_route=%2Fwp%2Fv2%2Fcategories&post=8762"},{"taxonomy":"post_tag","embeddable":true,"href":"https:\/\/www.turismoslovacchia.it\/index.php?rest_route=%2Fwp%2Fv2%2Ftags&post=8762"}],"curies":[{"name":"wp","href":"https:\/\/api.w.org\/{rel}","templated":true}]}}