{"id":8753,"date":"2018-04-30T11:50:03","date_gmt":"2018-04-30T09:50:03","guid":{"rendered":"https:\/\/www.turismoslovacchia.it\/?p=8753"},"modified":"2019-11-02T18:44:46","modified_gmt":"2019-11-02T17:44:46","slug":"maggio-2018-gli-eventi-a-bratislava-e-dintorni","status":"publish","type":"post","link":"https:\/\/www.turismoslovacchia.it\/?p=8753","title":{"rendered":"Maggio 2018: gli eventi a Bratislava e dintorni"},"content":{"rendered":"<p style=\"text-align: justify;\"><a href=\"https:\/\/www.turismoslovacchia.it\/wp-content\/uploads\/eventi_00.jpg\" data-rel=\"lightbox-gallery-fWR0up2y\" data-rl_title=\"\" data-rl_caption=\"\" title=\"\"><img decoding=\"async\" loading=\"lazy\" class=\"alignnone size-full wp-image-9133\" src=\"https:\/\/www.turismoslovacchia.it\/wp-content\/uploads\/eventi_00.jpg\" alt=\"\" width=\"720\" height=\"200\" srcset=\"https:\/\/www.turismoslovacchia.it\/wp-content\/uploads\/eventi_00.jpg 720w, https:\/\/www.turismoslovacchia.it\/wp-content\/uploads\/eventi_00-300x83.jpg 300w, https:\/\/www.turismoslovacchia.it\/wp-content\/uploads\/eventi_00-150x42.jpg 150w\" sizes=\"(max-width: 720px) 100vw, 720px\" \/><\/a><\/p>\n<hr \/>\n<p style=\"text-align: justify;\"><span style=\"color: #ff0000;\"><strong>Farm Fest &#8211; Regione di Bratislava<\/strong><\/span><br \/>\n<span style=\"color: #ff0000;\"><strong>aprile &#8211; settembre 2018<\/strong><\/span><\/p>\n<p style=\"text-align: justify;\"><a href=\"https:\/\/www.turismoslovacchia.it\/wp-content\/uploads\/FarmFest-aliment-gastro_BSK_gob.sk_.jpg\" data-rel=\"lightbox-gallery-fWR0up2y\" data-rl_title=\"\" data-rl_caption=\"\" title=\"\"><img decoding=\"async\" loading=\"lazy\" class=\"alignnone size-full wp-image-8747\" src=\"https:\/\/www.turismoslovacchia.it\/wp-content\/uploads\/FarmFest-aliment-gastro_BSK_gob.sk_.jpg\" alt=\"\" width=\"720\" height=\"443\" srcset=\"https:\/\/www.turismoslovacchia.it\/wp-content\/uploads\/FarmFest-aliment-gastro_BSK_gob.sk_.jpg 720w, https:\/\/www.turismoslovacchia.it\/wp-content\/uploads\/FarmFest-aliment-gastro_BSK_gob.sk_-300x185.jpg 300w, https:\/\/www.turismoslovacchia.it\/wp-content\/uploads\/FarmFest-aliment-gastro_BSK_gob.sk_-400x246.jpg 400w, https:\/\/www.turismoslovacchia.it\/wp-content\/uploads\/FarmFest-aliment-gastro_BSK_gob.sk_-150x92.jpg 150w, https:\/\/www.turismoslovacchia.it\/wp-content\/uploads\/FarmFest-aliment-gastro_BSK_gob.sk_-100x62.jpg 100w, https:\/\/www.turismoslovacchia.it\/wp-content\/uploads\/FarmFest-aliment-gastro_BSK_gob.sk_-200x123.jpg 200w\" sizes=\"(max-width: 720px) 100vw, 720px\" \/><\/a><\/p>\n<p style=\"text-align: justify;\">L&#8217;evento Farm Fest \u00e8 inteso mettere in risalto qualit\u00e0, tradizione, gusto e talento degli agricoltori locali con un&#8217;ampia selezione di gustosi prodotti che rappresentano l&#8217;unicit\u00e0 della regione di Bratislava.<\/p>\n<hr \/>\n<p style=\"text-align: justify;\"><span style=\"color: #ff0000;\"><strong>EKOTOPFILM &#8211; ENVIROFILM 2018 &#8211; Bratislava<\/strong><\/span><br \/>\n<span style=\"color: #ff0000;\"><strong>30 aprile &#8211; 4 maggio 2018<\/strong><\/span><\/p>\n<p style=\"text-align: justify;\"><a href=\"https:\/\/www.turismoslovacchia.it\/wp-content\/uploads\/cinema-festival-concert-music_pix.jpg\" data-rel=\"lightbox-gallery-fWR0up2y\" data-rl_title=\"\" data-rl_caption=\"\" title=\"\"><img decoding=\"async\" loading=\"lazy\" class=\"alignnone size-full wp-image-8756\" src=\"https:\/\/www.turismoslovacchia.it\/wp-content\/uploads\/cinema-festival-concert-music_pix.jpg\" alt=\"\" width=\"720\" height=\"443\" srcset=\"https:\/\/www.turismoslovacchia.it\/wp-content\/uploads\/cinema-festival-concert-music_pix.jpg 720w, https:\/\/www.turismoslovacchia.it\/wp-content\/uploads\/cinema-festival-concert-music_pix-300x185.jpg 300w, https:\/\/www.turismoslovacchia.it\/wp-content\/uploads\/cinema-festival-concert-music_pix-400x246.jpg 400w, https:\/\/www.turismoslovacchia.it\/wp-content\/uploads\/cinema-festival-concert-music_pix-150x92.jpg 150w, https:\/\/www.turismoslovacchia.it\/wp-content\/uploads\/cinema-festival-concert-music_pix-100x62.jpg 100w, https:\/\/www.turismoslovacchia.it\/wp-content\/uploads\/cinema-festival-concert-music_pix-200x123.jpg 200w\" sizes=\"(max-width: 720px) 100vw, 720px\" \/><\/a><\/p>\n<p style=\"text-align: justify;\">La 45esima edizione dell&#8217;International Film Festival Ekotopfilm &#8211; Envirofilm, fatto che lo rende il pi\u00f9 antico festival del genere in Slovacchia,\u00a0porter\u00e0 nuovi film documentari da tutto il mondo e dibattiti sulle attuali problematiche ambientali in Slovacchia. Il focus del festival \u00e8 da puntato su\u00a0film documentari che si occupano della crescita sostenibile. Saranno presentati nel corso della manifestazione nuovi film provenienti da oltre 50 paesi, oltre ad eventi collaterali quali presentazioni, workshop e discussioni sugli attuali problemi ambientali della Slovacchia e del mondo. Ingresso gratuito.<br \/>\n<strong>Info:\u00a0<a href=\"https:\/\/www.ekotopfilm.sk\/bratislava\">www.ekotopfilm.sk\/bratislava<\/a><\/strong><\/p>\n<hr \/>\n<p style=\"text-align: justify;\"><span style=\"color: #ff0000;\"><strong>Bratislavsk\u00fd Maj\u00e1les &#8211; Bratislava<\/strong><\/span><br \/>\n<span style=\"color: #ff0000;\"><strong>4 &#8211; 6 maggio 2018<\/strong><\/span><\/p>\n<p style=\"text-align: justify;\"><a href=\"https:\/\/www.turismoslovacchia.it\/wp-content\/uploads\/BratislavskyMajales_gob.sk_BSK.jpg\" data-rel=\"lightbox-gallery-fWR0up2y\" data-rl_title=\"\" data-rl_caption=\"\" title=\"\"><img decoding=\"async\" loading=\"lazy\" class=\"alignnone size-full wp-image-8757\" src=\"https:\/\/www.turismoslovacchia.it\/wp-content\/uploads\/BratislavskyMajales_gob.sk_BSK.jpg\" alt=\"\" width=\"720\" height=\"443\" srcset=\"https:\/\/www.turismoslovacchia.it\/wp-content\/uploads\/BratislavskyMajales_gob.sk_BSK.jpg 720w, https:\/\/www.turismoslovacchia.it\/wp-content\/uploads\/BratislavskyMajales_gob.sk_BSK-300x185.jpg 300w, https:\/\/www.turismoslovacchia.it\/wp-content\/uploads\/BratislavskyMajales_gob.sk_BSK-400x246.jpg 400w, https:\/\/www.turismoslovacchia.it\/wp-content\/uploads\/BratislavskyMajales_gob.sk_BSK-150x92.jpg 150w, https:\/\/www.turismoslovacchia.it\/wp-content\/uploads\/BratislavskyMajales_gob.sk_BSK-100x62.jpg 100w, https:\/\/www.turismoslovacchia.it\/wp-content\/uploads\/BratislavskyMajales_gob.sk_BSK-200x123.jpg 200w\" sizes=\"(max-width: 720px) 100vw, 720px\" \/><\/a><\/p>\n<p style=\"text-align: justify;\">Il classico festival di maggio d\u00e0 l&#8217;avvio\u00a0alla stagione degli eventi culturali e sociali all&#8217;aperto a Bratislava. Concerti in piazza Tyrsovo, sul lungofiume, si affiancheranno a un mercato creativo del design artigianale slovacco, ad attivit\u00e0 per bambini, spettacoli ed eventi sportivi, stand con piatti locali e fuochi d&#8217;artificio sul fiume Danubio.<br \/>\n<strong>Info:\u00a0<a href=\"http:\/\/www.bratislavskymajales.sk\">www.bratislavskymajales.sk<\/a><\/strong><\/p>\n<hr \/>\n<p style=\"text-align: justify;\"><span style=\"color: #ff0000;\"><strong>Bratislava 1809: l&#8217;assedio delle truppe di Napoleone<\/strong><\/span><br \/>\n<span style=\"color: #ff0000;\"><strong>18 &#8211; 20 maggio 2018<\/strong><\/span><\/p>\n<p style=\"text-align: justify;\"><a href=\"https:\/\/www.turismoslovacchia.it\/wp-content\/uploads\/Bratis-assedioNapoleone1805_gob.sk_BSK.jpg\" data-rel=\"lightbox-gallery-fWR0up2y\" data-rl_title=\"\" data-rl_caption=\"\" title=\"\"><img decoding=\"async\" loading=\"lazy\" class=\"alignnone size-full wp-image-8758\" src=\"https:\/\/www.turismoslovacchia.it\/wp-content\/uploads\/Bratis-assedioNapoleone1805_gob.sk_BSK.jpg\" alt=\"\" width=\"720\" height=\"443\" srcset=\"https:\/\/www.turismoslovacchia.it\/wp-content\/uploads\/Bratis-assedioNapoleone1805_gob.sk_BSK.jpg 720w, https:\/\/www.turismoslovacchia.it\/wp-content\/uploads\/Bratis-assedioNapoleone1805_gob.sk_BSK-300x185.jpg 300w, https:\/\/www.turismoslovacchia.it\/wp-content\/uploads\/Bratis-assedioNapoleone1805_gob.sk_BSK-400x246.jpg 400w, https:\/\/www.turismoslovacchia.it\/wp-content\/uploads\/Bratis-assedioNapoleone1805_gob.sk_BSK-150x92.jpg 150w, https:\/\/www.turismoslovacchia.it\/wp-content\/uploads\/Bratis-assedioNapoleone1805_gob.sk_BSK-100x62.jpg 100w, https:\/\/www.turismoslovacchia.it\/wp-content\/uploads\/Bratis-assedioNapoleone1805_gob.sk_BSK-200x123.jpg 200w\" sizes=\"(max-width: 720px) 100vw, 720px\" \/><\/a><\/p>\n<p style=\"text-align: justify;\">Il parco di Janko Kral (<a href=\"https:\/\/www.turismoslovacchia.it\/?p=3929\">Sad Janka Kr\u00e1\u013ea<\/a>) diventer\u00e0 il luogo della ricostruzione dell&#8221;assedio della citt\u00e0, allora capitale del Regno di Ungheria, che le truppe francesi di Napoleone nel 1809 si apprestavano a conquistare nel corso delle operazioni militari che vedevano una guerra di vasto respiro tra la Francia e l&#8217;Austria. I cannoneggiamenti dalla sponda meridionale del Danubio, dove l&#8217;esercito napoleonico si era stabilito, e gli scontri con gli eserciti austro-ungarici saranno rievocati da centinaia di appassionati e volontari abbigliati con riproduzioni di uniformi storiche. I visitatori possono passeggiare dentro gli accampamenti, visitare le tende degli ufficiali, guardare il cannoneggiamento dalla vicina riva Tyrsovo e anche sparare con i fucili a un colpo degli eserciti di allora o addirittura con i cannoni.<br \/>\nInfo:\u00a0<a href=\"http:\/\/gob.sk\/event\/1866\/obliehanie-bratislavy-napolenom\">www.region-bsk.sk<\/a><\/p>\n<hr \/>\n<p style=\"text-align: justify;\"><span style=\"color: #ff0000;\"><strong>Notte dei musei e gallerie &#8211; Bratislava e regione<\/strong><\/span><br \/>\n<span style=\"color: #ff0000;\"><strong>19 maggio 2018<\/strong><\/span><\/p>\n<p style=\"text-align: justify;\"><img decoding=\"async\" loading=\"lazy\" class=\" alignleft\" src=\"https:\/\/www.muzeum.sk\/portals_pictures\/i_005072\/i_5072643.png\" width=\"195\" height=\"195\" \/>Solo un giorno all&#8217;anno si possono godere in tutta tranquillit\u00e0 e fino a tardi per le sale di musei e gallerie, per scoprire i loro angoli remoti e le stanze pi\u00f9 segrete. Durante la notte dei musei e gallerie si pu\u00f2 visitare fino a mezzanotte tutti i musei pi\u00f9 noti della capitale, oltre a diversi altri luoghi pi\u00f9 o meno noti in regione. Diverse attivit\u00e0, visite guidate, mostre speciali, laboratori per bambini ed eventi vari sono stati messi in calendario per attrarre singoli visitatori ma anche intere famiglie. Da non perdere la visita notturna del <a href=\"https:\/\/www.turismoslovacchia.it\/?page_id=7807\">Castello di\u00a0\u010cerven\u00fd kame\u0148<\/a>, ma anche il maniero di Malacky, il Museo Nazionale Slovacco, la Galleria Nazionale Slovacca e molti altri luoghi di cultura e svago.<br \/>\n<strong>Info: <a href=\"http:\/\/www.nocmuzei.sk\">www.nocmuzei.sk<\/a><\/strong><\/p>\n<hr \/>\n<p style=\"text-align: justify;\"><strong><span style=\"color: #ff0000;\">Cirkul\u2019art festival \u2013 Bratislava<\/span><br \/>\n<span style=\"color: #ff0000;\">24 \u2013 26 maggio 2018<\/span><br \/>\n<\/strong><\/p>\n<p style=\"text-align: justify;\"><img decoding=\"async\" loading=\"lazy\" class=\"alignright\" src=\"http:\/\/gob.sk\/Static\/Event_covers\/2092\/0b824a5f198914bb18e8e81b19a7cce5_gallery.jpg\" width=\"251\" height=\"176\" \/>Cirkul\u2019art \u00e8 un festival dell\u2019arte circense contemporanea e del circo-teatro e teatro di strada, dove si esibiscono compagnie internazionali\u00a0provenienti dai pi\u00f9 diversi paesi e con una offerta artistica e creativa di spettacoli di generi e per pubblici molto differenziati. Questo \u00e8 l\u2019unico evento di questo tipo\u00a0in Slovacchia. Il programma offre numerosi spettacoli in una location unica, organizzato come un villaggio circense delle meraviglie, presso il Parco del maniero di Stupava, poco fuori dalla capitale.<br \/>\n<strong>Info\u00a0<a class=\"wp-links-icon\" href=\"http:\/\/www.cirkulart.sk\/\" target=\"_blank\" rel=\"external nofollow noopener\">www.cirkulart.sk<\/a>.<\/strong><\/p>\n<hr \/>\n<p><span style=\"color: #ff0000;\"><strong>Cantine aperte per Sant\u2019Urbano\u00a0\u2013 Piccoli Carpazi<br \/>\n25 &#8211; 26\u00a0maggio 2018<\/strong><\/span><\/p>\n<p><a href=\"https:\/\/www.turismoslovacchia.it\/wp-content\/uploads\/Cantine-piccolicarpaz-vini_gob.sk_BSK.jpg\" data-rel=\"lightbox-gallery-fWR0up2y\" data-rl_title=\"\" data-rl_caption=\"\" title=\"\"><img decoding=\"async\" loading=\"lazy\" class=\"alignnone size-full wp-image-8759\" src=\"https:\/\/www.turismoslovacchia.it\/wp-content\/uploads\/Cantine-piccolicarpaz-vini_gob.sk_BSK.jpg\" alt=\"\" width=\"720\" height=\"443\" srcset=\"https:\/\/www.turismoslovacchia.it\/wp-content\/uploads\/Cantine-piccolicarpaz-vini_gob.sk_BSK.jpg 720w, https:\/\/www.turismoslovacchia.it\/wp-content\/uploads\/Cantine-piccolicarpaz-vini_gob.sk_BSK-300x185.jpg 300w, https:\/\/www.turismoslovacchia.it\/wp-content\/uploads\/Cantine-piccolicarpaz-vini_gob.sk_BSK-400x246.jpg 400w, https:\/\/www.turismoslovacchia.it\/wp-content\/uploads\/Cantine-piccolicarpaz-vini_gob.sk_BSK-150x92.jpg 150w, https:\/\/www.turismoslovacchia.it\/wp-content\/uploads\/Cantine-piccolicarpaz-vini_gob.sk_BSK-100x62.jpg 100w, https:\/\/www.turismoslovacchia.it\/wp-content\/uploads\/Cantine-piccolicarpaz-vini_gob.sk_BSK-200x123.jpg 200w\" sizes=\"(max-width: 720px) 100vw, 720px\" \/><\/a><\/p>\n<p style=\"text-align: justify;\">Giornata di apertura al pubblico delle cantine in tutta la regione dei Piccoli Carpazi, in particolare negli abitati di Dev\u00edn\u00a0e Ra\u010da nei pressi della capitale, e nei comuni\u00a0di Sv\u00e4t\u00fd Jur, Pezinok, Modra fino a Trnava. Il\u00a0tradizionale week-end di cantine aperte di fine maggio offre l\u2019opportunit\u00e0 di degustare i migliori vini dell\u2019area in\u00a0cantine antiche e moderne insieme a un folto pubblico specializzato.<br \/>\n<strong>Info: Malokarpatsk\u00e1 v\u00ednna cesta,\u00a0<a class=\"wp-links-icon\" href=\"http:\/\/www.mvc.sk\/sk\/podujatia\/otvorene-pivnice-na-sv-urbana-2017\/predaj\" target=\"_blank\" rel=\"external nofollow noopener\">www.mvc.sk<\/a><\/strong><\/p>\n<hr \/>\n<p style=\"text-align: justify;\"><span style=\"color: #ff0000;\"><strong>Giornata dell\u2019aeronautica (Leteck\u00fd de\u0148 Dubov\u00e1) \u2013 Dubova<br \/>\n26 maggio 2018<\/strong><\/span><\/p>\n<p style=\"text-align: justify;\"><a href=\"http:\/\/www.leteckydendubova.sk\/galeria-dubova\/\" target=\"_blank\" rel=\"external nofollow noopener\"><img decoding=\"async\" loading=\"lazy\" class=\"alignleft\" src=\"http:\/\/www.leteckydendubova.sk\/wp-content\/gallery\/Leteck%C3%BD-de%C5%88-2015\/8R1A2992.jpg\" width=\"204\" height=\"136\" \/><\/a>Alla Giornata dell\u2019aeronautica\u00a0all\u2019aeroporto di Dubova, vicino a Modra, si potr\u00e0 assistere a emozionanti spettacoli aerei, simulazioni di combattimento, una mostra di aeromobili storici\u00a0ed esibizioni\u00a0di unit\u00e0 speciali delle forze di polizia.<br \/>\n<strong>Info\u00a0<a class=\"wp-links-icon\" href=\"http:\/\/www.leteckydendubova.sk\/\" target=\"_blank\" rel=\"external nofollow noopener\">www.leteckydendubova.sk<\/a><\/strong><\/p>\n<hr \/>\n<p style=\"text-align: justify;\"><span style=\"color: #ff0000;\"><strong>Torneo di cavalieri Rotenstein \u2013 Hol\u00ed\u010d<br \/>\n26 &#8211; 27 maggio 2018<\/strong><\/span><\/p>\n<p style=\"text-align: justify;\"><a href=\"https:\/\/www.turismoslovacchia.it\/wp-content\/uploads\/rotenstein-fest-caval_gob.sk_.jpg\" data-rel=\"lightbox-gallery-fWR0up2y\" data-rl_title=\"\" data-rl_caption=\"\" title=\"\"><img decoding=\"async\" loading=\"lazy\" class=\"alignnone size-full wp-image-8108\" src=\"https:\/\/www.turismoslovacchia.it\/wp-content\/uploads\/rotenstein-fest-caval_gob.sk_.jpg\" alt=\"\" width=\"720\" height=\"443\" srcset=\"https:\/\/www.turismoslovacchia.it\/wp-content\/uploads\/rotenstein-fest-caval_gob.sk_.jpg 720w, https:\/\/www.turismoslovacchia.it\/wp-content\/uploads\/rotenstein-fest-caval_gob.sk_-300x185.jpg 300w, https:\/\/www.turismoslovacchia.it\/wp-content\/uploads\/rotenstein-fest-caval_gob.sk_-400x246.jpg 400w, https:\/\/www.turismoslovacchia.it\/wp-content\/uploads\/rotenstein-fest-caval_gob.sk_-100x62.jpg 100w, https:\/\/www.turismoslovacchia.it\/wp-content\/uploads\/rotenstein-fest-caval_gob.sk_-200x123.jpg 200w, https:\/\/www.turismoslovacchia.it\/wp-content\/uploads\/rotenstein-fest-caval_gob.sk_-150x92.jpg 150w\" sizes=\"(max-width: 720px) 100vw, 720px\" \/><\/a><\/p>\n<p style=\"text-align: justify;\">Il torneo di cavalieri medievali Rotenstein \u00e8 il pi\u00f9 grande festival di storia cavalleresca in Slovacchia. Il pubblico trover\u00e0 spettacoli e intrattenimenti legati ai combattimenti e alle sfide tra cavalieri medioevali sulla groppa dei\u00a0propri destrieri, duelli alla spada, battaglie con\u00a0armi\u00a0del tempo. A completare la festa, esecuzione di musica d\u2019epoca, giocolieri, mercato artigianale e gastronomico. Il festival si svolge presso il castello di\u00a0Hol\u00ed\u010d, una location magica di maniero circondato da fortificazioni e dall\u2019acqua del fossato\u00a0nell\u2019omonima cittadina della Slovacchia occidentale.<br \/>\n<strong>Info\u00a0<a class=\"wp-links-icon\" href=\"https:\/\/rotenstein.sk\/\" target=\"_blank\" rel=\"external nofollow noopener\">https:\/\/rotenstein.sk\/<\/a><\/strong><\/p>\n<hr \/>\n<h4 style=\"text-align: justify;\">Altri eventi del mese nella regione sono visibili sul sito\u00a0<a class=\"wp-links-icon\" href=\"http:\/\/www.gob.sk\/\" target=\"_blank\" rel=\"external nofollow noopener\">www.gob.sk<\/a>. Per gli appuntamenti a Bratislava vedere i siti\u00a0<a class=\"wp-links-icon\" href=\"http:\/\/www.visitbratislava.com\/\" target=\"_blank\" rel=\"external nofollow noopener\">visitbratislava.com<\/a>\u00a0o\u00a0<a class=\"wp-links-icon\" href=\"https:\/\/www.citylife.sk\/\" target=\"_blank\" rel=\"external nofollow noopener\">www.citylife.sk<\/a><\/h4>\n","protected":false},"excerpt":{"rendered":"<p>Farm Fest &#8211; Regione di Bratislava aprile &#8211; settembre 2018 L&#8217;evento Farm Fest \u00e8 inteso mettere in risalto qualit\u00e0, tradizione, gusto e talento degli agricoltori locali con un&#8217;ampia selezione di gustosi prodotti che rappresentano l&#8217;unicit\u00e0 della regione di Bratislava. EKOTOPFILM &#8211; ENVIROFILM 2018 &#8211; Bratislava 30 aprile &#8211; 4 maggio 2018 La 45esima edizione dell&#8217;International [&hellip;]<\/p>\n","protected":false},"author":2,"featured_media":249,"comment_status":"open","ping_status":"open","sticky":false,"template":"","format":"standard","meta":[],"categories":[5,1],"tags":[347,9,29,473],"aioseo_notices":[],"jetpack_featured_media_url":"https:\/\/www.turismoslovacchia.it\/wp-content\/uploads\/2010\/10\/Eventi-in-Slovacchia.jpg","jetpack_sharing_enabled":true,"jetpack-related-posts":[{"id":8746,"url":"https:\/\/www.turismoslovacchia.it\/?p=8746","url_meta":{"origin":8753,"position":0},"title":"Aprile 2018: gli eventi a Bratislava e dintorni","date":"2 Aprile 2018","format":false,"excerpt":"NOV\u00c1 DOBA. 1920-1930\u00a0\u2013 Bratislava 22 febbraio \u2013 25 aprile 2018 Nuova Era. 1920-1930.\u00a0Ciclo di conferenze sul 100\u00b0 anniversario della prima Repubblica Cecoslovacca. Nonostante si sia scelto un periodo definito, grosso modo il primo decennio dopo la nascita della Cecoslovacchia indipendente, si car\u00e0 spazio anche pi\u00f9 in generale su tutta la\u2026","rel":"","context":"In &quot;Articoli&quot;","img":{"alt_text":"","src":"https:\/\/i0.wp.com\/www.turismoslovacchia.it\/wp-content\/uploads\/Bratislava-panor_gob.sk_BSK.jpg?resize=350%2C200&ssl=1","width":350,"height":200},"classes":[]},{"id":8774,"url":"https:\/\/www.turismoslovacchia.it\/?p=8774","url_meta":{"origin":8753,"position":1},"title":"Settembre 2018: gli eventi a Bratislava e dintorni","date":"30 Agosto 2018","format":false,"excerpt":"Estate culturale di Bratislava 2018 \u2013 Bratislava giugno\u00a0\u2013 settembre\u00a02018 La rassegna\u00a0\u201cEstate culturale di Bratislava\u201d \u00e8 il pi\u00f9 grande evento estivo in Slovacchia che, nel corso dei mesi d\u2019estate propone nella capitale centinaia di appuntamenti culturali, musicali, letterari, teatrali, e attivit\u00e0 per il tempo libero\u00a0per i residenti e i tanti turisti.\u2026","rel":"","context":"In &quot;Eventi&quot;","img":{"alt_text":"","src":"https:\/\/i0.wp.com\/www.turismoslovacchia.it\/wp-content\/uploads\/Vinobranie-malekarpaty-vino-vendemm-sagre_gob-skBSK.jpg?resize=350%2C200&ssl=1","width":350,"height":200},"classes":[]},{"id":8270,"url":"https:\/\/www.turismoslovacchia.it\/?p=8270","url_meta":{"origin":8753,"position":2},"title":"Settembre 2017: gli eventi a Bratislava e dintorni","date":"25 Agosto 2017","format":false,"excerpt":"Segnaliamo qui gli eventi pi\u00f9 rilevanti del mese di settembre 2017 nella citt\u00e0 e regione di Bratislava.\u00a0Tra quelli da segnalare ci sono diverse Farm Fest, appuntamenti gastronomici in tutta la regione che includono il famoso Festival del cavolo di Stupava o il Regno dell'Oca di Slovensk\u00fd Grob, le sagre della\u2026","rel":"","context":"In &quot;Articoli&quot;","img":{"alt_text":"","src":"https:\/\/i0.wp.com\/www.turismoslovacchia.it\/wp-content\/uploads\/eventi_00.jpg?resize=350%2C200&ssl=1","width":350,"height":200},"classes":[]},{"id":8767,"url":"https:\/\/www.turismoslovacchia.it\/?p=8767","url_meta":{"origin":8753,"position":3},"title":"Luglio 2018: gli eventi a Bratislava e dintorni","date":"29 Giugno 2018","format":false,"excerpt":"Estate culturale di Bratislava 2018 \u2013 Bratislava giugno\u00a0\u2013 settembre\u00a02018 La rassegna\u00a0\u201cEstate culturale di Bratislava\u201d \u00e8 il pi\u00f9 grande evento estivo in Slovacchia che, nel corso dei mesi d\u2019estate propone nella capitale centinaia di appuntamenti culturali, musicali, letterari, teatrali, e attivit\u00e0 per il tempo libero\u00a0per i residenti e i tanti turisti.\u2026","rel":"","context":"In &quot;Eventi&quot;","img":{"alt_text":"","src":"https:\/\/i0.wp.com\/www.turismoslovacchia.it\/wp-content\/uploads\/bratis-eurovea-cultur-bkis.jpg?resize=350%2C200&ssl=1","width":350,"height":200},"classes":[]},{"id":8864,"url":"https:\/\/www.turismoslovacchia.it\/?p=8864","url_meta":{"origin":8753,"position":4},"title":"Aprile 2019: gli eventi a Bratislava e dintorni","date":"2 Aprile 2019","format":false,"excerpt":"Giornata delle cantine di Modra 6 aprile 2019 Le cantine di Modra, la nobile cittadina viticola ai piedi dei Piccoli Carpazi, apriranno le porte\u00a0agli appassionati per la sedicesima volta anche quest'anno, un evento da vivere con la famiglia o gli amici. Il numero di biglietti dispomibili \u00e8 limitato, una scelta\u2026","rel":"","context":"In &quot;Eventi&quot;","img":{"alt_text":"","src":"https:\/\/i0.wp.com\/www.turismoslovacchia.it\/wp-content\/uploads\/eventi_00.jpg?resize=350%2C200&ssl=1","width":350,"height":200},"classes":[]},{"id":8762,"url":"https:\/\/www.turismoslovacchia.it\/?p=8762","url_meta":{"origin":8753,"position":5},"title":"Giugno 2018: gli eventi a Bratislava e dintorni","date":"28 Maggio 2018","format":false,"excerpt":"Weekwnd dei parchi e giardini aperti 1 - 3 giugno 2018 Decine di aree verdi, storiche e moderne, saranno aperte durante il fine settimana a Bratislava e in tutto il Paese. Solo nella capitale \u00e8 possibile visitare oltre venti tra giardini e parchi, alcuni dei quali durante l\u2019anno non sono\u2026","rel":"","context":"In &quot;Eventi&quot;","img":{"alt_text":"","src":"https:\/\/i0.wp.com\/www.turismoslovacchia.it\/wp-content\/uploads\/eventi_00.jpg?resize=350%2C200&ssl=1","width":350,"height":200},"classes":[]}],"jetpack_shortlink":"https:\/\/wp.me\/p1oiY9-2hb","_links":{"self":[{"href":"https:\/\/www.turismoslovacchia.it\/index.php?rest_route=\/wp\/v2\/posts\/8753"}],"collection":[{"href":"https:\/\/www.turismoslovacchia.it\/index.php?rest_route=\/wp\/v2\/posts"}],"about":[{"href":"https:\/\/www.turismoslovacchia.it\/index.php?rest_route=\/wp\/v2\/types\/post"}],"author":[{"embeddable":true,"href":"https:\/\/www.turismoslovacchia.it\/index.php?rest_route=\/wp\/v2\/users\/2"}],"replies":[{"embeddable":true,"href":"https:\/\/www.turismoslovacchia.it\/index.php?rest_route=%2Fwp%2Fv2%2Fcomments&post=8753"}],"version-history":[{"count":3,"href":"https:\/\/www.turismoslovacchia.it\/index.php?rest_route=\/wp\/v2\/posts\/8753\/revisions"}],"predecessor-version":[{"id":9153,"href":"https:\/\/www.turismoslovacchia.it\/index.php?rest_route=\/wp\/v2\/posts\/8753\/revisions\/9153"}],"wp:featuredmedia":[{"embeddable":true,"href":"https:\/\/www.turismoslovacchia.it\/index.php?rest_route=\/wp\/v2\/media\/249"}],"wp:attachment":[{"href":"https:\/\/www.turismoslovacchia.it\/index.php?rest_route=%2Fwp%2Fv2%2Fmedia&parent=8753"}],"wp:term":[{"taxonomy":"category","embeddable":true,"href":"https:\/\/www.turismoslovacchia.it\/index.php?rest_route=%2Fwp%2Fv2%2Fcategories&post=8753"},{"taxonomy":"post_tag","embeddable":true,"href":"https:\/\/www.turismoslovacchia.it\/index.php?rest_route=%2Fwp%2Fv2%2Ftags&post=8753"}],"curies":[{"name":"wp","href":"https:\/\/api.w.org\/{rel}","templated":true}]}}