{"id":8743,"date":"2018-03-05T15:03:42","date_gmt":"2018-03-05T14:03:42","guid":{"rendered":"https:\/\/www.turismoslovacchia.it\/?p=8743"},"modified":"2019-11-02T18:46:22","modified_gmt":"2019-11-02T17:46:22","slug":"marzo-2018-gli-eventi-a-bratislava-e-dintorni","status":"publish","type":"post","link":"https:\/\/www.turismoslovacchia.it\/?p=8743","title":{"rendered":"Marzo 2018: gli eventi a Bratislava e dintorni"},"content":{"rendered":"<p style=\"text-align: justify;\"><a href=\"https:\/\/www.turismoslovacchia.it\/wp-content\/uploads\/eventi_00.jpg\" data-rel=\"lightbox-gallery-mZ03YII6\" data-rl_title=\"\" data-rl_caption=\"\" title=\"\"><img decoding=\"async\" loading=\"lazy\" class=\"alignnone size-full wp-image-9133\" src=\"https:\/\/www.turismoslovacchia.it\/wp-content\/uploads\/eventi_00.jpg\" alt=\"\" width=\"720\" height=\"200\" srcset=\"https:\/\/www.turismoslovacchia.it\/wp-content\/uploads\/eventi_00.jpg 720w, https:\/\/www.turismoslovacchia.it\/wp-content\/uploads\/eventi_00-300x83.jpg 300w, https:\/\/www.turismoslovacchia.it\/wp-content\/uploads\/eventi_00-150x42.jpg 150w\" sizes=\"(max-width: 720px) 100vw, 720px\" \/><\/a><\/p>\n<hr \/>\n<p style=\"text-align: justify;\"><span style=\"color: #ff0000;\"><b>Mese della francofonia \u2013 Bratislava<br \/>\n<\/b><b>marzo 2018<\/b><\/span><\/p>\n<p style=\"text-align: justify;\"><a href=\"https:\/\/www.turismoslovacchia.it\/wp-content\/uploads\/francofon-BSK.jpg\" data-rel=\"lightbox-gallery-mZ03YII6\" data-rl_title=\"\" data-rl_caption=\"\" title=\"\"><img decoding=\"async\" loading=\"lazy\" class=\"alignnone size-full wp-image-8744\" src=\"https:\/\/www.turismoslovacchia.it\/wp-content\/uploads\/francofon-BSK.jpg\" alt=\"\" width=\"550\" height=\"330\" srcset=\"https:\/\/www.turismoslovacchia.it\/wp-content\/uploads\/francofon-BSK.jpg 550w, https:\/\/www.turismoslovacchia.it\/wp-content\/uploads\/francofon-BSK-300x180.jpg 300w, https:\/\/www.turismoslovacchia.it\/wp-content\/uploads\/francofon-BSK-400x240.jpg 400w, https:\/\/www.turismoslovacchia.it\/wp-content\/uploads\/francofon-BSK-150x90.jpg 150w, https:\/\/www.turismoslovacchia.it\/wp-content\/uploads\/francofon-BSK-100x60.jpg 100w, https:\/\/www.turismoslovacchia.it\/wp-content\/uploads\/francofon-BSK-200x120.jpg 200w\" sizes=\"(max-width: 550px) 100vw, 550px\" \/><\/a><\/p>\n<p style=\"text-align: justify;\">Il mese di marzo \u00e8 dedicato, a Bratislava e in altre citt\u00e0, alla cultura francofona, un viaggio attraverso un programma variegato che si chiude con la settimana del cinema francese &#8216;Cr\u00e9me de la Creme 5&#8217;.\u00a0Una mostra presso la European house of photography (Stredoeur\u00f3pskom dome fotografie), dal 18 febbraio al 30 marzo, incontri, conferenze, proiezioni di film, concerti, feste, presentazioni di libri in lingua, degustazioni.<br \/>\n<strong>Info:\u00a0<a href=\"https:\/\/institutfrancais.sk\">https:\/\/institutfrancais.sk<\/a><\/strong><\/p>\n<hr \/>\n<p style=\"text-align: justify;\"><span style=\"color: #ff0000;\"><strong>NOV\u00c1 DOBA. 1920-1930\u00a0\u2013 Bratislava<br \/>\n22 febbraio &#8211; 25 aprile 2018<\/strong><\/span><\/p>\n<p style=\"text-align: justify;\"><strong><img decoding=\"async\" loading=\"lazy\" class=\"alignleft\" src=\"http:\/\/gob.sk\/Static\/Event_covers\/2128\/8c4cf3447cc666de2c7dcde6d1b772ab_gallery.jpg\" width=\"139\" height=\"197\" \/>Nuova Era. 1920-1930.<\/strong> Ciclo di conferenze sul 100\u00b0 anniversario della prima Repubblica Cecoslovacca. Nonostante si sia scelto un periodo definito, grosso modo il primo decennio dopo la nascita della Cecoslovacchia indipendente, si car\u00e0 spazio anche pi\u00f9 in generale su tutta la prima met\u00e0 del &#8216;900. Si parler\u00e0 di\u00a0moda, musica, danza o architettura da fonti diverse dai libri o da Internet, che \u00e8 spesso piena di informazioni fuorvianti. Si potr\u00e0 scoprire di pi\u00f9 sul tempo in cui le donne indossavano cappelli e guanti e gli uomini erano gentiluomini, sulla rivoluzione nell&#8217;abbigliamento, i nuovi generi di musica come il ragtime o lo swing e i balli associati e, ultimo ma non in ordine di importanza, l&#8217;incredibile periodo vissuto nell&#8217;architettura &#8211; chiamato funzionalismo o art deco. Le conferenze saranno accompagnate da sfilate di abiti originali, musica dal vivo o spettacoli di danza.<br \/>\n<strong>Info: <a href=\"http:\/\/gob.sk\/event\/2051\/nova-doba-1920-1930\">gob.sk<\/a>,\u00a0<a href=\"https:\/\/www.facebook.com\/events\/137582450266627\/\">Facebook<\/a><\/strong><\/p>\n<hr \/>\n<p style=\"text-align: justify;\"><strong><span style=\"color: #ff0000;\">Febiofest\u00a0\u2013 Bratislava<br \/>\n2 &#8211; 8 marzo 2018<\/span><\/strong><\/p>\n<p style=\"text-align: justify;\"><a href=\"https:\/\/www.turismoslovacchia.it\/wp-content\/uploads\/cinema-film.jpg\" data-rel=\"lightbox-gallery-mZ03YII6\" data-rl_title=\"\" data-rl_caption=\"\" title=\"\"><img decoding=\"async\" loading=\"lazy\" class=\"alignnone size-full wp-image-8313\" src=\"https:\/\/www.turismoslovacchia.it\/wp-content\/uploads\/cinema-film.jpg\" alt=\"\" width=\"719\" height=\"443\" srcset=\"https:\/\/www.turismoslovacchia.it\/wp-content\/uploads\/cinema-film.jpg 719w, https:\/\/www.turismoslovacchia.it\/wp-content\/uploads\/cinema-film-300x185.jpg 300w, https:\/\/www.turismoslovacchia.it\/wp-content\/uploads\/cinema-film-400x246.jpg 400w, https:\/\/www.turismoslovacchia.it\/wp-content\/uploads\/cinema-film-100x62.jpg 100w, https:\/\/www.turismoslovacchia.it\/wp-content\/uploads\/cinema-film-200x123.jpg 200w, https:\/\/www.turismoslovacchia.it\/wp-content\/uploads\/cinema-film-150x92.jpg 150w\" sizes=\"(max-width: 719px) 100vw, 719px\" \/><\/a><\/p>\n<p style=\"text-align: justify;\">Il festival internazionale del cinema di cineteca Febiofest \u00e8 un tributo agli autori e ai club cinematografici. In programma prime proiezioni di nuovi film slovacchi, omaggi ai grandi nomi della cinematografia, film cult e anticipazioni esclusive di festival internazionali.<br \/>\n<strong>Info: <a href=\"http:\/\/www.febiofest.sk\">www.febiofest.sk<\/a>\u00a0<\/strong><\/p>\n<hr \/>\n<p>&nbsp;<\/p>\n<h4>Altri eventi del mese nella regione sono visibili sul sito\u00a0<a class=\"wp-links-icon\" href=\"http:\/\/www.gob.sk\/\" target=\"_blank\" rel=\"external nofollow noopener\">www.gob.sk<\/a>. Per gli appuntamenti a Bratislava vedere i siti\u00a0<a class=\"wp-links-icon\" href=\"http:\/\/www.visitbratislava.com\/\" target=\"_blank\" rel=\"external nofollow noopener\">visitbratislava.com<\/a>\u00a0o\u00a0<a class=\"wp-links-icon\" href=\"https:\/\/www.citylife.sk\/\" target=\"_blank\" rel=\"external nofollow noopener\">www.citylife.sk<\/a><\/h4>\n","protected":false},"excerpt":{"rendered":"<p>Mese della francofonia \u2013 Bratislava marzo 2018 Il mese di marzo \u00e8 dedicato, a Bratislava e in altre citt\u00e0, alla cultura francofona, un viaggio attraverso un programma variegato che si chiude con la settimana del cinema francese &#8216;Cr\u00e9me de la Creme 5&#8217;.\u00a0Una mostra presso la European house of photography (Stredoeur\u00f3pskom dome fotografie), dal 18 febbraio [&hellip;]<\/p>\n","protected":false},"author":2,"featured_media":249,"comment_status":"open","ping_status":"open","sticky":false,"template":"","format":"standard","meta":[],"categories":[3,5],"tags":[347,9,249,29,42,473],"aioseo_notices":[],"jetpack_featured_media_url":"https:\/\/www.turismoslovacchia.it\/wp-content\/uploads\/2010\/10\/Eventi-in-Slovacchia.jpg","jetpack_sharing_enabled":true,"jetpack-related-posts":[{"id":8861,"url":"https:\/\/www.turismoslovacchia.it\/?p=8861","url_meta":{"origin":8743,"position":0},"title":"Marzo 2019: gli eventi a Bratislava e dintorni","date":"6 Marzo 2019","format":false,"excerpt":"Mese della francofonia \u2013 Bratislava marzo 2019 Nel mese di marzo si svolge, a Bratislava e in altre citt\u00e0 slovacche, un festival della cultura francofona, un viaggio attraverso un programma variegato che include la settimana del cinema francese \u2018Cr\u00e9me de la Creme\u2019 dal 6 al 12 marzo, e poi ncontri,\u2026","rel":"","context":"In &quot;Eventi&quot;","img":{"alt_text":"","src":"https:\/\/i0.wp.com\/www.turismoslovacchia.it\/wp-content\/uploads\/cast-cervenykamen@gob-sk.jpg?resize=350%2C200&ssl=1","width":350,"height":200},"classes":[]},{"id":8421,"url":"https:\/\/www.turismoslovacchia.it\/?p=8421","url_meta":{"origin":8743,"position":1},"title":"Febbraio 2018: gli eventi a Bratislava e dintorni","date":"28 Gennaio 2018","format":false,"excerpt":"Tra\u00a0gli eventi pi\u00f9 rilevanti del febbraio 2010 nella citt\u00e0 e regione di Bratislava\u00a0vanno ricordati la stagione dei balli che come tutti gli anni riporta in Slovacchia un po' dell'atmosfera delle serate danzanti d'epoca asburgica, l'opportunit\u00e0 di assaggiare piatti di stagione dei migliori chef slovacchi a costi accessibili, o di\u00a0godere della\u2026","rel":"","context":"In &quot;Articoli&quot;","img":{"alt_text":"","src":"https:\/\/i0.wp.com\/www.turismoslovacchia.it\/wp-content\/uploads\/music-concer_pix.jpg?resize=350%2C200&ssl=1","width":350,"height":200},"classes":[]},{"id":8767,"url":"https:\/\/www.turismoslovacchia.it\/?p=8767","url_meta":{"origin":8743,"position":2},"title":"Luglio 2018: gli eventi a Bratislava e dintorni","date":"29 Giugno 2018","format":false,"excerpt":"Estate culturale di Bratislava 2018 \u2013 Bratislava giugno\u00a0\u2013 settembre\u00a02018 La rassegna\u00a0\u201cEstate culturale di Bratislava\u201d \u00e8 il pi\u00f9 grande evento estivo in Slovacchia che, nel corso dei mesi d\u2019estate propone nella capitale centinaia di appuntamenti culturali, musicali, letterari, teatrali, e attivit\u00e0 per il tempo libero\u00a0per i residenti e i tanti turisti.\u2026","rel":"","context":"In &quot;Eventi&quot;","img":{"alt_text":"","src":"https:\/\/i0.wp.com\/www.turismoslovacchia.it\/wp-content\/uploads\/bratis-eurovea-cultur-bkis.jpg?resize=350%2C200&ssl=1","width":350,"height":200},"classes":[]},{"id":8762,"url":"https:\/\/www.turismoslovacchia.it\/?p=8762","url_meta":{"origin":8743,"position":3},"title":"Giugno 2018: gli eventi a Bratislava e dintorni","date":"28 Maggio 2018","format":false,"excerpt":"Weekwnd dei parchi e giardini aperti 1 - 3 giugno 2018 Decine di aree verdi, storiche e moderne, saranno aperte durante il fine settimana a Bratislava e in tutto il Paese. Solo nella capitale \u00e8 possibile visitare oltre venti tra giardini e parchi, alcuni dei quali durante l\u2019anno non sono\u2026","rel":"","context":"In &quot;Eventi&quot;","img":{"alt_text":"","src":"https:\/\/i0.wp.com\/www.turismoslovacchia.it\/wp-content\/uploads\/eventi_00.jpg?resize=350%2C200&ssl=1","width":350,"height":200},"classes":[]},{"id":8746,"url":"https:\/\/www.turismoslovacchia.it\/?p=8746","url_meta":{"origin":8743,"position":4},"title":"Aprile 2018: gli eventi a Bratislava e dintorni","date":"2 Aprile 2018","format":false,"excerpt":"NOV\u00c1 DOBA. 1920-1930\u00a0\u2013 Bratislava 22 febbraio \u2013 25 aprile 2018 Nuova Era. 1920-1930.\u00a0Ciclo di conferenze sul 100\u00b0 anniversario della prima Repubblica Cecoslovacca. Nonostante si sia scelto un periodo definito, grosso modo il primo decennio dopo la nascita della Cecoslovacchia indipendente, si car\u00e0 spazio anche pi\u00f9 in generale su tutta la\u2026","rel":"","context":"In &quot;Articoli&quot;","img":{"alt_text":"","src":"https:\/\/i0.wp.com\/www.turismoslovacchia.it\/wp-content\/uploads\/Bratislava-panor_gob.sk_BSK.jpg?resize=350%2C200&ssl=1","width":350,"height":200},"classes":[]},{"id":8774,"url":"https:\/\/www.turismoslovacchia.it\/?p=8774","url_meta":{"origin":8743,"position":5},"title":"Settembre 2018: gli eventi a Bratislava e dintorni","date":"30 Agosto 2018","format":false,"excerpt":"Estate culturale di Bratislava 2018 \u2013 Bratislava giugno\u00a0\u2013 settembre\u00a02018 La rassegna\u00a0\u201cEstate culturale di Bratislava\u201d \u00e8 il pi\u00f9 grande evento estivo in Slovacchia che, nel corso dei mesi d\u2019estate propone nella capitale centinaia di appuntamenti culturali, musicali, letterari, teatrali, e attivit\u00e0 per il tempo libero\u00a0per i residenti e i tanti turisti.\u2026","rel":"","context":"In &quot;Eventi&quot;","img":{"alt_text":"","src":"https:\/\/i0.wp.com\/www.turismoslovacchia.it\/wp-content\/uploads\/Vinobranie-malekarpaty-vino-vendemm-sagre_gob-skBSK.jpg?resize=350%2C200&ssl=1","width":350,"height":200},"classes":[]}],"jetpack_shortlink":"https:\/\/wp.me\/p1oiY9-2h1","_links":{"self":[{"href":"https:\/\/www.turismoslovacchia.it\/index.php?rest_route=\/wp\/v2\/posts\/8743"}],"collection":[{"href":"https:\/\/www.turismoslovacchia.it\/index.php?rest_route=\/wp\/v2\/posts"}],"about":[{"href":"https:\/\/www.turismoslovacchia.it\/index.php?rest_route=\/wp\/v2\/types\/post"}],"author":[{"embeddable":true,"href":"https:\/\/www.turismoslovacchia.it\/index.php?rest_route=\/wp\/v2\/users\/2"}],"replies":[{"embeddable":true,"href":"https:\/\/www.turismoslovacchia.it\/index.php?rest_route=%2Fwp%2Fv2%2Fcomments&post=8743"}],"version-history":[{"count":3,"href":"https:\/\/www.turismoslovacchia.it\/index.php?rest_route=\/wp\/v2\/posts\/8743\/revisions"}],"predecessor-version":[{"id":9156,"href":"https:\/\/www.turismoslovacchia.it\/index.php?rest_route=\/wp\/v2\/posts\/8743\/revisions\/9156"}],"wp:featuredmedia":[{"embeddable":true,"href":"https:\/\/www.turismoslovacchia.it\/index.php?rest_route=\/wp\/v2\/media\/249"}],"wp:attachment":[{"href":"https:\/\/www.turismoslovacchia.it\/index.php?rest_route=%2Fwp%2Fv2%2Fmedia&parent=8743"}],"wp:term":[{"taxonomy":"category","embeddable":true,"href":"https:\/\/www.turismoslovacchia.it\/index.php?rest_route=%2Fwp%2Fv2%2Fcategories&post=8743"},{"taxonomy":"post_tag","embeddable":true,"href":"https:\/\/www.turismoslovacchia.it\/index.php?rest_route=%2Fwp%2Fv2%2Ftags&post=8743"}],"curies":[{"name":"wp","href":"https:\/\/api.w.org\/{rel}","templated":true}]}}