{"id":8721,"date":"2018-12-02T12:19:48","date_gmt":"2018-12-02T11:19:48","guid":{"rendered":"https:\/\/www.turismoslovacchia.it\/?p=8721"},"modified":"2019-01-15T23:35:28","modified_gmt":"2019-01-15T22:35:28","slug":"al-castello-di-bratislava-in-mostra-la-corte-imperiale-di-pietro-il-grande","status":"publish","type":"post","link":"https:\/\/www.turismoslovacchia.it\/?p=8721","title":{"rendered":"Al Castello di Bratislava in mostra la corte imperiale di Pietro il Grande"},"content":{"rendered":"<p style=\"text-align: justify;\"><a href=\"https:\/\/www.turismoslovacchia.it\/wp-content\/uploads\/SNM-peterhof1.jpg\" data-rel=\"lightbox-gallery-fXtGa1Y0\" data-rl_title=\"\" data-rl_caption=\"\" title=\"\"><img decoding=\"async\" loading=\"lazy\" class=\"alignnone size-full wp-image-8723\" src=\"https:\/\/www.turismoslovacchia.it\/wp-content\/uploads\/SNM-peterhof1.jpg\" alt=\"\" width=\"720\" height=\"338\" srcset=\"https:\/\/www.turismoslovacchia.it\/wp-content\/uploads\/SNM-peterhof1.jpg 720w, https:\/\/www.turismoslovacchia.it\/wp-content\/uploads\/SNM-peterhof1-300x141.jpg 300w, https:\/\/www.turismoslovacchia.it\/wp-content\/uploads\/SNM-peterhof1-400x188.jpg 400w, https:\/\/www.turismoslovacchia.it\/wp-content\/uploads\/SNM-peterhof1-150x70.jpg 150w, https:\/\/www.turismoslovacchia.it\/wp-content\/uploads\/SNM-peterhof1-100x47.jpg 100w, https:\/\/www.turismoslovacchia.it\/wp-content\/uploads\/SNM-peterhof1-200x94.jpg 200w\" sizes=\"(max-width: 720px) 100vw, 720px\" \/><\/a><\/p>\n<p style=\"text-align: justify;\">Al Castello di Bratislava \u00e8 stata aperta la mostra &#8220;L&#8217;et\u00e0 d&#8217;oro di Peterhof &#8211; Da Pietro I a Caterina II&#8221;, che ripercorre l&#8217;et\u00e0 della corte imperiale dello zar a Peterhof (letteralmente &#8220;Corte di Pietro&#8221; in tedesco), la Versailles russa\u00a0vicino a San Pietroburgo sulle rive del Golfo di Finlandia, edificata per volere di Pietro il Grande tra il 1714 e il 1723 e una delle Sette meraviglie della Russia. Per illustrare la vita della sfarzosa corte sono esposti numerosi oggetti personali e abiti di importanti governanti, tra cui\u00a0Pietro (1682-1725) e Caterina (1762-1796), che gi\u00e0 in vita veniva chiamata &#8220;la Grande&#8221;, e poi finissime porcellane orientali, dipinti e altro.<\/p>\n<p><img decoding=\"async\" loading=\"lazy\" class=\"alignnone size-full\" style=\"text-align: justify;\" src=\"https:\/\/upload.wikimedia.org\/wikipedia\/commons\/thumb\/f\/f5\/Grand_Cascade_in_Peterhof_01.jpg\/800px-Grand_Cascade_in_Peterhof_01.jpg\" width=\"800\" height=\"533\" \/><\/p>\n<p style=\"text-align: justify;\">La mostra,\u00a0un progetto congiunto del Museo nazionale slovacco insieme al Museo nazionale di Peterhof, vanta anche il trono di Pietro I, che in\u00a0precedenza era uscito dalla Russia solo per essere esposto negli Stati Uniti, e una statuetta del cane preferito di Caterina II,\u00a0un piccolo levriero italiano, che lei aveva fatto ritrarre dopo la morte.<\/p>\n<p><a href=\"https:\/\/www.turismoslovacchia.it\/wp-content\/uploads\/peterhof-SNM.jpg\" data-rel=\"lightbox-gallery-fXtGa1Y0\" data-rl_title=\"\" data-rl_caption=\"\" title=\"\"><img decoding=\"async\" loading=\"lazy\" class=\"alignnone size-full wp-image-8729\" src=\"https:\/\/www.turismoslovacchia.it\/wp-content\/uploads\/peterhof-SNM.jpg\" alt=\"\" width=\"720\" height=\"443\" srcset=\"https:\/\/www.turismoslovacchia.it\/wp-content\/uploads\/peterhof-SNM.jpg 720w, https:\/\/www.turismoslovacchia.it\/wp-content\/uploads\/peterhof-SNM-300x185.jpg 300w, https:\/\/www.turismoslovacchia.it\/wp-content\/uploads\/peterhof-SNM-400x246.jpg 400w, https:\/\/www.turismoslovacchia.it\/wp-content\/uploads\/peterhof-SNM-150x92.jpg 150w, https:\/\/www.turismoslovacchia.it\/wp-content\/uploads\/peterhof-SNM-100x62.jpg 100w, https:\/\/www.turismoslovacchia.it\/wp-content\/uploads\/peterhof-SNM-200x123.jpg 200w\" sizes=\"(max-width: 720px) 100vw, 720px\" \/><\/a><\/p>\n<p style=\"text-align: justify;\">Durante il XVIII secolo Peterhof fu parte della vita politica, sociale e culturale dello Stato russo al punto da rispecchiare lo sviluppo storico della Russia quale vera e propria &#8220;enciclopedia&#8221; della vita di corte e della vita della dinastia reale Romanov e memoria storica di movimenti artistici, stili architettonici e gusti del fondatore prima e, in seguito, di tutti i suoi successori.<\/p>\n<div class=\"fb-post\" data-href=\"https:\/\/www.facebook.com\/SNMHistorickeMuzeum\/photos\/a.288659953005\/10156623221698006\/?type=3\" data-width=\"552\"><\/div>\n<p style=\"text-align: justify;\">\n<p style=\"text-align: justify;\">Biglietti acquistabili direttamente al castello oppure tramite <a href=\"https:\/\/predpredaj.zoznam.sk\/sk\/listky\/zlaty-vek-peterhofu-od-petra-i-po-katarinu-ii-bratislava\/\">il sito web<\/a>.<\/p>\n<p><iframe loading=\"lazy\" src=\"https:\/\/www.youtube.com\/embed\/Sw_DyLopXs4\" width=\"520\" height=\"300\" frameborder=\"0\" allowfullscreen=\"allowfullscreen\"><span data-mce-type=\"bookmark\" style=\"display: inline-block; width: 0px; overflow: hidden; line-height: 0;\" class=\"mce_SELRES_start\">\ufeff<\/span><\/iframe><\/p>\n<p style=\"text-align: justify;\">_<br \/>\nCastello di Bratislava, Z\u00e1mock\u00e1 1, Bratislava<br \/>\nMostra aperta fino al 31 marzo 2019<br \/>\nOrario:\u00a0tutti i giorni tranne il luned\u00ec dalle 9:00 alle 17:00<br \/>\nBiglietti a \u20ac 10,00. Ridotto (anziani, studenti) \u20ac 4,00. Gratuito per gli over 70<br \/>\nInformazioni:<br \/>\nMaggiori info: <a href=\"https:\/\/www.peterhof.sk\/\">www.peterhof.sk<\/a><\/p>\n","protected":false},"excerpt":{"rendered":"<p>Al Castello di Bratislava \u00e8 stata aperta la mostra &#8220;L&#8217;et\u00e0 d&#8217;oro di Peterhof &#8211; Da Pietro I a Caterina II&#8221;, che ripercorre l&#8217;et\u00e0 della corte imperiale dello zar a Peterhof (letteralmente &#8220;Corte di Pietro&#8221; in tedesco), la Versailles russa\u00a0vicino a San Pietroburgo sulle rive del Golfo di Finlandia, edificata per volere di Pietro il Grande [&hellip;]<\/p>\n","protected":false},"author":2,"featured_media":8723,"comment_status":"open","ping_status":"open","sticky":false,"template":"","format":"standard","meta":[],"categories":[3,5,1,326],"tags":[9,650,30,44,734],"aioseo_notices":[],"jetpack_featured_media_url":"https:\/\/www.turismoslovacchia.it\/wp-content\/uploads\/SNM-peterhof1.jpg","jetpack_sharing_enabled":true,"jetpack-related-posts":[{"id":8861,"url":"https:\/\/www.turismoslovacchia.it\/?p=8861","url_meta":{"origin":8721,"position":0},"title":"Marzo 2019: gli eventi a Bratislava e dintorni","date":"6 Marzo 2019","format":false,"excerpt":"Mese della francofonia \u2013 Bratislava marzo 2019 Nel mese di marzo si svolge, a Bratislava e in altre citt\u00e0 slovacche, un festival della cultura francofona, un viaggio attraverso un programma variegato che include la settimana del cinema francese \u2018Cr\u00e9me de la Creme\u2019 dal 6 al 12 marzo, e poi ncontri,\u2026","rel":"","context":"In &quot;Eventi&quot;","img":{"alt_text":"","src":"https:\/\/i0.wp.com\/www.turismoslovacchia.it\/wp-content\/uploads\/cast-cervenykamen@gob-sk.jpg?resize=350%2C200&ssl=1","width":350,"height":200},"classes":[]},{"id":8250,"url":"https:\/\/www.turismoslovacchia.it\/?p=8250","url_meta":{"origin":8721,"position":1},"title":"Luglio 2017: gli eventi a Bratislava e dintorni","date":"25 Giugno 2017","format":false,"excerpt":"Segnaliamo qui gli eventi pi\u00f9 rilevanti del mese di luglio 2017 nella citt\u00e0 e regione di Bratislava.\u00a0Tra quelli da segnalare ci sono il weekend della antiche arti presso il sempre affascinante\u00a0Castello di \u010cerven\u00fd Kame\u0148, il Festival Shakespeare, ormai una tradizione che da anni\u00a0ravviva la corte interna del castello di Bratislava,\u2026","rel":"","context":"In &quot;Articoli&quot;","img":{"alt_text":"","src":"https:\/\/i0.wp.com\/www.turismoslovacchia.it\/wp-content\/uploads\/eventi_00.jpg?resize=350%2C200&ssl=1","width":350,"height":200},"classes":[]},{"id":9118,"url":"https:\/\/www.turismoslovacchia.it\/?p=9118","url_meta":{"origin":8721,"position":2},"title":"Agosto 2019: gli eventi a Bratislava e in Slovacchia","date":"2 Agosto 2019","format":false,"excerpt":"VIVA MUSICA! FESTIVAL \u2013 Bratislava 6 luglio \u2013\u00a025 agosto\u00a02018 Il festival Viva Musica! \u00e8 nato nel 2005 con l'ambizione di creare un evento estivo di un alto livello per tutti gli appassionati di musica - classica e non - ma in luoghi e con stile innovativo. Il festival offre il\u2026","rel":"","context":"In &quot;Eventi&quot;","img":{"alt_text":"","src":"https:\/\/i0.wp.com\/www.turismoslovacchia.it\/wp-content\/uploads\/eventi_00.jpg?resize=350%2C200&ssl=1","width":350,"height":200},"classes":[]},{"id":8537,"url":"https:\/\/www.turismoslovacchia.it\/?p=8537","url_meta":{"origin":8721,"position":3},"title":"Bratislava ha celebrato la prima incoronazione di un sovrano asburgico","date":"14 Luglio 2018","format":false,"excerpt":"Ogni anno per una settimana Bratislava, l\u2019antica Pressburg (Pozsony in ungherese), rivive i fasti dell\u2019epoca imperiale asburgica, quando divenne la capitale del regno d\u2019Ungheria. Correva l\u2019anno 1536 e i Turchi ottomani, guidati da Solimano il Magnifico, avevano gi\u00e0 sconfitto nella battaglia di Moh\u00e1cs (1526) il sovrano d'Ungheria e Boemia Luigi\u2026","rel":"","context":"In &quot;Articoli&quot;","img":{"alt_text":"","src":"https:\/\/i0.wp.com\/www.turismoslovacchia.it\/wp-content\/uploads\/incoronaz_Massimiliano-d-Asburgo_PFerraris.jpg?resize=350%2C200&ssl=1","width":350,"height":200},"classes":[]},{"id":8101,"url":"https:\/\/www.turismoslovacchia.it\/?p=8101","url_meta":{"origin":8721,"position":4},"title":"Maggio 2017: gli eventi a Bratislava e dintorni","date":"28 Aprile 2017","format":false,"excerpt":"Segnaliamo qui gli eventi pi\u00f9 rilevanti del mese di maggio 2017 nella citt\u00e0 e regione di Bratislava.\u00a0Tra quelli da segnalare a Bratislava il Majales, festival all'aperto sulla riva del Danubio, la rassegna di circo contemporaneo Cirkul'art 2017, la rievocazione dell'assedio delle truppe napoleoniche alla citt\u00e0 nel 1809,\u00a0mentre in regione (ma\u2026","rel":"","context":"In &quot;Eventi&quot;","img":{"alt_text":"","src":"https:\/\/i0.wp.com\/www.turismoslovacchia.it\/wp-content\/uploads\/eventi_00.jpg?resize=350%2C200&ssl=1","width":350,"height":200},"classes":[]},{"id":8236,"url":"https:\/\/www.turismoslovacchia.it\/?p=8236","url_meta":{"origin":8721,"position":5},"title":"Giugno 2017: gli eventi a Bratislava e dintorni","date":"22 Maggio 2017","format":false,"excerpt":"Segnaliamo qui gli eventi pi\u00f9 rilevanti del mese di giugno\u00a02017 nella citt\u00e0 e regione di Bratislava.\u00a0Tra quelli da segnalare ci sono l'estate culturale di Bratislava, che durer\u00e0 con centinaia di appuntamenti fino a settembre, il festival Viva Musica!, il grande Mercato della Ceramica di Pezinok, ma anche\u00a0la festa dell'incoronazione, che\u2026","rel":"","context":"In &quot;Articoli&quot;","img":{"alt_text":"","src":"https:\/\/i0.wp.com\/www.turismoslovacchia.it\/wp-content\/uploads\/eventi_00.jpg?resize=350%2C200&ssl=1","width":350,"height":200},"classes":[]}],"jetpack_shortlink":"https:\/\/wp.me\/p1oiY9-2gF","_links":{"self":[{"href":"https:\/\/www.turismoslovacchia.it\/index.php?rest_route=\/wp\/v2\/posts\/8721"}],"collection":[{"href":"https:\/\/www.turismoslovacchia.it\/index.php?rest_route=\/wp\/v2\/posts"}],"about":[{"href":"https:\/\/www.turismoslovacchia.it\/index.php?rest_route=\/wp\/v2\/types\/post"}],"author":[{"embeddable":true,"href":"https:\/\/www.turismoslovacchia.it\/index.php?rest_route=\/wp\/v2\/users\/2"}],"replies":[{"embeddable":true,"href":"https:\/\/www.turismoslovacchia.it\/index.php?rest_route=%2Fwp%2Fv2%2Fcomments&post=8721"}],"version-history":[{"count":4,"href":"https:\/\/www.turismoslovacchia.it\/index.php?rest_route=\/wp\/v2\/posts\/8721\/revisions"}],"predecessor-version":[{"id":8730,"href":"https:\/\/www.turismoslovacchia.it\/index.php?rest_route=\/wp\/v2\/posts\/8721\/revisions\/8730"}],"wp:featuredmedia":[{"embeddable":true,"href":"https:\/\/www.turismoslovacchia.it\/index.php?rest_route=\/wp\/v2\/media\/8723"}],"wp:attachment":[{"href":"https:\/\/www.turismoslovacchia.it\/index.php?rest_route=%2Fwp%2Fv2%2Fmedia&parent=8721"}],"wp:term":[{"taxonomy":"category","embeddable":true,"href":"https:\/\/www.turismoslovacchia.it\/index.php?rest_route=%2Fwp%2Fv2%2Fcategories&post=8721"},{"taxonomy":"post_tag","embeddable":true,"href":"https:\/\/www.turismoslovacchia.it\/index.php?rest_route=%2Fwp%2Fv2%2Ftags&post=8721"}],"curies":[{"name":"wp","href":"https:\/\/api.w.org\/{rel}","templated":true}]}}