{"id":8717,"date":"2018-12-05T11:38:05","date_gmt":"2018-12-05T10:38:05","guid":{"rendered":"https:\/\/www.turismoslovacchia.it\/?p=8717"},"modified":"2019-01-22T23:46:08","modified_gmt":"2019-01-22T22:46:08","slug":"mostre-alla-galleria-danubiana-una-scelta-di-cavalli-di-razza-slovacchi","status":"publish","type":"post","link":"https:\/\/www.turismoslovacchia.it\/?p=8717","title":{"rendered":"Mostre: alla galleria Danubiana una scelta di &#8220;cavalli di razza&#8221; slovacchi"},"content":{"rendered":"<p><a href=\"https:\/\/www.turismoslovacchia.it\/wp-content\/uploads\/danubiana_vb.jpg\" data-rel=\"lightbox-gallery-Ho4sOFlg\" data-rl_title=\"\" data-rl_caption=\"\" title=\"\"><img decoding=\"async\" loading=\"lazy\" class=\"alignnone size-full wp-image-8718\" src=\"https:\/\/www.turismoslovacchia.it\/wp-content\/uploads\/danubiana_vb.jpg\" alt=\"\" width=\"720\" height=\"443\" srcset=\"https:\/\/www.turismoslovacchia.it\/wp-content\/uploads\/danubiana_vb.jpg 720w, https:\/\/www.turismoslovacchia.it\/wp-content\/uploads\/danubiana_vb-300x185.jpg 300w, https:\/\/www.turismoslovacchia.it\/wp-content\/uploads\/danubiana_vb-400x246.jpg 400w, https:\/\/www.turismoslovacchia.it\/wp-content\/uploads\/danubiana_vb-150x92.jpg 150w, https:\/\/www.turismoslovacchia.it\/wp-content\/uploads\/danubiana_vb-100x62.jpg 100w, https:\/\/www.turismoslovacchia.it\/wp-content\/uploads\/danubiana_vb-200x123.jpg 200w\" sizes=\"(max-width: 720px) 100vw, 720px\" \/><\/a><\/p>\n<p style=\"text-align: justify;\">La galleria Danubiana Meulensteen, inaugurata meno di venti anni fa su una penisola che si estende al centro del Danubio a una manciata di chilometri da Bratislava, un sito talmente spettacolare da meritare la visita solo per la vista che offre, ha aperto nei giorni scorsi alcune mostre che accompagneranno i visitatori fino a met\u00e0 gennaio. Chi possiede la Bratislava Card, peraltro, gode di uno sconto del 20% sul prezzo del biglietto. Qui di seguito le mostre che chiuderanno il prossimo 13 gennaio.<\/p>\n<p style=\"text-align: justify;\"><strong>Adam Szentp\u00e9tery, Geo Codes<\/strong><br \/>\nViene presentata una serie dei dipinti pi\u00f9 recenti del pittore slovaccco (a partire dal 2007) che portano il titolo comune Deformations. Szentp\u00e9tery apporta nella serie sia cambiamenti di formato, con grandi cerchi monumentali, sia un cambio di utilizzo dello spazio dell&#8217;immagine &#8211; una &#8220;curvatura&#8221; dello spazio, un&#8217;illusione 3D che rimanda alle nuove tecnologie di oggi (fish eye, computer modeling, digital manipulation e simili).<\/p>\n<p style=\"text-align: justify;\"><strong>Peter Roller, Messages<\/strong><br \/>\nPeter Roller \u00e8 un inventivo scultore slovacco a cui piace giocare con lo spazio, la forma o i materiali. Dalla met\u00e0 degli anni Ottanta ha fissato molta della sua attenzione al disegno, sua passione, che gradualmente \u00e8 diventato parte integrante del suo lavoro. Nella sua realt\u00e0, il mondo di Roller \u00e8 combinato alla filosofia delle culture antiche e dell&#8217;Asia orientale, e si interseca con la tradizione moderna slovacca.<\/p>\n<p><a href=\"https:\/\/www.turismoslovacchia.it\/wp-content\/uploads\/milanlukac-peterroller_danubiana.jpg\" data-rel=\"lightbox-gallery-Ho4sOFlg\" data-rl_title=\"\" data-rl_caption=\"\" title=\"\"><img decoding=\"async\" loading=\"lazy\" class=\"alignnone size-full wp-image-8719\" src=\"https:\/\/www.turismoslovacchia.it\/wp-content\/uploads\/milanlukac-peterroller_danubiana.jpg\" alt=\"\" width=\"720\" height=\"443\" srcset=\"https:\/\/www.turismoslovacchia.it\/wp-content\/uploads\/milanlukac-peterroller_danubiana.jpg 720w, https:\/\/www.turismoslovacchia.it\/wp-content\/uploads\/milanlukac-peterroller_danubiana-300x185.jpg 300w, https:\/\/www.turismoslovacchia.it\/wp-content\/uploads\/milanlukac-peterroller_danubiana-400x246.jpg 400w, https:\/\/www.turismoslovacchia.it\/wp-content\/uploads\/milanlukac-peterroller_danubiana-150x92.jpg 150w, https:\/\/www.turismoslovacchia.it\/wp-content\/uploads\/milanlukac-peterroller_danubiana-100x62.jpg 100w, https:\/\/www.turismoslovacchia.it\/wp-content\/uploads\/milanlukac-peterroller_danubiana-200x123.jpg 200w\" sizes=\"(max-width: 720px) 100vw, 720px\" \/><\/a><\/p>\n<p style=\"text-align: justify;\"><strong>Milan Luka\u010d,\u00a0Painting and sculptures<br \/>\n<\/strong>Lo scultore Milan Luk\u00e1\u010d \u00e8 una delle personalit\u00e0 pi\u00f9 importanti della scena artistica slovacca, e il suo nome \u00e8 ben noto anche in contesto europeo, in particolare in Francia e Austria. Le statue di Luk\u00e1\u010d sono dinamiche e piene di movimento, sembrano muoversi nello spazio negando apparentemente le leggi di gravit\u00e0.<\/p>\n<p><img decoding=\"async\" loading=\"lazy\" class=\"alignnone \" src=\"https:\/\/www.danubiana.sk\/storage\/exhibitions\/106\/Karol%20Kallay%20portret.jpg\" width=\"722\" height=\"306\" \/><\/p>\n<p style=\"text-align: justify;\"><strong>Karol K\u00e1llay, Unforgettable<\/strong><br \/>\nAi suoi inizi, <a href=\"https:\/\/www.turismoslovacchia.it\/?p=1359\">Karol K\u00e1llay<\/a> \u00e8 entrato nel mondo della fotografia slovacca in un modo tipico per lui, vincendo una medaglia d&#8217;oro per la foto &#8220;Asphalt men&#8221; quando, sedicenne, partecip\u00f2 a una gara nazionale ceca nel 1942. Proseguendo,\u00a0K\u00e1llay \u00e8 definitivamente entrato tra i grandi della fotografia nel 1950, quando inizi\u00f2 a lavorare come freelance e a viaggiare per il mondo. A met\u00e0 degli anni &#8217;50 ha iniziato una rivoluzione nella fotografia di moda, portando modelli da atelier in esterno e dando nuova vita alle immagini.<\/p>\n<p>Info:<br \/>\nDanubiana Meulensteen Art Museum, localit\u00e0 \u010cu\u0148ovo<br \/>\nTel. +421262528501<br \/>\nWeb www.danubiana.sk<br \/>\nEmail danubiana@danubiana.sk<\/p>\n<p style=\"text-align: right;\"><span style=\"color: #808080;\"><em><br \/>\nFoto\u00a0visitbratislava.com<br \/>\nFoto danubiana.sk<\/em><\/span><\/p>\n","protected":false},"excerpt":{"rendered":"<p>La galleria Danubiana Meulensteen, inaugurata meno di venti anni fa su una penisola che si estende al centro del Danubio a una manciata di chilometri da Bratislava, un sito talmente spettacolare da meritare la visita solo per la vista che offre, ha aperto nei giorni scorsi alcune mostre che accompagneranno i visitatori fino a met\u00e0 [&hellip;]<\/p>\n","protected":false},"author":2,"featured_media":8718,"comment_status":"open","ping_status":"open","sticky":false,"template":"","format":"standard","meta":[],"categories":[3,5,1],"tags":[190,748,275,43,44],"aioseo_notices":[],"jetpack_featured_media_url":"https:\/\/www.turismoslovacchia.it\/wp-content\/uploads\/danubiana_vb.jpg","jetpack_sharing_enabled":true,"jetpack-related-posts":[{"id":1265,"url":"https:\/\/www.turismoslovacchia.it\/?p=1265","url_meta":{"origin":8717,"position":0},"title":"Danubiana sar\u00e0 Museo Nazionale slovacco di Arte Moderna","date":"22 Dicembre 2011","format":false,"excerpt":"La Slovacchia, ha detto luned\u00ec il Ministro della Cultura Daniel Krajcer, avra' il suo Museo Nazionale di Arte Moderna entro il 2014. L\u2019idea sara' realizzata con l\u2019ampliamento del Museo d\u2019Arte Moderna Danubiana di Cunovo, nei pressi di Bratislava, ha informato il Ministro nel corso di una conferenza stampa. La nuova\u2026","rel":"","context":"In &quot;Articoli&quot;","img":{"alt_text":"","src":"https:\/\/i0.wp.com\/www.turismoslovacchia.it\/wp-content\/uploads\/galleria-Danubiana-szutyanyi-jani@panoramio.jpg?resize=350%2C200&ssl=1","width":350,"height":200},"classes":[]},{"id":11127,"url":"https:\/\/www.turismoslovacchia.it\/?p=11127","url_meta":{"origin":8717,"position":1},"title":"Danubiana, un Museo d&#8217;Arte contemporanea alla confluenza di tre paesi","date":"15 Dicembre 2023","format":false,"excerpt":"Mai nome fu scelto meglio. Parlo di un museo all\u2019aperto di arte contemporanea allestito su una delle tante isole che il Danubio crea nel suo lungo percorso. Qui siamo a 25 km da Bratislava, in direzione Budapest, nel punto in cui il fiume si allarga formando lunghe isole e depositi\u2026","rel":"","context":"In &quot;Articoli&quot;","img":{"alt_text":"","src":"https:\/\/i0.wp.com\/www.turismoslovacchia.it\/wp-content\/uploads\/danubian@marcopasquali.jpg?resize=350%2C200&ssl=1","width":350,"height":200},"classes":[]},{"id":6046,"url":"https:\/\/www.turismoslovacchia.it\/?p=6046","url_meta":{"origin":8717,"position":2},"title":"Novembre, a Bratislava \u00e8 il Mese della Fotografia","date":"5 Novembre 2015","format":false,"excerpt":"Si stanno tenendo in questi giorni le numerose inaugurazioni del festival di fotografia Mesiac Fotografie 2015, che come tutti gli anni invade nel mese di novembre la capitale slovacca con mostre, workshops, conferenze ed eventi collaterali. La venticinquesima edizione della manifestazione, porta nuovi nomi, e nuove location grazie a una\u2026","rel":"","context":"In &quot;Articoli&quot;","img":{"alt_text":"","src":"https:\/\/i0.wp.com\/www.turismoslovacchia.it\/wp-content\/uploads\/mesefotog15.jpg?resize=350%2C200&ssl=1","width":350,"height":200},"classes":[]},{"id":4269,"url":"https:\/\/www.turismoslovacchia.it\/?p=4269","url_meta":{"origin":8717,"position":3},"title":"A Bratislava \u00e8 novembre il Mese della Fotografia","date":"7 Novembre 2014","format":false,"excerpt":"Ha avuto inizio da poco pi\u00f9 di una settimana, e si svolger\u00e0 fino al 30 novembre a Bratislava, la 24esima edizione del Festival internazionaleMesiac fotografie\u00a0(Mese della fotografia). Divenuto nel corso del tempo uno dei pi\u00f9 importanti eventi culturali d\u2019autunno dell\u2019intera regione, il festival vede nel corso del mese decine di\u2026","rel":"","context":"In &quot;Articoli&quot;","img":{"alt_text":"","src":"https:\/\/i0.wp.com\/www.turismoslovacchia.it\/wp-content\/uploads\/mesefotogr-koppitz-2014.jpg?resize=350%2C200&ssl=1","width":350,"height":200},"classes":[]},{"id":1092,"url":"https:\/\/www.turismoslovacchia.it\/?p=1092","url_meta":{"origin":8717,"position":4},"title":"La fotografia come ogni novembre invade Bratislava","date":"12 Novembre 2011","format":false,"excerpt":"La 21\u00b0 edizione del Mese della Fotografia di Bratislava mette insieme diversi generi, fotografi e paesi per un totale di 26 mostre, che sono state aperte all'inizio del mese e sono sparse in tutta la citta' dalle grandi alle piccole gallerie. Parte del circuito sono anche la Galleria Nazionale Slovacca\u2026","rel":"","context":"In &quot;Articoli&quot;","img":{"alt_text":"","src":"https:\/\/i0.wp.com\/www.turismoslovacchia.it\/wp-content\/uploads\/mesiacfotografie-JanSaudek_ps03.jpg?resize=350%2C200&ssl=1","width":350,"height":200},"classes":[]},{"id":1245,"url":"https:\/\/www.turismoslovacchia.it\/?p=1245","url_meta":{"origin":8717,"position":5},"title":"La Galleria Civica di Bratislava compie 50 anni e celebra le sue collezioni","date":"22 Settembre 2011","format":false,"excerpt":"Nella cornice dei festeggiamenti dei cinquant\u2019anni di attivit\u00e1 della Galleria Civica di Bratislava, viene aperta oggi una mostra celebrativa collettiva, collettiva anche dal punto di vista curatoriale poich\u00e9 coinvolge tutte le forze interne dell\u2019istituto. Si tratta di una mostra storica e riepilogativa dello sviluppo dell\u2019istituzione museale che oggi rappresenta uno\u2026","rel":"","context":"In &quot;Articoli&quot;","img":{"alt_text":"","src":"https:\/\/i0.wp.com\/www.turismoslovacchia.it\/wp-content\/uploads\/Palazzo-Mirbach-GBM-Bratislava.jpg?resize=350%2C200&ssl=1","width":350,"height":200},"classes":[]}],"jetpack_shortlink":"https:\/\/wp.me\/p1oiY9-2gB","_links":{"self":[{"href":"https:\/\/www.turismoslovacchia.it\/index.php?rest_route=\/wp\/v2\/posts\/8717"}],"collection":[{"href":"https:\/\/www.turismoslovacchia.it\/index.php?rest_route=\/wp\/v2\/posts"}],"about":[{"href":"https:\/\/www.turismoslovacchia.it\/index.php?rest_route=\/wp\/v2\/types\/post"}],"author":[{"embeddable":true,"href":"https:\/\/www.turismoslovacchia.it\/index.php?rest_route=\/wp\/v2\/users\/2"}],"replies":[{"embeddable":true,"href":"https:\/\/www.turismoslovacchia.it\/index.php?rest_route=%2Fwp%2Fv2%2Fcomments&post=8717"}],"version-history":[{"count":1,"href":"https:\/\/www.turismoslovacchia.it\/index.php?rest_route=\/wp\/v2\/posts\/8717\/revisions"}],"predecessor-version":[{"id":8720,"href":"https:\/\/www.turismoslovacchia.it\/index.php?rest_route=\/wp\/v2\/posts\/8717\/revisions\/8720"}],"wp:featuredmedia":[{"embeddable":true,"href":"https:\/\/www.turismoslovacchia.it\/index.php?rest_route=\/wp\/v2\/media\/8718"}],"wp:attachment":[{"href":"https:\/\/www.turismoslovacchia.it\/index.php?rest_route=%2Fwp%2Fv2%2Fmedia&parent=8717"}],"wp:term":[{"taxonomy":"category","embeddable":true,"href":"https:\/\/www.turismoslovacchia.it\/index.php?rest_route=%2Fwp%2Fv2%2Fcategories&post=8717"},{"taxonomy":"post_tag","embeddable":true,"href":"https:\/\/www.turismoslovacchia.it\/index.php?rest_route=%2Fwp%2Fv2%2Ftags&post=8717"}],"curies":[{"name":"wp","href":"https:\/\/api.w.org\/{rel}","templated":true}]}}