{"id":8655,"date":"2018-08-10T11:01:46","date_gmt":"2018-08-10T09:01:46","guid":{"rendered":"https:\/\/www.turismoslovacchia.it\/?p=8655"},"modified":"2018-12-13T21:23:01","modified_gmt":"2018-12-13T20:23:01","slug":"personalita-e-anniversari-significativi-michal-miloslav-hodza","status":"publish","type":"post","link":"https:\/\/www.turismoslovacchia.it\/?p=8655","title":{"rendered":"Personalit\u00e0 e anniversari significativi: Michal Miloslav Hod\u017ea"},"content":{"rendered":"<p style=\"text-align: justify;\"><strong><b><a href=\"https:\/\/www.turismoslovacchia.it\/wp-content\/uploads\/hodza.jpg\" data-rel=\"lightbox-gallery-YZoWX6v0\" data-rl_title=\"\" data-rl_caption=\"\" title=\"\"><img decoding=\"async\" loading=\"lazy\" class=\"alignnone size-full wp-image-8666\" src=\"https:\/\/www.turismoslovacchia.it\/wp-content\/uploads\/hodza.jpg\" alt=\"\" width=\"520\" height=\"320\" srcset=\"https:\/\/www.turismoslovacchia.it\/wp-content\/uploads\/hodza.jpg 520w, https:\/\/www.turismoslovacchia.it\/wp-content\/uploads\/hodza-300x185.jpg 300w, https:\/\/www.turismoslovacchia.it\/wp-content\/uploads\/hodza-400x246.jpg 400w, https:\/\/www.turismoslovacchia.it\/wp-content\/uploads\/hodza-150x92.jpg 150w, https:\/\/www.turismoslovacchia.it\/wp-content\/uploads\/hodza-100x62.jpg 100w, https:\/\/www.turismoslovacchia.it\/wp-content\/uploads\/hodza-200x123.jpg 200w\" sizes=\"(max-width: 520px) 100vw, 520px\" \/><\/a><\/b><\/strong><\/p>\n<p style=\"text-align: justify;\"><strong><b>Michal Miloslav Hod\u017ea<\/b><\/strong>\u00a0(Rak\u0161a,\u00a022 settembre\u00a01811\u00a0\u2013\u00a0Cieszyn,\u00a026 marzo\u00a01870)<\/p>\n<p style=\"text-align: justify;\">Michal Miloslav Hod\u017ea \u00e8 stato un\u00a0linguista,\u00a0poeta\u00a0e\u00a0pastore protestante\u00a0slovacco. Fu un esponente del movimento nazionale slovacco, un membro della cosiddetta &#8220;trinit\u00e0&#8221; insieme a\u00a0\u013dudov\u00edt \u0160t\u00far\u00a0e\u00a0Jozef Miloslav Hurban. Fra il 1832 e il\u00a01834\u00a0divenne vicepresidente della Societ\u00e0 di lingua e letteratura cecoslovacche<em><i>.<\/i><\/em>\u00a0Dalla seconda met\u00e0 degli\u00a0anni 30\u00a0dell\u2019800 scriveva su giornali educativi e didattici.<\/p>\n<p style=\"text-align: justify;\"><img decoding=\"async\" loading=\"lazy\" class=\"size-full alignright\" src=\"https:\/\/upload.wikimedia.org\/wikipedia\/commons\/4\/43\/Michal_Miloslav_Hod%C5%BEa.jpg\" width=\"251\" height=\"343\" \/>Nell&#8217;estate del 1843\u00a0Hod\u017ea incontr\u00f2 \u013dudov\u00edt \u0160t\u00far e Jozef Miloslav Hurban\u00a0a Hlbok\u00e9,\u00a0dove decisero di dare vita al moderno slovacco\u00a0letterario e di pubblicare giornali slovacchi. Un secondo incontro si tenne l&#8217;anno successivo, questa volta ospitato da Hod\u017ea a Liptovsk\u00fd Mikul\u00e1\u0161, dal 26 al 28 agosto 1844. In questa riunione fondarono un&#8217;associazione chiamata Tatr\u00edn, che ebbe molta rilevanza nel processo di definizione dell\u2019identit\u00e0 nazionale. L\u2019obiettivo di Tatr\u00edn era di sviluppare la vita culturale in Slovacchia mediante la pubblicazione e la distribuzione di libri in lingua slovacca. Ebbe un ruolo importante nella codificazione della lingua slovacca letteraria.<\/p>\n<p style=\"text-align: justify;\">Durante il periodo rivoluzionario (1848\u20131849), Hod\u017ea partecip\u00f2 attivamente al raduno dei patrioti (10\u201312 maggio 1848) a\u00a0Liptovsk\u00fd Mikul\u00e1\u0161. Durante l&#8217;incontro, a cui erano presenti anche \u0160t\u00far e Hurban, furono approvati i 14 punti delle\u00a0Richieste della nazione slovacca, che contenevano proposte per assegnare agli\u00a0Slovacchi\u00a0lo\u00a0status\u00a0di nazione all&#8217;interno del\u00a0Regno di Ungheria. Dopo la proclamazione della\u00a0legge marziale, che fu la risposta alle Richieste, Hod\u017ea decise di partire per\u00a0Praga\u00a0dove\u00a0prese parte attiva alle negoziazioni del Congresso slavo e ai preparativi all&#8217;insurrezione armata che ebbero luogo nell&#8217;estate. Fu membro del\u00a0Consiglio nazionale slovacco\u00a0e fu un volontario nell&#8217;insurrezione armata degli anni 1848-1849, sebbene disapprovasse una risoluzione della questione nazionale mediante un conflitto armato.<\/p>\n<p style=\"text-align: justify;\"><img decoding=\"async\" loading=\"lazy\" class=\"aligncenter\" src=\"https:\/\/www.mindop.sk\/externe\/znamky\/2011\/11504.gif\" width=\"341\" height=\"259\" \/><\/p>\n<p style=\"text-align: justify;\">Dopo la sconfitta della ribellione ungherese torn\u00f2 a\u00a0Liptovsk\u00fd Mikul\u00e1\u0161\u00a0per\u00a0proseguire l&#8217;attivit\u00e0 patriottica in campo ecclesiastico, sociale e culturale.\u00a0Fra il\u00a01863\u00a0e il\u00a01867\u00a0fu uno dei fondatori della\u00a0Matica slovensk\u00e1, istituzione culturale e scientifica\u00a0slovacca\u00a0che concentra il suo interesse su tematiche correlate alla nazione slovacca.<\/p>\n<p style=\"text-align: justify;\">(Izabela Prokopius)<\/p>\n<blockquote>\n<p style=\"text-align: center;\">Vai alla sezione<br \/>\n&#8220;<a href=\"https:\/\/www.turismoslovacchia.it\/?tag=personalita-anniversari\">Personalit\u00e0 e anniversari significativi<\/a>&#8220;<\/p>\n<\/blockquote>\n<p style=\"text-align: right;\"><span style=\"color: #808080;\"><em>Foto wiki CC0\/<br \/>\nmindop.sk<\/em><\/span><\/p>\n","protected":false},"excerpt":{"rendered":"<p>Michal Miloslav Hod\u017ea\u00a0(Rak\u0161a,\u00a022 settembre\u00a01811\u00a0\u2013\u00a0Cieszyn,\u00a026 marzo\u00a01870) Michal Miloslav Hod\u017ea \u00e8 stato un\u00a0linguista,\u00a0poeta\u00a0e\u00a0pastore protestante\u00a0slovacco. Fu un esponente del movimento nazionale slovacco, un membro della cosiddetta &#8220;trinit\u00e0&#8221; insieme a\u00a0\u013dudov\u00edt \u0160t\u00far\u00a0e\u00a0Jozef Miloslav Hurban. Fra il 1832 e il\u00a01834\u00a0divenne vicepresidente della Societ\u00e0 di lingua e letteratura cecoslovacche.\u00a0Dalla seconda met\u00e0 degli\u00a0anni 30\u00a0dell\u2019800 scriveva su giornali educativi e didattici. Nell&#8217;estate del 1843\u00a0Hod\u017ea [&hellip;]<\/p>\n","protected":false},"author":2,"featured_media":8666,"comment_status":"open","ping_status":"open","sticky":false,"template":"","format":"standard","meta":[],"categories":[3,1],"tags":[30,450,484,590,452,451,746],"aioseo_notices":[],"jetpack_featured_media_url":"https:\/\/www.turismoslovacchia.it\/wp-content\/uploads\/hodza.jpg","jetpack_sharing_enabled":true,"jetpack-related-posts":[{"id":2734,"url":"https:\/\/www.turismoslovacchia.it\/?p=2734","url_meta":{"origin":8655,"position":0},"title":"Compie 150 anni Matica Slovenska, prima organizzazione culturale e scientifica slovacca","date":"7 Agosto 2013","format":false,"excerpt":"Matica Slovenska, la maggiore organizzazione culturale della Slovacchia, ha celebrato nel week-end a Martin il suo 150\u00b0 anniversario. L\u2019ente costituisce \u00abla prima pietra della ricerca scientifica della nostra storia e la base di tutta l\u2019educazione che ora si sviluppa nella Slovacchia indipendente\u00bb, ha sottolineato il Primo Ministro Robert Fico sabato\u2026","rel":"","context":"In &quot;Articoli&quot;","img":{"alt_text":"","src":"https:\/\/i0.wp.com\/www.turismoslovacchia.it\/wp-content\/uploads\/maticaslovenska_wikimedia-commons.jpg?resize=350%2C200&ssl=1","width":350,"height":200},"classes":[]},{"id":8654,"url":"https:\/\/www.turismoslovacchia.it\/?p=8654","url_meta":{"origin":8655,"position":1},"title":"Personalit\u00e0 e anniversari significativi: \u013dudov\u00edt \u0160t\u00far","date":"13 Luglio 2018","format":false,"excerpt":"\u013dudov\u00edt \u0160t\u00far (Uhrovec,\u00a028 ottobre\u00a01815\u00a0\u2013\u00a0Modra,\u00a012 gennaio1856) \u00c8 stato un\u00a0linguista,\u00a0poeta\u00a0e\u00a0giornalista\u00a0slovacco. Codific\u00f2 la\u00a0lingua slovacca\u00a0secondo le parlate della\u00a0Slovacchia centrale, organizz\u00f2 i volontari slovacchi durante la sollevazione slovacca del\u00a01848\u00a0contro il\u00a0regno d'Ungheria. \u00a0Fu anche politico, editore, professore e filosofo. Aveva un'ottima conoscenza del\u00a0latino, oltre al quale conosceva anche l'ungherese, il\u00a0tedesco, il\u00a0francese, il\u00a0greco, il\u00a0polacco, il\u00a0serbocroato, il\u00a0russo\u00a0e studi\u00f2\u2026","rel":"","context":"In &quot;Articoli&quot;","img":{"alt_text":"","src":"https:\/\/i0.wp.com\/www.turismoslovacchia.it\/wp-content\/uploads\/stur1.jpg?resize=350%2C200&ssl=1","width":350,"height":200},"classes":[]},{"id":8651,"url":"https:\/\/www.turismoslovacchia.it\/?p=8651","url_meta":{"origin":8655,"position":2},"title":"Personalit\u00e0 e anniversari significativi: Anton Bernol\u00e1k","date":"8 Giugno 2018","format":false,"excerpt":"Anton Bernol\u00e1k\u00a0(Slanica,\u00a03 ottobre\u00a01762\u00a0\u2013\u00a0Nov\u00e9 Z\u00e1mky,\u00a015 gennaio\u00a01813) Bernol\u00e1k\u00a0\u00e8 stato un\u00a0presbitero\u00a0e\u00a0linguista\u00a0slovacco, e fu il primo codificatore della\u00a0lingua slovacca. Entusiasta delle riforme\u00a0illuministiche\u00a0di\u00a0Maria Teresa\u00a0e di\u00a0Giuseppe II, divenne un portavoce degli sforzi nella costruzione della nazione slovacca. Acquis\u00ec la padronanza di molte lingue classiche e moderne e una conoscenza enciclopedica di\u00a0storia, medicina,\u00a0estetica,\u00a0musica\u00a0e\u00a0politica. Grazie alle condizioni favorevoli\u2026","rel":"","context":"In &quot;Articoli&quot;","img":{"alt_text":"","src":"https:\/\/i0.wp.com\/www.turismoslovacchia.it\/wp-content\/uploads\/bernolak.jpg?resize=350%2C200&ssl=1","width":350,"height":200},"classes":[]},{"id":2828,"url":"https:\/\/www.turismoslovacchia.it\/?p=2828","url_meta":{"origin":8655,"position":3},"title":"La Slovacchia dei miti e delle favole \u2013 cenni storici sulla letteratura slovacca","date":"29 Ottobre 2013","format":false,"excerpt":"Se vogliamo definire l\u2019orizzonte storico della letteratura slovacca, dobbiamo tenere conto di due dati specifici: il fatto che per secoli il popolo slovacco non ha avuto un proprio stato e che per la cosiddetta \u201cletteratura alta\u201d ha utilizzato la lingua di altre nazioni, dal latino all\u2019ungherese e al ceco. Queste\u2026","rel":"","context":"In &quot;Articoli&quot;","img":{"alt_text":"","src":"https:\/\/i0.wp.com\/www.turismoslovacchia.it\/wp-content\/uploads\/libri_good_day_48642035@flickr.jpg?resize=350%2C200&ssl=1","width":350,"height":200},"classes":[]},{"id":7937,"url":"https:\/\/www.turismoslovacchia.it\/?p=7937","url_meta":{"origin":8655,"position":4},"title":"37 musei slovacchi che sono gratuiti ogni prima domenica del mese","date":"29 Marzo 2017","format":false,"excerpt":"Diversi musei statali offrono ai visitatori l\u2019ingresso gratuito ogni prima domenica del mese, una iniziativa presa anni fa dal ministero dell Cultura che prosegue tutt\u2019ora. Sono gratuiti numerosi musei specializzati della rete del Museo Nazionale Slovacco (SNM), le cinque sedi della Galleria Nazionale Slovacca (SNG), quattro esposizioni del Museo dell\u2019Insurrezione\u2026","rel":"","context":"In &quot;Articoli&quot;","img":{"alt_text":"","src":"https:\/\/i0.wp.com\/www.turismoslovacchia.it\/wp-content\/uploads\/musei2.jpg?resize=350%2C200&ssl=1","width":350,"height":200},"classes":[]},{"id":8656,"url":"https:\/\/www.turismoslovacchia.it\/?p=8656","url_meta":{"origin":8655,"position":5},"title":"Personalit\u00e0 e anniversari significativi: Milan Rastislav \u0160tef\u00e1nik","date":"3 Settembre 2018","format":false,"excerpt":"Milan Rastislav \u0160tef\u00e1nik\u00a0(Ko\u0161arisk\u00e1,\u00a021 luglio\u00a01880\u00a0\u2013\u00a0Ivanka pri Dunaji,\u00a04 maggio\u00a01919) \u00e8 stato un\u00a0politico\u00a0slovacco, e uno degli artefici - sul piano sia\u00a0militare\u00a0che\u00a0diplomatico\u00a0- della\u00a0Cecoslovacchia\u00a0indipendente\u00a0nel\u00a01918. Studi\u00f2 a Praga e Zurigo, dove ottenne importanti contatti per il suo futuro. Fu una figura poliedrica, diplomatico e generale dell'esercito francese,\u00a0astronomo, ministro della Guerra e umanista. Fu attivo anche come\u2026","rel":"","context":"In &quot;Articoli&quot;","img":{"alt_text":"","src":"https:\/\/i0.wp.com\/www.turismoslovacchia.it\/wp-content\/uploads\/stefanik.jpg?resize=350%2C200&ssl=1","width":350,"height":200},"classes":[]}],"jetpack_shortlink":"https:\/\/wp.me\/p1oiY9-2fB","_links":{"self":[{"href":"https:\/\/www.turismoslovacchia.it\/index.php?rest_route=\/wp\/v2\/posts\/8655"}],"collection":[{"href":"https:\/\/www.turismoslovacchia.it\/index.php?rest_route=\/wp\/v2\/posts"}],"about":[{"href":"https:\/\/www.turismoslovacchia.it\/index.php?rest_route=\/wp\/v2\/types\/post"}],"author":[{"embeddable":true,"href":"https:\/\/www.turismoslovacchia.it\/index.php?rest_route=\/wp\/v2\/users\/2"}],"replies":[{"embeddable":true,"href":"https:\/\/www.turismoslovacchia.it\/index.php?rest_route=%2Fwp%2Fv2%2Fcomments&post=8655"}],"version-history":[{"count":4,"href":"https:\/\/www.turismoslovacchia.it\/index.php?rest_route=\/wp\/v2\/posts\/8655\/revisions"}],"predecessor-version":[{"id":8677,"href":"https:\/\/www.turismoslovacchia.it\/index.php?rest_route=\/wp\/v2\/posts\/8655\/revisions\/8677"}],"wp:featuredmedia":[{"embeddable":true,"href":"https:\/\/www.turismoslovacchia.it\/index.php?rest_route=\/wp\/v2\/media\/8666"}],"wp:attachment":[{"href":"https:\/\/www.turismoslovacchia.it\/index.php?rest_route=%2Fwp%2Fv2%2Fmedia&parent=8655"}],"wp:term":[{"taxonomy":"category","embeddable":true,"href":"https:\/\/www.turismoslovacchia.it\/index.php?rest_route=%2Fwp%2Fv2%2Fcategories&post=8655"},{"taxonomy":"post_tag","embeddable":true,"href":"https:\/\/www.turismoslovacchia.it\/index.php?rest_route=%2Fwp%2Fv2%2Ftags&post=8655"}],"curies":[{"name":"wp","href":"https:\/\/api.w.org\/{rel}","templated":true}]}}