{"id":8601,"date":"2018-11-19T09:40:50","date_gmt":"2018-11-19T08:40:50","guid":{"rendered":"https:\/\/www.turismoslovacchia.it\/?p=8601"},"modified":"2018-11-23T09:46:11","modified_gmt":"2018-11-23T08:46:11","slug":"tutti-gli-eventi-della-settimana-della-cucina-italiana-in-slovacchia","status":"publish","type":"post","link":"https:\/\/www.turismoslovacchia.it\/?p=8601","title":{"rendered":"Tutti gli eventi della Settimana della cucina italiana in Slovacchia"},"content":{"rendered":"<p style=\"text-align: justify;\"><a href=\"https:\/\/www.turismoslovacchia.it\/wp-content\/uploads\/cucinaita.jpg\" data-rel=\"lightbox-gallery-gN6Egx9s\" data-rl_title=\"\" data-rl_caption=\"\" title=\"\"><img decoding=\"async\" loading=\"lazy\" class=\"alignnone size-full wp-image-8602\" src=\"https:\/\/www.turismoslovacchia.it\/wp-content\/uploads\/cucinaita.jpg\" alt=\"\" width=\"720\" height=\"443\" srcset=\"https:\/\/www.turismoslovacchia.it\/wp-content\/uploads\/cucinaita.jpg 720w, https:\/\/www.turismoslovacchia.it\/wp-content\/uploads\/cucinaita-300x185.jpg 300w, https:\/\/www.turismoslovacchia.it\/wp-content\/uploads\/cucinaita-400x246.jpg 400w, https:\/\/www.turismoslovacchia.it\/wp-content\/uploads\/cucinaita-150x92.jpg 150w, https:\/\/www.turismoslovacchia.it\/wp-content\/uploads\/cucinaita-100x62.jpg 100w, https:\/\/www.turismoslovacchia.it\/wp-content\/uploads\/cucinaita-200x123.jpg 200w\" sizes=\"(max-width: 720px) 100vw, 720px\" \/><\/a><\/p>\n<p style=\"text-align: justify;\">Prendono il via oggi le iniziative organizzate dal Sistema Italia in Slovacchia nell\u2019ambito della\u00a0<strong>Settimana della Cucina Italiana nel Mondo<\/strong>. La manifestazione, promossa dal governo italiano e giunta alla terza edizione, prevede nella settimana\u00a0<strong>dal 19 al 25 novembre<\/strong>\u00a0oltre 1000 attivit\u00e0 promosse\u00a0<strong>in tutto il mondo<\/strong>\u00a0nel solco delle grandi tematiche che, a partire da EXPO Milano 2015, contraddistinguono\u00a0<strong>l\u2019agroalimentare italiano<\/strong>: qualit\u00e0, sostenibilit\u00e0, cultura, sicurezza alimentare, diritto al cibo, educazione, identit\u00e0, territorio, biodiversit\u00e0.<\/p>\n<p style=\"text-align: justify;\">Il nutrito programma di iniziative in Slovacchia \u00e8 stato idealmente inaugurato gi\u00e0 il mese scorso a Bratislava\u00a0<a href=\"https:\/\/www.turismoslovacchia.it\/?p=8588\">dalla mostra<\/a>\u00a0proveniente dall\u2019Archivio Minisini di Cividale del Friuli \u201c<strong>Da Cinecitt\u00e0 alla tavola. Il cibo nei manifesti del cinema italiano<\/strong>\u201c, composta da documenti originali inerenti il connubio tra grandi classici del cinema e la cucina italiana, nonch\u00e9\u00a0dalla conferenza\u00a0\u201c<strong>Cibo di carta. Dall\u2019Expo 2015 a Bratislava<\/strong>\u201d di Andrea Tomasetig che partendo dal tema dell\u2019Expo 2015 di Milano, \u2018Nutrire il pianeta\u2019, ha parlato della gastronomia italiana e della sua evoluzione attraverso la pubblicit\u00e0.<\/p>\n<p style=\"text-align: justify;\">A partire\u00a0<strong>da oggi fino al 25 novembre<\/strong>\u00a0una serie di\u00a0<strong>ristoranti italiani della capitale slovacca<\/strong>\u00a0proporranno ogni giorno menu dedicati e volti a far scoprire valorizzare piatti regionali e prelibatezze del Bel Paese.<\/p>\n<p style=\"text-align: justify;\"><strong>Questi i ristoranti aderenti, che proporranno menu desgustativi:<\/strong><\/p>\n<p style=\"padding-left: 30px; text-align: justify;\"><strong>Bratislava e dintorni<\/strong><br \/>\nAntica Toscana \u2013 Ma\u010farsk\u00e1 101\/27,\u00a0Rusovce<br \/>\nBasilic\u00f2 \u2013 Dunajsk\u00e1 25, Bratislava<br \/>\nDon Saro Cucina Siciliana\u00a0\u2013 Rostovsk\u00e1 7097\/22\u00a0Bratislava<br \/>\nLuna Rossa \u2013 Koprivnick\u00e1 3401\/9D Bratislava-D\u00fabravka<br \/>\nOsteria dell\u2019Opera \u2013 Gork\u00e9ho 210\/5\u00a0Bratislava<br \/>\nRistorante Italiano da Cono Light Park \u2013 \u00a0Ra\u010dianska 1579\/90, Bratislava-Nov\u00e9 Mesto<br \/>\nRistorante Italiano da Cono Za tehel\u0148ou \u2013\u00a0Za Tehel\u0148ou 3977\/9 Bratislava-Ru\u017einov<br \/>\nRistorante Italiano da Cono Zuckermandel \u2013\u00a0\u017di\u017ekova 17\/A, Bratislava<br \/>\nRistorante Pizzeria da Mario e Nicola \u2013\u00a0Hlavn\u00e1 619\/95,\u00a0Stupava<br \/>\nSapori Italiani \u2013\u00a0Kr\u00ed\u017ena 39, Bratislava<\/p>\n<p style=\"padding-left: 30px; text-align: justify;\"><strong>Nitra<\/strong><br \/>\nBoccaccio \u2013 Farsk\u00e1 1335\/36\u00a0Nitra<\/p>\n<p style=\"padding-left: 30px; text-align: justify;\"><strong>\u017dilina<\/strong><br \/>\nRistorante e Pizzeria Vulcano \u2013\u00a0Za plav\u00e1r\u0148ou 8121\/1,\u00a0\u017dilina<\/p>\n<p style=\"padding-left: 30px; text-align: justify;\"><strong>Ru\u017eomberok<\/strong><br \/>\nU Italiana \u2013\u00a0Podhora 1319\/26,\u00a0Ru\u017eomberok<\/p>\n<p style=\"text-align: justify;\">\n<p style=\"text-align: justify;\"><strong>Il 26 novembre<\/strong>\u00a0le celebrazioni\u00a0<strong>continueranno a Ko\u0161ice<\/strong>, grazie alla collaborazione della Societ\u00e0 Dante Alighieri, con una\u00a0<strong>serata sulla cucina italiana<\/strong>\u00a0e proseguiranno poi a\u00a0<strong>Bratislava il 28 novembre<\/strong>\u00a0con l\u2019 \u201c<strong>Open Day Momento Espresso<\/strong>\u201c, iniziativa dedicata ad una degustazione di caff\u00e8 italiano.<\/p>\n<p style=\"text-align: justify;\">E le celebrazioni della tradizione e della cultura culinaria italiana in Slovacchia non si esauriranno nella cornice della Settimana: \u00e8 prevista infatti per i primi di dicembre una\u00a0<strong>masterclass<\/strong>, a pagamento, per gli studenti dell\u2019Istituto di Cultura, tenuto dallo\u00a0<strong>chef sardo Andrea Ena<\/strong>\u00a0presso il nuovo spazio enogastronomico \u201cSapori italiani\u201d.<\/p>\n","protected":false},"excerpt":{"rendered":"<p>Prendono il via oggi le iniziative organizzate dal Sistema Italia in Slovacchia nell\u2019ambito della\u00a0Settimana della Cucina Italiana nel Mondo. La manifestazione, promossa dal governo italiano e giunta alla terza edizione, prevede nella settimana\u00a0dal 19 al 25 novembre\u00a0oltre 1000 attivit\u00e0 promosse\u00a0in tutto il mondo\u00a0nel solco delle grandi tematiche che, a partire da EXPO Milano 2015, contraddistinguono\u00a0l\u2019agroalimentare [&hellip;]<\/p>\n","protected":false},"author":2,"featured_media":8602,"comment_status":"open","ping_status":"open","sticky":false,"template":"","format":"standard","meta":[],"categories":[3,5,1],"tags":[9,30,29,22],"aioseo_notices":[],"jetpack_featured_media_url":"https:\/\/www.turismoslovacchia.it\/wp-content\/uploads\/cucinaita.jpg","jetpack_sharing_enabled":true,"jetpack-related-posts":[{"id":9253,"url":"https:\/\/www.turismoslovacchia.it\/?p=9253","url_meta":{"origin":8601,"position":0},"title":"XIX Settimana della lingua italiana nel mondo, il programma a Bratislava","date":"15 Ottobre 2019","format":false,"excerpt":"Il tema scelto quest\u2019anno per la XIX edizione della Settimana della Lingua Italiana nel Mondo \u00e8: \u201cTeatro, melodramma, canzone e non solo: L\u2019italiano sul palcoscenico\u201d.\u00a0L\u2019evento \u00e8 nato per iniziativa del ministero degli Affari esteri e Cooperazione internazionale italiano e dell\u2019Accademia della Crusca con lo scopo di promuovere la lingua e\u2026","rel":"","context":"In &quot;Articoli&quot;","img":{"alt_text":"","src":"https:\/\/i0.wp.com\/www.turismoslovacchia.it\/wp-content\/uploads\/linguaitalia-settim.jpg?resize=350%2C200&ssl=1","width":350,"height":200},"classes":[]},{"id":8588,"url":"https:\/\/www.turismoslovacchia.it\/?p=8588","url_meta":{"origin":8601,"position":1},"title":"Cinema e cibo: gli eventi in Slovacchia della Settimana della Lingua Italiana","date":"11 Ottobre 2018","format":false,"excerpt":"In occasione della\u00a0XVIII Settimana della Lingua Italiana nel Mondo, che si svolge sul tema\u201dL\u2019italiano e la rete, le reti per l\u2019italiano\u201d, l\u2019Istituto Italiano di Cultura di Bratislava ha preparato una serie di eventi a Bratislava, Ru\u017eomberok,\u00a0Bansk\u00e1 Bystrica e Nitra tra\u00a0conversazioni, proiezioni di film, seminari. Il programma di Bratislava Luned\u00ec 15\u2026","rel":"","context":"In &quot;Articoli&quot;","img":{"alt_text":"","src":"https:\/\/i0.wp.com\/www.turismoslovacchia.it\/wp-content\/uploads\/filmitabracibo.jpg?resize=350%2C200&ssl=1","width":350,"height":200},"classes":[]},{"id":6110,"url":"https:\/\/www.turismoslovacchia.it\/?p=6110","url_meta":{"origin":8601,"position":2},"title":"Gran gala italiano a Bratislava, si festeggia l&#8217;attivit\u00e0 del liceo Saru","date":"25 Febbraio 2016","format":false,"excerpt":"Si \u00a0tenuto a Bratislava il 20 febbraio 2016 il GALA ITALIA, grande festa italiana, raffinata\u00a0ed elegante, che ha festeggiato il 25\u00b0 anniversario della creazione della sezione bilingue del Gymnazium ulica Ladislava Saru di Bratislava, unico liceo pubblico con una tale vocazione in Slovacchia.\u00a0Davanti a una platea di istituzioni italiane e\u2026","rel":"","context":"In &quot;Articoli&quot;","img":{"alt_text":"","src":"https:\/\/i0.wp.com\/www.turismoslovacchia.it\/wp-content\/uploads\/gala001.jpg?resize=350%2C200&ssl=1","width":350,"height":200},"classes":[]},{"id":691,"url":"https:\/\/www.turismoslovacchia.it\/?p=691","url_meta":{"origin":8601,"position":3},"title":"Pubblicata la prima guida del Touring Club sulla Slovacchia","date":"1 Febbraio 2011","format":false,"excerpt":"L\u2019editore italiano Touring Editore ha pubblicato la sua prima guida turistica completa della Slovacchia in lingua italiana dal titolo \u201cSlovacchia \u2013 Bratislava e il Danubio, i Tatra e il Paradiso Slovacco, i centri termali e i castelli\u201d. In 168 pagine dai testi eloquenti, piene di fotografie a colori e corredate\u2026","rel":"","context":"In &quot;Articoli&quot;","img":{"alt_text":"","src":"https:\/\/i0.wp.com\/www.turismoslovacchia.it\/wp-content\/uploads\/Guida-Touring_Slovacchia.jpg?resize=350%2C200&ssl=1","width":350,"height":200},"classes":[]},{"id":1907,"url":"https:\/\/www.turismoslovacchia.it\/?p=1907","url_meta":{"origin":8601,"position":4},"title":"Dolce Vitaj: decine di appuntamenti per l\u2019Italia in festival","date":"30 Maggio 2013","format":false,"excerpt":"Una trentina di eventi effonderanno gli aromi del bel Paese in tutta la Slovacchia nel giugno 2013, che si annuncia fitto di appuntamenti tricolori. Il festival di cultura italiana Dolce Vitaj porta anche quest'anno in varie citta' e cittadine della Slovacchia un po\u2019 di italianita'. Eventi molteplici e mostre d\u2019arte,\u2026","rel":"","context":"In &quot;Eventi&quot;","img":{"alt_text":"","src":"https:\/\/i0.wp.com\/www.turismoslovacchia.it\/wp-content\/uploads\/dv13.jpg?resize=350%2C200&ssl=1","width":350,"height":200},"classes":[]},{"id":1279,"url":"https:\/\/www.turismoslovacchia.it\/?p=1279","url_meta":{"origin":8601,"position":5},"title":"Dolce Vitaj 2012: una stagione di appuntamenti italiani in Slovacchia","date":"29 Maggio 2012","format":false,"excerpt":"\u00c8 stato presentato oggi il festival Dolce Vitaj 2012, la pi\u00f9 importante manifestazione culturale italiana in Slovacchia, che realizza per la quinta volta nel mese di giugno una serie di appuntamenti che rappresentano una vera e propria finestra sull\u2019Italia. In una conferenza stampa presso il Comune di Bratislava si sono\u2026","rel":"","context":"In &quot;Eventi&quot;","img":{"alt_text":"","src":"https:\/\/i0.wp.com\/www.turismoslovacchia.it\/wp-content\/uploads\/dolcev12.jpg?resize=350%2C200&ssl=1","width":350,"height":200},"classes":[]}],"jetpack_shortlink":"https:\/\/wp.me\/p1oiY9-2eJ","_links":{"self":[{"href":"https:\/\/www.turismoslovacchia.it\/index.php?rest_route=\/wp\/v2\/posts\/8601"}],"collection":[{"href":"https:\/\/www.turismoslovacchia.it\/index.php?rest_route=\/wp\/v2\/posts"}],"about":[{"href":"https:\/\/www.turismoslovacchia.it\/index.php?rest_route=\/wp\/v2\/types\/post"}],"author":[{"embeddable":true,"href":"https:\/\/www.turismoslovacchia.it\/index.php?rest_route=\/wp\/v2\/users\/2"}],"replies":[{"embeddable":true,"href":"https:\/\/www.turismoslovacchia.it\/index.php?rest_route=%2Fwp%2Fv2%2Fcomments&post=8601"}],"version-history":[{"count":1,"href":"https:\/\/www.turismoslovacchia.it\/index.php?rest_route=\/wp\/v2\/posts\/8601\/revisions"}],"predecessor-version":[{"id":8603,"href":"https:\/\/www.turismoslovacchia.it\/index.php?rest_route=\/wp\/v2\/posts\/8601\/revisions\/8603"}],"wp:featuredmedia":[{"embeddable":true,"href":"https:\/\/www.turismoslovacchia.it\/index.php?rest_route=\/wp\/v2\/media\/8602"}],"wp:attachment":[{"href":"https:\/\/www.turismoslovacchia.it\/index.php?rest_route=%2Fwp%2Fv2%2Fmedia&parent=8601"}],"wp:term":[{"taxonomy":"category","embeddable":true,"href":"https:\/\/www.turismoslovacchia.it\/index.php?rest_route=%2Fwp%2Fv2%2Fcategories&post=8601"},{"taxonomy":"post_tag","embeddable":true,"href":"https:\/\/www.turismoslovacchia.it\/index.php?rest_route=%2Fwp%2Fv2%2Ftags&post=8601"}],"curies":[{"name":"wp","href":"https:\/\/api.w.org\/{rel}","templated":true}]}}