{"id":8598,"date":"2018-11-09T09:38:16","date_gmt":"2018-11-09T08:38:16","guid":{"rendered":"https:\/\/www.turismoslovacchia.it\/?p=8598"},"modified":"2018-11-23T09:40:29","modified_gmt":"2018-11-23T08:40:29","slug":"a-bratislava-gli-scatti-ritrovati-della-dolce-vita-romana","status":"publish","type":"post","link":"https:\/\/www.turismoslovacchia.it\/?p=8598","title":{"rendered":"A Bratislava gli scatti ritrovati della Dolce vita romana"},"content":{"rendered":"<p style=\"text-align: justify;\"><a href=\"https:\/\/www.turismoslovacchia.it\/wp-content\/uploads\/valig.jpg\" data-rel=\"lightbox-gallery-Y1MXncUT\" data-rl_title=\"\" data-rl_caption=\"\" title=\"\"><img decoding=\"async\" loading=\"lazy\" class=\"alignnone size-full wp-image-8599\" src=\"https:\/\/www.turismoslovacchia.it\/wp-content\/uploads\/valig.jpg\" alt=\"\" width=\"520\" height=\"320\" srcset=\"https:\/\/www.turismoslovacchia.it\/wp-content\/uploads\/valig.jpg 520w, https:\/\/www.turismoslovacchia.it\/wp-content\/uploads\/valig-300x185.jpg 300w, https:\/\/www.turismoslovacchia.it\/wp-content\/uploads\/valig-400x246.jpg 400w, https:\/\/www.turismoslovacchia.it\/wp-content\/uploads\/valig-150x92.jpg 150w, https:\/\/www.turismoslovacchia.it\/wp-content\/uploads\/valig-100x62.jpg 100w, https:\/\/www.turismoslovacchia.it\/wp-content\/uploads\/valig-200x123.jpg 200w\" sizes=\"(max-width: 520px) 100vw, 520px\" \/><\/a><\/p>\n<p style=\"text-align: justify;\">\u00c8\u00a0stata inaugurata ieri a Bratislava la mostra di fotografie storiche provenienti dalla Roma della Dolce vita. Scatti degli anni Cinquanta e Sessanta, quando la capitale del Belpaese era frequentata dai divi dello spettacolo, della cultura e dal\u00a0<em><i>jet set<\/i><\/em>\u00a0internazionale. Nelle immagini si riconoscono personaggi come\u00a0Sophia Loren, Audrey Hepburn, Jean-Paul Sartre, Simone de Beauvoir, Charlie Chaplin, Fran\u00e7oise Sagan, Igor Stravinsky, Marlene Dietrich, Juliette Greco, Louis Armstrong, Anita Ekberg, Marcello Mastroianni, Federico Fellini, Anna Magnani e molti altri.<\/p>\n<p style=\"text-align: justify;\">Il titolo della mostra \u201cLa valigia romana\u201d richiama la storia del fortuito ritrovamento di queste fotografie, di autore ignoto, all\u2019interno di una vecchia valigia comprata a Roma. Dentro c\u2019era un piccolo tesoro, quasi 600 rari negativi in bianco e nero\u00a0che ritraggono celebrit\u00e0 e uomini politici, attori e scrittori nell\u2019epoca della Dolce vita.<\/p>\n<p style=\"text-align: justify;\"><img decoding=\"async\" loading=\"lazy\" class=\"alignnone size-full wp-image-87296\" style=\"margin: 1.25rem 0px; padding: 0px; border: 0px; font: inherit; vertical-align: bottom; max-width: 100%; height: auto; display: block; width: 678.047px;\" src=\"https:\/\/i0.wp.com\/www.buongiornoslovacchia.sk\/wp-content\/uploads\/fellini-masina_valigiamencarini-IIC.jpg?resize=678%2C407&amp;ssl=1\" sizes=\"(max-width: 678px) 100vw, 678px\" srcset=\"https:\/\/i0.wp.com\/www.buongiornoslovacchia.sk\/wp-content\/uploads\/fellini-masina_valigiamencarini-IIC.jpg?w=678&amp;ssl=1 678w, https:\/\/i0.wp.com\/www.buongiornoslovacchia.sk\/wp-content\/uploads\/fellini-masina_valigiamencarini-IIC.jpg?resize=550%2C330&amp;ssl=1 550w\" alt=\"\" width=\"678\" height=\"407\" data-attachment-id=\"87296\" data-permalink=\"https:\/\/www.buongiornoslovacchia.sk\/index.php\/archives\/87295\/fellini-masina_valigiamencarini-iic\" data-orig-file=\"https:\/\/i0.wp.com\/www.buongiornoslovacchia.sk\/wp-content\/uploads\/fellini-masina_valigiamencarini-IIC.jpg?fit=678%2C407&amp;ssl=1\" data-orig-size=\"678,407\" data-comments-opened=\"1\" data-image-meta=\"{&quot;aperture&quot;:&quot;0&quot;,&quot;credit&quot;:&quot;&quot;,&quot;camera&quot;:&quot;&quot;,&quot;caption&quot;:&quot;&quot;,&quot;created_timestamp&quot;:&quot;0&quot;,&quot;copyright&quot;:&quot;&quot;,&quot;focal_length&quot;:&quot;0&quot;,&quot;iso&quot;:&quot;0&quot;,&quot;shutter_speed&quot;:&quot;0&quot;,&quot;title&quot;:&quot;&quot;,&quot;orientation&quot;:&quot;0&quot;}\" data-image-=\"\" data-image-description=\"&lt;p&gt;Foto: Archivio Mencarini&lt;\/p&gt;\n\" data-medium-file=\"https:\/\/i0.wp.com\/www.buongiornoslovacchia.sk\/wp-content\/uploads\/fellini-masina_valigiamencarini-IIC.jpg?fit=550%2C330&amp;ssl=1\" data-large-file=\"https:\/\/i0.wp.com\/www.buongiornoslovacchia.sk\/wp-content\/uploads\/fellini-masina_valigiamencarini-IIC.jpg?fit=678%2C407&amp;ssl=1\" \/><\/p>\n<p style=\"text-align: justify;\">La mostra \u201cLa valigia romana \u2013\u00a0immagini ritrovate della Dolce Vita\u201d \u00e8 curata da Marcello Mencarini, il fortunato acquirente di quel tesoro. Mencarini, romano, \u00e8 stato direttore artistico e fotografo di pubblicit\u00e0, poi si \u00e8 dedicato al fotogiornalismo e ai ritratti di personaggi della cultura internazionale. Molto sensibile alla contaminazione tra fotografia e nuovi media, ha realizzato vari progetti di ricerca in questo settore.<\/p>\n<p style=\"text-align: justify;\"><img decoding=\"async\" loading=\"lazy\" class=\"alignnone size-full wp-image-87298\" src=\"https:\/\/i0.wp.com\/www.buongiornoslovacchia.sk\/wp-content\/uploads\/valigiaromana-IIC1.jpg?resize=678%2C407&amp;ssl=1\" sizes=\"(max-width: 678px) 100vw, 678px\" srcset=\"https:\/\/i0.wp.com\/www.buongiornoslovacchia.sk\/wp-content\/uploads\/valigiaromana-IIC1.jpg?w=678&amp;ssl=1 678w, https:\/\/i0.wp.com\/www.buongiornoslovacchia.sk\/wp-content\/uploads\/valigiaromana-IIC1.jpg?resize=550%2C330&amp;ssl=1 550w\" alt=\"\" width=\"678\" height=\"407\" data-attachment-id=\"87298\" data-permalink=\"https:\/\/www.buongiornoslovacchia.sk\/index.php\/archives\/87295\/valigiaromana-iic1\" data-orig-file=\"https:\/\/i0.wp.com\/www.buongiornoslovacchia.sk\/wp-content\/uploads\/valigiaromana-IIC1.jpg?fit=678%2C407&amp;ssl=1\" data-orig-size=\"678,407\" data-comments-opened=\"1\" data-image-meta=\"{&quot;aperture&quot;:&quot;0&quot;,&quot;credit&quot;:&quot;&quot;,&quot;camera&quot;:&quot;&quot;,&quot;caption&quot;:&quot;&quot;,&quot;created_timestamp&quot;:&quot;0&quot;,&quot;copyright&quot;:&quot;&quot;,&quot;focal_length&quot;:&quot;0&quot;,&quot;iso&quot;:&quot;0&quot;,&quot;shutter_speed&quot;:&quot;0&quot;,&quot;title&quot;:&quot;&quot;,&quot;orientation&quot;:&quot;1&quot;}\" data-image-=\"\" data-image-description=\"\" data-medium-file=\"https:\/\/i0.wp.com\/www.buongiornoslovacchia.sk\/wp-content\/uploads\/valigiaromana-IIC1.jpg?fit=550%2C330&amp;ssl=1\" data-large-file=\"https:\/\/i0.wp.com\/www.buongiornoslovacchia.sk\/wp-content\/uploads\/valigiaromana-IIC1.jpg?fit=678%2C407&amp;ssl=1\" \/><\/p>\n<p style=\"text-align: justify;\">La mostra al cinema Kino Lumi\u00e8re di Bratislava far\u00e0 da apripista alla rassegna\u00a0<a class=\"wp-links-icon\" href=\"https:\/\/iicbratislava.esteri.it\/iic_bratislava\/it\/gli_eventi\/mittelcinemafest-2018.html\" target=\"_blank\" rel=\"noopener\"><strong>MittelCinemaFest 2018<\/strong><\/a>\u00a0che porter\u00e0 sugli schermi del Lumi\u00e8re dal 22 al 26 novembre, e per la prima volta anche a Ko\u0161ice (Kino \u00dasmev) il 25 e 26 novembre, una attenta selezione di nove pellicole italiane di pregio uscite quest\u2019anno che hanno ricevuto riconoscimenti e omaggi a diversi festival. Tra gli autori dei film vi sono alcuni registi conosciuti come Mario Martone, Roberto Ando e Matteo Garrone, ma ci sono anche giovani gi\u00e0 molto promettenti.<\/p>\n<p style=\"text-align: justify;\">Il 22 novembre il curatore e proprietario della collezione Marcello Mencarini sar\u00e0 a Bratislava per una conversazione dal titolo \u201cI paparazzi e la Dolce vita\u201d, nel corso della quale rievocher\u00e0 la sua straordinaria scoperta.<\/p>\n<p style=\"text-align: justify;\">\u2014<br \/>\n<strong><b>La valigia romana, immagini ritrovate della Dolce vita<\/b><\/strong><strong><b><br \/>\n<\/b><\/strong>Dove: Kino Lumi\u00e8re, \u0160pit\u00e1lska 4, Bratislava<br \/>\nQuando: fino al 3 dicembre 2018<br \/>\nOrganizzato da IIC Bratislava<br \/>\n<a class=\"wp-links-icon\" href=\"https:\/\/www.facebook.com\/events\/631834400547730\/\" target=\"_blank\" rel=\"noopener\">Evento Facebook<\/a><br \/>\nIngresso gratuito<\/p>\n<p style=\"text-align: justify;\"><em>Foto: Archivio Mencarini<\/em><\/p>\n","protected":false},"excerpt":{"rendered":"<p>\u00c8\u00a0stata inaugurata ieri a Bratislava la mostra di fotografie storiche provenienti dalla Roma della Dolce vita. Scatti degli anni Cinquanta e Sessanta, quando la capitale del Belpaese era frequentata dai divi dello spettacolo, della cultura e dal\u00a0jet set\u00a0internazionale. Nelle immagini si riconoscono personaggi come\u00a0Sophia Loren, Audrey Hepburn, Jean-Paul Sartre, Simone de Beauvoir, Charlie Chaplin, Fran\u00e7oise [&hellip;]<\/p>\n","protected":false},"author":2,"featured_media":8599,"comment_status":"open","ping_status":"open","sticky":false,"template":"","format":"standard","meta":[],"categories":[3,5,1],"tags":[9,339,30,29],"aioseo_notices":[],"jetpack_featured_media_url":"https:\/\/www.turismoslovacchia.it\/wp-content\/uploads\/valig.jpg","jetpack_sharing_enabled":true,"jetpack-related-posts":[{"id":8297,"url":"https:\/\/www.turismoslovacchia.it\/?p=8297","url_meta":{"origin":8598,"position":0},"title":"Il Mese della fotografia 2017 a Bratislava","date":"27 Ottobre 2017","format":false,"excerpt":"Con il mese di novembre ritorna a Bratislava il Mese della fotografia - Mesiac fotografie, il pi\u00f9 grande evento di fotografia in Slovacchia, arrivato quest\u2019anno alla sua 27esima edizione. Saranno aperte 26 mostre con opere di artisti da 18 paesi del mondo. Il festival slovacco, che dal 2004 \u00e8 stato\u2026","rel":"","context":"In &quot;Articoli&quot;","img":{"alt_text":"","src":"https:\/\/i0.wp.com\/www.turismoslovacchia.it\/wp-content\/uploads\/mesiacfotografie-2017.jpg?resize=350%2C200&ssl=1","width":350,"height":200},"classes":[]},{"id":6848,"url":"https:\/\/www.turismoslovacchia.it\/?p=6848","url_meta":{"origin":8598,"position":1},"title":"Mese della Fotografia 2016, a Bratislava anche i grandi maestri italiani","date":"3 Novembre 2016","format":false,"excerpt":"Dal 4 novembre a Bratislava parte la rassegna internazionale annuale Mese della Fotografia (Mesiac fotografie) con numerose mostre\u00a0che inonderanno la capitale slovacca di immagini e\u00a0autori di alto profilo, slovacchi e internazionali. Alla sua 26esima\u00a0edizione\u00a0la rassegna presenta anche il terzo volume\u00a0della \u201cStoria della fotografia europea del XX secolo\u201d, un lavoro di\u2026","rel":"","context":"In &quot;Articoli&quot;","img":{"alt_text":"","src":"https:\/\/i0.wp.com\/www.turismoslovacchia.it\/wp-content\/uploads\/mesiacfotogr2016_poster.jpg?resize=350%2C200&ssl=1","width":350,"height":200},"classes":[]},{"id":1279,"url":"https:\/\/www.turismoslovacchia.it\/?p=1279","url_meta":{"origin":8598,"position":2},"title":"Dolce Vitaj 2012: una stagione di appuntamenti italiani in Slovacchia","date":"29 Maggio 2012","format":false,"excerpt":"\u00c8 stato presentato oggi il festival Dolce Vitaj 2012, la pi\u00f9 importante manifestazione culturale italiana in Slovacchia, che realizza per la quinta volta nel mese di giugno una serie di appuntamenti che rappresentano una vera e propria finestra sull\u2019Italia. In una conferenza stampa presso il Comune di Bratislava si sono\u2026","rel":"","context":"In &quot;Eventi&quot;","img":{"alt_text":"","src":"https:\/\/i0.wp.com\/www.turismoslovacchia.it\/wp-content\/uploads\/dolcev12.jpg?resize=350%2C200&ssl=1","width":350,"height":200},"classes":[]},{"id":8295,"url":"https:\/\/www.turismoslovacchia.it\/?p=8295","url_meta":{"origin":8598,"position":3},"title":"Novembre 2017: gli eventi a Bratislava e dintorni","date":"28 Ottobre 2017","format":false,"excerpt":"Tra\u00a0gli eventi pi\u00f9 rilevanti del novembre 2017 nella citt\u00e0 e regione di Bratislava\u00a0vanno ricordati nella capitale il Mese della Fotografia e lo Slovak Press Photo,\u00a0 appuntamenti che da tempo sono ormai diventati un must del mese di novembre, e poi il Festival della Libert\u00e0, che si tiene nelle date intorno\u2026","rel":"","context":"In &quot;Articoli&quot;","img":{"alt_text":"","src":"https:\/\/i0.wp.com\/www.turismoslovacchia.it\/wp-content\/uploads\/eventi_00.jpg?resize=350%2C200&ssl=1","width":350,"height":200},"classes":[]},{"id":1313,"url":"https:\/\/www.turismoslovacchia.it\/?p=1313","url_meta":{"origin":8598,"position":4},"title":"Mostra fotografica a Pezinok sull&#8217;autenticit\u00e0 del folklore slovacco","date":"8 Giugno 2012","format":false,"excerpt":"Si sta svolgendo presso il Museo dei Piccoli Carpazi a Pezinok (a mezz'ora di strada da Bratislava) la mostra di fotografie Incredible Slovakia-Folklorny Festival Vychodna, una serie di scatti dell'autore italiano Guido Andrea Longhitano, che vive da anni in Slovacchia. Le immagini sono state relizzate nel corso di cinque edizioni\u2026","rel":"","context":"In &quot;Eventi&quot;","img":{"alt_text":"","src":"https:\/\/i0.wp.com\/www.turismoslovacchia.it\/wp-content\/uploads\/incredible_slo-vychodna.jpg?resize=350%2C200&ssl=1","width":350,"height":200},"classes":[]},{"id":8861,"url":"https:\/\/www.turismoslovacchia.it\/?p=8861","url_meta":{"origin":8598,"position":5},"title":"Marzo 2019: gli eventi a Bratislava e dintorni","date":"6 Marzo 2019","format":false,"excerpt":"Mese della francofonia \u2013 Bratislava marzo 2019 Nel mese di marzo si svolge, a Bratislava e in altre citt\u00e0 slovacche, un festival della cultura francofona, un viaggio attraverso un programma variegato che include la settimana del cinema francese \u2018Cr\u00e9me de la Creme\u2019 dal 6 al 12 marzo, e poi ncontri,\u2026","rel":"","context":"In &quot;Eventi&quot;","img":{"alt_text":"","src":"https:\/\/i0.wp.com\/www.turismoslovacchia.it\/wp-content\/uploads\/cast-cervenykamen@gob-sk.jpg?resize=350%2C200&ssl=1","width":350,"height":200},"classes":[]}],"jetpack_shortlink":"https:\/\/wp.me\/p1oiY9-2eG","_links":{"self":[{"href":"https:\/\/www.turismoslovacchia.it\/index.php?rest_route=\/wp\/v2\/posts\/8598"}],"collection":[{"href":"https:\/\/www.turismoslovacchia.it\/index.php?rest_route=\/wp\/v2\/posts"}],"about":[{"href":"https:\/\/www.turismoslovacchia.it\/index.php?rest_route=\/wp\/v2\/types\/post"}],"author":[{"embeddable":true,"href":"https:\/\/www.turismoslovacchia.it\/index.php?rest_route=\/wp\/v2\/users\/2"}],"replies":[{"embeddable":true,"href":"https:\/\/www.turismoslovacchia.it\/index.php?rest_route=%2Fwp%2Fv2%2Fcomments&post=8598"}],"version-history":[{"count":1,"href":"https:\/\/www.turismoslovacchia.it\/index.php?rest_route=\/wp\/v2\/posts\/8598\/revisions"}],"predecessor-version":[{"id":8600,"href":"https:\/\/www.turismoslovacchia.it\/index.php?rest_route=\/wp\/v2\/posts\/8598\/revisions\/8600"}],"wp:featuredmedia":[{"embeddable":true,"href":"https:\/\/www.turismoslovacchia.it\/index.php?rest_route=\/wp\/v2\/media\/8599"}],"wp:attachment":[{"href":"https:\/\/www.turismoslovacchia.it\/index.php?rest_route=%2Fwp%2Fv2%2Fmedia&parent=8598"}],"wp:term":[{"taxonomy":"category","embeddable":true,"href":"https:\/\/www.turismoslovacchia.it\/index.php?rest_route=%2Fwp%2Fv2%2Fcategories&post=8598"},{"taxonomy":"post_tag","embeddable":true,"href":"https:\/\/www.turismoslovacchia.it\/index.php?rest_route=%2Fwp%2Fv2%2Ftags&post=8598"}],"curies":[{"name":"wp","href":"https:\/\/api.w.org\/{rel}","templated":true}]}}