{"id":8591,"date":"2018-10-17T09:24:45","date_gmt":"2018-10-17T07:24:45","guid":{"rendered":"https:\/\/www.turismoslovacchia.it\/?p=8591"},"modified":"2018-11-23T09:27:52","modified_gmt":"2018-11-23T08:27:52","slug":"ai-bratislava-jazz-days-sabato-anche-stefano-bollani","status":"publish","type":"post","link":"https:\/\/www.turismoslovacchia.it\/?p=8591","title":{"rendered":"Ai Bratislava Jazz Days sabato anche Stefano Bollani"},"content":{"rendered":"<p style=\"text-align: justify;\"><a href=\"https:\/\/www.turismoslovacchia.it\/wp-content\/uploads\/bollani.jpg\" data-rel=\"lightbox-gallery-mYTdwvWY\" data-rl_title=\"\" data-rl_caption=\"\" title=\"\"><img decoding=\"async\" loading=\"lazy\" class=\"alignnone size-full wp-image-8592\" src=\"https:\/\/www.turismoslovacchia.it\/wp-content\/uploads\/bollani.jpg\" alt=\"\" width=\"520\" height=\"320\" srcset=\"https:\/\/www.turismoslovacchia.it\/wp-content\/uploads\/bollani.jpg 520w, https:\/\/www.turismoslovacchia.it\/wp-content\/uploads\/bollani-300x185.jpg 300w, https:\/\/www.turismoslovacchia.it\/wp-content\/uploads\/bollani-400x246.jpg 400w, https:\/\/www.turismoslovacchia.it\/wp-content\/uploads\/bollani-150x92.jpg 150w, https:\/\/www.turismoslovacchia.it\/wp-content\/uploads\/bollani-100x62.jpg 100w, https:\/\/www.turismoslovacchia.it\/wp-content\/uploads\/bollani-200x123.jpg 200w\" sizes=\"(max-width: 520px) 100vw, 520px\" \/><\/a><\/p>\n<p style=\"text-align: justify;\">Al 44esimo anno dei\u00a0<strong>Bratislava Jazz Days<\/strong>, la manifestazione jazzistica dalla storia pi\u00f9 gloriosa in Slovacchia e non solo, sar\u00e0 sul palco nella capitale slovacca anche la stella di\u00a0<strong>Stefano Bollani<\/strong>, eclettico compositore, pianista, cantate milanese ben noto anche oltreconfine. Nella sua prima avventura slovacca Bollani porter\u00e0 il progetto\u00a0<strong>Napoli Trip<\/strong>, che rivela il grande amore del musicista per la citt\u00e0 del Vesuvio nato quando appena undicenne scopr\u00ec la musica di Renato Carosone. Fu una folgorazione e una grande fonte di ispirazione: \u00abUno che suonava il piano, scriveva canzoni, cantava e si divertiva\u00bb, dice oggi Bollani.<\/p>\n<p style=\"text-align: justify;\"><iframe loading=\"lazy\" src=\"https:\/\/www.youtube.com\/embed\/GTEIaDIAntI?feature=oembed\" width=\"678\" height=\"381\" frameborder=\"0\" allowfullscreen=\"allowfullscreen\" data-mce-fragment=\"1\"><\/iframe><\/p>\n<p style=\"text-align: justify;\">Napoli Trip \u00e8 in realt\u00e0 non un semplice tributo personale ma un\u2019eperienza condivisa con un ensemble di talenti internazionali. A partire dal compositore e sassofonista\u00a0<strong>Daniele Sepe<\/strong>, garanzia di una napoletanit\u00e0 vera, aperta e vitale; insieme a lui, due altri grandi musicisti come\u00a0<strong>Nico Gori<\/strong>\u00a0al clarinetto e<strong>\u00a0Bernardo Guerra<\/strong>\u00a0alla batteria. Con questi artisti, che condividono il suo eclettismo e la sua voglia di sperimentazione, Bollani pu\u00f2 suonare la musica che preferisce, usando Napoli come punto di partenza per approdare ogni volta sui palcoscenici di citt\u00e0 diverse. Ogni concerto \u00e8 una festa che, lasciando libero spazio all\u2019improvvisazione, passa dalle canzoni di Raffaele Viviani e Nino Taranto, a brani originali di Bollani fino ai classici di Pino Daniele.<\/p>\n<p style=\"text-align: justify;\"><img decoding=\"async\" loading=\"lazy\" class=\"alignnone \" src=\"https:\/\/i1.wp.com\/iicbratislava.esteri.it\/iic_bratislava\/resource\/img\/2018\/08\/bollani_napoli_trip.jpg?resize=678%2C326&amp;ssl=1\" width=\"678\" height=\"326\" \/><\/p>\n<p style=\"text-align: justify;\">C\u2019\u00e8 molto da aspettarsi da questa serata in Slovacchia, dove Bollani approda per la prima volta, con il sostegno del\u00a0Ministero degli Affari Esteri italiano nell\u2019ambito dell\u2019Accordo culturale tra l\u2019Italia e la Slovacchia da poco rinnovato.<\/p>\n<p style=\"text-align: justify;\"><iframe loading=\"lazy\" src=\"https:\/\/www.youtube.com\/embed\/zCGXm-3PM1s?feature=oembed\" width=\"678\" height=\"509\" frameborder=\"0\" allowfullscreen=\"allowfullscreen\" data-mce-fragment=\"1\"><\/iframe><\/p>\n<p style=\"text-align: justify;\"><strong>Chi \u00e8 Stefano Bollani<\/strong><br \/>\nStefano Bollani\u00a0(Milano, 1972) inizia a studiare pianoforte a 6 anni ed esordisce professionalmente a 15. Dopo il diploma di conservatorio conseguito a Firenze nel 1993 \u2013 e una breve esperienza come turnista nel mondo del pop con\u00a0<strong>Raf<\/strong>\u00a0e\u00a0<strong>Jovanotti<\/strong>\u00a0fra gli altri \u2013 si afferma nel jazz, suonando su palchi come la Town Hall di New York, il Barbican di Londra, la Scala di Milano, la Salle Pleyel di Parigi. Fondamentale \u00e8 la collaborazione, iniziata nel 1996 e mai interrotta, con\u00a0<strong>Enrico Rava<\/strong>, al fianco del quale tiene centinaia di concerti e incide 13 dischi. Nel corso della carriera collabora con\u00a0<strong>Richard Galliano, Bill Frisell, Gato Barbieri, Sol Gabetta, Phil Woods, Lee Konitz, Pat Metheny\u00a0<\/strong>e<strong>\u00a0Chick Corea<\/strong>.<br \/>\nTra il 2002 il 2006 incide quattro dischi per l\u2019etichetta francese Label Bleu. Nel 2007 esce \u201cBollaniCarioca\u201d, disco realizzato a Rio De Janeiro. Negli anni successivi, collabora assiduamente con musicisti brasiliani come\u00a0<strong>Hamilton De Holanda, Chico Buarque, Caetano Veloso, Egberto Gismonti<\/strong>. Presta inoltre il suo piano ad artisti del pop-rock italiano tra cui\u00a0<strong>Irene Grandi<\/strong>, con cui firma l\u2019album \u201cIrene Grandi e Stefano Bollani\u201d (2012).<br \/>\nTra le produzioni pi\u00f9 recenti: \u201cBig Band\u201d (2013), \u201cJoy In Spite of Everything\u201d (2014), \u201cSheik Yer Zappa\u201d (2014), live dedicato a\u00a0<strong>Frank Zappa<\/strong>\u00a0e \u201cNapoli Trip\u201d (2016).<br \/>\nIn ambito classico si esibisce come solista con orchestre sinfoniche (Gewandhaus di Lipsia, Concertgebouw di Amsterdam, Orchestre de Paris, Filarmonica della Scala di Milano, Santa Cecilia di Roma, Toronto Symphony Orchestra) al fianco di direttori quali\u00a0<strong>Zubin Mehta, Kristjan J\u00e4rvi, Daniel Harding, Antonio Pappano<\/strong>\u00a0e soprattutto\u00a0<strong>Riccardo Chailly<\/strong>, con cui incide \u201cRhapsody in Blue\u201d e \u201cConcerto in Fa\u201d di\u00a0<strong>Gershwin<\/strong>\u00a0in un CD (2010) che vince il Disco di Platino con pi\u00f9 di 70.000 copie.<\/p>\n<p style=\"text-align: justify;\"><img decoding=\"async\" loading=\"lazy\" class=\"alignnone \" src=\"https:\/\/scontent-mxp1-1.xx.fbcdn.net\/v\/t1.0-9\/42241962_10156589516971163_289064905477193728_n.png?_nc_cat=102&amp;oh=9d22023b9e251ce28f9fef79a1790ac5&amp;oe=5C4BB1DA\" width=\"678\" height=\"258\" \/><\/p>\n<p style=\"text-align: justify;\">\n<p style=\"text-align: justify;\">Il gruppo italiano, che suoner\u00e0 nella seconda delle tre serate del festival d\u2019autunno, si esibir\u00e0 sullo stesso palco dove sono attese altre star del jazz come Manhatttan Transfer, Kennedy Administration,\u00a0Yellowjackets feat. Luciana Souza, e ovviamente la band di Peter Lipa, leggendario jazzman slovacco e vero asse portante della manifestazione che contribu\u00ec a creare pi\u00f9 di quattro decenni fa.\u00a0<a class=\"wp-links-icon\" href=\"https:\/\/www.bjd.sk\/index.php\/en\/program\" target=\"_blank\" rel=\"noopener\">Qui il programma completo<\/a>.<\/p>\n<p style=\"text-align: justify;\">..<br \/>\n<strong>Stefano Bollani \u2013 Napoli Trip<\/strong><br \/>\nQuando: Sabato 20 ottobre 2018, ore21:30<br \/>\nDove: Incheba Bratislava<br \/>\nBiglietti a partire da 29 euro<br \/>\nInfo:\u00a0<a class=\"wp-links-icon\" href=\"http:\/\/www.bjd.sk\/\" target=\"_blank\" rel=\"noopener\">www.bjd.sk<\/a><\/p>\n","protected":false},"excerpt":{"rendered":"<p>Al 44esimo anno dei\u00a0Bratislava Jazz Days, la manifestazione jazzistica dalla storia pi\u00f9 gloriosa in Slovacchia e non solo, sar\u00e0 sul palco nella capitale slovacca anche la stella di\u00a0Stefano Bollani, eclettico compositore, pianista, cantate milanese ben noto anche oltreconfine. Nella sua prima avventura slovacca Bollani porter\u00e0 il progetto\u00a0Napoli Trip, che rivela il grande amore del musicista [&hellip;]<\/p>\n","protected":false},"author":2,"featured_media":8592,"comment_status":"open","ping_status":"open","sticky":false,"template":"","format":"standard","meta":[],"categories":[3,5,1],"tags":[9,710,249,30,38],"aioseo_notices":[],"jetpack_featured_media_url":"https:\/\/www.turismoslovacchia.it\/wp-content\/uploads\/bollani.jpg","jetpack_sharing_enabled":true,"jetpack-related-posts":[{"id":8776,"url":"https:\/\/www.turismoslovacchia.it\/?p=8776","url_meta":{"origin":8591,"position":0},"title":"Ottobre 2018: gli eventi a Bratislava e dintorni","date":"28 Settembre 2018","format":false,"excerpt":"Dni Zel\u00e1 \/\u00a0Festival del cavolo\u00a0\u2013 Stupava 5 - 7 ottobre 2018 Il festival Dni Zel\u00e1 \u00e8 una grande fiera paesana che cerca di preservare le tradizioni della coltivazione e trasformazione delle variet\u00e0 regionali di cavolo che caratterizzano il territorio di Stupava. Il cavolo, nelle sue varie ricette, la fa da\u2026","rel":"","context":"In &quot;Eventi&quot;","img":{"alt_text":"","src":"https:\/\/i0.wp.com\/www.turismoslovacchia.it\/wp-content\/uploads\/eventi_00.jpg?resize=350%2C200&ssl=1","width":350,"height":200},"classes":[]},{"id":6735,"url":"https:\/\/www.turismoslovacchia.it\/?p=6735","url_meta":{"origin":8591,"position":1},"title":"Nel weekend il Bratislava Jazz Days. C&#8217;\u00e8 anche Enrico Rava","date":"18 Ottobre 2016","format":false,"excerpt":"Enrico Rava arriva per la prima volta in Slovacchia, al Bratislava Jazz Days, con il suo quintetto \u201cTribe\u201d, i cui membri \u2013 giovani e ottimi musicisti \u2013 lo hanno gi\u00e0 accompagnato in straordinari concerti sia in Italia sia all\u2019estero: Gianluca Petrella (trombone), Giovanni Guidi (piano), Gabriele Evangelista (contrabasso) e Fabrizio\u2026","rel":"","context":"In &quot;Articoli&quot;","img":{"alt_text":"","src":"https:\/\/i0.wp.com\/www.turismoslovacchia.it\/wp-content\/uploads\/musica_CC0.jpg?resize=350%2C200&ssl=1","width":350,"height":200},"classes":[]},{"id":8588,"url":"https:\/\/www.turismoslovacchia.it\/?p=8588","url_meta":{"origin":8591,"position":2},"title":"Cinema e cibo: gli eventi in Slovacchia della Settimana della Lingua Italiana","date":"11 Ottobre 2018","format":false,"excerpt":"In occasione della\u00a0XVIII Settimana della Lingua Italiana nel Mondo, che si svolge sul tema\u201dL\u2019italiano e la rete, le reti per l\u2019italiano\u201d, l\u2019Istituto Italiano di Cultura di Bratislava ha preparato una serie di eventi a Bratislava, Ru\u017eomberok,\u00a0Bansk\u00e1 Bystrica e Nitra tra\u00a0conversazioni, proiezioni di film, seminari. Il programma di Bratislava Luned\u00ec 15\u2026","rel":"","context":"In &quot;Articoli&quot;","img":{"alt_text":"","src":"https:\/\/i0.wp.com\/www.turismoslovacchia.it\/wp-content\/uploads\/filmitabracibo.jpg?resize=350%2C200&ssl=1","width":350,"height":200},"classes":[]},{"id":8279,"url":"https:\/\/www.turismoslovacchia.it\/?p=8279","url_meta":{"origin":8591,"position":3},"title":"Ottobre 2017: gli eventi a Bratislava e dintorni","date":"28 Settembre 2017","format":false,"excerpt":"Tra\u00a0gli eventi pi\u00f9 rilevanti del mese di\u00a0ottobre 2017 nella citt\u00e0 e regione di Bratislava, continuano gli appuntamenti gastronomici\u00a0in regione, come il Festival del cavolo di Stupava, l'Oktoberfest dei produttori di birra artigianale nella capitale, e poi\u00a0il\u00a0Bratislava Music Festival, il pi\u00f9 antico e prestigioso festival musicale internazionale in Slovacchia, la Notte\u2026","rel":"","context":"In &quot;Articoli&quot;","img":{"alt_text":"","src":"https:\/\/i0.wp.com\/www.turismoslovacchia.it\/wp-content\/uploads\/eventi_00.jpg?resize=350%2C200&ssl=1","width":350,"height":200},"classes":[]},{"id":8449,"url":"https:\/\/www.turismoslovacchia.it\/?p=8449","url_meta":{"origin":8591,"position":4},"title":"A Bratislava il 20 febbraio in concerto lo Stefano Battaglia Trio","date":"12 Febbraio 2018","format":false,"excerpt":"Marted\u00ec 20 febbraio,\u00a0per la prima volta in Slovacchia, si esibir\u00e0 presso la\u00a0Radio Slovacca a Bratislava lo Stefano Battaglia Trio, formazione jazz italiana ben nota in patria e all\u2019estero, dove ha tenuto una lunga serie di concerti e ha partecipato a importanti festival. Passato al jazz per il fascino che su\u2026","rel":"","context":"In &quot;Articoli&quot;","img":{"alt_text":"","src":"https:\/\/i0.wp.com\/www.turismoslovacchia.it\/wp-content\/uploads\/jazz-music-concer_tatlin-CC0@pix.jpg?resize=350%2C200&ssl=1","width":350,"height":200},"classes":[]},{"id":9043,"url":"https:\/\/www.turismoslovacchia.it\/?p=9043","url_meta":{"origin":8591,"position":5},"title":"Luglio 2019: gli eventi a Bratislava e in Slovacchia","date":"2 Luglio 2019","format":false,"excerpt":"Estate culturale di Bratislava 2019 \u2013 Bratislava giugno\u00a0\u2013 settembre\u00a02019 La rassegna\u00a0\u201cEstate culturale di Bratislava\u201d \u00e8 il pi\u00f9 grande evento estivo in Slovacchia che, nel corso dei mesi d\u2019estate propone nella capitale centinaia di appuntamenti culturali, musicali, letterari, teatrali, e attivit\u00e0 per il tempo libero\u00a0per i residenti e i tanti turisti.\u2026","rel":"","context":"In &quot;Eventi&quot;","img":{"alt_text":"","src":"https:\/\/i0.wp.com\/www.turismoslovacchia.it\/wp-content\/uploads\/vychodna-festiv-folk.jpg?resize=350%2C200&ssl=1","width":350,"height":200},"classes":[]}],"jetpack_shortlink":"https:\/\/wp.me\/p1oiY9-2ez","_links":{"self":[{"href":"https:\/\/www.turismoslovacchia.it\/index.php?rest_route=\/wp\/v2\/posts\/8591"}],"collection":[{"href":"https:\/\/www.turismoslovacchia.it\/index.php?rest_route=\/wp\/v2\/posts"}],"about":[{"href":"https:\/\/www.turismoslovacchia.it\/index.php?rest_route=\/wp\/v2\/types\/post"}],"author":[{"embeddable":true,"href":"https:\/\/www.turismoslovacchia.it\/index.php?rest_route=\/wp\/v2\/users\/2"}],"replies":[{"embeddable":true,"href":"https:\/\/www.turismoslovacchia.it\/index.php?rest_route=%2Fwp%2Fv2%2Fcomments&post=8591"}],"version-history":[{"count":1,"href":"https:\/\/www.turismoslovacchia.it\/index.php?rest_route=\/wp\/v2\/posts\/8591\/revisions"}],"predecessor-version":[{"id":8593,"href":"https:\/\/www.turismoslovacchia.it\/index.php?rest_route=\/wp\/v2\/posts\/8591\/revisions\/8593"}],"wp:featuredmedia":[{"embeddable":true,"href":"https:\/\/www.turismoslovacchia.it\/index.php?rest_route=\/wp\/v2\/media\/8592"}],"wp:attachment":[{"href":"https:\/\/www.turismoslovacchia.it\/index.php?rest_route=%2Fwp%2Fv2%2Fmedia&parent=8591"}],"wp:term":[{"taxonomy":"category","embeddable":true,"href":"https:\/\/www.turismoslovacchia.it\/index.php?rest_route=%2Fwp%2Fv2%2Fcategories&post=8591"},{"taxonomy":"post_tag","embeddable":true,"href":"https:\/\/www.turismoslovacchia.it\/index.php?rest_route=%2Fwp%2Fv2%2Ftags&post=8591"}],"curies":[{"name":"wp","href":"https:\/\/api.w.org\/{rel}","templated":true}]}}