{"id":8466,"date":"2018-03-25T20:39:36","date_gmt":"2018-03-25T18:39:36","guid":{"rendered":"https:\/\/www.turismoslovacchia.it\/?p=8466"},"modified":"2018-03-27T21:20:45","modified_gmt":"2018-03-27T19:20:45","slug":"concerto-in-campania-dellorchestra-kysucka-dalla-slovacchia","status":"publish","type":"post","link":"https:\/\/www.turismoslovacchia.it\/?p=8466","title":{"rendered":"Concerto in Campania dell&#8217;Orchestra Kysucka dalla Slovacchia"},"content":{"rendered":"<p style=\"text-align: justify;\"><a href=\"https:\/\/www.turismoslovacchia.it\/wp-content\/uploads\/musica_Pixabay@1085606.jpg\" data-rel=\"lightbox-gallery-TyWGjno7\" data-rl_title=\"\" data-rl_caption=\"\" title=\"\"><img decoding=\"async\" loading=\"lazy\" class=\"alignnone size-full wp-image-8281\" src=\"https:\/\/www.turismoslovacchia.it\/wp-content\/uploads\/musica_Pixabay@1085606.jpg\" alt=\"\" width=\"720\" height=\"443\" srcset=\"https:\/\/www.turismoslovacchia.it\/wp-content\/uploads\/musica_Pixabay@1085606.jpg 720w, https:\/\/www.turismoslovacchia.it\/wp-content\/uploads\/musica_Pixabay@1085606-300x185.jpg 300w, https:\/\/www.turismoslovacchia.it\/wp-content\/uploads\/musica_Pixabay@1085606-400x246.jpg 400w, https:\/\/www.turismoslovacchia.it\/wp-content\/uploads\/musica_Pixabay@1085606-100x62.jpg 100w, https:\/\/www.turismoslovacchia.it\/wp-content\/uploads\/musica_Pixabay@1085606-200x123.jpg 200w, https:\/\/www.turismoslovacchia.it\/wp-content\/uploads\/musica_Pixabay@1085606-150x92.jpg 150w\" sizes=\"(max-width: 720px) 100vw, 720px\" \/><\/a><\/p>\n<p style=\"text-align: justify;\">Mercoled\u00ec 28 marzo a Gesualdo, comune campano in provincia di Avellino, si terr\u00e0 un concerto della slovacca\u00a0Kysuck\u00fd komorn\u00fd orchester della citt\u00e0 di \u010cadca (regione di \u017dilina).\u00a0In programma nella serata gesualdiana sar\u00e0 eseguito un omaggio al compositore contemporaneo slovacco Milan Nov\u00e1k (1927), la sua Suite in stile antico (Minuetto, Gavotta, Passepied, Aria e Giga), seguito dal Concerto n. 3 in Sol maggiore per violoncello e orchestra d\u2019archi G 480 (Allegro, Adagio, Allegro) di Luigi Boccherini (1743-1805). In chiusura un\u2019opera di Felix Mendelssohn-Bartholdy (1809-1847), il Concerto in re minore per violino, pianoforte e orchestra d\u2019archi, MWV O 4 (Allegro, Adagio, Allegro molto).<\/p>\n<p style=\"text-align: justify;\">L\u2019orchestra slovacca sar\u00e0 diretta dal maestro\u00a0Enrico Volpe, che ne \u00e8 anche direttore stabile, e sar\u00e0 accompagnata dai solisti\u00a0Emilio Mottola, violoncello; Liliana Bernardi, violino e Paola Volpe, pianoforte.<\/p>\n<p style=\"text-align: justify;\">\u2013<br \/>\nMercoled\u00ec 28 marzo, ore 18:30<br \/>\nChiesa dell\u2019Arciconfraternita del SS. Rosario di\u00a0Gesualdo\u00a0(AV)<br \/>\n<a class=\"wp-links-icon\" href=\"https:\/\/criticaclassica.wordpress.com\/2018\/03\/25\/mercoledi-28-marzo-gesualdo-ospita-il-concerto-dellorchestra-da-camera-kysucka-di-cadca-diretta-da-enrico-volpe-con-la-partecipazione-dei-solisti-emilio-mottola-liliana-b\/\" target=\"_blank\" rel=\"noopener\">Altre info qui<\/a><\/p>\n","protected":false},"excerpt":{"rendered":"<p>Mercoled\u00ec 28 marzo a Gesualdo, comune campano in provincia di Avellino, si terr\u00e0 un concerto della slovacca\u00a0Kysuck\u00fd komorn\u00fd orchester della citt\u00e0 di \u010cadca (regione di \u017dilina).\u00a0In programma nella serata gesualdiana sar\u00e0 eseguito un omaggio al compositore contemporaneo slovacco Milan Nov\u00e1k (1927), la sua Suite in stile antico (Minuetto, Gavotta, Passepied, Aria e Giga), seguito dal [&hellip;]<\/p>\n","protected":false},"author":2,"featured_media":8281,"comment_status":"open","ping_status":"open","sticky":false,"template":"","format":"standard","meta":[],"categories":[3,5,1],"tags":[347,38],"aioseo_notices":[],"jetpack_featured_media_url":"https:\/\/www.turismoslovacchia.it\/wp-content\/uploads\/musica_Pixabay@1085606.jpg","jetpack_sharing_enabled":true,"jetpack-related-posts":[{"id":1190,"url":"https:\/\/www.turismoslovacchia.it\/?p=1190","url_meta":{"origin":8466,"position":0},"title":"Riapre dopo i restauri la Filarmonica di Bratislava con la Nona di Beethoven","date":"23 Gennaio 2012","format":false,"excerpt":"Dopo oltre due anni di chiusura per un profondo restauro, riapre questa settimana a Bratislava lo storico edificio di Reduta, sede dell\u2019Orchestra Filarmonica Slovacca (Slovenska Filharmonia). Nato come granaio in stile tardo barocco a fine Settecento, l\u2019edificio che si affaccia su una delle maggiori e pi\u00f9 centrali piazze della capitale\u2026","rel":"","context":"In &quot;Articoli&quot;","img":{"alt_text":"","src":"https:\/\/i0.wp.com\/www.turismoslovacchia.it\/wp-content\/uploads\/Filharmonia-foto_stv-sk.jpg?resize=350%2C200&ssl=1","width":350,"height":200},"classes":[]},{"id":8449,"url":"https:\/\/www.turismoslovacchia.it\/?p=8449","url_meta":{"origin":8466,"position":1},"title":"A Bratislava il 20 febbraio in concerto lo Stefano Battaglia Trio","date":"12 Febbraio 2018","format":false,"excerpt":"Marted\u00ec 20 febbraio,\u00a0per la prima volta in Slovacchia, si esibir\u00e0 presso la\u00a0Radio Slovacca a Bratislava lo Stefano Battaglia Trio, formazione jazz italiana ben nota in patria e all\u2019estero, dove ha tenuto una lunga serie di concerti e ha partecipato a importanti festival. Passato al jazz per il fascino che su\u2026","rel":"","context":"In &quot;Articoli&quot;","img":{"alt_text":"","src":"https:\/\/i0.wp.com\/www.turismoslovacchia.it\/wp-content\/uploads\/jazz-music-concer_tatlin-CC0@pix.jpg?resize=350%2C200&ssl=1","width":350,"height":200},"classes":[]},{"id":2912,"url":"https:\/\/www.turismoslovacchia.it\/?p=2912","url_meta":{"origin":8466,"position":2},"title":"Le immortali armonie felliniane di Nino Rota a Bratislava","date":"22 Novembre 2013","format":false,"excerpt":"Alla vigilia della retrospettiva su Federico Fellini, luned\u00ec 25 novembre a Bratislava va in scena un concerto delle indimenticabili musiche da film di Nino Rota, un autore che del successo delle pellicole di Fellini \u00e8 stato fin dall\u2019inizio un protagonista insieme dominante e garbato con il suo riconoscibile marchio di\u2026","rel":"","context":"In &quot;Articoli&quot;","img":{"alt_text":"","src":"https:\/\/i0.wp.com\/www.turismoslovacchia.it\/wp-content\/uploads\/amarcord-e1385147003879.jpg?resize=350%2C200&ssl=1","width":350,"height":200},"classes":[]},{"id":8447,"url":"https:\/\/www.turismoslovacchia.it\/?p=8447","url_meta":{"origin":8466,"position":3},"title":"ll Brodsky Quartet\u00a0porta Beethoven al festival Konvergencie","date":"5 Febbraio 2018","format":false,"excerpt":"I quartetti \u201ctardi\u201d di Ludwig van Beethoven (1770 - 1827), scritti nell\u2019ultima fase della sua vita, sono un percorso affascinante nel mondo dei quartetti d'archi, che hanno tuttavia ricevuto il loro pieno riconoscimento solamente nel 20\u00b0 secolo. Una musica di assoluta libert\u00e0, musica di concentrazione, musica di potenza, contemplazione e\u2026","rel":"","context":"In &quot;Articoli&quot;","img":{"alt_text":"","src":"https:\/\/i0.wp.com\/www.turismoslovacchia.it\/wp-content\/uploads\/music-concer_pix.jpg?resize=350%2C200&ssl=1","width":350,"height":200},"classes":[]},{"id":1907,"url":"https:\/\/www.turismoslovacchia.it\/?p=1907","url_meta":{"origin":8466,"position":4},"title":"Dolce Vitaj: decine di appuntamenti per l\u2019Italia in festival","date":"30 Maggio 2013","format":false,"excerpt":"Una trentina di eventi effonderanno gli aromi del bel Paese in tutta la Slovacchia nel giugno 2013, che si annuncia fitto di appuntamenti tricolori. Il festival di cultura italiana Dolce Vitaj porta anche quest'anno in varie citta' e cittadine della Slovacchia un po\u2019 di italianita'. Eventi molteplici e mostre d\u2019arte,\u2026","rel":"","context":"In &quot;Eventi&quot;","img":{"alt_text":"","src":"https:\/\/i0.wp.com\/www.turismoslovacchia.it\/wp-content\/uploads\/dv13.jpg?resize=350%2C200&ssl=1","width":350,"height":200},"classes":[]},{"id":1516,"url":"https:\/\/www.turismoslovacchia.it\/?p=1516","url_meta":{"origin":8466,"position":5},"title":"Bratislava Music Festival 2012, si inizia con la superstar del violino Sarah Chang","date":"27 Settembre 2012","format":false,"excerpt":"Si apre domani con il Concerto per violino e orchestra op.77 di Johannes Brahms, eseguito dalla Slovensk\u00e1 filharm\u00f3nia diretta da Emmanuel Villaume, l'edizione numero 48 del Bratislava Music Festival (BHF), il festival di musica classica pi\u00f9 longevo in Slovacchia, e uno dei pi\u00f9 rinomati nell\u2019Europa Centrale. A dominare la scena\u2026","rel":"","context":"In &quot;Eventi&quot;","img":{"alt_text":"","src":"https:\/\/i0.wp.com\/www.turismoslovacchia.it\/wp-content\/uploads\/Filharmonia-foto_stv-sk.jpg?resize=350%2C200&ssl=1","width":350,"height":200},"classes":[]}],"jetpack_shortlink":"https:\/\/wp.me\/p1oiY9-2cy","_links":{"self":[{"href":"https:\/\/www.turismoslovacchia.it\/index.php?rest_route=\/wp\/v2\/posts\/8466"}],"collection":[{"href":"https:\/\/www.turismoslovacchia.it\/index.php?rest_route=\/wp\/v2\/posts"}],"about":[{"href":"https:\/\/www.turismoslovacchia.it\/index.php?rest_route=\/wp\/v2\/types\/post"}],"author":[{"embeddable":true,"href":"https:\/\/www.turismoslovacchia.it\/index.php?rest_route=\/wp\/v2\/users\/2"}],"replies":[{"embeddable":true,"href":"https:\/\/www.turismoslovacchia.it\/index.php?rest_route=%2Fwp%2Fv2%2Fcomments&post=8466"}],"version-history":[{"count":1,"href":"https:\/\/www.turismoslovacchia.it\/index.php?rest_route=\/wp\/v2\/posts\/8466\/revisions"}],"predecessor-version":[{"id":8467,"href":"https:\/\/www.turismoslovacchia.it\/index.php?rest_route=\/wp\/v2\/posts\/8466\/revisions\/8467"}],"wp:featuredmedia":[{"embeddable":true,"href":"https:\/\/www.turismoslovacchia.it\/index.php?rest_route=\/wp\/v2\/media\/8281"}],"wp:attachment":[{"href":"https:\/\/www.turismoslovacchia.it\/index.php?rest_route=%2Fwp%2Fv2%2Fmedia&parent=8466"}],"wp:term":[{"taxonomy":"category","embeddable":true,"href":"https:\/\/www.turismoslovacchia.it\/index.php?rest_route=%2Fwp%2Fv2%2Fcategories&post=8466"},{"taxonomy":"post_tag","embeddable":true,"href":"https:\/\/www.turismoslovacchia.it\/index.php?rest_route=%2Fwp%2Fv2%2Ftags&post=8466"}],"curies":[{"name":"wp","href":"https:\/\/api.w.org\/{rel}","templated":true}]}}