{"id":8463,"date":"2018-03-19T15:36:44","date_gmt":"2018-03-19T14:36:44","guid":{"rendered":"https:\/\/www.turismoslovacchia.it\/?p=8463"},"modified":"2018-03-23T15:40:45","modified_gmt":"2018-03-23T14:40:45","slug":"venerdi-a-bratislava-la-leggenda-dellalpinismo-italiano-maurizio-giordani","status":"publish","type":"post","link":"https:\/\/www.turismoslovacchia.it\/?p=8463","title":{"rendered":"Venerd\u00ec a Bratislava la leggenda dell&#8217;alpinismo italiano Maurizio Giordani"},"content":{"rendered":"<p><a href=\"https:\/\/www.turismoslovacchia.it\/wp-content\/uploads\/horyamesto18-festiv-montagn.jpg\" data-rel=\"lightbox-gallery-Mph69DKt\" data-rl_title=\"\" data-rl_caption=\"\" title=\"\"><img decoding=\"async\" loading=\"lazy\" class=\"alignnone size-full wp-image-8464\" src=\"https:\/\/www.turismoslovacchia.it\/wp-content\/uploads\/horyamesto18-festiv-montagn.jpg\" alt=\"\" width=\"720\" height=\"355\" srcset=\"https:\/\/www.turismoslovacchia.it\/wp-content\/uploads\/horyamesto18-festiv-montagn.jpg 720w, https:\/\/www.turismoslovacchia.it\/wp-content\/uploads\/horyamesto18-festiv-montagn-300x148.jpg 300w, https:\/\/www.turismoslovacchia.it\/wp-content\/uploads\/horyamesto18-festiv-montagn-400x197.jpg 400w, https:\/\/www.turismoslovacchia.it\/wp-content\/uploads\/horyamesto18-festiv-montagn-150x74.jpg 150w, https:\/\/www.turismoslovacchia.it\/wp-content\/uploads\/horyamesto18-festiv-montagn-100x49.jpg 100w, https:\/\/www.turismoslovacchia.it\/wp-content\/uploads\/horyamesto18-festiv-montagn-200x99.jpg 200w\" sizes=\"(max-width: 720px) 100vw, 720px\" \/><\/a><\/p>\n<p style=\"text-align: justify;\">Maurizio Giordani, guida alpina e scalatore di fama mondiale, \u00e8 tra gli ospiti di \u201cHory a mesto\u201d, il Festival di cinema di montagna e degli sport all\u2019aria aperta in corso in questi giorni a Bratislava. Questa sera la sua\u00a0conferenza sar\u00e0 uno spaccato della sua carriera in montagna.<\/p>\n<div class=\"fb-post\" data-href=\"https:\/\/www.facebook.com\/festivalhoryamesto\/posts\/1784697428242043\" data-width=\"552\"><\/div>\n<p>&nbsp;<\/p>\n<p style=\"text-align: justify;\">Maurizio Giordani (59 anni) \u00e8 una leggenda italiana dell&#8217;alpinismo dolomitico, ancora attivo come guida alpina e pioniere dell&#8217;arrampicata sulle vette delle Dolomiti, Patrimonio mondiale dell&#8217;umanit\u00e0 Unesco. Giordani ha praticato anche lo sci e l&#8217;arrampicata su ghiaccio, gli piace viaggiare e ha partecipato a oltre 80 spedizioni. \u00c8 grande amico della leggenda dell&#8217;arrampicata slovacca Igor Koller, con il quale ha fatto molte escursioni importanti sulla leggendaria Marmolada, il gruppo montuoso pi\u00f9 alto delle Dolomiti, anche chiamato &#8220;la regina delle Dolomiti&#8221;, su cui Giordani ha scritto tre libri.<\/p>\n<p><span class=\"embed-youtube\" style=\"text-align:center; display: block;\"><iframe loading=\"lazy\" class=\"youtube-player\" width=\"1140\" height=\"642\" src=\"https:\/\/www.youtube.com\/embed\/N85XwQjdT1A?version=3&#038;rel=1&#038;showsearch=0&#038;showinfo=1&#038;iv_load_policy=1&#038;fs=1&#038;hl=it-IT&#038;autohide=2&#038;wmode=transparent\" allowfullscreen=\"true\" style=\"border:0;\" sandbox=\"allow-scripts allow-same-origin allow-popups allow-presentation\"><\/iframe><\/span><\/p>\n<p style=\"text-align: justify;\">Alan Form\u00e1nek, alpinista e direttore del festival, ha detto che \u00abMaurizio ha avuto fin dall&#8217;infanzia\u00a0passione per le montagne, per l&#8217;escursionismo e pi\u00f9 tardi per l&#8217;arrampicata. A trent&#8217;anni divenne guida alpina. Ha al suo attivo diverse scalate delle inospitali pareti settentrionali delle Dolomiti, inedite arrampicate invernali e veloci scalate soliste su tratte impegnative. Molte delle sue ascensioni non sono mai state ripetute da altri\u00bb. Giordani ha scalato montagne di tutti i continenti, perfino in Nuova Zelanda. Tra le sue spedizioni da ricordare quelle in Patagonia, Karakoram, Ande e Himalaya, dove ha anche dormito oltre gli 8.000 metri di altitudine.<\/p>\n<p style=\"text-align: justify;\">..<br \/>\nQuando: venerd\u00ec 23 marzo 2018, ore 20:00<br \/>\nDove:\u00a0Bory Mall, Bratislava<br \/>\nInformazioni:\u00a0<a href=\"http:\/\/www.horyamesto.sk\">www.horyamesto.sk<\/a><\/p>\n<p style=\"text-align: right;\">\n","protected":false},"excerpt":{"rendered":"<p>Maurizio Giordani, guida alpina e scalatore di fama mondiale, \u00e8 tra gli ospiti di \u201cHory a mesto\u201d, il Festival di cinema di montagna e degli sport all\u2019aria aperta in corso in questi giorni a Bratislava. Questa sera la sua\u00a0conferenza sar\u00e0 uno spaccato della sua carriera in montagna. &nbsp; Maurizio Giordani (59 anni) \u00e8 una leggenda [&hellip;]<\/p>\n","protected":false},"author":2,"featured_media":8464,"comment_status":"open","ping_status":"open","sticky":false,"template":"","format":"standard","meta":[],"categories":[3,5,1],"tags":[9,468,42,111],"aioseo_notices":[],"jetpack_featured_media_url":"https:\/\/www.turismoslovacchia.it\/wp-content\/uploads\/horyamesto18-festiv-montagn.jpg","jetpack_sharing_enabled":true,"jetpack-related-posts":[{"id":9253,"url":"https:\/\/www.turismoslovacchia.it\/?p=9253","url_meta":{"origin":8463,"position":0},"title":"XIX Settimana della lingua italiana nel mondo, il programma a Bratislava","date":"15 Ottobre 2019","format":false,"excerpt":"Il tema scelto quest\u2019anno per la XIX edizione della Settimana della Lingua Italiana nel Mondo \u00e8: \u201cTeatro, melodramma, canzone e non solo: L\u2019italiano sul palcoscenico\u201d.\u00a0L\u2019evento \u00e8 nato per iniziativa del ministero degli Affari esteri e Cooperazione internazionale italiano e dell\u2019Accademia della Crusca con lo scopo di promuovere la lingua e\u2026","rel":"","context":"In &quot;Articoli&quot;","img":{"alt_text":"","src":"https:\/\/i0.wp.com\/www.turismoslovacchia.it\/wp-content\/uploads\/linguaitalia-settim.jpg?resize=350%2C200&ssl=1","width":350,"height":200},"classes":[]},{"id":1042,"url":"https:\/\/www.turismoslovacchia.it\/?p=1042","url_meta":{"origin":8463,"position":1},"title":"Eventi in Slovacchia \u2013 OTTOBRE 2011","date":"19 Ottobre 2011","format":false,"excerpt":"Calendario eventi OTTOBRE 2011 19 - 22 ottobre 2011 Festival Moonride di Arte Contemporanea Il Festival, alla sesta edizione, mette in mostra il lavoro contemporaneo nel campo delle arti visive, teatro, danza, musica, letteratura e architettura degli artisti dei quattro paesi di Visegrad. Alla rassegna vengono presentate una selezione di\u2026","rel":"","context":"In &quot;Eventi&quot;","img":{"alt_text":"","src":"https:\/\/i0.wp.com\/www.turismoslovacchia.it\/wp-content\/uploads\/2010\/10\/Eventi-in-Slovacchia.jpg?resize=350%2C200&ssl=1","width":350,"height":200},"classes":[]},{"id":1526,"url":"https:\/\/www.turismoslovacchia.it\/?p=1526","url_meta":{"origin":8463,"position":2},"title":"Eventi in Slovacchia \u2013 OTTOBRE 2012","date":"27 Settembre 2012","format":false,"excerpt":"Calendario eventi OTTOBRE 2012 28.09 - 14.10.2012 Bratislava Music Festival \/ BHS Pi\u00f9 importante festival musicale in Slovacchia, il presitigioso Bratislava Music Festival (Bratislavsk\u00e9 hudobn\u00e9 sl\u00e1vnosti) ha una lunga tradizione che data al 1964. Dal 1973, il festival \u00e8 l'unico rappresentante slovacco all\u2019EFA, l\u2019Associazione Europea dei Festival che ha sede\u2026","rel":"","context":"In &quot;Eventi&quot;","img":{"alt_text":"","src":"https:\/\/i0.wp.com\/www.turismoslovacchia.it\/wp-content\/uploads\/2010\/10\/Eventi-in-Slovacchia.jpg?resize=350%2C200&ssl=1","width":350,"height":200},"classes":[]},{"id":173,"url":"https:\/\/www.turismoslovacchia.it\/?p=173","url_meta":{"origin":8463,"position":3},"title":"Eventi in Slovacchia \u2013 OTTOBRE 2010","date":"10 Ottobre 2010","format":false,"excerpt":"Calendario eventi OTTOBRE 2010 15 settembre - 6 dicembre, 2010 Giornate di Visegrad Questo evento porta a Ko\u0161ice tutto il meglio della scena della cultura centro-europea. I visitatori possono aspettarsi molti spettacoli e ottimi artisti provenienti dalla Repubblica Ceca, l'Ungheria, la Polonia e la Slovacchia. Luogo: Ko\u0161ice Informazioni: Zdru\u017eenie Forsa\u2026","rel":"","context":"In &quot;Eventi&quot;","img":{"alt_text":"","src":"https:\/\/i0.wp.com\/www.turismoslovacchia.it\/wp-content\/uploads\/2010\/10\/Eventi-in-Slovacchia.jpg?resize=350%2C200&ssl=1","width":350,"height":200},"classes":[]},{"id":1575,"url":"https:\/\/www.turismoslovacchia.it\/?p=1575","url_meta":{"origin":8463,"position":4},"title":"Mese della Fotografia: aperta la rassegna fotografica clou dell\u2019anno a Bratislava","date":"31 Ottobre 2012","format":false,"excerpt":"La ventiduesima edizione del Mese della Fotografia (Mesiac fotografie) ha preso avvio con la bella mostra di Robert Capa alla Galleria Nazionale Slovacca (SNG) ed \u00e8 proseguita con l'apertura della mostra National Geographic, mentre oggi apre presso la Galleria Civica di Bratislava (GMB) la rassegna di Lewis Hine. Un altro\u2026","rel":"","context":"In &quot;Articoli&quot;","img":{"alt_text":"","src":"https:\/\/i0.wp.com\/www.turismoslovacchia.it\/wp-content\/uploads\/mese-fotografia-2012.jpg?resize=350%2C200&ssl=1","width":350,"height":200},"classes":[]},{"id":8873,"url":"https:\/\/www.turismoslovacchia.it\/?p=8873","url_meta":{"origin":8463,"position":5},"title":"Maggio 2019: gli eventi a Bratislava e dintorni","date":"8 Maggio 2019","format":false,"excerpt":"Campionato mondiale di hockey su ghiaccio 2019 10-25 maggio 2019 Il campionato mondiale 2019 di hockey su ghiaccio viene organizzato dalla Slovacchia, e le partite si svolgeranno a Bratislava e Ko\u0161ice. Nella capitale i match si terranno all'Arena del ghiaccio Ondrej Nepela, l'area intorno al quale \u00e8 dedicata a diversi\u2026","rel":"","context":"In &quot;Eventi&quot;","img":{"alt_text":"","src":"https:\/\/i0.wp.com\/www.turismoslovacchia.it\/wp-content\/uploads\/ekotopfilm2019.jpg?resize=350%2C200&ssl=1","width":350,"height":200},"classes":[]}],"jetpack_shortlink":"https:\/\/wp.me\/p1oiY9-2cv","_links":{"self":[{"href":"https:\/\/www.turismoslovacchia.it\/index.php?rest_route=\/wp\/v2\/posts\/8463"}],"collection":[{"href":"https:\/\/www.turismoslovacchia.it\/index.php?rest_route=\/wp\/v2\/posts"}],"about":[{"href":"https:\/\/www.turismoslovacchia.it\/index.php?rest_route=\/wp\/v2\/types\/post"}],"author":[{"embeddable":true,"href":"https:\/\/www.turismoslovacchia.it\/index.php?rest_route=\/wp\/v2\/users\/2"}],"replies":[{"embeddable":true,"href":"https:\/\/www.turismoslovacchia.it\/index.php?rest_route=%2Fwp%2Fv2%2Fcomments&post=8463"}],"version-history":[{"count":1,"href":"https:\/\/www.turismoslovacchia.it\/index.php?rest_route=\/wp\/v2\/posts\/8463\/revisions"}],"predecessor-version":[{"id":8465,"href":"https:\/\/www.turismoslovacchia.it\/index.php?rest_route=\/wp\/v2\/posts\/8463\/revisions\/8465"}],"wp:featuredmedia":[{"embeddable":true,"href":"https:\/\/www.turismoslovacchia.it\/index.php?rest_route=\/wp\/v2\/media\/8464"}],"wp:attachment":[{"href":"https:\/\/www.turismoslovacchia.it\/index.php?rest_route=%2Fwp%2Fv2%2Fmedia&parent=8463"}],"wp:term":[{"taxonomy":"category","embeddable":true,"href":"https:\/\/www.turismoslovacchia.it\/index.php?rest_route=%2Fwp%2Fv2%2Fcategories&post=8463"},{"taxonomy":"post_tag","embeddable":true,"href":"https:\/\/www.turismoslovacchia.it\/index.php?rest_route=%2Fwp%2Fv2%2Ftags&post=8463"}],"curies":[{"name":"wp","href":"https:\/\/api.w.org\/{rel}","templated":true}]}}