{"id":8447,"date":"2018-02-05T17:14:41","date_gmt":"2018-02-05T16:14:41","guid":{"rendered":"https:\/\/www.turismoslovacchia.it\/?p=8447"},"modified":"2018-02-24T18:28:28","modified_gmt":"2018-02-24T17:28:28","slug":"ll-brodsky-quartet-porta-beethoven-al-festival-konvergencie","status":"publish","type":"post","link":"https:\/\/www.turismoslovacchia.it\/?p=8447","title":{"rendered":"ll Brodsky Quartet\u00a0porta Beethoven al festival Konvergencie"},"content":{"rendered":"<p class=\"western\" style=\"text-align: justify;\" align=\"justify\"><b><\/b><a href=\"https:\/\/www.turismoslovacchia.it\/wp-content\/uploads\/music-concer_pix.jpg\" data-rel=\"lightbox-gallery-e9TQZbjf\" data-rl_title=\"\" data-rl_caption=\"\" title=\"\"><img decoding=\"async\" loading=\"lazy\" class=\"alignnone size-full wp-image-8429\" src=\"https:\/\/www.turismoslovacchia.it\/wp-content\/uploads\/music-concer_pix.jpg\" alt=\"\" width=\"720\" height=\"443\" srcset=\"https:\/\/www.turismoslovacchia.it\/wp-content\/uploads\/music-concer_pix.jpg 720w, https:\/\/www.turismoslovacchia.it\/wp-content\/uploads\/music-concer_pix-300x185.jpg 300w, https:\/\/www.turismoslovacchia.it\/wp-content\/uploads\/music-concer_pix-400x246.jpg 400w, https:\/\/www.turismoslovacchia.it\/wp-content\/uploads\/music-concer_pix-100x62.jpg 100w, https:\/\/www.turismoslovacchia.it\/wp-content\/uploads\/music-concer_pix-200x123.jpg 200w, https:\/\/www.turismoslovacchia.it\/wp-content\/uploads\/music-concer_pix-150x92.jpg 150w\" sizes=\"(max-width: 720px) 100vw, 720px\" \/><\/a><\/p>\n<p class=\"western\" style=\"text-align: justify;\" align=\"justify\">I quartetti \u201ctardi\u201d di Ludwig van Beethoven (1770 &#8211; 1827), scritti nell\u2019ultima fase della sua vita, sono un percorso affascinante nel mondo dei quartetti d&#8217;archi, che hanno tuttavia ricevuto il loro pieno riconoscimento solamente nel 20\u00b0 secolo. Una musica di assoluta libert\u00e0, musica di concentrazione, musica di potenza, contemplazione e introspezione. Musica che guarisce.<\/p>\n<p class=\"western\" style=\"text-align: justify;\" align=\"justify\">Queste opere del mondo interiore del maestro Beethoven, a suo tempo ammirate solo da una ristretta cerchia di persone, sono proposte ora dal Festival di musica da camera Convergencie\u00a0di Bratislava, diretto da Jozef Luptak, una con serie eccezionale di tre concerti (il 22, 24 e 25 febbraio)\u00a0 del famoso quartetto d&#8217;archi britannico Brodsky Quartet presso la Sala grande della Radio Slovacca a Bratislava. La serie comprende anche altri due concerti da camera (il 18 e 21 febbraio) con musiche di Beethoven interpretate da artisti di nome slovacchi e stranieri, cui si aggiunge, il 12 febbraio, il film &#8220;A late quartet&#8221; di Yaron Zilberman.<\/p>\n<p style=\"text-align: justify;\" align=\"justify\">Maggiori informazioni su\u00a0<a href=\"http:\/\/www.konvergencie.sk\/en\/schedule\/\">www.konvergencie.sk<\/a>.<br \/>\nBiglietti disponibili <a href=\"https:\/\/www.ticketportal.sk\/NEvent\/Konvergencie_Bratislava_Beethovenlate_quartets?idp=1210179\">su Ticketportal<\/a> a 20 euro.<\/p>\n","protected":false},"excerpt":{"rendered":"<p>I quartetti \u201ctardi\u201d di Ludwig van Beethoven (1770 &#8211; 1827), scritti nell\u2019ultima fase della sua vita, sono un percorso affascinante nel mondo dei quartetti d&#8217;archi, che hanno tuttavia ricevuto il loro pieno riconoscimento solamente nel 20\u00b0 secolo. Una musica di assoluta libert\u00e0, musica di concentrazione, musica di potenza, contemplazione e introspezione. Musica che guarisce. Queste [&hellip;]<\/p>\n","protected":false},"author":2,"featured_media":8429,"comment_status":"open","ping_status":"open","sticky":false,"template":"","format":"standard","meta":[],"categories":[3,5,1],"tags":[347,9,249,42,300,38],"aioseo_notices":[],"jetpack_featured_media_url":"https:\/\/www.turismoslovacchia.it\/wp-content\/uploads\/music-concer_pix.jpg","jetpack_sharing_enabled":true,"jetpack-related-posts":[{"id":8421,"url":"https:\/\/www.turismoslovacchia.it\/?p=8421","url_meta":{"origin":8447,"position":0},"title":"Febbraio 2018: gli eventi a Bratislava e dintorni","date":"28 Gennaio 2018","format":false,"excerpt":"Tra\u00a0gli eventi pi\u00f9 rilevanti del febbraio 2010 nella citt\u00e0 e regione di Bratislava\u00a0vanno ricordati la stagione dei balli che come tutti gli anni riporta in Slovacchia un po' dell'atmosfera delle serate danzanti d'epoca asburgica, l'opportunit\u00e0 di assaggiare piatti di stagione dei migliori chef slovacchi a costi accessibili, o di\u00a0godere della\u2026","rel":"","context":"In &quot;Articoli&quot;","img":{"alt_text":"","src":"https:\/\/i0.wp.com\/www.turismoslovacchia.it\/wp-content\/uploads\/music-concer_pix.jpg?resize=350%2C200&ssl=1","width":350,"height":200},"classes":[]},{"id":1409,"url":"https:\/\/www.turismoslovacchia.it\/?p=1409","url_meta":{"origin":8447,"position":1},"title":"Festival Konvergencie: la musica nella sua molteplicit\u00e0 di stili","date":"30 Agosto 2012","format":false,"excerpt":"Il Festival internazionale di musica (da camera) Konvergencie (in italiano, naturalmente, Convergenze) \u00e8 ormai parte fissa del panorama di musica \u201cseria\u201d in Slovacchia. Arrivata allla sua tredicesima stagione a Bratislava, la rassegna presenta opere musicali e artisti particolari senza porre barriere o limiti di genere o di stile, e i\u2026","rel":"","context":"In &quot;Articoli&quot;","img":{"alt_text":"","src":"https:\/\/i0.wp.com\/www.turismoslovacchia.it\/wp-content\/uploads\/konvergencie.jpg?resize=350%2C200&ssl=1","width":350,"height":200},"classes":[]},{"id":8250,"url":"https:\/\/www.turismoslovacchia.it\/?p=8250","url_meta":{"origin":8447,"position":2},"title":"Luglio 2017: gli eventi a Bratislava e dintorni","date":"25 Giugno 2017","format":false,"excerpt":"Segnaliamo qui gli eventi pi\u00f9 rilevanti del mese di luglio 2017 nella citt\u00e0 e regione di Bratislava.\u00a0Tra quelli da segnalare ci sono il weekend della antiche arti presso il sempre affascinante\u00a0Castello di \u010cerven\u00fd Kame\u0148, il Festival Shakespeare, ormai una tradizione che da anni\u00a0ravviva la corte interna del castello di Bratislava,\u2026","rel":"","context":"In &quot;Articoli&quot;","img":{"alt_text":"","src":"https:\/\/i0.wp.com\/www.turismoslovacchia.it\/wp-content\/uploads\/eventi_00.jpg?resize=350%2C200&ssl=1","width":350,"height":200},"classes":[]},{"id":8767,"url":"https:\/\/www.turismoslovacchia.it\/?p=8767","url_meta":{"origin":8447,"position":3},"title":"Luglio 2018: gli eventi a Bratislava e dintorni","date":"29 Giugno 2018","format":false,"excerpt":"Estate culturale di Bratislava 2018 \u2013 Bratislava giugno\u00a0\u2013 settembre\u00a02018 La rassegna\u00a0\u201cEstate culturale di Bratislava\u201d \u00e8 il pi\u00f9 grande evento estivo in Slovacchia che, nel corso dei mesi d\u2019estate propone nella capitale centinaia di appuntamenti culturali, musicali, letterari, teatrali, e attivit\u00e0 per il tempo libero\u00a0per i residenti e i tanti turisti.\u2026","rel":"","context":"In &quot;Eventi&quot;","img":{"alt_text":"","src":"https:\/\/i0.wp.com\/www.turismoslovacchia.it\/wp-content\/uploads\/bratis-eurovea-cultur-bkis.jpg?resize=350%2C200&ssl=1","width":350,"height":200},"classes":[]},{"id":8257,"url":"https:\/\/www.turismoslovacchia.it\/?p=8257","url_meta":{"origin":8447,"position":4},"title":"Agosto 2017: gli eventi a Bratislava e dintorni","date":"28 Luglio 2017","format":false,"excerpt":"Segnaliamo qui gli eventi pi\u00f9 rilevanti del mese di\u00a0agosto 2017 nella citt\u00e0 e regione di Bratislava.\u00a0Tra quelli da segnalare ci sono l'estate culturale di Bratislava, che\u00a0sta continuando da giugno con le sue\u00a0centinaia di appuntamenti, e la chiusura del\u00a0festival musicale Viva Musica!, poi il Summer Party nel resort acquatico-sportivo\u00a0Divok\u00e1 voda\u00a0a \u010cunovo,\u2026","rel":"","context":"In &quot;Articoli&quot;","img":{"alt_text":"","src":"https:\/\/i0.wp.com\/www.turismoslovacchia.it\/wp-content\/uploads\/eventi_00.jpg?resize=350%2C200&ssl=1","width":350,"height":200},"classes":[]},{"id":9213,"url":"https:\/\/www.turismoslovacchia.it\/?p=9213","url_meta":{"origin":8447,"position":5},"title":"Ottobre 2019: gli eventi a Bratislava e dintorni","date":"27 Settembre 2019","format":false,"excerpt":"Biela noc \/ Notte bianca \u2013 Bratislava 27 - 29 settembre 2019 La Notte Bianca \u00e8 l\u2019evento pi\u00f9 partecipato di arte contemporanea in Slovacchia, e si rif\u00e0 alle esperienze nate in questo campo in altri paesi. Organizzata a Bratislava e nella \u00ecmetropoli dell\u2019est\u2019, Kosice, la Notte Bianca \u00e8 una magica\u2026","rel":"","context":"In &quot;Eventi&quot;","img":{"alt_text":"","src":"https:\/\/i0.wp.com\/www.turismoslovacchia.it\/wp-content\/uploads\/musica-class@pixx.jpg?resize=350%2C200&ssl=1","width":350,"height":200},"classes":[]}],"jetpack_shortlink":"https:\/\/wp.me\/p1oiY9-2cf","_links":{"self":[{"href":"https:\/\/www.turismoslovacchia.it\/index.php?rest_route=\/wp\/v2\/posts\/8447"}],"collection":[{"href":"https:\/\/www.turismoslovacchia.it\/index.php?rest_route=\/wp\/v2\/posts"}],"about":[{"href":"https:\/\/www.turismoslovacchia.it\/index.php?rest_route=\/wp\/v2\/types\/post"}],"author":[{"embeddable":true,"href":"https:\/\/www.turismoslovacchia.it\/index.php?rest_route=\/wp\/v2\/users\/2"}],"replies":[{"embeddable":true,"href":"https:\/\/www.turismoslovacchia.it\/index.php?rest_route=%2Fwp%2Fv2%2Fcomments&post=8447"}],"version-history":[{"count":1,"href":"https:\/\/www.turismoslovacchia.it\/index.php?rest_route=\/wp\/v2\/posts\/8447\/revisions"}],"predecessor-version":[{"id":8448,"href":"https:\/\/www.turismoslovacchia.it\/index.php?rest_route=\/wp\/v2\/posts\/8447\/revisions\/8448"}],"wp:featuredmedia":[{"embeddable":true,"href":"https:\/\/www.turismoslovacchia.it\/index.php?rest_route=\/wp\/v2\/media\/8429"}],"wp:attachment":[{"href":"https:\/\/www.turismoslovacchia.it\/index.php?rest_route=%2Fwp%2Fv2%2Fmedia&parent=8447"}],"wp:term":[{"taxonomy":"category","embeddable":true,"href":"https:\/\/www.turismoslovacchia.it\/index.php?rest_route=%2Fwp%2Fv2%2Fcategories&post=8447"},{"taxonomy":"post_tag","embeddable":true,"href":"https:\/\/www.turismoslovacchia.it\/index.php?rest_route=%2Fwp%2Fv2%2Ftags&post=8447"}],"curies":[{"name":"wp","href":"https:\/\/api.w.org\/{rel}","templated":true}]}}