{"id":8295,"date":"2017-10-28T21:42:51","date_gmt":"2017-10-28T19:42:51","guid":{"rendered":"http:\/\/www.turismoslovacchia.it\/?p=8295"},"modified":"2019-11-02T18:47:49","modified_gmt":"2019-11-02T17:47:49","slug":"novembre-2017-gli-eventi-a-bratislava-e-dintorni","status":"publish","type":"post","link":"https:\/\/www.turismoslovacchia.it\/?p=8295","title":{"rendered":"Novembre 2017: gli eventi a Bratislava e dintorni"},"content":{"rendered":"<p><a href=\"https:\/\/www.turismoslovacchia.it\/wp-content\/uploads\/eventi_00.jpg\" data-rel=\"lightbox-gallery-ouwtuxEo\" data-rl_title=\"\" data-rl_caption=\"\" title=\"\"><img decoding=\"async\" loading=\"lazy\" class=\"alignnone size-full wp-image-9133\" src=\"https:\/\/www.turismoslovacchia.it\/wp-content\/uploads\/eventi_00.jpg\" alt=\"\" width=\"720\" height=\"200\" srcset=\"https:\/\/www.turismoslovacchia.it\/wp-content\/uploads\/eventi_00.jpg 720w, https:\/\/www.turismoslovacchia.it\/wp-content\/uploads\/eventi_00-300x83.jpg 300w, https:\/\/www.turismoslovacchia.it\/wp-content\/uploads\/eventi_00-150x42.jpg 150w\" sizes=\"(max-width: 720px) 100vw, 720px\" \/><\/a><\/p>\n<p style=\"text-align: justify;\">Tra\u00a0gli eventi pi\u00f9 rilevanti del novembre 2017 nella citt\u00e0 e regione di Bratislava\u00a0vanno ricordati nella capitale il Mese della Fotografia e lo Slovak Press Photo,\u00a0 appuntamenti che da tempo sono ormai diventati un must del mese di novembre, e poi il Festival della Libert\u00e0, che si tiene nelle date intorno al 17 novembre, quando la Slovacchia torn\u00f2 alla democrazia nel 1989, e diversi eventi enogastronomici sia nella capitale che nelle cantine sulle colline dei Piccoli Carpazi. Per chi ama il cinema di qualit\u00e0, da segnalare il\u00a0Bratislava International Film Festival con le ultime novit\u00e0 importanti dai pi\u00f9 rinomati festival del mondo.<\/p>\n<hr \/>\n<p><span style=\"color: #ff0000;\"><b>Slovak Press Photo \u2013 Bratislava<br \/>\n<\/b><b>20 ottobre \u2013 30 novembre 2017<\/b><\/span><\/p>\n<p align=\"justify\"><a href=\"http:\/\/www.turismoslovacchia.it\/wp-content\/uploads\/slovapressphoto17.jpg\" data-rel=\"lightbox-gallery-ouwtuxEo\" data-rl_title=\"\" data-rl_caption=\"\" title=\"\"><img decoding=\"async\" loading=\"lazy\" class=\"alignnone size-full wp-image-8291\" src=\"http:\/\/www.turismoslovacchia.it\/wp-content\/uploads\/slovapressphoto17.jpg\" alt=\"\" width=\"720\" height=\"443\" srcset=\"https:\/\/www.turismoslovacchia.it\/wp-content\/uploads\/slovapressphoto17.jpg 720w, https:\/\/www.turismoslovacchia.it\/wp-content\/uploads\/slovapressphoto17-300x185.jpg 300w, https:\/\/www.turismoslovacchia.it\/wp-content\/uploads\/slovapressphoto17-400x246.jpg 400w, https:\/\/www.turismoslovacchia.it\/wp-content\/uploads\/slovapressphoto17-100x62.jpg 100w, https:\/\/www.turismoslovacchia.it\/wp-content\/uploads\/slovapressphoto17-200x123.jpg 200w, https:\/\/www.turismoslovacchia.it\/wp-content\/uploads\/slovapressphoto17-150x92.jpg 150w\" sizes=\"(max-width: 720px) 100vw, 720px\" \/><\/a><\/p>\n<p align=\"justify\">Sesta edizione di Slovak Press Photo, rassegna competitiva di immagini del migliore fotogiornalismo contemporaneo in Slovacchia. La mostra testimonia la vita e la societ\u00e0 vista dai fotografi documentaristi della Slovacchia e dei paesi limitrofi nell\u2019ultimo anno, con fotografie suddivise in dieci categorie, tra cui Attualit\u00e0, Reportage, Vita quotidiana, Ritratto, Natura, Sport, oltre a una nuova categoria di brevi video di produzione internazionale. A giudicare i lavori proposti, una giuria internazionale composta da una sola slovacca, Jana Hojstri\u010dov\u00e1, due cechi, Jind\u0159ich \u0160treit e Roman Vondrou\u0161, l\u2019americana Nina Berman e la francese B\u00e9n\u00e9dicte Kurzen. Quest\u2019anno sono stati 185 gli autori che hanno partecipato al concorso, inviando un totale di 2055 fotografie. La mostra si divide tra il Museo di Citt\u00e0 &#8211; Star\u00e1 radnica e il Palazzo Primaziale (Primaci\u00e1lny pal\u00e1c).<br \/>\n<b>Info:<\/b>\u00a0<a href=\"http:\/\/slovak-press-photo.sk\/\">http:\/\/slovak-press-photo.sk\/<\/a><\/p>\n<hr \/>\n<p align=\"justify\"><span style=\"color: #ff0000;\"><b>Mesiac fotografie \/ Month of photography \u2013 Bratislava<br \/>\n<\/b><b>31 ottobre \u2013 26 novembre 2017<\/b><\/span><\/p>\n<p align=\"justify\"><a href=\"http:\/\/www.turismoslovacchia.it\/wp-content\/uploads\/mesiacfotografie-2017.jpg\" data-rel=\"lightbox-gallery-ouwtuxEo\" data-rl_title=\"\" data-rl_caption=\"\" title=\"\"><img decoding=\"async\" loading=\"lazy\" class=\"wp-image-8298 alignleft\" src=\"http:\/\/www.turismoslovacchia.it\/wp-content\/uploads\/mesiacfotografie-2017.jpg\" alt=\"\" width=\"301\" height=\"185\" srcset=\"https:\/\/www.turismoslovacchia.it\/wp-content\/uploads\/mesiacfotografie-2017.jpg 720w, https:\/\/www.turismoslovacchia.it\/wp-content\/uploads\/mesiacfotografie-2017-300x185.jpg 300w, https:\/\/www.turismoslovacchia.it\/wp-content\/uploads\/mesiacfotografie-2017-400x246.jpg 400w, https:\/\/www.turismoslovacchia.it\/wp-content\/uploads\/mesiacfotografie-2017-100x62.jpg 100w, https:\/\/www.turismoslovacchia.it\/wp-content\/uploads\/mesiacfotografie-2017-200x123.jpg 200w, https:\/\/www.turismoslovacchia.it\/wp-content\/uploads\/mesiacfotografie-2017-150x92.jpg 150w\" sizes=\"(max-width: 301px) 100vw, 301px\" \/><\/a>Con il mese di novembre ritorna a Bratislava il Mese della fotografia &#8211; Mesiac fotografie, il pi\u00f9 grande evento di fotografia in Slovacchia, arrivato quest\u2019anno alla sua 27esima edizione. Saranno aperte 26 mostre con opere di artisti da 18 paesi del mondo. Il festival slovacco, che dal 2004 \u00e8 stato ammesso nella rete European Month of Photography insieme a diverse altre capitali europee, da Budapest a Parigi, da Lussemburgo a Vienna e Atene, \u00e8 particolarmente concentrato sulla scena fotografica dell&#8217;Europa centrale e orientale, ma ogni anno porta in citt\u00e0 anche mostre di grandi stelle della fotografia mondiale, contemporanee e non.\u00a0Alla rassegna di quest&#8217;anno anche la mostra dell&#8217;italiana Paola Di Bello con la sua mostra Ambiguous Spaces.<br \/>\nPer saperne di pi\u00f9 <a href=\"http:\/\/www.turismoslovacchia.it\/?p=8297\">vedi questo articolo<\/a>.<\/p>\n<hr \/>\n<p><span style=\"color: #ff0000;\"><b>Klezmore Festival Vienna &amp; Bratislava<br \/>\n<\/b><b>6 novembre 2017<\/b><\/span><\/p>\n<p align=\"justify\"><img decoding=\"async\" loading=\"lazy\" class=\"alignright\" src=\"http:\/\/www.bkis.sk\/public\/attachments\/ARTICLE_1457\/THUMB.png\" width=\"183\" height=\"183\" \/>Appendice a Bratislava del festival nato, cresciuto e diventato ormai una tradizione a Vienna.\u00a0Il 6 novembre si esibir\u00e0 nella capitale slovacca il gruppo Pre\u00dfburger Klezmer Band (SK, SRB), con un concerto presso Dom kult\u00fary Zrkadlov\u00fd H\u00e1j a Bratislava-Petr\u017ealka.<br \/>\n<b>Info:<\/b>\u00a0<a href=\"http:\/\/www.bkis.sk\/sk\/article\/14th-klezmore-festival-vienna-bratislava-1457\">www.bkis.sk<\/a><\/p>\n<hr \/>\n<p><span style=\"color: #ff0000;\"><b>Festival slobody \/ Festival della libert\u00e0 \u2013 Bratislava<br \/>\n<\/b><b>6-23 novembre 2017<\/b><\/span><\/p>\n<p align=\"justify\"><a href=\"http:\/\/www.turismoslovacchia.it\/wp-content\/uploads\/festivalslobody.jpg\" data-rel=\"lightbox-gallery-ouwtuxEo\" data-rl_title=\"\" data-rl_caption=\"\" title=\"\"><img decoding=\"async\" loading=\"lazy\" class=\"size-full wp-image-8296 alignleft\" src=\"http:\/\/www.turismoslovacchia.it\/wp-content\/uploads\/festivalslobody.jpg\" alt=\"\" width=\"300\" height=\"200\" srcset=\"https:\/\/www.turismoslovacchia.it\/wp-content\/uploads\/festivalslobody.jpg 300w, https:\/\/www.turismoslovacchia.it\/wp-content\/uploads\/festivalslobody-180x120.jpg 180w, https:\/\/www.turismoslovacchia.it\/wp-content\/uploads\/festivalslobody-100x67.jpg 100w, https:\/\/www.turismoslovacchia.it\/wp-content\/uploads\/festivalslobody-188x125.jpg 188w, https:\/\/www.turismoslovacchia.it\/wp-content\/uploads\/festivalslobody-150x100.jpg 150w, https:\/\/www.turismoslovacchia.it\/wp-content\/uploads\/festivalslobody-272x182.jpg 272w\" sizes=\"(max-width: 300px) 100vw, 300px\" \/><\/a>Arrivato al settimo anno, il Festival della libert\u00e0 \u00e8 una rassegna multi-genere e internazionale dedicata al ricordo e all\u2019analisi del periodo dell\u2019oppressione in Slovacchia con molti interessanti contributi tra conferenze, discussioni, documentari e lungometraggi, mostre, spettacoli teatrali e concerti. Organizzato dall\u2019Istituto per la memoria nazionale (UPN) in occasione dell\u2019anniversario del crollo del regime comunista in Cecoslovacchia (il 17 novembre) e del ritorno della libert\u00e0.<br \/>\nOltre alle proiezioni, presso Kino Lumi\u00e8re, di film e documentari usciti in Slovacchia ed Europa nel corso dell\u2019ultimo anno si potr\u00e0 assistere a discussioni come la giornata dedicata all\u2019esperienza del totalitarismo in Polonia, l\u20198 novembre presso l\u2019Istituto Polacco di Cultura, a mostre come \u2018Odvle\u010den\u00ed do gulagov\u2019 (Deportati al gulag) aperta il 14 novembre presso l\u2019Universit\u00e0 Comenius, che sar\u00e0 accompagnata dalla proiezione del filmato \u2018Sopravvissuti al gulag\u2019. Il 15 novembre presso l\u2019universit\u00e0 si parler\u00e0 della partecipazione studentesca alle proteste civili ieri e oggi, con riferimento al ruolo degli studenti nelle proteste del 1989, e il 18 e 19 novembre si svolger\u00e0 presso il Ponte della Libert\u00e0 nel quartiere Dev\u00ednska Nov\u00e1 Ves il \u201cWeekend delle frontiere chiuse\u201d.\u00a0Il 9 novembre, anniversario della caduta del Muro di Berlino e data simbolica del ritorno dell\u2019Europa centro-orientale alla democrazia, il Divadlo Mal\u00e1 sc\u00e9na STU ospiter\u00e0 il concerto \u201cLa voce della libert\u00e0\u201d con due generazioni di cantautori che hanno svolto un compito importante quale voce della coscienza durante il regime comunista.<br \/>\n<strong>Info:<\/strong> <a href=\"http:\/\/www.festivalslobody.sk\/\">www.festivalslobody.sk<\/a><\/p>\n<hr \/>\n<p><span style=\"color: #ff0000;\"><b>Umenie z Cvernovky \/ Arte di Cvernovka \u2013 Bratislava<br \/>\n<\/b><b>3-5 novembre 2017<\/b><\/span><\/p>\n<p align=\"justify\"><img decoding=\"async\" loading=\"lazy\" class=\"alignnone \" src=\"http:\/\/gob.sk\/Static\/Event_covers\/2128\/3e874c7dd885826f9ce5317d7b7d38ee_gallery.jpg\" width=\"520\" height=\"293\" \/><\/p>\n<p align=\"justify\">Seconda edizione di una rassegna di mostre di artisti negli atelier di Nov\u00e1 Cvernovka. Cinque artisti visivi presenteranno i propri lavori di pittura e oggetti in legno, che saranno in vendita. La manifestazione, a ingresso gratuito, si svolger\u00e0 con inaugurazioni di mostre personali, discussioni con gli artisti e un workshop di calligraffiti, negli spazi di Nov\u00e1 Cvernovka e nello showroom Artattack.<br \/>\n<b>Info:<\/b> <a href=\"https:\/\/www.artattack.sk\/10\/umenie-z-atelierov-cvernovky-v-novembri\/\">www.artattack.sk<\/a><\/p>\n<hr \/>\n<p><span style=\"color: #ff0000;\"><b>Foto Slovakia \u2013 Bratislava<br \/>\n<\/b><b>5 novembre 2017<\/b><\/span><\/p>\n<p style=\"text-align: justify;\"><a href=\"http:\/\/www.turismoslovacchia.it\/wp-content\/uploads\/FOTO17.jpg\" data-rel=\"lightbox-gallery-ouwtuxEo\" data-rl_title=\"\" data-rl_caption=\"\" title=\"\"><img decoding=\"async\" loading=\"lazy\" class=\"wp-image-8310 alignright\" src=\"http:\/\/www.turismoslovacchia.it\/wp-content\/uploads\/FOTO17.jpg\" alt=\"\" width=\"300\" height=\"136\" srcset=\"https:\/\/www.turismoslovacchia.it\/wp-content\/uploads\/FOTO17.jpg 520w, https:\/\/www.turismoslovacchia.it\/wp-content\/uploads\/FOTO17-300x136.jpg 300w, https:\/\/www.turismoslovacchia.it\/wp-content\/uploads\/FOTO17-400x182.jpg 400w, https:\/\/www.turismoslovacchia.it\/wp-content\/uploads\/FOTO17-100x45.jpg 100w, https:\/\/www.turismoslovacchia.it\/wp-content\/uploads\/FOTO17-200x91.jpg 200w, https:\/\/www.turismoslovacchia.it\/wp-content\/uploads\/FOTO17-150x68.jpg 150w\" sizes=\"(max-width: 300px) 100vw, 300px\" \/><\/a><\/p>\n<p style=\"text-align: justify;\">Organizzato da ePhoto.sk, il pi\u00f9 grande portale fotografico del paese, Foto Slovakia \u00e8 un evento per fotografi professionisti e amatori che raccoglie da un lato le ultime tecnologie per la fotografia con macchine fotografiche, attrezzature, luci, accessori, software eccetera, offerte negli stand dei maggiori produttori e marchi della fotografia mondiale, e dall\u2019altro lezioni, workshop e incontri con noti fotografi slovacchi e stranieri.<br \/>\n<b>Info:<\/b> <a href=\"http:\/\/www.fotoslovakia.sk\/\">www.fotoslovakia.sk<\/a><\/p>\n<hr \/>\n<p><span style=\"color: #ff0000;\"><b>Bratislava International Film Festival<br \/>\n<\/b><b>9-16 novembre 2017<\/b><\/span><\/p>\n<p align=\"justify\"><a href=\"http:\/\/www.turismoslovacchia.it\/wp-content\/uploads\/cinema-film.jpg\" data-rel=\"lightbox-gallery-ouwtuxEo\" data-rl_title=\"\" data-rl_caption=\"\" title=\"\"><img decoding=\"async\" loading=\"lazy\" class=\"alignnone size-full wp-image-8313\" src=\"http:\/\/www.turismoslovacchia.it\/wp-content\/uploads\/cinema-film.jpg\" alt=\"\" width=\"719\" height=\"443\" srcset=\"https:\/\/www.turismoslovacchia.it\/wp-content\/uploads\/cinema-film.jpg 719w, https:\/\/www.turismoslovacchia.it\/wp-content\/uploads\/cinema-film-300x185.jpg 300w, https:\/\/www.turismoslovacchia.it\/wp-content\/uploads\/cinema-film-400x246.jpg 400w, https:\/\/www.turismoslovacchia.it\/wp-content\/uploads\/cinema-film-100x62.jpg 100w, https:\/\/www.turismoslovacchia.it\/wp-content\/uploads\/cinema-film-200x123.jpg 200w, https:\/\/www.turismoslovacchia.it\/wp-content\/uploads\/cinema-film-150x92.jpg 150w\" sizes=\"(max-width: 719px) 100vw, 719px\" \/><\/a><\/p>\n<p align=\"justify\">Il Bratislava International Film Festival ripropone per il 19esimo anno nella capitale slovacca la stagione dei festival di quest&#8217;anno e presenter\u00e0 al pubblico di casa i film che sono stati premiati ai pi\u00f9 importanti eventi cinematografici internazionali. La grande maggioranza delle pellicole sar\u00e0 proiettata come premiere slovacca e in molti casi il festival \u00e8 l&#8217;unica occasione per vedere questi straordinari film che non arriveranno mai alla distribuzione regolare nei cinema. Particolare attenzione, come ogni anno, \u00e8 dedicata al film europeo contemporaneo e alle sue stelle.<br \/>\n<b>Info:<\/b> <a href=\"http:\/\/bratislavaiff.sk\/en\/\">http:\/\/bratislavaiff.sk\/en\/<\/a>. <a href=\"https:\/\/www.citylife.sk\/festival\/medzinarodny-filmovy-festival-bratislava\">Programma<\/a><\/p>\n<hr \/>\n<p><span style=\"color: #ff0000;\"><b>Svatomartinsk\u00e9 dni 2017 \/<br \/>\nSan Martino 2017 \u2013 Bratislava<br \/>\n<\/b><b>10-11 novembre 2017<\/b><\/span><\/p>\n<p align=\"justify\"><a href=\"http:\/\/www.turismoslovacchia.it\/wp-content\/uploads\/svatomartinske.jpg\" data-rel=\"lightbox-gallery-ouwtuxEo\" data-rl_title=\"\" data-rl_caption=\"\" title=\"\"><img decoding=\"async\" loading=\"lazy\" class=\"alignnone size-full wp-image-8311\" src=\"http:\/\/www.turismoslovacchia.it\/wp-content\/uploads\/svatomartinske.jpg\" alt=\"\" width=\"520\" height=\"320\" srcset=\"https:\/\/www.turismoslovacchia.it\/wp-content\/uploads\/svatomartinske.jpg 520w, https:\/\/www.turismoslovacchia.it\/wp-content\/uploads\/svatomartinske-300x185.jpg 300w, https:\/\/www.turismoslovacchia.it\/wp-content\/uploads\/svatomartinske-400x246.jpg 400w, https:\/\/www.turismoslovacchia.it\/wp-content\/uploads\/svatomartinske-100x62.jpg 100w, https:\/\/www.turismoslovacchia.it\/wp-content\/uploads\/svatomartinske-200x123.jpg 200w, https:\/\/www.turismoslovacchia.it\/wp-content\/uploads\/svatomartinske-150x92.jpg 150w\" sizes=\"(max-width: 520px) 100vw, 520px\" \/><\/a><\/p>\n<p align=\"justify\">Il quartiere della Citt\u00e0 Vecchia anche quest\u2019anno, in collaborazione con l&#8217;Arcidiocesi, il Comune di Bratislava e diverse associazioni e istituzioni, prepara una tre giorni dedicata a San Martino, il patrono dell&#8217;Arcidiocesi di Bratislava. La manifestazione, che include la benedizione del vino novello (alla Cappella di S. Ladislav a Palazzo Primaziale alle 15:00\u00a0del 10\u00a0novembre) e una santa messa nel Duomo di San Martino, vedr\u00e0 diversi eventi presso palazzo Zichy e sulle piazze Rudnayovo n\u00e1mestie e Primaci\u00e1lne n\u00e1mestie. Ai visitatori saranno serviti assaggi di vino novello delle cantine delle localit\u00e0 intorno alla capitale (Ra\u010da, Vajnory, Dev\u00edn e Nov\u00e9 Mesto), e gastronomia tipica tra cui piatti d\u2019oca e bue arrosto.<br \/>\n<b>Info:<\/b> <a href=\"http:\/\/gob.sk\/event\/1799\/svatomartinske-dni-2017\">www.gob.sk<\/a>,\u00a0<a href=\"https:\/\/www.facebook.com\/events\/404235096674653\/\">Evento Facebook<\/a><\/p>\n<hr \/>\n<p><span style=\"color: #ff0000;\"><b>Chute Mal\u00fdch Karp\u00e1t \/ I sapori dei Piccoli Carpazi<br \/>\n<\/b><b>11 novembre 2017<\/b><\/span><\/p>\n<p align=\"justify\"><a href=\"http:\/\/www.turismoslovacchia.it\/wp-content\/uploads\/sagra-fest-gulas_gob.sk_.jpg\" data-rel=\"lightbox-gallery-ouwtuxEo\" data-rl_title=\"\" data-rl_caption=\"\" title=\"\"><img decoding=\"async\" loading=\"lazy\" class=\"alignnone size-full wp-image-8314\" src=\"http:\/\/www.turismoslovacchia.it\/wp-content\/uploads\/sagra-fest-gulas_gob.sk_.jpg\" alt=\"\" width=\"720\" height=\"443\" srcset=\"https:\/\/www.turismoslovacchia.it\/wp-content\/uploads\/sagra-fest-gulas_gob.sk_.jpg 720w, https:\/\/www.turismoslovacchia.it\/wp-content\/uploads\/sagra-fest-gulas_gob.sk_-300x185.jpg 300w, https:\/\/www.turismoslovacchia.it\/wp-content\/uploads\/sagra-fest-gulas_gob.sk_-400x246.jpg 400w, https:\/\/www.turismoslovacchia.it\/wp-content\/uploads\/sagra-fest-gulas_gob.sk_-100x62.jpg 100w, https:\/\/www.turismoslovacchia.it\/wp-content\/uploads\/sagra-fest-gulas_gob.sk_-200x123.jpg 200w, https:\/\/www.turismoslovacchia.it\/wp-content\/uploads\/sagra-fest-gulas_gob.sk_-150x92.jpg 150w\" sizes=\"(max-width: 720px) 100vw, 720px\" \/><\/a><\/p>\n<p align=\"justify\">Giovane festival che riunisce gli elementi pi\u00f9 forti dei Piccoli Carpazi: vino, gastronomia e cultura, che si completano a vicenda. Una ventina di cantine aperte, decine di ristoranti e un certo numero di artisti regionali. La cultura del vino non significa solo bere vino ma \u00e8 uno stile di vita legato indissolubilmente con il territorio e le persone che vi abitano. E nella regione di Bratislava la cultura del vino si sente ad ogni angolo.<br \/>\n<b>Info:<\/b> <a href=\"https:\/\/www.chutemalychkarpat.sk\/EventInfo.aspx?eventyearid=2\">www.chutemalychkarpat.sk<\/a><\/p>\n<hr \/>\n<p><span style=\"color: #ff0000;\"><b>Cantine aperte 2017 \u2013 Piccoli Carpazi<br \/>\n<\/b><b>17-18 novembre 2017<\/b><\/span><\/p>\n<p style=\"text-align: justify;\"><a href=\"http:\/\/www.turismoslovacchia.it\/wp-content\/uploads\/vino-cantineaperte_mvc.sk_.jpg\" data-rel=\"lightbox-gallery-ouwtuxEo\" data-rl_title=\"\" data-rl_caption=\"\" title=\"\"><img decoding=\"async\" loading=\"lazy\" class=\"wp-image-8315 alignright\" src=\"http:\/\/www.turismoslovacchia.it\/wp-content\/uploads\/vino-cantineaperte_mvc.sk_.jpg\" alt=\"\" width=\"301\" height=\"185\" srcset=\"https:\/\/www.turismoslovacchia.it\/wp-content\/uploads\/vino-cantineaperte_mvc.sk_.jpg 720w, https:\/\/www.turismoslovacchia.it\/wp-content\/uploads\/vino-cantineaperte_mvc.sk_-300x185.jpg 300w, https:\/\/www.turismoslovacchia.it\/wp-content\/uploads\/vino-cantineaperte_mvc.sk_-400x246.jpg 400w, https:\/\/www.turismoslovacchia.it\/wp-content\/uploads\/vino-cantineaperte_mvc.sk_-100x62.jpg 100w, https:\/\/www.turismoslovacchia.it\/wp-content\/uploads\/vino-cantineaperte_mvc.sk_-200x123.jpg 200w, https:\/\/www.turismoslovacchia.it\/wp-content\/uploads\/vino-cantineaperte_mvc.sk_-150x92.jpg 150w\" sizes=\"(max-width: 301px) 100vw, 301px\" \/><\/a>Apertura al pubblico di 160 delle pi\u00f9 belle cantine della regione dei Piccoli Carpazi, dalle pi\u00f9 piccole cantine famigliari a quelle pi\u00f9 grandi e moderne, con degustazioni e piati tipici tra Bratislava-Dev\u00edn, Bratislava-Star\u00e9 Mesto, Vajnory, Ra\u010da, Sv\u00e4t\u00fd Jur, Limbach, Modra, \u010casta, Do\u013eany &#8230; fino ad arrivare a Trnava, oltre il complesso collinare dei Mal\u00e9 Karpaty. Il 17 e 18 novembre dalle ore 12:00 alle 21:00. Ingressi al costo di 50 euro, di cui 25 per l&#8217;acquisto vini da portarsi a casa.<br \/>\n<b>Info:<\/b> <a href=\"http:\/\/www.mvc.sk\/sk\/podujatia\/den-otvorenych-pivnicj-2017\">www.mvc.sk<\/a><\/p>\n<hr \/>\n<p>&nbsp;<\/p>\n<h4 style=\"text-align: justify;\">Altri eventi del mese nella regione sono visibili sul sito\u00a0<a href=\"http:\/\/www.gob.it\">www.gob.it<\/a>. Per gli appuntamenti a Bratislava vedere i siti\u00a0<a href=\"http:\/\/www.visitbratislava.com\">visitbratislava.com<\/a>\u00a0o\u00a0<a href=\"https:\/\/www.citylife.sk\/\">www.citylife.sk<\/a>.<\/h4>\n<p style=\"text-align: justify;\"><em><span style=\"color: #999999;\">&#8211;<\/span><\/em><br \/>\n<em><span style=\"color: #999999;\">Foto bkis.sk,\u00a0<\/span><\/em><em><span style=\"color: #999999;\">gob.sk<\/span><\/em><\/p>\n","protected":false},"excerpt":{"rendered":"<p>Tra\u00a0gli eventi pi\u00f9 rilevanti del novembre 2017 nella citt\u00e0 e regione di Bratislava\u00a0vanno ricordati nella capitale il Mese della Fotografia e lo Slovak Press Photo,\u00a0 appuntamenti che da tempo sono ormai diventati un must del mese di novembre, e poi il Festival della Libert\u00e0, che si tiene nelle date intorno al 17 novembre, quando la [&hellip;]<\/p>\n","protected":false},"author":2,"featured_media":249,"comment_status":"open","ping_status":"open","sticky":false,"template":"","format":"standard","meta":[],"categories":[3,5,1],"tags":[347,9,339,249,30,17,29,42,34,43,194,225,15,44,10,473,623],"aioseo_notices":[],"jetpack_featured_media_url":"https:\/\/www.turismoslovacchia.it\/wp-content\/uploads\/2010\/10\/Eventi-in-Slovacchia.jpg","jetpack_sharing_enabled":true,"jetpack-related-posts":[{"id":8779,"url":"https:\/\/www.turismoslovacchia.it\/?p=8779","url_meta":{"origin":8295,"position":0},"title":"Novembre 2018: gli eventi a Bratislava e dintorni","date":"28 Ottobre 2018","format":false,"excerpt":"Bratislava Music Festival \u2013 Bratislava 28 settembre \u2013 14 ottobre 2018 La 54esima edizione del pi\u00f9 antico e prestigioso festival musicale internazionale in Slovacchia,\u00a0Bratislavsk\u00e9 Hudobn\u00e9 Sl\u00e1vnosti (BHS) prende il via il 28 settembre con un concerto inaugurale della Filarmonica Slovacca diretta da James Judd che vedr\u00e0 eseguiti brani di\u00a0Alexander Moyzes\u2026","rel":"","context":"In &quot;Eventi&quot;","img":{"alt_text":"","src":"https:\/\/i0.wp.com\/www.turismoslovacchia.it\/wp-content\/uploads\/vino-FB_malokarpatskavinnacestaMVC.jpg?resize=350%2C200&ssl=1","width":350,"height":200},"classes":[]},{"id":9242,"url":"https:\/\/www.turismoslovacchia.it\/?p=9242","url_meta":{"origin":8295,"position":1},"title":"Novembre 2019: gli eventi a Bratislava e dintorni","date":"30 Ottobre 2019","format":false,"excerpt":"Mozart Festival, Bratislava 25 ottobre - 10 novembre 2019 Sesta edizione del\u00a0Bratislava Mozart Festival 2019, con\u00a0quattro concerti interpretati da grandi artisti slovacchi ed europei.\u00a0Apertura con l'eccezionale Opus\u00a0Requiem KV 626.\u00a0Seguir\u00e0 una selezione di quartetti di oboe di\u00a0Mozart\u00a0e del contemporaneo\u00a0Georg Druschetzky, di cui ricorre quest'anno\u00a0il\u00a0bicentenario della morte.\u00a0Verr\u00e0 eseguito\u00a0anche il trio d'archi di\u00a0Johann\u2026","rel":"","context":"In &quot;Eventi&quot;","img":{"alt_text":"","src":"https:\/\/i0.wp.com\/www.turismoslovacchia.it\/wp-content\/uploads\/tennis-sport@pix.jpg?resize=350%2C200&ssl=1","width":350,"height":200},"classes":[]},{"id":8864,"url":"https:\/\/www.turismoslovacchia.it\/?p=8864","url_meta":{"origin":8295,"position":2},"title":"Aprile 2019: gli eventi a Bratislava e dintorni","date":"2 Aprile 2019","format":false,"excerpt":"Giornata delle cantine di Modra 6 aprile 2019 Le cantine di Modra, la nobile cittadina viticola ai piedi dei Piccoli Carpazi, apriranno le porte\u00a0agli appassionati per la sedicesima volta anche quest'anno, un evento da vivere con la famiglia o gli amici. Il numero di biglietti dispomibili \u00e8 limitato, una scelta\u2026","rel":"","context":"In &quot;Eventi&quot;","img":{"alt_text":"","src":"https:\/\/i0.wp.com\/www.turismoslovacchia.it\/wp-content\/uploads\/eventi_00.jpg?resize=350%2C200&ssl=1","width":350,"height":200},"classes":[]},{"id":8270,"url":"https:\/\/www.turismoslovacchia.it\/?p=8270","url_meta":{"origin":8295,"position":3},"title":"Settembre 2017: gli eventi a Bratislava e dintorni","date":"25 Agosto 2017","format":false,"excerpt":"Segnaliamo qui gli eventi pi\u00f9 rilevanti del mese di settembre 2017 nella citt\u00e0 e regione di Bratislava.\u00a0Tra quelli da segnalare ci sono diverse Farm Fest, appuntamenti gastronomici in tutta la regione che includono il famoso Festival del cavolo di Stupava o il Regno dell'Oca di Slovensk\u00fd Grob, le sagre della\u2026","rel":"","context":"In &quot;Articoli&quot;","img":{"alt_text":"","src":"https:\/\/i0.wp.com\/www.turismoslovacchia.it\/wp-content\/uploads\/eventi_00.jpg?resize=350%2C200&ssl=1","width":350,"height":200},"classes":[]},{"id":4269,"url":"https:\/\/www.turismoslovacchia.it\/?p=4269","url_meta":{"origin":8295,"position":4},"title":"A Bratislava \u00e8 novembre il Mese della Fotografia","date":"7 Novembre 2014","format":false,"excerpt":"Ha avuto inizio da poco pi\u00f9 di una settimana, e si svolger\u00e0 fino al 30 novembre a Bratislava, la 24esima edizione del Festival internazionaleMesiac fotografie\u00a0(Mese della fotografia). Divenuto nel corso del tempo uno dei pi\u00f9 importanti eventi culturali d\u2019autunno dell\u2019intera regione, il festival vede nel corso del mese decine di\u2026","rel":"","context":"In &quot;Articoli&quot;","img":{"alt_text":"","src":"https:\/\/i0.wp.com\/www.turismoslovacchia.it\/wp-content\/uploads\/mesefotogr-koppitz-2014.jpg?resize=350%2C200&ssl=1","width":350,"height":200},"classes":[]},{"id":8762,"url":"https:\/\/www.turismoslovacchia.it\/?p=8762","url_meta":{"origin":8295,"position":5},"title":"Giugno 2018: gli eventi a Bratislava e dintorni","date":"28 Maggio 2018","format":false,"excerpt":"Weekwnd dei parchi e giardini aperti 1 - 3 giugno 2018 Decine di aree verdi, storiche e moderne, saranno aperte durante il fine settimana a Bratislava e in tutto il Paese. Solo nella capitale \u00e8 possibile visitare oltre venti tra giardini e parchi, alcuni dei quali durante l\u2019anno non sono\u2026","rel":"","context":"In &quot;Eventi&quot;","img":{"alt_text":"","src":"https:\/\/i0.wp.com\/www.turismoslovacchia.it\/wp-content\/uploads\/eventi_00.jpg?resize=350%2C200&ssl=1","width":350,"height":200},"classes":[]}],"jetpack_shortlink":"https:\/\/wp.me\/p1oiY9-29N","_links":{"self":[{"href":"https:\/\/www.turismoslovacchia.it\/index.php?rest_route=\/wp\/v2\/posts\/8295"}],"collection":[{"href":"https:\/\/www.turismoslovacchia.it\/index.php?rest_route=\/wp\/v2\/posts"}],"about":[{"href":"https:\/\/www.turismoslovacchia.it\/index.php?rest_route=\/wp\/v2\/types\/post"}],"author":[{"embeddable":true,"href":"https:\/\/www.turismoslovacchia.it\/index.php?rest_route=\/wp\/v2\/users\/2"}],"replies":[{"embeddable":true,"href":"https:\/\/www.turismoslovacchia.it\/index.php?rest_route=%2Fwp%2Fv2%2Fcomments&post=8295"}],"version-history":[{"count":5,"href":"https:\/\/www.turismoslovacchia.it\/index.php?rest_route=\/wp\/v2\/posts\/8295\/revisions"}],"predecessor-version":[{"id":9158,"href":"https:\/\/www.turismoslovacchia.it\/index.php?rest_route=\/wp\/v2\/posts\/8295\/revisions\/9158"}],"wp:featuredmedia":[{"embeddable":true,"href":"https:\/\/www.turismoslovacchia.it\/index.php?rest_route=\/wp\/v2\/media\/249"}],"wp:attachment":[{"href":"https:\/\/www.turismoslovacchia.it\/index.php?rest_route=%2Fwp%2Fv2%2Fmedia&parent=8295"}],"wp:term":[{"taxonomy":"category","embeddable":true,"href":"https:\/\/www.turismoslovacchia.it\/index.php?rest_route=%2Fwp%2Fv2%2Fcategories&post=8295"},{"taxonomy":"post_tag","embeddable":true,"href":"https:\/\/www.turismoslovacchia.it\/index.php?rest_route=%2Fwp%2Fv2%2Ftags&post=8295"}],"curies":[{"name":"wp","href":"https:\/\/api.w.org\/{rel}","templated":true}]}}