{"id":8250,"date":"2017-06-25T09:26:34","date_gmt":"2017-06-25T07:26:34","guid":{"rendered":"http:\/\/www.turismoslovacchia.it\/?p=8250"},"modified":"2019-11-02T18:51:32","modified_gmt":"2019-11-02T17:51:32","slug":"luglio-2017-gli-eventi-a-bratislava-e-dintorni","status":"publish","type":"post","link":"https:\/\/www.turismoslovacchia.it\/?p=8250","title":{"rendered":"Luglio 2017: gli eventi a Bratislava e dintorni"},"content":{"rendered":"<p><img decoding=\"async\" loading=\"lazy\" class=\"alignnone size-full wp-image-9133\" src=\"https:\/\/www.turismoslovacchia.it\/wp-content\/uploads\/eventi_00.jpg\" alt=\"\" width=\"720\" height=\"200\" srcset=\"https:\/\/www.turismoslovacchia.it\/wp-content\/uploads\/eventi_00.jpg 720w, https:\/\/www.turismoslovacchia.it\/wp-content\/uploads\/eventi_00-300x83.jpg 300w, https:\/\/www.turismoslovacchia.it\/wp-content\/uploads\/eventi_00-150x42.jpg 150w\" sizes=\"(max-width: 720px) 100vw, 720px\" \/><\/p>\n<p style=\"text-align: justify;\">Segnaliamo qui gli eventi pi\u00f9 rilevanti del mese di luglio 2017 nella citt\u00e0 e regione di Bratislava.\u00a0Tra quelli da segnalare ci sono il weekend della antiche arti presso il sempre affascinante\u00a0Castello di \u010cerven\u00fd Kame\u0148, il Festival Shakespeare, ormai una tradizione che da anni\u00a0ravviva la corte interna del castello di Bratislava, il festival di folklore internazionale Slovakia Folk e diversi eventi con degustazioni dei vini locali ma anche internazionali, senza dimenticare un evento legato a un prodotto speciale, il vino\u00a0prodotto con i ribes che\u00a0sono coltivati\u00a0in modo continuativo da oltre un secolo sotto al castello di Devin, sulla riva sinistra del Danubio.<\/p>\n<hr \/>\n<p style=\"text-align: justify;\"><span style=\"color: #ff0000;\"><strong>VIVA MUSICA! FESTIVAL &#8211; Bratislava<br \/>\n1 giugno &#8211;\u00a03\u00a0agosto\u00a02017<br \/>\n<\/strong><\/span><\/p>\n<p style=\"text-align: justify;\"><a href=\"http:\/\/www.turismoslovacchia.it\/wp-content\/uploads\/vivamusica-bratis-festiv.jpg\" data-rel=\"lightbox-gallery-tnOknriB\" data-rl_title=\"\" data-rl_caption=\"\" title=\"\"><img decoding=\"async\" loading=\"lazy\" class=\"wp-image-8237 alignright\" src=\"http:\/\/www.turismoslovacchia.it\/wp-content\/uploads\/vivamusica-bratis-festiv.jpg\" alt=\"\" width=\"302\" height=\"186\" srcset=\"https:\/\/www.turismoslovacchia.it\/wp-content\/uploads\/vivamusica-bratis-festiv.jpg 720w, https:\/\/www.turismoslovacchia.it\/wp-content\/uploads\/vivamusica-bratis-festiv-300x185.jpg 300w, https:\/\/www.turismoslovacchia.it\/wp-content\/uploads\/vivamusica-bratis-festiv-400x246.jpg 400w, https:\/\/www.turismoslovacchia.it\/wp-content\/uploads\/vivamusica-bratis-festiv-100x62.jpg 100w, https:\/\/www.turismoslovacchia.it\/wp-content\/uploads\/vivamusica-bratis-festiv-200x123.jpg 200w, https:\/\/www.turismoslovacchia.it\/wp-content\/uploads\/vivamusica-bratis-festiv-150x92.jpg 150w\" sizes=\"(max-width: 302px) 100vw, 302px\" \/><\/a><\/p>\n<p style=\"text-align: justify;\">Nato nel 2005\u00a0con\u00a0l&#8217;ambizione di creare un evento estivo di alto livello e impatto per gli appassionati di musica classica e non,\u00a0il festival Viva Musica! offre sin dalla prima edizione il meglio degli interpreti e orchestre in luoghi, situazioni e ambientazioni attraenti e inusuali, con una offerta di concerti anche disponibili gratuitamente. Da giugno ad agosto il festival ospita serate di musica\u00a0eseguita da artisti nazionali e internazionali di prima classe, con alcuni progetti pensati esclusivamente per questo evento.<br \/>\n<strong>Info:<\/strong>\u00a0<a href=\"http:\/\/www.vivamusica.sk\">www.vivamusica.sk<\/a>.<\/p>\n<hr \/>\n<p style=\"text-align: justify;\"><span style=\"color: #ff0000;\"><strong>Estate culturale di Bratislava e Festival al Castello 2017 &#8211; Bratislava<br \/>\n1 giugno\u00a0&#8211; 30 settembre\u00a02017<br \/>\n<\/strong><\/span><\/p>\n<p style=\"text-align: justify;\"><a href=\"http:\/\/www.turismoslovacchia.it\/wp-content\/uploads\/bratis-festiv-estate-bkis.jpg\" data-rel=\"lightbox-gallery-tnOknriB\" data-rl_title=\"\" data-rl_caption=\"\" title=\"\"><img decoding=\"async\" loading=\"lazy\" class=\"wp-image-8238 alignleft\" src=\"http:\/\/www.turismoslovacchia.it\/wp-content\/uploads\/bratis-festiv-estate-bkis.jpg\" alt=\"\" width=\"301\" height=\"185\" srcset=\"https:\/\/www.turismoslovacchia.it\/wp-content\/uploads\/bratis-festiv-estate-bkis.jpg 720w, https:\/\/www.turismoslovacchia.it\/wp-content\/uploads\/bratis-festiv-estate-bkis-300x185.jpg 300w, https:\/\/www.turismoslovacchia.it\/wp-content\/uploads\/bratis-festiv-estate-bkis-400x246.jpg 400w, https:\/\/www.turismoslovacchia.it\/wp-content\/uploads\/bratis-festiv-estate-bkis-100x62.jpg 100w, https:\/\/www.turismoslovacchia.it\/wp-content\/uploads\/bratis-festiv-estate-bkis-200x123.jpg 200w, https:\/\/www.turismoslovacchia.it\/wp-content\/uploads\/bratis-festiv-estate-bkis-150x92.jpg 150w\" sizes=\"(max-width: 301px) 100vw, 301px\" \/><\/a>La rassegna\u00a0&#8220;Estate culturale di Bratislava\u00a0e e Festival al Castello&#8221; \u00e8 il pi\u00f9 grande evento estivo in Slovacchia che, nel corso dei mesi d&#8217;estate propone nella capitale centinaia di appuntamenti culturali, musicali, letterari, teatrali, e attivit\u00e0 per il tempo libero\u00a0per i residenti e i tanti turisti. Arrivato alla sua 42esima edizione, il festival si volge in gran parte all&#8217;aperto, nelle strade, piazze e cortili di Bratislava, oltre che nella corte del Castello.<br \/>\n<strong>Info:<\/strong>\u00a0<a href=\"http:\/\/www.bkis.sk\">www.bkis.sk<\/a>.<\/p>\n<hr \/>\n<p style=\"text-align: justify;\"><span style=\"color: #ff0000;\"><strong>Festival delle arti dimenticate &#8211; Castello di \u010cerven\u00fd Kame\u0148<br \/>\n1-2 luglio 2017<br \/>\n<\/strong><\/span><\/p>\n<p style=\"text-align: justify;\"><a href=\"http:\/\/www.turismoslovacchia.it\/wp-content\/uploads\/cervenykamen-festiv-medioevo.jpg\" data-rel=\"lightbox-gallery-tnOknriB\" data-rl_title=\"\" data-rl_caption=\"\" title=\"\"><img decoding=\"async\" loading=\"lazy\" class=\"alignnone size-full wp-image-8251\" src=\"http:\/\/www.turismoslovacchia.it\/wp-content\/uploads\/cervenykamen-festiv-medioevo.jpg\" alt=\"\" width=\"720\" height=\"443\" srcset=\"https:\/\/www.turismoslovacchia.it\/wp-content\/uploads\/cervenykamen-festiv-medioevo.jpg 720w, https:\/\/www.turismoslovacchia.it\/wp-content\/uploads\/cervenykamen-festiv-medioevo-300x185.jpg 300w, https:\/\/www.turismoslovacchia.it\/wp-content\/uploads\/cervenykamen-festiv-medioevo-400x246.jpg 400w, https:\/\/www.turismoslovacchia.it\/wp-content\/uploads\/cervenykamen-festiv-medioevo-100x62.jpg 100w, https:\/\/www.turismoslovacchia.it\/wp-content\/uploads\/cervenykamen-festiv-medioevo-200x123.jpg 200w, https:\/\/www.turismoslovacchia.it\/wp-content\/uploads\/cervenykamen-festiv-medioevo-150x92.jpg 150w\" sizes=\"(max-width: 720px) 100vw, 720px\" \/><\/a><\/p>\n<p style=\"text-align: justify;\">Entrate nel mondo medievale e trovatevi al centro di un mercato. Benvenuti nel mondo pieno di gioia, arte,\u00a0gusti e odori di ogni genere . Si pu\u00f2 divenire\u00a0testimone di un atto legale con un ladro, ci si pu\u00f2 vestire con abiti del tempo, si possono vedere &#8220;uomini d&#8217;affari&#8221; a caccia di polli da spennare o abili artigiani che mostrano le arti e mestieri medievali con gli strumenti dell&#8217;epoca.<br \/>\n<strong>Info:\u00a0\u00a0<\/strong><a href=\"http:\/\/www.remeselnyfestival.schatmansdorf.sk\/\">www.remeselnyfestival.schatmansdorf.sk<\/a>.<\/p>\n<hr \/>\n<p style=\"text-align: justify;\"><span style=\"color: #ff0000;\"><strong>Festival\u00a0Shakespeare all&#8217;aperto\u00a0&#8211; Castello di\u00a0Bratislava<br \/>\n5-27 luglio 2017<\/strong><\/span><\/p>\n<p style=\"text-align: justify;\"><img decoding=\"async\" loading=\"lazy\" class=\"alignleft\" src=\"http:\/\/www.wshakespeare.sk\/images\/predstavenia\/othello_2.jpg\" width=\"300\" height=\"136\" \/>Il Festival Shakespeare \u00e8 stato fondato a Bratislava nel 2000, prendendo esempio da quello inaugurato dal presidente cecoslovacco V\u00e1clav Havel nell&#8217;apertura del castello di Praga\u00a0nel 1990.\u00a0Nella corte del castello della capitale slovacca si\u00a0pu\u00f2 godere\u00a0dei drammi e delle commedie del grande Bardo con\u00a026 spettacoli nel corso di questo luglio. Si apre con\u00a0La commedia degli errori\u00a0e si chiude con la passione e gelosia di\u00a0Otello. Tra gli spettacoli della rassegna anche tre premi\u00e8re\u00a0per la Slovacchia.<br \/>\n<strong>Info:<\/strong>\u00a0<a href=\"http:\/\/www.wshakespeare.sk\/program.php\">www.wshakespeare.sk<\/a>.<\/p>\n<hr \/>\n<p><strong><span style=\"color: #ff0000;\">Slovakia Folk\u00a02017 &#8211; Bratislava<\/span><\/strong><br \/>\n<strong><span style=\"color: #ff0000;\">6 &#8211; 9 luglio 2017<\/span><\/strong><\/p>\n<p style=\"text-align: justify;\"><a href=\"http:\/\/www.turismoslovacchia.it\/wp-content\/uploads\/folklore-bratis_bkis.sk_.jpg\" data-rel=\"lightbox-gallery-tnOknriB\" data-rl_title=\"\" data-rl_caption=\"\" title=\"\"><img decoding=\"async\" loading=\"lazy\" class=\"alignnone size-full wp-image-8252\" src=\"http:\/\/www.turismoslovacchia.it\/wp-content\/uploads\/folklore-bratis_bkis.sk_.jpg\" alt=\"\" width=\"720\" height=\"443\" srcset=\"https:\/\/www.turismoslovacchia.it\/wp-content\/uploads\/folklore-bratis_bkis.sk_.jpg 720w, https:\/\/www.turismoslovacchia.it\/wp-content\/uploads\/folklore-bratis_bkis.sk_-300x185.jpg 300w, https:\/\/www.turismoslovacchia.it\/wp-content\/uploads\/folklore-bratis_bkis.sk_-400x246.jpg 400w, https:\/\/www.turismoslovacchia.it\/wp-content\/uploads\/folklore-bratis_bkis.sk_-100x62.jpg 100w, https:\/\/www.turismoslovacchia.it\/wp-content\/uploads\/folklore-bratis_bkis.sk_-200x123.jpg 200w, https:\/\/www.turismoslovacchia.it\/wp-content\/uploads\/folklore-bratis_bkis.sk_-150x92.jpg 150w\" sizes=\"(max-width: 720px) 100vw, 720px\" \/><\/a><\/p>\n<p style=\"text-align: justify;\">Il centro della capitale slovacca apre le porte\u00a0a balli, canti e\u00a0musica\u00a0strumentale del folklore sia slovacco che straniero. Per strade e piazze si terranno performance di gruppi folcloristici provenienti da tutto il mondo rendendo magica l&#8217;atmosfera estiva di Bratislava. L&#8217;International Folklore Festival Slovakia Folk\u00a0vedr\u00e0 l&#8217;interpretazione di motivi musicali e di danza tradizionali da parte di gruppi folcloristici che partecipano anche al\u00a0concorso annuale.<br \/>\n<strong>Info:<\/strong> <a href=\"http:\/\/choral-music.sk\/en\/Festivaly\/view\/id:56\/section:program\">http:\/\/choral-music.sk<\/a>.<\/p>\n<hr \/>\n<p><strong><span style=\"color: #ff0000;\">WINE\u00a0&amp; ART, Pezinok<\/span><\/strong><br \/>\n<strong><span style=\"color: #ff0000;\">7 luglio 2017<\/span><\/strong><\/p>\n<p style=\"text-align: justify;\"><a href=\"http:\/\/www.turismoslovacchia.it\/wp-content\/uploads\/assaggi-di-vini-sulla-Strada-dei-Piccoli-Carpazi.jpg\" data-rel=\"lightbox-gallery-tnOknriB\" data-rl_title=\"\" data-rl_caption=\"\" title=\"\"><img decoding=\"async\" loading=\"lazy\" class=\"wp-image-1015 alignright\" src=\"http:\/\/www.turismoslovacchia.it\/wp-content\/uploads\/assaggi-di-vini-sulla-Strada-dei-Piccoli-Carpazi.jpg\" alt=\"\" width=\"299\" height=\"184\" srcset=\"https:\/\/www.turismoslovacchia.it\/wp-content\/uploads\/assaggi-di-vini-sulla-Strada-dei-Piccoli-Carpazi.jpg 520w, https:\/\/www.turismoslovacchia.it\/wp-content\/uploads\/assaggi-di-vini-sulla-Strada-dei-Piccoli-Carpazi-300x185.jpg 300w, https:\/\/www.turismoslovacchia.it\/wp-content\/uploads\/assaggi-di-vini-sulla-Strada-dei-Piccoli-Carpazi-400x246.jpg 400w, https:\/\/www.turismoslovacchia.it\/wp-content\/uploads\/assaggi-di-vini-sulla-Strada-dei-Piccoli-Carpazi-100x62.jpg 100w, https:\/\/www.turismoslovacchia.it\/wp-content\/uploads\/assaggi-di-vini-sulla-Strada-dei-Piccoli-Carpazi-200x123.jpg 200w, https:\/\/www.turismoslovacchia.it\/wp-content\/uploads\/assaggi-di-vini-sulla-Strada-dei-Piccoli-Carpazi-150x92.jpg 150w\" sizes=\"(max-width: 299px) 100vw, 299px\" \/><\/a>Wine\u00a0&amp; Art \u00e8 un evento che combina musica, letteratura, arte e vino nell&#8217;atmosfera pittoresca del &#8216;cortile del vino&#8217; nella vecchia cantina comunale del XVII secolo di Pezinok, capitale della Strada del vino dei Piccoli Carpazi, oggi sede del locale Museo. Sono disponibili all&#8217;assaggio solo vini locali di alta qualit\u00e0 provenienti dalle cantine di piccoli produttori.<br \/>\n<strong>Info:\u00a0<\/strong><a href=\"http:\/\/www.muzeumpezinok.sk\">www.muzeumpezinok.sk<\/a>.<\/p>\n<hr \/>\n<p style=\"text-align: justify;\"><strong><span style=\"color: #ff0000;\">Festival del vino di ribes\u00a0&#8211;\u00a0Castello di Dev\u00edn<\/span><\/strong><br \/>\n<strong><span style=\"color: #ff0000;\">15 luglio 2017<\/span><\/strong><\/p>\n<p><a href=\"http:\/\/www.turismoslovacchia.it\/wp-content\/uploads\/vino-ribes-devin.jpg\" data-rel=\"lightbox-gallery-tnOknriB\" data-rl_title=\"\" data-rl_caption=\"\" title=\"\"><img decoding=\"async\" loading=\"lazy\" class=\"wp-image-8253 alignleft\" src=\"http:\/\/www.turismoslovacchia.it\/wp-content\/uploads\/vino-ribes-devin.jpg\" alt=\"\" width=\"301\" height=\"185\" srcset=\"https:\/\/www.turismoslovacchia.it\/wp-content\/uploads\/vino-ribes-devin.jpg 720w, https:\/\/www.turismoslovacchia.it\/wp-content\/uploads\/vino-ribes-devin-300x185.jpg 300w, https:\/\/www.turismoslovacchia.it\/wp-content\/uploads\/vino-ribes-devin-400x246.jpg 400w, https:\/\/www.turismoslovacchia.it\/wp-content\/uploads\/vino-ribes-devin-100x62.jpg 100w, https:\/\/www.turismoslovacchia.it\/wp-content\/uploads\/vino-ribes-devin-200x123.jpg 200w, https:\/\/www.turismoslovacchia.it\/wp-content\/uploads\/vino-ribes-devin-150x92.jpg 150w\" sizes=\"(max-width: 301px) 100vw, 301px\" \/><\/a>L&#8217;area sotto al Castello di Dev\u00edn \u00e8 nota da tempo per i suoi ribes dai quali da almeno cento anni si ricava il vino di ribes del Danubio. In questa occasione \u00e8 possibile assaggiare una vasta quantit\u00e0 di qualit\u00e0 di vini di ribes rosso e nero, oltre che acquistarne le bottiglie\u00a0insieme a cestini di ribes o a marmellate e composte, sciroppi, dolci, gelati e altri\u00a0prodotti\u00a0ottenuti con i piccoli frutti.<br \/>\n<strong>Info:<\/strong>\u00a0<a href=\"https:\/\/www.facebook.com\/Devinsky.ribezlak\/\">www.facebook.com\/Devinsky.ribezlak\/<\/a><\/p>\n<p>&nbsp;<\/p>\n<hr \/>\n<p><span style=\"color: #ff0000;\"><strong>Senec\u00a0Wine Festival\u00a0-Senec<\/strong><\/span><\/p>\n<p><span style=\"color: #ff0000;\"><strong>28 luglio 2017<\/strong><\/span><\/p>\n<p>Evento di promozione di\u00a0vini di qualit\u00e0 provenienti da piccoli produttori della Slovacchia, Moravia, Ungheria e Italia. Come valore aggiunto, gli amanti del buon vino potranno approfittare dei locali laghetti facendosi un tuffo, provando lo sci d&#8217;acqua\u00a0 o accedendo all&#8217;acquapark dei Slne\u010dn\u00e9 jazer\u00e1.<br \/>\n<strong>Info:\u00a0<\/strong><a href=\"http:\/\/www.mvc.sk\/sk\/podujatia\/senecky-vinny-festival-2017\">www.mvc.sk<\/a><\/p>\n<hr \/>\n<p><span style=\"color: #ff0000;\"><strong>Stupava Trophy 2017, Stupava<\/strong><\/span><br \/>\n<span style=\"color: #ff0000;\"><strong>28-30 luglio 2017<\/strong><\/span><\/p>\n<p style=\"text-align: justify;\"><a href=\"http:\/\/www.turismoslovacchia.it\/wp-content\/uploads\/bici-cicloturis-mtb_clicljeroen-CC0.jpg\" data-rel=\"lightbox-gallery-tnOknriB\" data-rl_title=\"\" data-rl_caption=\"\" title=\"\"><img decoding=\"async\" loading=\"lazy\" class=\"wp-image-8254 alignright\" src=\"http:\/\/www.turismoslovacchia.it\/wp-content\/uploads\/bici-cicloturis-mtb_clicljeroen-CC0.jpg\" alt=\"\" width=\"301\" height=\"185\" srcset=\"https:\/\/www.turismoslovacchia.it\/wp-content\/uploads\/bici-cicloturis-mtb_clicljeroen-CC0.jpg 720w, https:\/\/www.turismoslovacchia.it\/wp-content\/uploads\/bici-cicloturis-mtb_clicljeroen-CC0-300x185.jpg 300w, https:\/\/www.turismoslovacchia.it\/wp-content\/uploads\/bici-cicloturis-mtb_clicljeroen-CC0-400x246.jpg 400w, https:\/\/www.turismoslovacchia.it\/wp-content\/uploads\/bici-cicloturis-mtb_clicljeroen-CC0-100x62.jpg 100w, https:\/\/www.turismoslovacchia.it\/wp-content\/uploads\/bici-cicloturis-mtb_clicljeroen-CC0-200x123.jpg 200w, https:\/\/www.turismoslovacchia.it\/wp-content\/uploads\/bici-cicloturis-mtb_clicljeroen-CC0-150x92.jpg 150w\" sizes=\"(max-width: 301px) 100vw, 301px\" \/><\/a>Gara di Mountain Bike\u00a0che \u00e8\u00a0tra i migliori appuntamenti\u00a0della bicicletta in Slovacchia. La ciclo-maratona fa parte della prestigiosa serie \u0160koda Bike Tour Open, la pi\u00f9 importante serie di gare di mountain bike in Slovacchia.<br \/>\n<strong>Info:\u00a0<\/strong><a href=\"http:\/\/www.stupavskymaraton.sk\/\">www.stupavskymaraton.sk<\/a><\/p>\n<hr \/>\n<h4 style=\"text-align: justify;\">Altri eventi del mese nella regione sono visibili sul sito\u00a0<a href=\"http:\/\/www.gob.it\">www.gob.it<\/a>. Per gli appuntamenti a Bratislava vedere i siti\u00a0<a href=\"http:\/\/www.visitbratislava.com\">visitbratislava.com<\/a>\u00a0o\u00a0<a href=\"https:\/\/www.citylife.sk\/\">www.citylife.sk<\/a>.<\/h4>\n<p style=\"text-align: justify;\"><em><span style=\"color: #999999;\">&#8211;<\/span><\/em><br \/>\n<em><span style=\"color: #999999;\">Foto\u00a0<\/span><\/em><em><span style=\"color: #999999;\"><a style=\"color: #999999;\" href=\"http:\/\/www.remeselnyfestival.schatmansdorf.sk\/\">Remeselny festival<\/a>,\u00a0bkis.sk,\u00a0gob.sk<\/span><\/em><\/p>\n","protected":false},"excerpt":{"rendered":"<p>Segnaliamo qui gli eventi pi\u00f9 rilevanti del mese di luglio 2017 nella citt\u00e0 e regione di Bratislava.\u00a0Tra quelli da segnalare ci sono il weekend della antiche arti presso il sempre affascinante\u00a0Castello di \u010cerven\u00fd Kame\u0148, il Festival Shakespeare, ormai una tradizione che da anni\u00a0ravviva la corte interna del castello di Bratislava, il festival di folklore internazionale [&hellip;]<\/p>\n","protected":false},"author":2,"featured_media":249,"comment_status":"open","ping_status":"open","sticky":false,"template":"","format":"standard","meta":[],"categories":[3,5,1],"tags":[9,736,58,29,14,390,623],"aioseo_notices":[],"jetpack_featured_media_url":"https:\/\/www.turismoslovacchia.it\/wp-content\/uploads\/2010\/10\/Eventi-in-Slovacchia.jpg","jetpack_sharing_enabled":true,"jetpack-related-posts":[{"id":8767,"url":"https:\/\/www.turismoslovacchia.it\/?p=8767","url_meta":{"origin":8250,"position":0},"title":"Luglio 2018: gli eventi a Bratislava e dintorni","date":"29 Giugno 2018","format":false,"excerpt":"Estate culturale di Bratislava 2018 \u2013 Bratislava giugno\u00a0\u2013 settembre\u00a02018 La rassegna\u00a0\u201cEstate culturale di Bratislava\u201d \u00e8 il pi\u00f9 grande evento estivo in Slovacchia che, nel corso dei mesi d\u2019estate propone nella capitale centinaia di appuntamenti culturali, musicali, letterari, teatrali, e attivit\u00e0 per il tempo libero\u00a0per i residenti e i tanti turisti.\u2026","rel":"","context":"In &quot;Eventi&quot;","img":{"alt_text":"","src":"https:\/\/i0.wp.com\/www.turismoslovacchia.it\/wp-content\/uploads\/bratis-eurovea-cultur-bkis.jpg?resize=350%2C200&ssl=1","width":350,"height":200},"classes":[]},{"id":9118,"url":"https:\/\/www.turismoslovacchia.it\/?p=9118","url_meta":{"origin":8250,"position":1},"title":"Agosto 2019: gli eventi a Bratislava e in Slovacchia","date":"2 Agosto 2019","format":false,"excerpt":"VIVA MUSICA! FESTIVAL \u2013 Bratislava 6 luglio \u2013\u00a025 agosto\u00a02018 Il festival Viva Musica! \u00e8 nato nel 2005 con l'ambizione di creare un evento estivo di un alto livello per tutti gli appassionati di musica - classica e non - ma in luoghi e con stile innovativo. Il festival offre il\u2026","rel":"","context":"In &quot;Eventi&quot;","img":{"alt_text":"","src":"https:\/\/i0.wp.com\/www.turismoslovacchia.it\/wp-content\/uploads\/eventi_00.jpg?resize=350%2C200&ssl=1","width":350,"height":200},"classes":[]},{"id":8864,"url":"https:\/\/www.turismoslovacchia.it\/?p=8864","url_meta":{"origin":8250,"position":2},"title":"Aprile 2019: gli eventi a Bratislava e dintorni","date":"2 Aprile 2019","format":false,"excerpt":"Giornata delle cantine di Modra 6 aprile 2019 Le cantine di Modra, la nobile cittadina viticola ai piedi dei Piccoli Carpazi, apriranno le porte\u00a0agli appassionati per la sedicesima volta anche quest'anno, un evento da vivere con la famiglia o gli amici. Il numero di biglietti dispomibili \u00e8 limitato, una scelta\u2026","rel":"","context":"In &quot;Eventi&quot;","img":{"alt_text":"","src":"https:\/\/i0.wp.com\/www.turismoslovacchia.it\/wp-content\/uploads\/eventi_00.jpg?resize=350%2C200&ssl=1","width":350,"height":200},"classes":[]},{"id":8861,"url":"https:\/\/www.turismoslovacchia.it\/?p=8861","url_meta":{"origin":8250,"position":3},"title":"Marzo 2019: gli eventi a Bratislava e dintorni","date":"6 Marzo 2019","format":false,"excerpt":"Mese della francofonia \u2013 Bratislava marzo 2019 Nel mese di marzo si svolge, a Bratislava e in altre citt\u00e0 slovacche, un festival della cultura francofona, un viaggio attraverso un programma variegato che include la settimana del cinema francese \u2018Cr\u00e9me de la Creme\u2019 dal 6 al 12 marzo, e poi ncontri,\u2026","rel":"","context":"In &quot;Eventi&quot;","img":{"alt_text":"","src":"https:\/\/i0.wp.com\/www.turismoslovacchia.it\/wp-content\/uploads\/cast-cervenykamen@gob-sk.jpg?resize=350%2C200&ssl=1","width":350,"height":200},"classes":[]},{"id":8101,"url":"https:\/\/www.turismoslovacchia.it\/?p=8101","url_meta":{"origin":8250,"position":4},"title":"Maggio 2017: gli eventi a Bratislava e dintorni","date":"28 Aprile 2017","format":false,"excerpt":"Segnaliamo qui gli eventi pi\u00f9 rilevanti del mese di maggio 2017 nella citt\u00e0 e regione di Bratislava.\u00a0Tra quelli da segnalare a Bratislava il Majales, festival all'aperto sulla riva del Danubio, la rassegna di circo contemporaneo Cirkul'art 2017, la rievocazione dell'assedio delle truppe napoleoniche alla citt\u00e0 nel 1809,\u00a0mentre in regione (ma\u2026","rel":"","context":"In &quot;Eventi&quot;","img":{"alt_text":"","src":"https:\/\/i0.wp.com\/www.turismoslovacchia.it\/wp-content\/uploads\/eventi_00.jpg?resize=350%2C200&ssl=1","width":350,"height":200},"classes":[]},{"id":8041,"url":"https:\/\/www.turismoslovacchia.it\/?p=8041","url_meta":{"origin":8250,"position":5},"title":"Aprile 2017: gli eventi a Bratislava e dintorni","date":"12 Aprile 2017","format":false,"excerpt":"Con l'arrivo della bella stagione ripartono gli eventi all'aria aperta in tutta la regione di Bratislava. Segnaliamo qui quelli pi\u00f9 rilevanti della seconda met\u00e0 del mese, tra i quali l'apertura ufficiale della stagione turistica nella capitale nel weekend 22-23 aprile, con musei e visite guidate gratuite, e altre attivit\u00e0 tra\u2026","rel":"","context":"In &quot;Articoli&quot;","img":{"alt_text":"","src":"https:\/\/i0.wp.com\/www.turismoslovacchia.it\/wp-content\/uploads\/bratisl-pano_FB-BratislavaRegionTourism.jpg?resize=350%2C200&ssl=1","width":350,"height":200},"classes":[]}],"jetpack_shortlink":"https:\/\/wp.me\/p1oiY9-294","_links":{"self":[{"href":"https:\/\/www.turismoslovacchia.it\/index.php?rest_route=\/wp\/v2\/posts\/8250"}],"collection":[{"href":"https:\/\/www.turismoslovacchia.it\/index.php?rest_route=\/wp\/v2\/posts"}],"about":[{"href":"https:\/\/www.turismoslovacchia.it\/index.php?rest_route=\/wp\/v2\/types\/post"}],"author":[{"embeddable":true,"href":"https:\/\/www.turismoslovacchia.it\/index.php?rest_route=\/wp\/v2\/users\/2"}],"replies":[{"embeddable":true,"href":"https:\/\/www.turismoslovacchia.it\/index.php?rest_route=%2Fwp%2Fv2%2Fcomments&post=8250"}],"version-history":[{"count":7,"href":"https:\/\/www.turismoslovacchia.it\/index.php?rest_route=\/wp\/v2\/posts\/8250\/revisions"}],"predecessor-version":[{"id":9165,"href":"https:\/\/www.turismoslovacchia.it\/index.php?rest_route=\/wp\/v2\/posts\/8250\/revisions\/9165"}],"wp:featuredmedia":[{"embeddable":true,"href":"https:\/\/www.turismoslovacchia.it\/index.php?rest_route=\/wp\/v2\/media\/249"}],"wp:attachment":[{"href":"https:\/\/www.turismoslovacchia.it\/index.php?rest_route=%2Fwp%2Fv2%2Fmedia&parent=8250"}],"wp:term":[{"taxonomy":"category","embeddable":true,"href":"https:\/\/www.turismoslovacchia.it\/index.php?rest_route=%2Fwp%2Fv2%2Fcategories&post=8250"},{"taxonomy":"post_tag","embeddable":true,"href":"https:\/\/www.turismoslovacchia.it\/index.php?rest_route=%2Fwp%2Fv2%2Ftags&post=8250"}],"curies":[{"name":"wp","href":"https:\/\/api.w.org\/{rel}","templated":true}]}}