{"id":8236,"date":"2017-05-22T17:25:43","date_gmt":"2017-05-22T15:25:43","guid":{"rendered":"http:\/\/www.turismoslovacchia.it\/?p=8236"},"modified":"2019-11-02T18:51:59","modified_gmt":"2019-11-02T17:51:59","slug":"giugno-2017-gli-eventi-a-bratislava-e-dintorni","status":"publish","type":"post","link":"https:\/\/www.turismoslovacchia.it\/?p=8236","title":{"rendered":"Giugno 2017: gli eventi a Bratislava e dintorni"},"content":{"rendered":"<p><img decoding=\"async\" loading=\"lazy\" class=\"alignnone size-full wp-image-9133\" src=\"https:\/\/www.turismoslovacchia.it\/wp-content\/uploads\/eventi_00.jpg\" alt=\"\" width=\"720\" height=\"200\" srcset=\"https:\/\/www.turismoslovacchia.it\/wp-content\/uploads\/eventi_00.jpg 720w, https:\/\/www.turismoslovacchia.it\/wp-content\/uploads\/eventi_00-300x83.jpg 300w, https:\/\/www.turismoslovacchia.it\/wp-content\/uploads\/eventi_00-150x42.jpg 150w\" sizes=\"(max-width: 720px) 100vw, 720px\" \/><\/p>\n<p style=\"text-align: justify;\">Segnaliamo qui gli eventi pi\u00f9 rilevanti del mese di giugno\u00a02017 nella citt\u00e0 e regione di Bratislava.\u00a0Tra quelli da segnalare ci sono l&#8217;estate culturale di Bratislava, che durer\u00e0 con centinaia di appuntamenti fino a settembre, il festival Viva Musica!, il grande Mercato della Ceramica di Pezinok, ma anche\u00a0la festa dell&#8217;incoronazione, che si espande ormai a una settimana di eventi e che quest&#8217;anno\u00a0celebra Maria Teresa, incoronata a Bratislava nel 1741.<\/p>\n<hr \/>\n<p style=\"text-align: justify;\"><span style=\"color: #ff0000;\"><strong>Cirkul&#8217;art festival 2017 &#8211; Bratislava<br \/>\n5 maggio &#8211; 4 giugno 2017<br \/>\n<\/strong><\/span><\/p>\n<p style=\"text-align: justify;\"><img decoding=\"async\" loading=\"lazy\" class=\"alignright\" src=\"http:\/\/gob.sk\/Static\/Event_covers\/2092\/0b824a5f198914bb18e8e81b19a7cce5_gallery.jpg\" width=\"251\" height=\"176\" \/>Cirkul&#8217;art \u00e8 un festival dell&#8217;arte circense contemporanea e del circo-teatro e teatro di strada, dove si esibiscono compagnie internazionali\u00a0provenienti dai pi\u00f9 diversi paesi e con una offerta artistica e creativa di spettacoli di generi e per pubblici molto differenziati. Questo \u00e8 l&#8217;unico evento di questo tipo\u00a0in Slovacchia. Il programma dell&#8217;edizione 2017 offre numerosi spettacoli in sette\u00a0diverse location &#8211; teatri e piazze della citt\u00e0, dopo che le prime sei edizioni del festival si erano svolte al giardino Medick\u00e1 z\u00e1hrada. Info\u00a0<a href=\"http:\/\/www.cirkulart.sk\">www.cirkulart.sk<\/a>\u00a0o\u00a0<a href=\"http:\/\/www.facebook.com\/cirkulart\/\">facebook.com\/cirkulart\/<\/a>.<\/p>\n<hr \/>\n<p style=\"text-align: justify;\"><span style=\"color: #ff0000;\"><strong>VIVA MUSICA! FESTIVAL &#8211; Bratislava<br \/>\n1 giugno &#8211;\u00a03\u00a0agosto\u00a02017<br \/>\n<\/strong><\/span><\/p>\n<p style=\"text-align: justify;\"><a href=\"http:\/\/www.turismoslovacchia.it\/wp-content\/uploads\/vivamusica-bratis-festiv.jpg\" data-rel=\"lightbox-gallery-BjSBmBpD\" data-rl_title=\"\" data-rl_caption=\"\" title=\"\"><img decoding=\"async\" loading=\"lazy\" class=\"alignnone size-full wp-image-8237\" src=\"http:\/\/www.turismoslovacchia.it\/wp-content\/uploads\/vivamusica-bratis-festiv.jpg\" alt=\"\" width=\"720\" height=\"443\" srcset=\"https:\/\/www.turismoslovacchia.it\/wp-content\/uploads\/vivamusica-bratis-festiv.jpg 720w, https:\/\/www.turismoslovacchia.it\/wp-content\/uploads\/vivamusica-bratis-festiv-300x185.jpg 300w, https:\/\/www.turismoslovacchia.it\/wp-content\/uploads\/vivamusica-bratis-festiv-400x246.jpg 400w, https:\/\/www.turismoslovacchia.it\/wp-content\/uploads\/vivamusica-bratis-festiv-100x62.jpg 100w, https:\/\/www.turismoslovacchia.it\/wp-content\/uploads\/vivamusica-bratis-festiv-200x123.jpg 200w, https:\/\/www.turismoslovacchia.it\/wp-content\/uploads\/vivamusica-bratis-festiv-150x92.jpg 150w\" sizes=\"(max-width: 720px) 100vw, 720px\" \/><\/a><\/p>\n<p style=\"text-align: justify;\">Nato nel 2005\u00a0con\u00a0l&#8217;ambizione di creare un evento estivo di alto livello e impatto per gli appassionati di musica classica e non,\u00a0il festival Viva Musica! offre sin dalla prima edizione il meglio degli interpreti e orchestre in luoghi, situazioni e ambientazioni attraenti e inusuali, con una offerta di concerti anche disponibili gratuitamente. Da giugno ad agosto il festival ospita serate di musica\u00a0eseguita da artisti nazionali e internazionali di prima classe, con alcuni progetti pensati esclusivamente per questo evento.<br \/>\n<strong>Info:<\/strong>\u00a0<a href=\"http:\/\/www.vivamusica.sk\">www.vivamusica.sk<\/a>.<\/p>\n<p><iframe loading=\"lazy\" src=\"https:\/\/player.vimeo.com\/video\/237053263\" width=\"520\" height=\"310\" frameborder=\"0\" allowfullscreen=\"allowfullscreen\"><\/iframe><\/p>\n<p><a href=\"https:\/\/vimeo.com\/237053263\" data-rel=\"lightbox-video-0\">Viva Musica! festival 2017 &#8211; aftermovie<\/a> from <a href=\"https:\/\/vimeo.com\/user51143180\">Viva Musica! festival<\/a> on <a href=\"https:\/\/vimeo.com\">Vimeo<\/a>.<\/p>\n<hr \/>\n<p style=\"text-align: justify;\"><span style=\"color: #ff0000;\"><strong>Estate culturale e Festival al Castello 2017 &#8211; Bratislava<br \/>\n1 giugno\u00a0&#8211; 30 settembre\u00a02017<br \/>\n<\/strong><\/span><\/p>\n<p style=\"text-align: justify;\"><a href=\"http:\/\/www.turismoslovacchia.it\/wp-content\/uploads\/bratis-festiv-estate-bkis.jpg\" data-rel=\"lightbox-gallery-BjSBmBpD\" data-rl_title=\"\" data-rl_caption=\"\" title=\"\"><img decoding=\"async\" loading=\"lazy\" class=\"wp-image-8238 alignleft\" src=\"http:\/\/www.turismoslovacchia.it\/wp-content\/uploads\/bratis-festiv-estate-bkis.jpg\" alt=\"\" width=\"301\" height=\"185\" srcset=\"https:\/\/www.turismoslovacchia.it\/wp-content\/uploads\/bratis-festiv-estate-bkis.jpg 720w, https:\/\/www.turismoslovacchia.it\/wp-content\/uploads\/bratis-festiv-estate-bkis-300x185.jpg 300w, https:\/\/www.turismoslovacchia.it\/wp-content\/uploads\/bratis-festiv-estate-bkis-400x246.jpg 400w, https:\/\/www.turismoslovacchia.it\/wp-content\/uploads\/bratis-festiv-estate-bkis-100x62.jpg 100w, https:\/\/www.turismoslovacchia.it\/wp-content\/uploads\/bratis-festiv-estate-bkis-200x123.jpg 200w, https:\/\/www.turismoslovacchia.it\/wp-content\/uploads\/bratis-festiv-estate-bkis-150x92.jpg 150w\" sizes=\"(max-width: 301px) 100vw, 301px\" \/><\/a>La rassegna\u00a0&#8220;Estate culturale di Bratislava\u00a0e e Festival al Castello&#8221; \u00e8 il pi\u00f9 grande evento estivo in Slovacchia che, nel corso dei mesi d&#8217;estate propone nella capitale centinaia di appuntamenti culturali, musicali, letterari, teatrali, e attivit\u00e0 per il tempo libero\u00a0per i residenti e i tanti turisti. Arrivato alla sua 42esima edizione, il festival si volge in gran parte all&#8217;aperto, nelle strade, piazze e cortili di Bratislava, oltre che nella corte del Castello.<br \/>\n<strong>Info:<\/strong>\u00a0<a href=\"http:\/\/www.bkis.sk\">www.bkis.sk<\/a>.<\/p>\n<hr \/>\n<p style=\"text-align: justify;\"><span style=\"color: #ff0000;\"><strong>Stupava Beer Fest\u00a0(Pivo Fest) &#8211; Stupava<br \/>\n3\u00a0giugno 2017<br \/>\n<\/strong><\/span><\/p>\n<p style=\"text-align: justify;\"><a href=\"http:\/\/www.turismoslovacchia.it\/wp-content\/uploads\/birra_Bratislavskazupa-cc-by.jpg\" data-rel=\"lightbox-gallery-BjSBmBpD\" data-rl_title=\"\" data-rl_caption=\"\" title=\"\"><img decoding=\"async\" loading=\"lazy\" class=\"wp-image-8239 alignright\" src=\"http:\/\/www.turismoslovacchia.it\/wp-content\/uploads\/birra_Bratislavskazupa-cc-by.jpg\" alt=\"\" width=\"300\" height=\"184\" srcset=\"https:\/\/www.turismoslovacchia.it\/wp-content\/uploads\/birra_Bratislavskazupa-cc-by.jpg 720w, https:\/\/www.turismoslovacchia.it\/wp-content\/uploads\/birra_Bratislavskazupa-cc-by-300x184.jpg 300w, https:\/\/www.turismoslovacchia.it\/wp-content\/uploads\/birra_Bratislavskazupa-cc-by-400x246.jpg 400w, https:\/\/www.turismoslovacchia.it\/wp-content\/uploads\/birra_Bratislavskazupa-cc-by-100x61.jpg 100w, https:\/\/www.turismoslovacchia.it\/wp-content\/uploads\/birra_Bratislavskazupa-cc-by-200x123.jpg 200w, https:\/\/www.turismoslovacchia.it\/wp-content\/uploads\/birra_Bratislavskazupa-cc-by-150x92.jpg 150w\" sizes=\"(max-width: 300px) 100vw, 300px\" \/><\/a>Invito a tutti gli amanti della birra al Festival della Birra di Stupava, alla quarta edizione, dove, nel parco del castello di Stupava, oltre a poter\u00a0degustare le birre offerte soprattutto dalle microbirrerie slovacche, si pu\u00f2 assaporare gustosi cibi tipici e anche remare sul laghetto con una delle imbarcazioni a disposizione del pubblico. Per le famiglie con bambini saranno a disposizione\u00a0attrazioni e\u00a0intrattenimento. Ad accompagnare bevute e chiacchiere in compagnia sar\u00e0 la musica dal vivo con i gruppi Karpatsk\u00e9 chrb\u00e1ty, Plus M\u00ednus, Be\u0161ti\u00e1lna rados\u0165, Aces e Rebelent.<br \/>\n<strong>Info:<\/strong> <a href=\"https:\/\/www.facebook.com\/events\/264277940701514\/\">evento su Facebook<\/a>.<\/p>\n<hr \/>\n<p style=\"text-align: justify;\"><span style=\"color: #ff0000;\"><strong>Mercato della ceramica &#8211; Pezinok<br \/>\n9-11\u00a0giugno\u00a02017<br \/>\n<\/strong><\/span><\/p>\n<p style=\"text-align: justify;\"><a href=\"http:\/\/www.turismoslovacchia.it\/wp-content\/uploads\/pezinok-ceramic_muzeumpezinok.sk_.jpg\" data-rel=\"lightbox-gallery-BjSBmBpD\" data-rl_title=\"\" data-rl_caption=\"\" title=\"\"><img decoding=\"async\" loading=\"lazy\" class=\"alignnone size-full wp-image-8241\" src=\"http:\/\/www.turismoslovacchia.it\/wp-content\/uploads\/pezinok-ceramic_muzeumpezinok.sk_.jpg\" alt=\"\" width=\"720\" height=\"443\" srcset=\"https:\/\/www.turismoslovacchia.it\/wp-content\/uploads\/pezinok-ceramic_muzeumpezinok.sk_.jpg 720w, https:\/\/www.turismoslovacchia.it\/wp-content\/uploads\/pezinok-ceramic_muzeumpezinok.sk_-300x185.jpg 300w, https:\/\/www.turismoslovacchia.it\/wp-content\/uploads\/pezinok-ceramic_muzeumpezinok.sk_-400x246.jpg 400w, https:\/\/www.turismoslovacchia.it\/wp-content\/uploads\/pezinok-ceramic_muzeumpezinok.sk_-100x62.jpg 100w, https:\/\/www.turismoslovacchia.it\/wp-content\/uploads\/pezinok-ceramic_muzeumpezinok.sk_-200x123.jpg 200w, https:\/\/www.turismoslovacchia.it\/wp-content\/uploads\/pezinok-ceramic_muzeumpezinok.sk_-150x92.jpg 150w\" sizes=\"(max-width: 720px) 100vw, 720px\" \/><\/a><\/p>\n<p style=\"text-align: justify;\">Grande presentazione e vendita della lavorazione artigianale da ceramisti di vari stili da\u00a0tutta la Slovacchia e da alcuni paesi stranieri. L&#8217;evento include una mostra di ceramica presso il locale Museo dei Piccoli Carpazi (Malokarpatsk\u00e9 m\u00fazeum)\u00a0e un concorso di ceramica. L&#8217;evento si svolge fin dal 2004\u00a0nel weekend pi\u00f9 vicino al 14 giugno, data in cui nel 1647 furono\u00a0concessi i privilegi reali alla citt\u00e0 di Pezinok. Grande partecipazione del pubblico, con circa 20.000 visitatori all&#8217;ultima edizione. <strong>Info:<\/strong> <a href=\"http:\/\/www.muzeumpezinok.sk\/\">www.muzeumpezinok.sk<\/a>.<\/p>\n<hr \/>\n<p><span style=\"color: #ff0000;\"><strong>Weekend dei parchi e giardini\u00a0&#8211;\u00a0Regione di Bratislava<br \/>\n10-11 giugno\u00a02017<\/strong><\/span><\/p>\n<p style=\"text-align: justify;\"><img decoding=\"async\" loading=\"lazy\" class=\"alignleft\" src=\"http:\/\/www.gob.sk\/Static\/Event_covers\/2092\/bc5a7f3e91656ccaf19ea92af583f8db_gallery.jpg\" width=\"301\" height=\"199\" \/>Il V\u00edkend otvoren\u00fdch parkov a z\u00e1hrad \u00e8 un evento che permette di visitare luoghi nascosti e giardini\u00a0artistici nella citt\u00e0 e in altre localit\u00e0 in regione che sono solitamente chiusi o ad uso privato, ma anche di approfondire la conoscenza di\u00a0quelli normalmente aperti al pubblico. Pianificata dall&#8217;organizzazione non profit N\u00e1rodn\u00fd Trust, l&#8217;iniziativa ha un respiro nazionale, ma la maggiore offerta di &#8216;luoghi segreti&#8217; \u00e8 quella\u00a0nella regione di Bratislava, con decine di siti pubblici e privati che celebrano la natura anche in citt\u00e0.\u00a0Vivamente consigliata\u00a0la visita ai giardini di Modra.<br \/>\n<strong>Info<\/strong>:\u00a0<a href=\"http:\/\/vopz.sk\">http:\/\/vopz.sk<\/a>.<\/p>\n<p><iframe loading=\"lazy\" src=\"https:\/\/www.google.com\/maps\/d\/embed?mid=1h0ONs7oR6mBihi4t4RxOmFbMAPw\" width=\"520\" height=\"400\"><\/iframe><\/p>\n<hr \/>\n<p style=\"text-align: justify;\"><span style=\"color: #ff0000;\"><strong>Ciclomaratona\u00a02017,\u00a0Pezinok<\/strong><\/span><br \/>\n<span style=\"color: #ff0000;\"><strong>10-18 giugno 2017<\/strong><\/span><\/p>\n<p><a href=\"http:\/\/www.turismoslovacchia.it\/wp-content\/uploads\/bicicletta-cicloturismo_sheffield_tiger_4737001772@flickr_CC-BY.jpg\" data-rel=\"lightbox-gallery-BjSBmBpD\" data-rl_title=\"\" data-rl_caption=\"\" title=\"\"><img decoding=\"async\" loading=\"lazy\" class=\"alignnone size-full wp-image-2250\" src=\"http:\/\/www.turismoslovacchia.it\/wp-content\/uploads\/bicicletta-cicloturismo_sheffield_tiger_4737001772@flickr_CC-BY.jpg\" alt=\"\" width=\"520\" height=\"320\" srcset=\"https:\/\/www.turismoslovacchia.it\/wp-content\/uploads\/bicicletta-cicloturismo_sheffield_tiger_4737001772@flickr_CC-BY.jpg 520w, https:\/\/www.turismoslovacchia.it\/wp-content\/uploads\/bicicletta-cicloturismo_sheffield_tiger_4737001772@flickr_CC-BY-300x185.jpg 300w, https:\/\/www.turismoslovacchia.it\/wp-content\/uploads\/bicicletta-cicloturismo_sheffield_tiger_4737001772@flickr_CC-BY-400x246.jpg 400w, https:\/\/www.turismoslovacchia.it\/wp-content\/uploads\/bicicletta-cicloturismo_sheffield_tiger_4737001772@flickr_CC-BY-100x62.jpg 100w, https:\/\/www.turismoslovacchia.it\/wp-content\/uploads\/bicicletta-cicloturismo_sheffield_tiger_4737001772@flickr_CC-BY-200x123.jpg 200w, https:\/\/www.turismoslovacchia.it\/wp-content\/uploads\/bicicletta-cicloturismo_sheffield_tiger_4737001772@flickr_CC-BY-150x92.jpg 150w\" sizes=\"(max-width: 520px) 100vw, 520px\" \/><\/a><\/p>\n<p style=\"text-align: justify;\">La\u00a0Cyklomarat\u00f3n 2017, nata quindici anni fa con lo scopo di\u00a0diffondere\u00a0il ciclismo in regione, \u00e8\u00a0un evento\u00a0di massa\u00a0che ormai coinvolge\u00a0anche i\u00a0paesi vicini in Ungheria, Austria e Repubblica Ceca, su un percorso da affrontare sulle due ruote\u00a0in otto giorni. Creata inizialmente dalla cooperazione tra Pezinok e le citt\u00e0 gemellate\u00a0Mosonmagyar\u00f3v\u00e1r in Ungheria e Neusiedl am See in Austria, la\u00a0Cyklomarat\u00f3n di quest&#8217;anno\u00a0prevede un\u00a0itinerario in Repubblica Ceca,\u00a0tra Plze\u0148 e Karlov\u00e9 Vary, con partenza dalla stazione ferroviaria di Pezinok.<br \/>\n<strong>Info:<\/strong>\u00a0<a href=\"http:\/\/www.pezinok.sk\/?yggid=979\">www.pezinok.sk<\/a><\/p>\n<hr \/>\n<p style=\"text-align: justify;\"><strong><span style=\"color: #ff0000;\">Settimana dell&#8217;incoronazione 2017,\u00a0Bratislava<\/span><\/strong><br \/>\n<strong><span style=\"color: #ff0000;\">10-17 giugno 2017<\/span><\/strong><\/p>\n<p style=\"text-align: justify;\"><a href=\"http:\/\/www.turismoslovacchia.it\/wp-content\/uploads\/incoronaz-Bratis-mariateres_gobsk.jpg\" data-rel=\"lightbox-gallery-BjSBmBpD\" data-rl_title=\"\" data-rl_caption=\"\" title=\"\"><img decoding=\"async\" loading=\"lazy\" class=\"alignnone size-full wp-image-8246\" src=\"http:\/\/www.turismoslovacchia.it\/wp-content\/uploads\/incoronaz-Bratis-mariateres_gobsk.jpg\" alt=\"\" width=\"720\" height=\"443\" srcset=\"https:\/\/www.turismoslovacchia.it\/wp-content\/uploads\/incoronaz-Bratis-mariateres_gobsk.jpg 720w, https:\/\/www.turismoslovacchia.it\/wp-content\/uploads\/incoronaz-Bratis-mariateres_gobsk-300x185.jpg 300w, https:\/\/www.turismoslovacchia.it\/wp-content\/uploads\/incoronaz-Bratis-mariateres_gobsk-400x246.jpg 400w, https:\/\/www.turismoslovacchia.it\/wp-content\/uploads\/incoronaz-Bratis-mariateres_gobsk-100x62.jpg 100w, https:\/\/www.turismoslovacchia.it\/wp-content\/uploads\/incoronaz-Bratis-mariateres_gobsk-200x123.jpg 200w, https:\/\/www.turismoslovacchia.it\/wp-content\/uploads\/incoronaz-Bratis-mariateres_gobsk-150x92.jpg 150w\" sizes=\"(max-width: 720px) 100vw, 720px\" \/><\/a><\/p>\n<p style=\"text-align: justify;\">Dall&#8217;iniziale weekend, l&#8217;iniziativa di rievocare le incoronazioni di re e regine che hanno avuto luogo nel corso di quasi tre secoli a Bratislava quando la corte ungherese si era qui trasferita durante le invasioni ottomane\u00a0\u00e8 ormai stata allungata a una intera settimana. Quest&#8217;anno le celebrazioni del passato reale di Bratislava sono incentrate sulla pi\u00f9 famosa delle personalit\u00e0 incoronate regnanti d&#8217;Ungheria, l&#8217;imperatrice Maria Teresa, di cui nel 2017 si ricorda il 300\u00b0 anniversario dalla nascita. Maria Teresa fu incoronata nel Duomo di San Martino il 25 giugno\u00a0del 1741.<br \/>\n<strong>Info:<\/strong>\u00a0<a href=\"http:\/\/www.korunovacie.sk\">www.korunovacie.sk<\/a>.<\/p>\n<hr \/>\n<p style=\"text-align: justify;\"><span style=\"color: #ff0000;\"><strong>Vino dai produttori regionali, Modra<\/strong><\/span><br \/>\n<span style=\"color: #ff0000;\"><strong>16-17 giugno 2017<\/strong><\/span><\/p>\n<p style=\"text-align: justify;\"><a href=\"http:\/\/www.turismoslovacchia.it\/wp-content\/uploads\/modra-cantin-vino2_Bratislavsk\u00e1-\u017eupa-cc-by.jpg\" data-rel=\"lightbox-gallery-BjSBmBpD\" data-rl_title=\"\" data-rl_caption=\"\" title=\"\"><img decoding=\"async\" loading=\"lazy\" class=\"wp-image-7875 alignleft\" src=\"http:\/\/www.turismoslovacchia.it\/wp-content\/uploads\/modra-cantin-vino2_Bratislavsk\u00e1-\u017eupa-cc-by.jpg\" alt=\"\" width=\"301\" height=\"185\" srcset=\"https:\/\/www.turismoslovacchia.it\/wp-content\/uploads\/modra-cantin-vino2_Bratislavsk\u00e1-\u017eupa-cc-by.jpg 720w, https:\/\/www.turismoslovacchia.it\/wp-content\/uploads\/modra-cantin-vino2_Bratislavsk\u00e1-\u017eupa-cc-by-300x185.jpg 300w, https:\/\/www.turismoslovacchia.it\/wp-content\/uploads\/modra-cantin-vino2_Bratislavsk\u00e1-\u017eupa-cc-by-400x246.jpg 400w, https:\/\/www.turismoslovacchia.it\/wp-content\/uploads\/modra-cantin-vino2_Bratislavsk\u00e1-\u017eupa-cc-by-100x62.jpg 100w, https:\/\/www.turismoslovacchia.it\/wp-content\/uploads\/modra-cantin-vino2_Bratislavsk\u00e1-\u017eupa-cc-by-200x123.jpg 200w, https:\/\/www.turismoslovacchia.it\/wp-content\/uploads\/modra-cantin-vino2_Bratislavsk\u00e1-\u017eupa-cc-by-150x92.jpg 150w\" sizes=\"(max-width: 301px) 100vw, 301px\" \/><\/a>Una degustazione di vini in mezzo al paese di Modra, che\u00a0da secoli ha formato non solo il carattere dei vini, ma anche quello delle persone che, appunto, da secoli ne tramandano la tradizione. L&#8217;evento, che ha come sottotitolo &#8220;il vino nasce nelle vigne&#8221;, \u00e8 arricchito da un programma di spettacoli e intrattenimento,\u00a0con una mostra di trattori storici\u00a0e una visita alla fattoria pod Ga\u0161tankou.<\/p>\n<hr \/>\n<p><span style=\"color: #ff0000;\"><strong>Estate a Senec, Senec<\/strong><\/span><br \/>\n<span style=\"color: #ff0000;\"><strong>17 giugno 2017<\/strong><\/span><\/p>\n<p style=\"text-align: justify;\">Apertura della stagione estiva\u00a0presso il complesso acquatico e sportivo dei Slne\u010dn\u00e9 jazer\u00e1 (Laghi del sole) di Senec, una tradizione che esiste dal 1990. Alla festa d&#8217;estate in acqua nel settore meridionale del resort acquatico ci saranno bande dal vivo, musica rock e pop, fuochi d&#8217;artificio e molto altro\u00a0per salutare l&#8217;arrivo dell&#8217;estate.<br \/>\n<strong>Info:\u00a0<\/strong><a href=\"http:\/\/www.slnecnejazera.eu\/\">www.slnecnejazera.eu<\/a><\/p>\n<p><iframe loading=\"lazy\" style=\"border: 0;\" src=\"https:\/\/www.google.com\/maps\/embed?pb=!1m16!1m12!1m3!1d21267.13170205286!2d17.40069987502068!3d48.21833622070218!2m3!1f0!2f0!3f0!3m2!1i1024!2i768!4f13.1!2m1!1zU2xuZcSNbsOpIGphemVyw6EsIHNlbmVj!5e0!3m2!1sit!2sit!4v1508684797131\" width=\"520\" height=\"300\" frameborder=\"0\" allowfullscreen=\"allowfullscreen\"><\/iframe><\/p>\n<hr \/>\n<p><span style=\"color: #ff0000;\"><strong>Giorni di Petr\u017ealka\u00a02017,\u00a0Bratislava<\/strong><\/span><br \/>\n<span style=\"color: #ff0000;\"><strong>17 giugno 2017<\/strong><\/span><\/p>\n<p>Un mese di divertimento, sport e cultura per persone di tutte le et\u00e0. Anche quest&#8217;anno stiamo anche preparando un programma di Gala divertente tutto il giorno nel\u00a0parco Sad Janka Kr\u00e1\u013ea a Petr\u017ealka, il parco pubblico cittadino pi\u00f9 antico d&#8217;Europa. Tra le varie curiosit\u00e0, il campionato nazionale slovacco di corsa con il passeggino.<br \/>\n<strong>Info:\u00a0<\/strong><a href=\"https:\/\/www.petrzalka.sk\/dni-petrzalky-2017\/\">www.petrzalka.sk<\/a><\/p>\n<hr \/>\n<p style=\"text-align: justify;\"><strong><span style=\"color: #ff0000;\">Urban Art Festival\u00a0, Bratislava<\/span><\/strong><br \/>\n<strong><span style=\"color: #ff0000;\">24 giugno 2017<\/span><\/strong><\/p>\n<p style=\"text-align: justify;\"><img decoding=\"async\" loading=\"lazy\" class=\"alignright\" src=\"https:\/\/i.ytimg.com\/vi\/8z3iy3dZf5I\/0.jpg\" width=\"300\" height=\"225\" \/>Un\u00a0giorno, oltre 15 tappe e pi\u00f9 di 30 spettacoli artistici, questo \u00e8 il Festival di Arte Urbana che porter\u00e0 arte in citt\u00e0, tra\u00a0performance musicali, discussioni, street food, mercatino di artigianato, degustazioni di vino, la &#8220;strada degli ombrelli&#8221; e altro.<br \/>\nInfo:\u00a0<a href=\"https:\/\/www.urbanartfestival.sk\/sk\/home\">www.urbanartfestival.sk<\/a><\/p>\n<hr \/>\n<p><strong><span style=\"color: #ff0000;\">Grand carnevale d&#8217;estate,\u00a0 Senec\u00a0<\/span><\/strong><br \/>\n<strong><span style=\"color: #ff0000;\"> 30 giugno 2017<\/span><\/strong><\/p>\n<p>Teatro di strada, maschere, spettacoli di danza e bande musicali riempiono le strade della citt\u00e0 di Senec nei pressi dei laghetti. Sfilata di carnevale cui ognuno vestito in costume pu\u00f2 unirsi.<br \/>\n<strong>Info:\u00a0<\/strong><a href=\"http:\/\/msks-senec.sk\/velky-letny-karneval-2017\/\">http:\/\/msks-senec.sk<\/a><\/p>\n<hr \/>\n<h4 style=\"text-align: justify;\">Altri eventi del mese nella regione sono visibili sul sito\u00a0<a href=\"http:\/\/www.gob.it\">www.gob.it<\/a>. Per gli appuntamenti a Bratislava vedere i siti\u00a0<a href=\"http:\/\/www.visitbratislava.com\">visitbratislava.com<\/a>\u00a0o\u00a0<a href=\"https:\/\/www.citylife.sk\/\">www.citylife.sk<\/a>.<\/h4>\n<p style=\"text-align: justify;\"><em><span style=\"color: #999999;\">&#8211;<\/span><\/em><br \/>\n<em><span style=\"color: #999999;\"> Foto <a style=\"color: #999999;\" href=\"https:\/\/www.flickr.com\/photos\/47371589@N02\/\">Bratislavsk\u00e1 \u017eupa<\/a> cc-by,\u00a0muzeumpezinok.sk,\u00a0<a style=\"color: #999999;\" href=\"http:\/\/www.flickr.com\/photos\/sheffield_tiger\/4737001772\/\">Sheffield Tiger<\/a>\u00a0cc-by, <a style=\"color: #999999;\" href=\"http:\/\/www.gob.sk\">gob.sk<\/a><\/span><\/em><\/p>\n","protected":false},"excerpt":{"rendered":"<p>Segnaliamo qui gli eventi pi\u00f9 rilevanti del mese di giugno\u00a02017 nella citt\u00e0 e regione di Bratislava.\u00a0Tra quelli da segnalare ci sono l&#8217;estate culturale di Bratislava, che durer\u00e0 con centinaia di appuntamenti fino a settembre, il festival Viva Musica!, il grande Mercato della Ceramica di Pezinok, ma anche\u00a0la festa dell&#8217;incoronazione, che si espande ormai a una [&hellip;]<\/p>\n","protected":false},"author":2,"featured_media":249,"comment_status":"open","ping_status":"open","sticky":false,"template":"","format":"standard","meta":[],"categories":[3,5,1],"tags":[9,29,42,605,15,38,604,14,390,640,623],"aioseo_notices":[],"jetpack_featured_media_url":"https:\/\/www.turismoslovacchia.it\/wp-content\/uploads\/2010\/10\/Eventi-in-Slovacchia.jpg","jetpack_sharing_enabled":true,"jetpack-related-posts":[{"id":8250,"url":"https:\/\/www.turismoslovacchia.it\/?p=8250","url_meta":{"origin":8236,"position":0},"title":"Luglio 2017: gli eventi a Bratislava e dintorni","date":"25 Giugno 2017","format":false,"excerpt":"Segnaliamo qui gli eventi pi\u00f9 rilevanti del mese di luglio 2017 nella citt\u00e0 e regione di Bratislava.\u00a0Tra quelli da segnalare ci sono il weekend della antiche arti presso il sempre affascinante\u00a0Castello di \u010cerven\u00fd Kame\u0148, il Festival Shakespeare, ormai una tradizione che da anni\u00a0ravviva la corte interna del castello di Bratislava,\u2026","rel":"","context":"In &quot;Articoli&quot;","img":{"alt_text":"","src":"https:\/\/i0.wp.com\/www.turismoslovacchia.it\/wp-content\/uploads\/eventi_00.jpg?resize=350%2C200&ssl=1","width":350,"height":200},"classes":[]},{"id":8762,"url":"https:\/\/www.turismoslovacchia.it\/?p=8762","url_meta":{"origin":8236,"position":1},"title":"Giugno 2018: gli eventi a Bratislava e dintorni","date":"28 Maggio 2018","format":false,"excerpt":"Weekwnd dei parchi e giardini aperti 1 - 3 giugno 2018 Decine di aree verdi, storiche e moderne, saranno aperte durante il fine settimana a Bratislava e in tutto il Paese. Solo nella capitale \u00e8 possibile visitare oltre venti tra giardini e parchi, alcuni dei quali durante l\u2019anno non sono\u2026","rel":"","context":"In &quot;Eventi&quot;","img":{"alt_text":"","src":"https:\/\/i0.wp.com\/www.turismoslovacchia.it\/wp-content\/uploads\/eventi_00.jpg?resize=350%2C200&ssl=1","width":350,"height":200},"classes":[]},{"id":8257,"url":"https:\/\/www.turismoslovacchia.it\/?p=8257","url_meta":{"origin":8236,"position":2},"title":"Agosto 2017: gli eventi a Bratislava e dintorni","date":"28 Luglio 2017","format":false,"excerpt":"Segnaliamo qui gli eventi pi\u00f9 rilevanti del mese di\u00a0agosto 2017 nella citt\u00e0 e regione di Bratislava.\u00a0Tra quelli da segnalare ci sono l'estate culturale di Bratislava, che\u00a0sta continuando da giugno con le sue\u00a0centinaia di appuntamenti, e la chiusura del\u00a0festival musicale Viva Musica!, poi il Summer Party nel resort acquatico-sportivo\u00a0Divok\u00e1 voda\u00a0a \u010cunovo,\u2026","rel":"","context":"In &quot;Articoli&quot;","img":{"alt_text":"","src":"https:\/\/i0.wp.com\/www.turismoslovacchia.it\/wp-content\/uploads\/eventi_00.jpg?resize=350%2C200&ssl=1","width":350,"height":200},"classes":[]},{"id":8270,"url":"https:\/\/www.turismoslovacchia.it\/?p=8270","url_meta":{"origin":8236,"position":3},"title":"Settembre 2017: gli eventi a Bratislava e dintorni","date":"25 Agosto 2017","format":false,"excerpt":"Segnaliamo qui gli eventi pi\u00f9 rilevanti del mese di settembre 2017 nella citt\u00e0 e regione di Bratislava.\u00a0Tra quelli da segnalare ci sono diverse Farm Fest, appuntamenti gastronomici in tutta la regione che includono il famoso Festival del cavolo di Stupava o il Regno dell'Oca di Slovensk\u00fd Grob, le sagre della\u2026","rel":"","context":"In &quot;Articoli&quot;","img":{"alt_text":"","src":"https:\/\/i0.wp.com\/www.turismoslovacchia.it\/wp-content\/uploads\/eventi_00.jpg?resize=350%2C200&ssl=1","width":350,"height":200},"classes":[]},{"id":8101,"url":"https:\/\/www.turismoslovacchia.it\/?p=8101","url_meta":{"origin":8236,"position":4},"title":"Maggio 2017: gli eventi a Bratislava e dintorni","date":"28 Aprile 2017","format":false,"excerpt":"Segnaliamo qui gli eventi pi\u00f9 rilevanti del mese di maggio 2017 nella citt\u00e0 e regione di Bratislava.\u00a0Tra quelli da segnalare a Bratislava il Majales, festival all'aperto sulla riva del Danubio, la rassegna di circo contemporaneo Cirkul'art 2017, la rievocazione dell'assedio delle truppe napoleoniche alla citt\u00e0 nel 1809,\u00a0mentre in regione (ma\u2026","rel":"","context":"In &quot;Eventi&quot;","img":{"alt_text":"","src":"https:\/\/i0.wp.com\/www.turismoslovacchia.it\/wp-content\/uploads\/eventi_00.jpg?resize=350%2C200&ssl=1","width":350,"height":200},"classes":[]},{"id":9210,"url":"https:\/\/www.turismoslovacchia.it\/?p=9210","url_meta":{"origin":8236,"position":5},"title":"Settembre 2019: gli eventi a Bratislava e dintorni","date":"31 Agosto 2019","format":false,"excerpt":"Pezinsk\u00e9 viechy\u00a0\/ Cantine di Pezinok \u2013 Pezinok maggio-ottobre 2019 Dall\u2019inizio di maggio fino al prossimo ottobre, questo evento d\u00e0 l\u2019opportunit\u00e0 unica per degustare i vini dei produttori di Pezinok, e anche chiedere loro curiosit\u00e0 e segreti della propria produzione. Quanto meno, gustare un buon bicchiere di vino in compagnia. Iscrizione\u2026","rel":"","context":"In &quot;Eventi&quot;","img":{"alt_text":"","src":"https:\/\/i0.wp.com\/www.turismoslovacchia.it\/wp-content\/uploads\/eventi_00.jpg?resize=350%2C200&ssl=1","width":350,"height":200},"classes":[]}],"jetpack_shortlink":"https:\/\/wp.me\/p1oiY9-28Q","_links":{"self":[{"href":"https:\/\/www.turismoslovacchia.it\/index.php?rest_route=\/wp\/v2\/posts\/8236"}],"collection":[{"href":"https:\/\/www.turismoslovacchia.it\/index.php?rest_route=\/wp\/v2\/posts"}],"about":[{"href":"https:\/\/www.turismoslovacchia.it\/index.php?rest_route=\/wp\/v2\/types\/post"}],"author":[{"embeddable":true,"href":"https:\/\/www.turismoslovacchia.it\/index.php?rest_route=\/wp\/v2\/users\/2"}],"replies":[{"embeddable":true,"href":"https:\/\/www.turismoslovacchia.it\/index.php?rest_route=%2Fwp%2Fv2%2Fcomments&post=8236"}],"version-history":[{"count":11,"href":"https:\/\/www.turismoslovacchia.it\/index.php?rest_route=\/wp\/v2\/posts\/8236\/revisions"}],"predecessor-version":[{"id":9166,"href":"https:\/\/www.turismoslovacchia.it\/index.php?rest_route=\/wp\/v2\/posts\/8236\/revisions\/9166"}],"wp:featuredmedia":[{"embeddable":true,"href":"https:\/\/www.turismoslovacchia.it\/index.php?rest_route=\/wp\/v2\/media\/249"}],"wp:attachment":[{"href":"https:\/\/www.turismoslovacchia.it\/index.php?rest_route=%2Fwp%2Fv2%2Fmedia&parent=8236"}],"wp:term":[{"taxonomy":"category","embeddable":true,"href":"https:\/\/www.turismoslovacchia.it\/index.php?rest_route=%2Fwp%2Fv2%2Fcategories&post=8236"},{"taxonomy":"post_tag","embeddable":true,"href":"https:\/\/www.turismoslovacchia.it\/index.php?rest_route=%2Fwp%2Fv2%2Ftags&post=8236"}],"curies":[{"name":"wp","href":"https:\/\/api.w.org\/{rel}","templated":true}]}}