{"id":8206,"date":"2017-08-12T11:11:53","date_gmt":"2017-08-12T09:11:53","guid":{"rendered":"http:\/\/www.turismoslovacchia.it\/?p=8206"},"modified":"2017-08-22T11:18:40","modified_gmt":"2017-08-22T09:18:40","slug":"piu-di-19-000-persone-hanno-visitato-il-parco-nazionale-dei-tatra-in-un-solo-giorno","status":"publish","type":"post","link":"https:\/\/www.turismoslovacchia.it\/?p=8206","title":{"rendered":"Pi\u00f9 di 19.000 persone hanno visitato il Parco Nazionale dei Tatra in un solo giorno"},"content":{"rendered":"<p style=\"text-align: justify;\"><a href=\"http:\/\/www.turismoslovacchia.it\/wp-content\/uploads\/altitatra-2_teveve-cc-by-nc-sa.jpg\" data-rel=\"lightbox-gallery-bkqp1PDP\" data-rl_title=\"\" data-rl_caption=\"\" title=\"\"><img decoding=\"async\" loading=\"lazy\" class=\"alignnone size-full wp-image-7334\" src=\"http:\/\/www.turismoslovacchia.it\/wp-content\/uploads\/altitatra-2_teveve-cc-by-nc-sa.jpg\" alt=\"\" width=\"720\" height=\"443\" srcset=\"https:\/\/www.turismoslovacchia.it\/wp-content\/uploads\/altitatra-2_teveve-cc-by-nc-sa.jpg 720w, https:\/\/www.turismoslovacchia.it\/wp-content\/uploads\/altitatra-2_teveve-cc-by-nc-sa-300x185.jpg 300w, https:\/\/www.turismoslovacchia.it\/wp-content\/uploads\/altitatra-2_teveve-cc-by-nc-sa-600x369.jpg 600w, https:\/\/www.turismoslovacchia.it\/wp-content\/uploads\/altitatra-2_teveve-cc-by-nc-sa-400x246.jpg 400w, https:\/\/www.turismoslovacchia.it\/wp-content\/uploads\/altitatra-2_teveve-cc-by-nc-sa-100x62.jpg 100w, https:\/\/www.turismoslovacchia.it\/wp-content\/uploads\/altitatra-2_teveve-cc-by-nc-sa-200x123.jpg 200w, https:\/\/www.turismoslovacchia.it\/wp-content\/uploads\/altitatra-2_teveve-cc-by-nc-sa-150x92.jpg 150w\" sizes=\"(max-width: 720px) 100vw, 720px\" \/><\/a><\/p>\n<p style=\"text-align: justify;\">Secondo i risultati dell&#8217;ultimo censimento annuale sui propri visitatori, mercoled\u00ec 2 agosto ben 19.227 turisti hanno visitato il Parco Nazionale dei Tatra (TANAP), un vasto territorio alpino negli Alti Tatra, le pi\u00f9 alte montagne della Slovacchia. Tra le nazionalit\u00e0 dei visitatori, la pi\u00f9 numerosa era quella degli slovacchi, seguita da cechi e polacchi, ma composta anche da ungheresi, tedeschi, inglesi, francesi e russi. Un terzo dei turisti, riporta l\u2019agenzia Tasr, ha utilizzato una funicolare o una funivia per raggiungere le vette dei Tatra, con il maggior numero di loro, 3.624, che ha scelto di percorrere in questo modo la tratta Stary Smokovec-Hrebienok, mentre altri 1.275 hanno fatto la salita a piedi. Quasi duemila persone hanno utilizzato una funivia per arrivare da Tatranska Lomnica a Skalnate Pleso, dove a quasi 1.800 metro di altitudine c\u2019\u00e8 l\u2019omonimo osservatorio astronomico fondato nel 1943, e 182 si sono arrampicati \u200ba piedi.<\/p>\n<p style=\"text-align: justify;\"><a href=\"http:\/\/www.turismoslovacchia.it\/wp-content\/uploads\/Camoscio-Tatra-Occidentali_IgorMarhevsky-cc-by-nc-nd.jpg\" data-rel=\"lightbox-gallery-bkqp1PDP\" data-rl_title=\"\" data-rl_caption=\"\" title=\"\"><img decoding=\"async\" loading=\"lazy\" class=\"alignnone size-full wp-image-6351\" src=\"http:\/\/www.turismoslovacchia.it\/wp-content\/uploads\/Camoscio-Tatra-Occidentali_IgorMarhevsky-cc-by-nc-nd.jpg\" alt=\"\" width=\"720\" height=\"431\" srcset=\"https:\/\/www.turismoslovacchia.it\/wp-content\/uploads\/Camoscio-Tatra-Occidentali_IgorMarhevsky-cc-by-nc-nd.jpg 720w, https:\/\/www.turismoslovacchia.it\/wp-content\/uploads\/Camoscio-Tatra-Occidentali_IgorMarhevsky-cc-by-nc-nd-300x180.jpg 300w, https:\/\/www.turismoslovacchia.it\/wp-content\/uploads\/Camoscio-Tatra-Occidentali_IgorMarhevsky-cc-by-nc-nd-600x359.jpg 600w, https:\/\/www.turismoslovacchia.it\/wp-content\/uploads\/Camoscio-Tatra-Occidentali_IgorMarhevsky-cc-by-nc-nd-400x239.jpg 400w, https:\/\/www.turismoslovacchia.it\/wp-content\/uploads\/Camoscio-Tatra-Occidentali_IgorMarhevsky-cc-by-nc-nd-100x60.jpg 100w, https:\/\/www.turismoslovacchia.it\/wp-content\/uploads\/Camoscio-Tatra-Occidentali_IgorMarhevsky-cc-by-nc-nd-200x120.jpg 200w, https:\/\/www.turismoslovacchia.it\/wp-content\/uploads\/Camoscio-Tatra-Occidentali_IgorMarhevsky-cc-by-nc-nd-150x90.jpg 150w\" sizes=\"(max-width: 720px) 100vw, 720px\" \/><\/a><\/p>\n<p style=\"text-align: justify;\">Tra le vette monitorate, il 2 agosto 1.080 trekkers hanno scalato il monte Rysy (foto in alto, 2.503 m s.l.m.), 380 il Kriv\u00e1\u0148 (2.495), il pi\u00f9 amato dagli Slovacchi e dal quale si gode una vista eccezionale sulla zona occidentale degli Alti Tatra.<\/p>\n<p style=\"text-align: justify;\">Tali statistiche vengono aggiornate dal 1972. Il numero pi\u00f9 alto di appassionati di montagna che hanno visitato il parco \u00e8 stato registrato nel 1980, quando in un solo giorno sono stati segnalati oltre 26.500 accessi.<\/p>\n<p style=\"text-align: justify;\"><img decoding=\"async\" loading=\"lazy\" class=\"alignnone \" src=\"http:\/\/upload.wikimedia.org\/wikipedia\/commons\/thumb\/5\/52\/StrbskePleso10Slovakia23.JPG\/1280px-StrbskePleso10Slovakia23.JPG\" width=\"719\" height=\"539\" \/><\/p>\n<p style=\"text-align: justify;\">Il <a href=\"http:\/\/www.turismoslovacchia.it\/?page_id=5239\">Parco Nazionale dei Tatra<\/a> (Tatransk\u00fd n\u00e1rodn\u00fd park \/ TANAP) si estende su una superficie di 738 km\u00b2, con una zona cuscinetto tutto attorno di ulteriori 307 km\u00b2, per un totale di 1.045 km\u00b2 di area protetta. Fu creato nel 1949 come primo parco nazionale del Paese. \u00c8 situato nella Slovacchia centro-settentrionale, nella catena dei monti Tatra, nell\u2019area che include i Tatra Occidentali (Z\u00e1padn\u00e9 Tatry) e i Tatra Orientali (V\u00fdchodn\u00e9 Tatry); di quest\u2019ultima formazione fanno parte anche gli Alti Tatra (Vysok\u00e9 Tatry), che vantano le vette pi\u00f9 alte della Slovacchia.<\/p>\n<p style=\"text-align: justify;\"><a href=\"http:\/\/www.turismoslovacchia.it\/wp-content\/uploads\/Alti-Tatra-Osservatorio-Skalnate-pleso-Slovacchia.jpg\" data-rel=\"lightbox-gallery-bkqp1PDP\" data-rl_title=\"\" data-rl_caption=\"\" title=\"\"><img decoding=\"async\" loading=\"lazy\" class=\"alignnone size-full wp-image-1724\" src=\"http:\/\/www.turismoslovacchia.it\/wp-content\/uploads\/Alti-Tatra-Osservatorio-Skalnate-pleso-Slovacchia.jpg\" alt=\"\" width=\"520\" height=\"320\" srcset=\"https:\/\/www.turismoslovacchia.it\/wp-content\/uploads\/Alti-Tatra-Osservatorio-Skalnate-pleso-Slovacchia.jpg 520w, https:\/\/www.turismoslovacchia.it\/wp-content\/uploads\/Alti-Tatra-Osservatorio-Skalnate-pleso-Slovacchia-300x185.jpg 300w, https:\/\/www.turismoslovacchia.it\/wp-content\/uploads\/Alti-Tatra-Osservatorio-Skalnate-pleso-Slovacchia-400x246.jpg 400w, https:\/\/www.turismoslovacchia.it\/wp-content\/uploads\/Alti-Tatra-Osservatorio-Skalnate-pleso-Slovacchia-100x62.jpg 100w, https:\/\/www.turismoslovacchia.it\/wp-content\/uploads\/Alti-Tatra-Osservatorio-Skalnate-pleso-Slovacchia-200x123.jpg 200w, https:\/\/www.turismoslovacchia.it\/wp-content\/uploads\/Alti-Tatra-Osservatorio-Skalnate-pleso-Slovacchia-150x92.jpg 150w\" sizes=\"(max-width: 520px) 100vw, 520px\" \/><\/a><\/p>\n<p style=\"text-align: justify;\">Nel parco sono disponibili 600 km di sentieri escursionistici e 16 piste ciclabili ben segnate e curate. I sentieri di alta quota sono aperti dal 15 giugno al 31 ottobre.<\/p>\n<h4 style=\"text-align: justify;\"><a href=\"http:\/\/www.turismoslovacchia.it\/?page_id=5239\">Vedi la nostra pagina dedicata al Parco Nazionale dei Tatra<\/a><\/h4>\n<p style=\"text-align: justify;\">(Red)<\/p>\n<p style=\"text-align: right;\"><span style=\"color: #808080;\"><em>&#8211;<\/em><\/span><\/p>\n<p style=\"text-align: right;\"><span style=\"color: #808080;\"><em>Foto\u00a0<a style=\"color: #808080;\" href=\"https:\/\/www.flickr.com\/photos\/teveve\/6364805575\">teveve<\/a> cc-by-nc-sa,<\/em><\/span><br \/>\n<span style=\"color: #808080;\"><em><a style=\"color: #808080;\" href=\"http:\/\/www.panoramio.com\/photo\/73418515\">Igor Marhevsk\u00fd<\/a> cc-by-nc-nd<\/em><\/span><br \/>\n<span style=\"color: #808080;\"><em><a class=\"wp-links-icon\" style=\"color: #808080;\" title=\"\" href=\"http:\/\/commons.wikimedia.org\/wiki\/Category:Information_signs_in_%C5%A0trbsk%C3%A9_Pleso#\/media\/File:StrbskePleso10Slovakia23.JPG\" target=\"_blank\" rel=\"external nofollow noopener noreferrer\" data-rel=\"lightbox-gallery-bGlnaHRib3gtZ2FsbGVyeS1PQm91\" data-rl_title=\"\" data-rl_caption=\"\">Jozef Kotulic<\/a>\u00a0cc-by-sa<br \/>\nfoto slovakia.travel<\/em><\/span><\/p>\n","protected":false},"excerpt":{"rendered":"<p>Secondo i risultati dell&#8217;ultimo censimento annuale sui propri visitatori, mercoled\u00ec 2 agosto ben 19.227 turisti hanno visitato il Parco Nazionale dei Tatra (TANAP), un vasto territorio alpino negli Alti Tatra, le pi\u00f9 alte montagne della Slovacchia. Tra le nazionalit\u00e0 dei visitatori, la pi\u00f9 numerosa era quella degli slovacchi, seguita da cechi e polacchi, ma composta [&hellip;]<\/p>\n","protected":false},"author":2,"featured_media":7334,"comment_status":"open","ping_status":"open","sticky":false,"template":"","format":"standard","meta":[],"categories":[3,1],"tags":[33,729,524,111,375,259,526,649,257,128],"aioseo_notices":[],"jetpack_featured_media_url":"https:\/\/www.turismoslovacchia.it\/wp-content\/uploads\/altitatra-2_teveve-cc-by-nc-sa.jpg","jetpack_sharing_enabled":true,"jetpack-related-posts":[{"id":8991,"url":"https:\/\/www.turismoslovacchia.it\/?p=8991","url_meta":{"origin":8206,"position":0},"title":"Gli Alti Tatra slovacchi sono la destinazione \u2018Best in Europe 2019\u2019 di Lonely Planet","date":"3 Giugno 2019","format":false,"excerpt":"Il paesaggio degli Alti Tatra \u00e8 stato scelto per guidare la classifica \u201cBest in Europe 2019\u201d di Lonely Planet dedicata alle migliori destinazioni per le prossime vacanze estive. Non \u00e8 difficile capire le ragioni per cui gli esperti di viaggio della pi\u00f9 famosa guida\u00a0hanno scelto\u00a0il pi\u00f9 antico parco naturale della\u2026","rel":"","context":"In &quot;Articoli&quot;","img":{"alt_text":"","src":"https:\/\/i0.wp.com\/www.turismoslovacchia.it\/wp-content\/uploads\/altitatra-strbskeples_vendin-cc-by.jpg?resize=350%2C200&ssl=1","width":350,"height":200},"classes":[]},{"id":1723,"url":"https:\/\/www.turismoslovacchia.it\/?p=1723","url_meta":{"origin":8206,"position":1},"title":"Turismo: scelti sul web i tre siti slovacchi da scansionare per Google Street View","date":"11 Aprile 2013","format":false,"excerpt":"Alti Tatra, il rifugio\/osservatorio di Skalnate Pleso Il pubblico slovacco ha scelto i 3 siti di interesse turistico da includere nel servizio Google Street View di Google Maps. Sui circa 30 mila click del sondaggio on-line realizzato da Google insieme all\u2019Agenzia Slovacca per il Turismo (Sacr), gli slovacchi hanno scelto\u2026","rel":"","context":"In &quot;Articoli&quot;","img":{"alt_text":"","src":"https:\/\/i0.wp.com\/www.turismoslovacchia.it\/wp-content\/uploads\/Alti-Tatra-Osservatorio-Skalnate-pleso-Slovacchia.jpg?resize=350%2C200&ssl=1","width":350,"height":200},"classes":[]},{"id":719,"url":"https:\/\/www.turismoslovacchia.it\/?p=719","url_meta":{"origin":8206,"position":2},"title":"Alti Tatra: apertura ufficiale della stagione invernale a Strbske Pleso","date":"20 Dicembre 2010","format":false,"excerpt":"Anche se sciatori e snowboarder hanno gia' potuto godere della neve sugli Alti Tatra ormai da due settimane, \u00e8 solo Sabato 18 Dicembre che la stagione invernale di quest\u2019anno \u00e8 stata ufficialmente aperta sulle pi\u00f9 alte montagne della Slovacchia. La cerimonia di apertura, avvenuta nel centro sciistico di Strbske Pleso,\u2026","rel":"","context":"In &quot;Articoli&quot;","img":{"alt_text":"","src":"https:\/\/i0.wp.com\/www.turismoslovacchia.it\/wp-content\/uploads\/Il-complesso-sciistico-di-Strbske-Pleso-negli-Alti-Tatra.jpg?resize=350%2C200&ssl=1","width":350,"height":200},"classes":[]},{"id":5589,"url":"https:\/\/www.turismoslovacchia.it\/?p=5589","url_meta":{"origin":8206,"position":3},"title":"Le 7 cose da non perdere in Slovacchia","date":"12 Agosto 2015","format":false,"excerpt":"Sono molti\u00a0i posti da visitare in Slovacchia prima di morire, \u00a0e sono legati alla storia e cultura di questo bel paese. Gi\u00e0\u00a0parte dell'impero austro-ungarico, la Slovacchia ha\u00a0mantenuto forti\u00a0tradizioni popolari e culturali, soprattutto musica e danza, e chi visita il paese le trova sempre affascinanti.\u00a0La Slovacchia \u00e8 un paese ospitale, e\u2026","rel":"","context":"In &quot;Articoli&quot;","img":{"alt_text":"","src":"https:\/\/i0.wp.com\/www.turismoslovacchia.it\/wp-content\/uploads\/malafatra-parc1_honzasterba-cc-by-nc-nd.jpg?resize=350%2C200&ssl=1","width":350,"height":200},"classes":[]},{"id":977,"url":"https:\/\/www.turismoslovacchia.it\/?p=977","url_meta":{"origin":8206,"position":4},"title":"Il numero di turisti negli Alti Tatra slovacchi \u00e8 salito dell\u20198% quest\u2019estate","date":"13 Settembre 2011","format":false,"excerpt":"Gli Alti Tatra, i monti pi\u00f9 alti della Slovacchia, sono stati visitati da un maggior numero di turisti in questa stagione estiva rispetto a un anno fa, lo ha detto ieri il direttore dell\u2019Associazione del turismo negli Alti Tatra (ZCR VT), Peter Chudy. \u00abLuglio e agosto sono i mesi cruciali.\u2026","rel":"","context":"In &quot;Articoli&quot;","img":{"alt_text":"","src":"https:\/\/i0.wp.com\/www.turismoslovacchia.it\/wp-content\/uploads\/Levoca_Marianska-Hora_foto_ubertino-skyscraper.jpg?resize=350%2C200&ssl=1","width":350,"height":200},"classes":[]},{"id":713,"url":"https:\/\/www.turismoslovacchia.it\/?p=713","url_meta":{"origin":8206,"position":5},"title":"Stagione sciistica in Slovacchia a pieno ritmo, pi\u00f9 turisti degli ultimi due inverni","date":"4 Gennaio 2011","format":false,"excerpt":"Dopo le due ultime stagioni invernali che sono state decisamente in rosso per le stazioni sciistiche slovacche, scrive il quotidiano Pravda oggi, le montagne sono ora di nuovo piene di turisti e sciatori. Durante le vacanze di Natale e Capodanno, il numero di turisti sui monti Tatra \u00e8 cresciuto del\u2026","rel":"","context":"In &quot;Articoli&quot;","img":{"alt_text":"","src":"https:\/\/i0.wp.com\/www.turismoslovacchia.it\/wp-content\/uploads\/sciare-in-slovacchia-foto_slovakia-travel.jpg?resize=350%2C200&ssl=1","width":350,"height":200},"classes":[]}],"jetpack_shortlink":"https:\/\/wp.me\/p1oiY9-28m","_links":{"self":[{"href":"https:\/\/www.turismoslovacchia.it\/index.php?rest_route=\/wp\/v2\/posts\/8206"}],"collection":[{"href":"https:\/\/www.turismoslovacchia.it\/index.php?rest_route=\/wp\/v2\/posts"}],"about":[{"href":"https:\/\/www.turismoslovacchia.it\/index.php?rest_route=\/wp\/v2\/types\/post"}],"author":[{"embeddable":true,"href":"https:\/\/www.turismoslovacchia.it\/index.php?rest_route=\/wp\/v2\/users\/2"}],"replies":[{"embeddable":true,"href":"https:\/\/www.turismoslovacchia.it\/index.php?rest_route=%2Fwp%2Fv2%2Fcomments&post=8206"}],"version-history":[{"count":4,"href":"https:\/\/www.turismoslovacchia.it\/index.php?rest_route=\/wp\/v2\/posts\/8206\/revisions"}],"predecessor-version":[{"id":8210,"href":"https:\/\/www.turismoslovacchia.it\/index.php?rest_route=\/wp\/v2\/posts\/8206\/revisions\/8210"}],"wp:featuredmedia":[{"embeddable":true,"href":"https:\/\/www.turismoslovacchia.it\/index.php?rest_route=\/wp\/v2\/media\/7334"}],"wp:attachment":[{"href":"https:\/\/www.turismoslovacchia.it\/index.php?rest_route=%2Fwp%2Fv2%2Fmedia&parent=8206"}],"wp:term":[{"taxonomy":"category","embeddable":true,"href":"https:\/\/www.turismoslovacchia.it\/index.php?rest_route=%2Fwp%2Fv2%2Fcategories&post=8206"},{"taxonomy":"post_tag","embeddable":true,"href":"https:\/\/www.turismoslovacchia.it\/index.php?rest_route=%2Fwp%2Fv2%2Ftags&post=8206"}],"curies":[{"name":"wp","href":"https:\/\/api.w.org\/{rel}","templated":true}]}}