{"id":8171,"date":"2017-07-26T17:30:10","date_gmt":"2017-07-26T15:30:10","guid":{"rendered":"http:\/\/www.turismoslovacchia.it\/?p=8171"},"modified":"2017-07-26T17:35:41","modified_gmt":"2017-07-26T15:35:41","slug":"villaggio-slovacco-dellanno-si-puo-votare-fino-alla-fine-di-luglio","status":"publish","type":"post","link":"https:\/\/www.turismoslovacchia.it\/?p=8171","title":{"rendered":"Villaggio slovacco dell\u2019anno, si pu\u00f2 votare fino alla fine di luglio"},"content":{"rendered":"<p style=\"text-align: justify;\"><a href=\"http:\/\/www.turismoslovacchia.it\/wp-content\/uploads\/villaggiodellanno.jpg\" data-rel=\"lightbox-gallery-SFIzsa4k\" data-rl_title=\"\" data-rl_caption=\"\" title=\"\"><img decoding=\"async\" loading=\"lazy\" class=\"alignnone size-full wp-image-8174\" src=\"http:\/\/www.turismoslovacchia.it\/wp-content\/uploads\/villaggiodellanno.jpg\" alt=\"\" width=\"520\" height=\"320\" srcset=\"https:\/\/www.turismoslovacchia.it\/wp-content\/uploads\/villaggiodellanno.jpg 520w, https:\/\/www.turismoslovacchia.it\/wp-content\/uploads\/villaggiodellanno-300x185.jpg 300w, https:\/\/www.turismoslovacchia.it\/wp-content\/uploads\/villaggiodellanno-400x246.jpg 400w, https:\/\/www.turismoslovacchia.it\/wp-content\/uploads\/villaggiodellanno-100x62.jpg 100w, https:\/\/www.turismoslovacchia.it\/wp-content\/uploads\/villaggiodellanno-200x123.jpg 200w, https:\/\/www.turismoslovacchia.it\/wp-content\/uploads\/villaggiodellanno-150x92.jpg 150w\" sizes=\"(max-width: 520px) 100vw, 520px\" \/><\/a><\/p>\n<p style=\"text-align: justify;\">\u00c8 possibile votare fino al 31 luglio per scegliere il villaggio slovacco che ricever\u00e0 il titolo di Villaggio dell\u2019Anno 2017. Il concorso\u00a0<em>Dedina roka 2017<\/em>, che ha come spunto principale l\u2019intento di preservare l\u2019immagine e l\u2019anima del villaggio in Slovacchia ed \u00e8 arrivato alla nona edizione, vede in competizione venti villaggi di sette regioni: B\u00e1tovce, Blatnica, Bre\u017eany, \u010cir\u010d, Horn\u00fd Tisovn\u00edk, Hul, Hronsek, Miklu\u0161ovce, Ni\u017en\u00e1 Vo\u013ea, Ni\u017en\u00fd Hru\u0161ov, Oravsk\u00e1 Polhora, Pohorel\u00e1, Por\u00e1\u010d, Santovka, Sne\u017enica, Spi\u0161sk\u00e9 Tom\u00e1\u0161ovce, Ve\u013ek\u00e1 Lehota, Vinn\u00e9, Zemn\u00e9 a \u017dup\u010dany.<\/p>\n<p style=\"text-align: right;\"><a href=\"http:\/\/www.turismoslovacchia.it\/wp-content\/uploads\/spaniadolina_philmensch-cc-by-nc.jpg\" data-rel=\"lightbox-gallery-SFIzsa4k\" data-rl_title=\"\" data-rl_caption=\"\" title=\"\"><img decoding=\"async\" loading=\"lazy\" class=\"alignnone wp-image-6431\" src=\"http:\/\/www.turismoslovacchia.it\/wp-content\/uploads\/spaniadolina_philmensch-cc-by-nc.jpg\" alt=\"\" width=\"522\" height=\"321\" srcset=\"https:\/\/www.turismoslovacchia.it\/wp-content\/uploads\/spaniadolina_philmensch-cc-by-nc.jpg 720w, https:\/\/www.turismoslovacchia.it\/wp-content\/uploads\/spaniadolina_philmensch-cc-by-nc-300x185.jpg 300w, https:\/\/www.turismoslovacchia.it\/wp-content\/uploads\/spaniadolina_philmensch-cc-by-nc-600x369.jpg 600w, https:\/\/www.turismoslovacchia.it\/wp-content\/uploads\/spaniadolina_philmensch-cc-by-nc-400x246.jpg 400w, https:\/\/www.turismoslovacchia.it\/wp-content\/uploads\/spaniadolina_philmensch-cc-by-nc-100x62.jpg 100w, https:\/\/www.turismoslovacchia.it\/wp-content\/uploads\/spaniadolina_philmensch-cc-by-nc-200x123.jpg 200w, https:\/\/www.turismoslovacchia.it\/wp-content\/uploads\/spaniadolina_philmensch-cc-by-nc-150x92.jpg 150w\" sizes=\"(max-width: 522px) 100vw, 522px\" \/><br \/>\n<\/a><span style=\"color: #808080;\"><em>Villaggio di \u0160pania Dolina<\/em><\/span><\/p>\n<p style=\"text-align: justify;\">I comuni concorrenti si presentano esibendo le proprie migliori pratiche nella rigenerazione dell\u2019ambiente rurale, e nel miglioramento della qualit\u00e0 e dello sviluppo ambientale. Il titolo Villaggio dell\u2019Anno prevede premi in sette categorie e il diritto di rappresentare la Repubblica Slovacca all\u2019European Village Renewal Award del prossimo anno, concorso continentale\u00a0<a class=\"wp-links-icon\" href=\"https:\/\/enrd.ec.europa.eu\/networks-and-networking\/eu-organisations\/european-association-rural-development-and-village-renewal_en\" target=\"_blank\" rel=\"noopener noreferrer\">organizzato<\/a>\u00a0dal 1990 dall\u2019Associazione europea per lo sviluppo rurale e il rinnovamento dei villaggi, che ha sede a Vienna.<\/p>\n<p style=\"text-align: right;\"><a href=\"http:\/\/www.turismoslovacchia.it\/wp-content\/uploads\/S\u00falov_S\u00falovsk\u00e9-skaly_Str\u00e1\u017eovsk\u00e9-vrchy_regioZilina_PeterFenda.jpg\" data-rel=\"lightbox-gallery-SFIzsa4k\" data-rl_title=\"\" data-rl_caption=\"\" title=\"\"><img decoding=\"async\" loading=\"lazy\" class=\"alignnone wp-image-8175\" src=\"http:\/\/www.turismoslovacchia.it\/wp-content\/uploads\/S\u00falov_S\u00falovsk\u00e9-skaly_Str\u00e1\u017eovsk\u00e9-vrchy_regioZilina_PeterFenda.jpg\" alt=\"\" width=\"520\" height=\"320\" srcset=\"https:\/\/www.turismoslovacchia.it\/wp-content\/uploads\/S\u00falov_S\u00falovsk\u00e9-skaly_Str\u00e1\u017eovsk\u00e9-vrchy_regioZilina_PeterFenda.jpg 720w, https:\/\/www.turismoslovacchia.it\/wp-content\/uploads\/S\u00falov_S\u00falovsk\u00e9-skaly_Str\u00e1\u017eovsk\u00e9-vrchy_regioZilina_PeterFenda-300x185.jpg 300w, https:\/\/www.turismoslovacchia.it\/wp-content\/uploads\/S\u00falov_S\u00falovsk\u00e9-skaly_Str\u00e1\u017eovsk\u00e9-vrchy_regioZilina_PeterFenda-400x246.jpg 400w, https:\/\/www.turismoslovacchia.it\/wp-content\/uploads\/S\u00falov_S\u00falovsk\u00e9-skaly_Str\u00e1\u017eovsk\u00e9-vrchy_regioZilina_PeterFenda-100x62.jpg 100w, https:\/\/www.turismoslovacchia.it\/wp-content\/uploads\/S\u00falov_S\u00falovsk\u00e9-skaly_Str\u00e1\u017eovsk\u00e9-vrchy_regioZilina_PeterFenda-200x123.jpg 200w, https:\/\/www.turismoslovacchia.it\/wp-content\/uploads\/S\u00falov_S\u00falovsk\u00e9-skaly_Str\u00e1\u017eovsk\u00e9-vrchy_regioZilina_PeterFenda-150x92.jpg 150w\" sizes=\"(max-width: 520px) 100vw, 520px\" \/><\/a><a href=\"http:\/\/www.turismoslovacchia.it\/wp-content\/uploads\/Poloniny-parc-bukosvkevrchy-Durkovce_JKomarek-by-sa.jpg\" data-rel=\"lightbox-gallery-SFIzsa4k\" data-rl_title=\"\" data-rl_caption=\"\" title=\"\"><br \/>\n<\/a><span style=\"color: #808080;\"><em>Villaggio di\u00a0S\u00falov<\/em><\/span><\/p>\n<p style=\"text-align: justify;\">Il concorso \u00e8 organizzato in Slovacchia, che ha aderito all\u2019iniziativa europea per la prima volta nel 2002, dal ministero dell\u2019Ambiente, dall\u2019Agenzia Slovacca per l\u2019Ambiente, dall\u2019Associazione per il rinnovamento dei villaggi e dall\u2019Associazione dei comuni e villaggi slovacchi (ZMOS) sotto l\u2019egida del ministro dell\u2019Ambiente Laszlo Solymos.<\/p>\n<p style=\"text-align: justify;\">Il concorso prevede sette diverse aree di valutazione dei comuni candidati, tra cui le caratteristiche economiche, architettoniche e conservative, culturali e monumentali, e le attivit\u00e0 di comunit\u00e0, ospitalit\u00e0 e cooperazione.<\/p>\n<p style=\"text-align: right;\"><a href=\"http:\/\/www.turismoslovacchia.it\/wp-content\/uploads\/Lovcica-HornaNitra_PKovac-cc-by.jpg\" data-rel=\"lightbox-gallery-SFIzsa4k\" data-rl_title=\"\" data-rl_caption=\"\" title=\"\"><img decoding=\"async\" loading=\"lazy\" class=\"alignnone wp-image-7985\" src=\"http:\/\/www.turismoslovacchia.it\/wp-content\/uploads\/Lovcica-HornaNitra_PKovac-cc-by.jpg\" alt=\"\" width=\"522\" height=\"321\" srcset=\"https:\/\/www.turismoslovacchia.it\/wp-content\/uploads\/Lovcica-HornaNitra_PKovac-cc-by.jpg 720w, https:\/\/www.turismoslovacchia.it\/wp-content\/uploads\/Lovcica-HornaNitra_PKovac-cc-by-300x185.jpg 300w, https:\/\/www.turismoslovacchia.it\/wp-content\/uploads\/Lovcica-HornaNitra_PKovac-cc-by-400x246.jpg 400w, https:\/\/www.turismoslovacchia.it\/wp-content\/uploads\/Lovcica-HornaNitra_PKovac-cc-by-100x62.jpg 100w, https:\/\/www.turismoslovacchia.it\/wp-content\/uploads\/Lovcica-HornaNitra_PKovac-cc-by-200x123.jpg 200w, https:\/\/www.turismoslovacchia.it\/wp-content\/uploads\/Lovcica-HornaNitra_PKovac-cc-by-150x92.jpg 150w\" sizes=\"(max-width: 522px) 100vw, 522px\" \/><br \/>\n<\/a><em><span style=\"color: #808080;\">Villaggio di Lov\u010dica<\/span><\/em><\/p>\n<p style=\"text-align: justify;\">La votazione \u00e8 pubblica e possono partecipare tutti andando sul sito\u00a0<a class=\"wp-links-icon\" href=\"http:\/\/www.e-obce.sk\/\" target=\"_blank\" rel=\"noopener noreferrer\">www.e-obce.sk<\/a>\u00a0e cliccando sul nome del villaggio prescelto nella colonna destra. Maggiori informazioni sui villaggi partecipanti sono disponibili\u00a0<a class=\"wp-links-icon\" href=\"http:\/\/www.obnovadediny.sk\/sa-dedina-roka\/dedina-roka-2017\/sdr2017_obce\" target=\"_blank\" rel=\"noopener noreferrer\">a questa pagina<\/a>.<\/p>\n<p style=\"text-align: justify;\"><a href=\"http:\/\/www.turismoslovacchia.it\/wp-content\/uploads\/slovacchia-villaggio-gente_Collin_Key.jpg\" data-rel=\"lightbox-gallery-SFIzsa4k\" data-rl_title=\"\" data-rl_caption=\"\" title=\"\"><img decoding=\"async\" loading=\"lazy\" class=\"alignnone wp-image-8173\" src=\"http:\/\/www.turismoslovacchia.it\/wp-content\/uploads\/slovacchia-villaggio-gente_Collin_Key.jpg\" alt=\"\" width=\"522\" height=\"321\" srcset=\"https:\/\/www.turismoslovacchia.it\/wp-content\/uploads\/slovacchia-villaggio-gente_Collin_Key.jpg 720w, https:\/\/www.turismoslovacchia.it\/wp-content\/uploads\/slovacchia-villaggio-gente_Collin_Key-300x185.jpg 300w, https:\/\/www.turismoslovacchia.it\/wp-content\/uploads\/slovacchia-villaggio-gente_Collin_Key-400x246.jpg 400w, https:\/\/www.turismoslovacchia.it\/wp-content\/uploads\/slovacchia-villaggio-gente_Collin_Key-100x62.jpg 100w, https:\/\/www.turismoslovacchia.it\/wp-content\/uploads\/slovacchia-villaggio-gente_Collin_Key-200x123.jpg 200w, https:\/\/www.turismoslovacchia.it\/wp-content\/uploads\/slovacchia-villaggio-gente_Collin_Key-150x92.jpg 150w\" sizes=\"(max-width: 522px) 100vw, 522px\" \/><\/a><\/p>\n<p style=\"text-align: justify;\">(Red)<\/p>\n<p style=\"text-align: right;\"><span style=\"color: #808080;\"><em>&#8211;<\/em><\/span><br \/>\n<span style=\"color: #808080;\"><em>Foto <a style=\"color: #808080;\" href=\"https:\/\/www.flickr.com\/photos\/29472100@N04\/6629998681\">philmensch<\/a> cc-by-nc,\u00a0<\/em><a style=\"color: #808080;\" href=\"https:\/\/www.flickr.com\/photos\/21376386@N07\/4496297231\">Peter Fenda<\/a> cc-by-nc-nd,<br \/>\n<em><a style=\"color: #808080;\" href=\"http:\/\/www.panoramio.com\/photo\/124999917\">Peter Kov\u00e1\u010d<\/a> cc-by,\u00a0<a style=\"color: #808080;\" href=\"https:\/\/www.flickr.com\/photos\/28165389@N05\/3339266384\">Collin Key<\/a> cc-by-nc-sa<br \/>\n<\/em><\/span><\/p>\n","protected":false},"excerpt":{"rendered":"<p>\u00c8 possibile votare fino al 31 luglio per scegliere il villaggio slovacco che ricever\u00e0 il titolo di Villaggio dell\u2019Anno 2017. Il concorso\u00a0Dedina roka 2017, che ha come spunto principale l\u2019intento di preservare l\u2019immagine e l\u2019anima del villaggio in Slovacchia ed \u00e8 arrivato alla nona edizione, vede in competizione venti villaggi di sette regioni: B\u00e1tovce, Blatnica, [&hellip;]<\/p>\n","protected":false},"author":2,"featured_media":8174,"comment_status":"open","ping_status":"open","sticky":false,"template":"","format":"standard","meta":[],"categories":[3,1],"tags":[649,741],"aioseo_notices":[],"jetpack_featured_media_url":"https:\/\/www.turismoslovacchia.it\/wp-content\/uploads\/villaggiodellanno.jpg","jetpack_sharing_enabled":true,"jetpack-related-posts":[{"id":3265,"url":"https:\/\/www.turismoslovacchia.it\/?p=3265","url_meta":{"origin":8171,"position":0},"title":"A Kremnick\u00e9 Bane il centro geografico d\u2019Europa (con video)","date":"8 Febbraio 2014","format":false,"excerpt":"Intorno al 1815 un calcolo, i cui metodi non sono noti, port\u00f2 a dichiarare che il centro dell'Europa si trovava nella Slovacchia centrale (allora Alta Ungheria), nel villaggio di Kremnick\u00e9 Bane, nei pressi della citta' mineraria di Kremnica, su una collina che forma la divisione delle acque tra i bacini\u2026","rel":"","context":"In &quot;Articoli&quot;","img":{"alt_text":"","src":"https:\/\/i0.wp.com\/www.turismoslovacchia.it\/wp-content\/uploads\/centro-europa_Kremnicke-bane_foto_infoglobe.sk_.jpg?resize=350%2C200&ssl=1","width":350,"height":200},"classes":[]},{"id":629,"url":"https:\/\/www.turismoslovacchia.it\/?p=629","url_meta":{"origin":8171,"position":1},"title":"Grotta di ghiaccio di Dob\u0161ina","date":"21 Gennaio 2011","format":false,"excerpt":"In Slovacchia si trovano circa 4.000 grotte di cui 14 sono accesibili al pubblico. Di solito sono grotte con stalattiti oppure grotte di ghiaccio. Unico esemplare carsico nel parco nazionale di Paradiso Slovacco del Carso Spis-Gemer \u00e8 la grotta di ghiaccio di Dobsina, che si trova nel distretto di Roznava\u2026","rel":"","context":"In &quot;Articoli&quot;","img":{"alt_text":"","src":"https:\/\/i0.wp.com\/www.turismoslovacchia.it\/wp-content\/uploads\/Grotta-di-ghiaccio-di-Dobsina-fonte-Gemer-org.jpg?resize=350%2C200&ssl=1","width":350,"height":200},"classes":[]},{"id":3638,"url":"https:\/\/www.turismoslovacchia.it\/?p=3638","url_meta":{"origin":8171,"position":2},"title":"\u00c8 in Slovacchia il \u201cVillaggio europeo delle cicogne 2014\u201d","date":"14 Aprile 2014","format":false,"excerpt":"Il villaggio di Buzica, nella Slovacchia orientale (regione di Ko\u0161ice) vicino al confine ungherese, ha ricevuto il titolo di Stork Village europeo (Villaggio delle cicogne) per il 2014. Il premio \u00e8 un'iniziativa dell\u2019organizzazione ambientale tedesca Euronatur, che ha creato un movimento per aiutare a controbilanciare la perdita di habitat per\u2026","rel":"","context":"In &quot;Articoli&quot;","img":{"alt_text":"","src":"https:\/\/i0.wp.com\/www.turismoslovacchia.it\/wp-content\/uploads\/cicogne_davida3-8154490452@flickr.jpg?resize=350%2C200&ssl=1","width":350,"height":200},"classes":[]},{"id":1777,"url":"https:\/\/www.turismoslovacchia.it\/?p=1777","url_meta":{"origin":8171,"position":3},"title":"Terchova festeggia i 300 anni dalla morte di Janosik, il brigante romantico","date":"7 Marzo 2013","format":false,"excerpt":"Stanno per iniziare i festeggiamenti nel villaggio di Terchova (regione di Zilina) per celebrare i 300 anni dalla morte di Juraj Janosik, il leggendario brigante popolare slovacco, che nel villaggio nacque nel 1688. Questo week-end, il 16 e 17 marzo, si tiene nell\u2019area dell\u2019Hotel Gold a Terchova l\u2019evento \u2018Smrt Janosikova\u2019\u2026","rel":"","context":"In &quot;Articoli&quot;","img":{"alt_text":"","src":"https:\/\/i0.wp.com\/www.turismoslovacchia.it\/wp-content\/uploads\/juraj-janosik.jpg?resize=350%2C200&ssl=1","width":350,"height":200},"classes":[]},{"id":1982,"url":"https:\/\/www.turismoslovacchia.it\/?p=1982","url_meta":{"origin":8171,"position":4},"title":"Vlkol\u00ednec, da vent&#8217;anni nella lista del Patrimonio Unesco","date":"1 Agosto 2013","format":false,"excerpt":"Il villaggio di Vlkol\u00ednec (regione di \u017dilina), che \u00e8 il migliore esempio in Slovacchia (e nel centro Europa) di conservazione di un insediamenti di architettura popolare, ha celebrato domenica il 20\u00b0 anniversario dell\u2019inserimento del sito nella lista del Patrimonio mondiale dell\u2019Unesco. Il sindaco di Ruzomberok Jan Pavlik, nel cui comune\u2026","rel":"","context":"In &quot;Articoli&quot;","img":{"alt_text":"","src":"https:\/\/i0.wp.com\/www.turismoslovacchia.it\/wp-content\/uploads\/Vlkolinec_Andre-Skiblinski-CC-BY-NC.jpg?resize=350%2C200&ssl=1","width":350,"height":200},"classes":[]},{"id":8050,"url":"https:\/\/www.turismoslovacchia.it\/?p=8050","url_meta":{"origin":8171,"position":5},"title":"Il primo maggio in Slovacchia, tra antichi miti e la festa dei lavoratori","date":"26 Aprile 2018","format":false,"excerpt":"Se tutto il mondo il 1\u00b0 maggio celebra la Festa del lavoro (tranne nel Nord America dove cade in settembre), in Slovacchia quella data indica anche altre cose. Tradizionalmente, la notte prima del 1\u00b0 maggio, mese in cui si considerava sbocciasse l\u2019amore e la nascita a una nuova vita dopo\u2026","rel":"","context":"In &quot;Articoli&quot;","img":{"alt_text":"","src":"https:\/\/i0.wp.com\/www.turismoslovacchia.it\/wp-content\/uploads\/maj-albero-maggio_myjava.sk_.jpg?resize=350%2C200&ssl=1","width":350,"height":200},"classes":[]}],"jetpack_shortlink":"https:\/\/wp.me\/p1oiY9-27N","_links":{"self":[{"href":"https:\/\/www.turismoslovacchia.it\/index.php?rest_route=\/wp\/v2\/posts\/8171"}],"collection":[{"href":"https:\/\/www.turismoslovacchia.it\/index.php?rest_route=\/wp\/v2\/posts"}],"about":[{"href":"https:\/\/www.turismoslovacchia.it\/index.php?rest_route=\/wp\/v2\/types\/post"}],"author":[{"embeddable":true,"href":"https:\/\/www.turismoslovacchia.it\/index.php?rest_route=\/wp\/v2\/users\/2"}],"replies":[{"embeddable":true,"href":"https:\/\/www.turismoslovacchia.it\/index.php?rest_route=%2Fwp%2Fv2%2Fcomments&post=8171"}],"version-history":[{"count":1,"href":"https:\/\/www.turismoslovacchia.it\/index.php?rest_route=\/wp\/v2\/posts\/8171\/revisions"}],"predecessor-version":[{"id":8176,"href":"https:\/\/www.turismoslovacchia.it\/index.php?rest_route=\/wp\/v2\/posts\/8171\/revisions\/8176"}],"wp:featuredmedia":[{"embeddable":true,"href":"https:\/\/www.turismoslovacchia.it\/index.php?rest_route=\/wp\/v2\/media\/8174"}],"wp:attachment":[{"href":"https:\/\/www.turismoslovacchia.it\/index.php?rest_route=%2Fwp%2Fv2%2Fmedia&parent=8171"}],"wp:term":[{"taxonomy":"category","embeddable":true,"href":"https:\/\/www.turismoslovacchia.it\/index.php?rest_route=%2Fwp%2Fv2%2Fcategories&post=8171"},{"taxonomy":"post_tag","embeddable":true,"href":"https:\/\/www.turismoslovacchia.it\/index.php?rest_route=%2Fwp%2Fv2%2Ftags&post=8171"}],"curies":[{"name":"wp","href":"https:\/\/api.w.org\/{rel}","templated":true}]}}