{"id":8029,"date":"2017-04-19T14:57:13","date_gmt":"2017-04-19T12:57:13","guid":{"rendered":"http:\/\/www.turismoslovacchia.it\/?p=8029"},"modified":"2017-04-22T15:05:54","modified_gmt":"2017-04-22T13:05:54","slug":"nel-weekend-la-citta-di-bratislava-apre-le-sue-porte-a-tutti-gratuitamente","status":"publish","type":"post","link":"https:\/\/www.turismoslovacchia.it\/?p=8029","title":{"rendered":"Nel weekend la citt\u00e0 di Bratislava apre le sue porte a tutti gratuitamente"},"content":{"rendered":"<p style=\"text-align: justify;\"><a href=\"http:\/\/www.turismoslovacchia.it\/wp-content\/uploads\/bratis-turist_krysi@-124683093_@pano-cc-by.jpg\" data-rel=\"lightbox-gallery-N1gScCF5\" data-rl_title=\"\" data-rl_caption=\"\" title=\"\"><img decoding=\"async\" loading=\"lazy\" class=\"alignnone size-full wp-image-6602\" src=\"http:\/\/www.turismoslovacchia.it\/wp-content\/uploads\/bratis-turist_krysi@-124683093_@pano-cc-by.jpg\" alt=\"\" width=\"720\" height=\"443\" srcset=\"https:\/\/www.turismoslovacchia.it\/wp-content\/uploads\/bratis-turist_krysi@-124683093_@pano-cc-by.jpg 720w, https:\/\/www.turismoslovacchia.it\/wp-content\/uploads\/bratis-turist_krysi@-124683093_@pano-cc-by-300x185.jpg 300w, https:\/\/www.turismoslovacchia.it\/wp-content\/uploads\/bratis-turist_krysi@-124683093_@pano-cc-by-600x369.jpg 600w, https:\/\/www.turismoslovacchia.it\/wp-content\/uploads\/bratis-turist_krysi@-124683093_@pano-cc-by-400x246.jpg 400w, https:\/\/www.turismoslovacchia.it\/wp-content\/uploads\/bratis-turist_krysi@-124683093_@pano-cc-by-100x62.jpg 100w, https:\/\/www.turismoslovacchia.it\/wp-content\/uploads\/bratis-turist_krysi@-124683093_@pano-cc-by-200x123.jpg 200w, https:\/\/www.turismoslovacchia.it\/wp-content\/uploads\/bratis-turist_krysi@-124683093_@pano-cc-by-150x92.jpg 150w\" sizes=\"(max-width: 720px) 100vw, 720px\" \/><\/a><\/p>\n<p style=\"text-align: justify;\">Nei giorni 22 e 23 aprile a Bratislava si possono visitare musei e gallerie e godere di visite guidate a bordo del tram storico in modo completamente gratuito. La manifestazione &#8220;Bratislava per tutti\/Bratislava City Days 2017&#8221;, che gi\u00e0 negli anni scorsi ha registrato un afflusso di oltre 150mila persone, comprende diversi programmi ed eventi nel corso del fine settimana che coincide con l&#8217;apertura della prossima stagione turistica. \u00c8 davvero il segno dell\u2019arrivo della buona stagione, segnalato anche simbolicamente dall\u2019acqua che scorre di nuovo nelle 38 fontane comunali del centro citt\u00e0, a partire dalle pi\u00f9 famose Fontana di Rolando o Maximilian sulla Piazza Principale (Hlavn\u00e9 n\u00e1mestie) e la Fontana di Ganimede davanti al Teatro Nazionale (su Hviezdoslavovo n\u00e1mestie), cui seguiranno le altre nelle settimane a venire.<\/p>\n<p style=\"text-align: justify;\"><a href=\"http:\/\/www.turismoslovacchia.it\/wp-content\/uploads\/bratis-michalska_jlascar-cc-by-2.0.jpg\" data-rel=\"lightbox-gallery-N1gScCF5\" data-rl_title=\"\" data-rl_caption=\"\" title=\"\"><img decoding=\"async\" loading=\"lazy\" class=\"alignnone size-full wp-image-6524\" src=\"http:\/\/www.turismoslovacchia.it\/wp-content\/uploads\/bratis-michalska_jlascar-cc-by-2.0.jpg\" alt=\"\" width=\"720\" height=\"443\" srcset=\"https:\/\/www.turismoslovacchia.it\/wp-content\/uploads\/bratis-michalska_jlascar-cc-by-2.0.jpg 720w, https:\/\/www.turismoslovacchia.it\/wp-content\/uploads\/bratis-michalska_jlascar-cc-by-2.0-300x185.jpg 300w, https:\/\/www.turismoslovacchia.it\/wp-content\/uploads\/bratis-michalska_jlascar-cc-by-2.0-600x369.jpg 600w, https:\/\/www.turismoslovacchia.it\/wp-content\/uploads\/bratis-michalska_jlascar-cc-by-2.0-400x246.jpg 400w, https:\/\/www.turismoslovacchia.it\/wp-content\/uploads\/bratis-michalska_jlascar-cc-by-2.0-100x62.jpg 100w, https:\/\/www.turismoslovacchia.it\/wp-content\/uploads\/bratis-michalska_jlascar-cc-by-2.0-200x123.jpg 200w, https:\/\/www.turismoslovacchia.it\/wp-content\/uploads\/bratis-michalska_jlascar-cc-by-2.0-150x92.jpg 150w\" sizes=\"(max-width: 720px) 100vw, 720px\" \/><\/a><\/p>\n<p style=\"text-align: justify;\">Sabato mattina alle ore 10.00, sotto la Porta di San Michele (Michalsk\u00fd dvor), saranno aperte simbolicamente le porte della citt\u00e0, e gruppi di scherma storica, cavalieri, arcieri, moschettieri, musicisti, ballerini e artigiani con i loro costumi e decorazioni ricreeranno l&#8217;atmosfera e lo spirito del Rinascimento sul palcoscenico delle vie della citt\u00e0.<\/p>\n<p style=\"text-align: justify;\">Secondo la tradizione antica la citt\u00e0 apriva le sue porte il giorno di San Giorgio: dal XIII secolo la borghesia poteva liberamente eleggere il sindaco e i consiglieri grazie a un privilegio raro in tutta l\u2019Europa. L&#8217;elezione veniva accompagnata da feste e riunioni informali dei rappresentanti della citt\u00e0 e dei cittadini.<\/p>\n<p style=\"text-align: justify;\"><a href=\"http:\/\/www.turismoslovacchia.it\/wp-content\/uploads\/bratis-hlavne_JoJan-cc-by.jpg\" data-rel=\"lightbox-gallery-N1gScCF5\" data-rl_title=\"\" data-rl_caption=\"\" title=\"\"><img decoding=\"async\" loading=\"lazy\" class=\"alignnone size-full wp-image-8030\" src=\"http:\/\/www.turismoslovacchia.it\/wp-content\/uploads\/bratis-hlavne_JoJan-cc-by.jpg\" alt=\"\" width=\"720\" height=\"443\" srcset=\"https:\/\/www.turismoslovacchia.it\/wp-content\/uploads\/bratis-hlavne_JoJan-cc-by.jpg 720w, https:\/\/www.turismoslovacchia.it\/wp-content\/uploads\/bratis-hlavne_JoJan-cc-by-300x185.jpg 300w, https:\/\/www.turismoslovacchia.it\/wp-content\/uploads\/bratis-hlavne_JoJan-cc-by-400x246.jpg 400w, https:\/\/www.turismoslovacchia.it\/wp-content\/uploads\/bratis-hlavne_JoJan-cc-by-100x62.jpg 100w, https:\/\/www.turismoslovacchia.it\/wp-content\/uploads\/bratis-hlavne_JoJan-cc-by-200x123.jpg 200w, https:\/\/www.turismoslovacchia.it\/wp-content\/uploads\/bratis-hlavne_JoJan-cc-by-150x92.jpg 150w\" sizes=\"(max-width: 720px) 100vw, 720px\" \/><\/a><\/p>\n<p style=\"text-align: justify;\">Durante &#8220;Bratislava per tutti&#8221; si possono visitare luoghi normalmente non accessibili al pubblico: alcune stanze dello storico Palazzo dei Primati che sono utilizzate dal sindaco della citt\u00e0, la cappella di San Giacomo (Sv\u00e4t\u00fd Jakub) davanti al Mercato Vecchio (Star\u00e1 tr\u017enica) e l&#8217;isola Siho\u0165 sul Danubio, dove si pu\u00f2 vedere il pi\u00f9 antico pozzo, risalente al 1886, e un tunnel sotto il ramo del Danubio chiamato Karlovesk\u00e9 rameno.<\/p>\n<p style=\"text-align: justify;\">Per questo fine settimana \u00e8 possibile visitare con ingresso gratuito i musei comunali tematici, come il Museo della Citt\u00e0 di Bratislava, il Museo di Storia della Citt\u00e0 sito nel Vecchio Municipio (Star\u00e1 radnica), il Museo della Farmacia \u201cAl granchio rosso\u201d (Lek\u00e1re\u0148 U \u010derven\u00e9ho raka) o il Museo degli Orologi (M\u00fazeum hod\u00edn) nel delizioso edificio in stile rococ\u00f2 denominato Casa del Buon Pastore (Dom U dobr\u00e9ho pastiera <em>&#8211; foto sotto<\/em>).<\/p>\n<p style=\"text-align: justify;\"><a href=\"http:\/\/www.turismoslovacchia.it\/wp-content\/uploads\/bratis-museo-orolog-buonpastore_Frettie-cc-by.jpg\" data-rel=\"lightbox-gallery-N1gScCF5\" data-rl_title=\"\" data-rl_caption=\"\" title=\"\"><img decoding=\"async\" loading=\"lazy\" class=\"alignnone size-full wp-image-8033\" src=\"http:\/\/www.turismoslovacchia.it\/wp-content\/uploads\/bratis-museo-orolog-buonpastore_Frettie-cc-by.jpg\" alt=\"\" width=\"720\" height=\"443\" srcset=\"https:\/\/www.turismoslovacchia.it\/wp-content\/uploads\/bratis-museo-orolog-buonpastore_Frettie-cc-by.jpg 720w, https:\/\/www.turismoslovacchia.it\/wp-content\/uploads\/bratis-museo-orolog-buonpastore_Frettie-cc-by-300x185.jpg 300w, https:\/\/www.turismoslovacchia.it\/wp-content\/uploads\/bratis-museo-orolog-buonpastore_Frettie-cc-by-400x246.jpg 400w, https:\/\/www.turismoslovacchia.it\/wp-content\/uploads\/bratis-museo-orolog-buonpastore_Frettie-cc-by-100x62.jpg 100w, https:\/\/www.turismoslovacchia.it\/wp-content\/uploads\/bratis-museo-orolog-buonpastore_Frettie-cc-by-200x123.jpg 200w, https:\/\/www.turismoslovacchia.it\/wp-content\/uploads\/bratis-museo-orolog-buonpastore_Frettie-cc-by-150x92.jpg 150w\" sizes=\"(max-width: 720px) 100vw, 720px\" \/><\/a><\/p>\n<p style=\"text-align: justify;\">Gli sportivi potranno nuotare o pattinare nei tanti impianti sportivi della citt\u00e0, come la piscina Pasienky o l\u2019Arena Ondreja Nepelu.<\/p>\n<p style=\"text-align: justify;\">L&#8217;Ufficio del Turismo di Bratislava ha poi organizzato una serie di escursioni a tema in lingua slovacca, inglese e tedesca. La visita guidata di Bratislava &#8211; Pressburg &#8211; Pozsony in inglese che dura 90 minuti inizia sia sabato che domenica alle ore 14.00 sulla Piazza Primaziale (Primaci\u00e1lne n\u00e1mestie) dove ha sede il comune.<\/p>\n<p style=\"text-align: justify;\">Una parte importante della manifestazione sono i mercati di vario genere: di artigianato nel cortile del Vecchio Municipio, di libri nel cortile della Biblioteca Comunale di via Klarisk\u00e1 18, di prodotti locali sabato sulla piazza Jakubovo e anche nel vecchio mercato coperto Star\u00e1 tr\u017enica, dove domenica si svolge il Festival Fj\u00fa\u017en, evento della comunit\u00e0 internazionale per mostrare la cultura e le attivit\u00e0 delle persone di diverse nazioni che vivono a Bratislava. Ci saranno mostre, danza e spettacoli musicali, discussioni, la stand-up comedy in inglese \u201cJoke\u2019s On You\u201d, e una presentazione di un nuovo centro comunitario per gli stranieri da parte dell\u2019organizzazione non-profit &#8220;Internationals Bratislava&#8221;.<\/p>\n<p style=\"text-align: justify;\"><a href=\"http:\/\/www.turismoslovacchia.it\/wp-content\/uploads\/Bratisl-centro_guillaumespeurt-cc-by-sa.jpg\" data-rel=\"lightbox-gallery-N1gScCF5\" data-rl_title=\"\" data-rl_caption=\"\" title=\"\"><img decoding=\"async\" loading=\"lazy\" class=\"alignnone size-full wp-image-8032\" src=\"http:\/\/www.turismoslovacchia.it\/wp-content\/uploads\/Bratisl-centro_guillaumespeurt-cc-by-sa.jpg\" alt=\"\" width=\"720\" height=\"443\" srcset=\"https:\/\/www.turismoslovacchia.it\/wp-content\/uploads\/Bratisl-centro_guillaumespeurt-cc-by-sa.jpg 720w, https:\/\/www.turismoslovacchia.it\/wp-content\/uploads\/Bratisl-centro_guillaumespeurt-cc-by-sa-300x185.jpg 300w, https:\/\/www.turismoslovacchia.it\/wp-content\/uploads\/Bratisl-centro_guillaumespeurt-cc-by-sa-400x246.jpg 400w, https:\/\/www.turismoslovacchia.it\/wp-content\/uploads\/Bratisl-centro_guillaumespeurt-cc-by-sa-100x62.jpg 100w, https:\/\/www.turismoslovacchia.it\/wp-content\/uploads\/Bratisl-centro_guillaumespeurt-cc-by-sa-200x123.jpg 200w, https:\/\/www.turismoslovacchia.it\/wp-content\/uploads\/Bratisl-centro_guillaumespeurt-cc-by-sa-150x92.jpg 150w\" sizes=\"(max-width: 720px) 100vw, 720px\" \/><\/a><\/p>\n<p style=\"text-align: justify;\">L\u2019iniziativa &#8220;Bratislava per tutti&#8221; include anche programmi per i grandi parchi forestali della cintura \u00a0comunale come \u017delezn\u00e1 Studienka e Partiz\u00e1nska Luka, dove ci saranno tra le altre cose dimostrazioni di apicoltura, di falconeria e di scultura in legno. Sabato lo Zoo di Bratislava apre alle 14.00 il nuovo recinto per i lupi eurasiatici rinnovato dopo molte attese.<\/p>\n<p style=\"text-align: justify;\">Tutti gli eventi sono gratuiti per i cittadini e I visitatori di Bratislava. Solo per alcuni eventi gli ingressi (gratuiti) saranno a numero limitato, come ad esempio le gite in barca sul Danubio o lo spettacolo teatrale &#8220;I bambini e il lupo&#8221;. Autobus e tram storici segnati con una H saranno gratuiti. Lo storico autobus Karosa \u0160L 11 sar\u00e0 attivo sulla linea H25 dal Ponte SNP verso la frontiera con l\u2019Austria (valico di Rajka) e si pu\u00f2 usare per visitare il bunker militare BS-4, uno dei siti pi\u00f9 importanti di difesa sull\u2019ex Cortina di ferro.<\/p>\n<p style=\"text-align: justify;\">Il programma completo dell\u2019evento \u00e8 disponibile <a href=\"http:\/\/www.bratislava.sk\/VismoOnline_ActionScripts\/File.ashx?id_org=700000&amp;id_dokumenty=11053537\">in PDF a questo link<\/a> in slovacco oppure <a href=\"http:\/\/www.visitbratislava.com\/events\/bratislava-city-days-2017-walking-tours\/\">in inglese sul sito visitbratislava.com<\/a>.<\/p>\n<p style=\"text-align: justify;\">(Fonte BDE)<\/p>\n<h3><\/h3>\n<div style=\"background: #ffffff; padding: 5px 10px; text-align: justify;\"><em><span style=\"font-size: 11px;\"><span style=\"font-family: tahoma,geneva,sans-serif;\"><span style=\"color: #808080;\">Foto:\u00a0<a style=\"color: #808080;\" href=\"http:\/\/www.panoramio.com\/photo\/124683093\">ktysi<\/a><\/span><span style=\"color: #808080;\"> cc-by, <\/span><a style=\"color: #808080;\" href=\"https:\/\/www.flickr.com\/photos\/jlascar\/10267056625\/\"><span style=\"color: #808080;\">JLascar<\/span><\/a><span style=\"color: #808080;\"> cc-by, <\/span><a style=\"color: #808080;\" href=\"https:\/\/commons.wikimedia.org\/wiki\/Category:Old_Town_Hall,_Bratislava#\/media\/File:Bratislava_080.jpg\" data-rel=\"lightbox-gallery-N1gScCF5\" data-rl_title=\"\" data-rl_caption=\"\" title=\"\"><span style=\"color: #808080;\">JoJan<\/span><\/a><span style=\"color: #808080;\"> cc-by ,<\/span><a style=\"color: #808080;\" href=\"https:\/\/commons.wikimedia.org\/wiki\/File:%C5%BDidovsk%C3%A1_street_in_Bratislava,_photo_taken_from_Starom%C4%9Bstsk%C3%A1_street.jpg\" data-rel=\"lightbox-gallery-N1gScCF5\" data-rl_title=\"\" data-rl_caption=\"\" title=\"\"><span style=\"color: #808080;\">Frettie<\/span><\/a><span style=\"color: #808080;\"> cc-by, <\/span><a style=\"color: #808080;\" href=\"https:\/\/www.flickr.com\/photos\/guillaumespeurt\/10099180193\/\"><span style=\"color: #808080;\">guillaumespeurt<\/span><\/a><span style=\"color: #808080;\"> cc-by-sa<\/span><\/span><\/span><\/em><\/div>\n<p>&nbsp;<\/p>\n","protected":false},"excerpt":{"rendered":"<p>Nei giorni 22 e 23 aprile a Bratislava si possono visitare musei e gallerie e godere di visite guidate a bordo del tram storico in modo completamente gratuito. La manifestazione &#8220;Bratislava per tutti\/Bratislava City Days 2017&#8221;, che gi\u00e0 negli anni scorsi ha registrato un afflusso di oltre 150mila persone, comprende diversi programmi ed eventi nel [&hellip;]<\/p>\n","protected":false},"author":2,"featured_media":6602,"comment_status":"open","ping_status":"open","sticky":false,"template":"","format":"standard","meta":[],"categories":[3,5,1],"tags":[190,46,9,44,174,38,31,649,257,461],"aioseo_notices":[],"jetpack_featured_media_url":"https:\/\/www.turismoslovacchia.it\/wp-content\/uploads\/bratis-turist_krysi@-124683093_@pano-cc-by.jpg","jetpack_sharing_enabled":true,"jetpack-related-posts":[{"id":8041,"url":"https:\/\/www.turismoslovacchia.it\/?p=8041","url_meta":{"origin":8029,"position":0},"title":"Aprile 2017: gli eventi a Bratislava e dintorni","date":"12 Aprile 2017","format":false,"excerpt":"Con l'arrivo della bella stagione ripartono gli eventi all'aria aperta in tutta la regione di Bratislava. Segnaliamo qui quelli pi\u00f9 rilevanti della seconda met\u00e0 del mese, tra i quali l'apertura ufficiale della stagione turistica nella capitale nel weekend 22-23 aprile, con musei e visite guidate gratuite, e altre attivit\u00e0 tra\u2026","rel":"","context":"In &quot;Articoli&quot;","img":{"alt_text":"","src":"https:\/\/i0.wp.com\/www.turismoslovacchia.it\/wp-content\/uploads\/bratisl-pano_FB-BratislavaRegionTourism.jpg?resize=350%2C200&ssl=1","width":350,"height":200},"classes":[]},{"id":1466,"url":"https:\/\/www.turismoslovacchia.it\/?p=1466","url_meta":{"origin":8029,"position":1},"title":"Cultura: le Giornate Europee del Patrimonio in Slovacchia dal 14 al 23 settembre","date":"13 Settembre 2012","format":false,"excerpt":"Le Giornate Europee del Patrimonio, evento pan-europeo organizzato da Consiglio d'Europa e Commissione Europea che si svolge tutti gli anni nel mese di settembre, si tiene anche quest\u2019anno in Slovacchia sotto l\u2019acronimo DEKD - Dni eur\u00f3pskeho kult\u00farneho dedi\u010dstva. L\u2019evento ha l\u2019obiettivo di richiamare l'attenzione del grande pubblico sul valore del\u2026","rel":"","context":"In &quot;Eventi&quot;","img":{"alt_text":"","src":"https:\/\/i0.wp.com\/www.turismoslovacchia.it\/wp-content\/uploads\/Reduta_SlovenskaFilharmonia.jpg?resize=350%2C200&ssl=1","width":350,"height":200},"classes":[]},{"id":10249,"url":"https:\/\/www.turismoslovacchia.it\/?p=10249","url_meta":{"origin":8029,"position":2},"title":"Sabato 14 in Slovacchia la Notte dei Musei e delle Gallerie","date":"12 Maggio 2022","format":false,"excerpt":"Sabato 14 maggio si terr\u00e0 la Notte Europea dei Musei, cui parteciperanno anche 200 istituzioni museali e gallerie in tutta la Slovacchia. Negli ultimi due anni l\u2019evento si \u00e8 concentrato principalmente online a causa della situazione pandemica, ma finalmente quest\u2019anno i visitatori potranno partecipare di nuovo di persona. La 18esima\u2026","rel":"","context":"In &quot;Articoli&quot;","img":{"alt_text":"","src":"https:\/\/i0.wp.com\/www.turismoslovacchia.it\/wp-content\/uploads\/nottemusei22.jpg?resize=350%2C200&ssl=1","width":350,"height":200},"classes":[]},{"id":4491,"url":"https:\/\/www.turismoslovacchia.it\/?p=4491","url_meta":{"origin":8029,"position":3},"title":"Bratislava, weekend di porte aperte. Appuntamenti culturali e non nella capitale","date":"24 Aprile 2015","format":false,"excerpt":"Da oggi e per tutto il weekend si terranno a Bratislava decine di eventi nell\u2019ambito della manifestazione \u201cBratislava pre v\u0161etk\u00fdch\u201d (Bratislava per tutti) per la conoscenza della citt\u00e0 e dei suoi cittadini, con visita libera delle istituzioni della capitale, anche di quelle normalmente inaccessibili. Tra i diversi eventi in programma\u2026","rel":"","context":"In &quot;Eventi&quot;","img":{"alt_text":"","src":"https:\/\/i0.wp.com\/www.turismoslovacchia.it\/wp-content\/uploads\/bratislava_event_bkis.sk_.jpg?resize=350%2C200&ssl=1","width":350,"height":200},"classes":[]},{"id":8308,"url":"https:\/\/www.turismoslovacchia.it\/?p=8308","url_meta":{"origin":8029,"position":4},"title":"Bratislava si avvicina a 1 milione e mezzo di visitatori nel 2017","date":"1 Novembre 2017","format":false,"excerpt":"Anche quest\u2019anno la citt\u00e0 di Bratislava continua a incrementare i precedenti record di presenze turistiche. Dopo aver superato per la prima volta il milione di turisti due anni fa, nei primi sette mesi dell\u2019anno segna un incremento di turisti di oltre l\u20198%, con i pernottamenti cresciuti di quasi il 6%.\u2026","rel":"","context":"In &quot;Articoli&quot;","img":{"alt_text":"","src":"https:\/\/i0.wp.com\/www.turismoslovacchia.it\/wp-content\/uploads\/bratisl-pano_FB-BratislavaRegionTourism.jpg?resize=350%2C200&ssl=1","width":350,"height":200},"classes":[]},{"id":6135,"url":"https:\/\/www.turismoslovacchia.it\/?p=6135","url_meta":{"origin":8029,"position":5},"title":"Nuova Bratislava City Card: pi\u00f9 servizi per i turisti della capitale slovacca","date":"18 Aprile 2016","format":false,"excerpt":"\u00c8 stata lanciata nei giorni scorsi la nuova versione della carta turistica \u201cBratislava City Card\u201d, che promette una pi\u00f9 ricca offerta di servizi, trasporti gratuiti in tutta la citt\u00e0 e sconti (dal 5 al 50%) per gli ingressi in musei, gallerie e monumenti anche nella regione. I turisti potranno viaggiare\u2026","rel":"","context":"In &quot;Articoli&quot;","img":{"alt_text":"","src":"https:\/\/i0.wp.com\/www.turismoslovacchia.it\/wp-content\/uploads\/bratislavacitycard-bcc.jpg?resize=350%2C200&ssl=1","width":350,"height":200},"classes":[]}],"jetpack_shortlink":"https:\/\/wp.me\/p1oiY9-25v","_links":{"self":[{"href":"https:\/\/www.turismoslovacchia.it\/index.php?rest_route=\/wp\/v2\/posts\/8029"}],"collection":[{"href":"https:\/\/www.turismoslovacchia.it\/index.php?rest_route=\/wp\/v2\/posts"}],"about":[{"href":"https:\/\/www.turismoslovacchia.it\/index.php?rest_route=\/wp\/v2\/types\/post"}],"author":[{"embeddable":true,"href":"https:\/\/www.turismoslovacchia.it\/index.php?rest_route=\/wp\/v2\/users\/2"}],"replies":[{"embeddable":true,"href":"https:\/\/www.turismoslovacchia.it\/index.php?rest_route=%2Fwp%2Fv2%2Fcomments&post=8029"}],"version-history":[{"count":4,"href":"https:\/\/www.turismoslovacchia.it\/index.php?rest_route=\/wp\/v2\/posts\/8029\/revisions"}],"predecessor-version":[{"id":8037,"href":"https:\/\/www.turismoslovacchia.it\/index.php?rest_route=\/wp\/v2\/posts\/8029\/revisions\/8037"}],"wp:featuredmedia":[{"embeddable":true,"href":"https:\/\/www.turismoslovacchia.it\/index.php?rest_route=\/wp\/v2\/media\/6602"}],"wp:attachment":[{"href":"https:\/\/www.turismoslovacchia.it\/index.php?rest_route=%2Fwp%2Fv2%2Fmedia&parent=8029"}],"wp:term":[{"taxonomy":"category","embeddable":true,"href":"https:\/\/www.turismoslovacchia.it\/index.php?rest_route=%2Fwp%2Fv2%2Fcategories&post=8029"},{"taxonomy":"post_tag","embeddable":true,"href":"https:\/\/www.turismoslovacchia.it\/index.php?rest_route=%2Fwp%2Fv2%2Ftags&post=8029"}],"curies":[{"name":"wp","href":"https:\/\/api.w.org\/{rel}","templated":true}]}}