{"id":791,"date":"2011-03-04T22:23:53","date_gmt":"2011-03-04T21:23:53","guid":{"rendered":"http:\/\/www.turismoslovacchia.it\/?p=791"},"modified":"2015-05-15T17:27:20","modified_gmt":"2015-05-15T15:27:20","slug":"progetto-di-parco-giochi-da-1-milione-di-turisti-nella-regione-di-liptov","status":"publish","type":"post","link":"https:\/\/www.turismoslovacchia.it\/?p=791","title":{"rendered":"Progetto di parco giochi da 1 milione di turisti nella regione di Liptov"},"content":{"rendered":"<p style=\"text-align: justify;\"><img decoding=\"async\" loading=\"lazy\" class=\"size-full wp-image-793 alignnone\" title=\"parco divertimenti\" src=\"http:\/\/www.turismoslovacchia.it\/wp-content\/uploads\/parco-divertimenti.jpg\" alt=\"\" width=\"520\" height=\"320\" srcset=\"https:\/\/www.turismoslovacchia.it\/wp-content\/uploads\/parco-divertimenti.jpg 520w, https:\/\/www.turismoslovacchia.it\/wp-content\/uploads\/parco-divertimenti-300x185.jpg 300w, https:\/\/www.turismoslovacchia.it\/wp-content\/uploads\/parco-divertimenti-400x246.jpg 400w, https:\/\/www.turismoslovacchia.it\/wp-content\/uploads\/parco-divertimenti-100x62.jpg 100w, https:\/\/www.turismoslovacchia.it\/wp-content\/uploads\/parco-divertimenti-200x123.jpg 200w, https:\/\/www.turismoslovacchia.it\/wp-content\/uploads\/parco-divertimenti-150x92.jpg 150w\" sizes=\"(max-width: 520px) 100vw, 520px\" \/><\/p>\n<p style=\"text-align: justify;\">La societa&#8217; Tatra SPC3 intende costruire uno dei parchi divertimento a tema pi\u00f9 grandi in Europa centrale, nei pressi di Liptovsky Mikulas, nella regione di Zilina. Il progetto di investimento prevede la creazione di centinaia di posti di lavoro, migliaia di turisti e milioni di giro d\u2019affari nella regione di Liptov, nel nord-ovest della Slovacchia. Il via ai lavori potrebbe essere dato gi\u00e0 quest\u2019anno, come avrebbe affermato una fonte anonima vicina agli investitori. La Disneyland slovacca si chiamer\u00e0 \u201cGolden Age \/ Et\u00e0 dell&#8217;Oro\u201d e prevede di attrarre turisti riproducendo la storia locale.<\/p>\n<p style=\"text-align: justify;\">\u00abIl nome fa riferimento al periodo d\u2019oro della Slovacchia, l\u2019et\u00e0 medievale, tempi in cui fiorivano miti, superstizioni e leggende di cavalieri\u00bb, hanno scritto gli investitori nel progetto, dove si immagina un potenziale afflusso di circa un milione di turisti, tanti quanti hanno visitato la Slovacchia nel corso dello scorso anno.<\/p>\n<p style=\"text-align: justify;\">Il parco, il cui costo approssimativo dovrebbe avvicinarsi ai 100 milioni di euro e che dovrebbe occupare un\u2019area di 37 ettari, potrebbe aprire nell\u2019estate del 2013.\u00a0\u00abIl turismo in Slovacchia \u00e8 uno dei settori che ancora ricevono scarsa attenzione dagli investitori, ma \u00e8 uno dei campi che hanno anche il maggior potenziale di sviluppo\u00bb, ha detto Zuzana Nemcova dell&#8217;ufficio stampa dell\u2019Agenzia slovacca per il Turismo SACR.<\/p>\n<p style=\"text-align: justify;\">(Fonte HN)<\/p>\n","protected":false},"excerpt":{"rendered":"<p>La societa&#8217; Tatra SPC3 intende costruire uno dei parchi divertimento a tema pi\u00f9 grandi in Europa centrale, nei pressi di Liptovsky Mikulas, nella regione di Zilina. Il progetto di investimento prevede la creazione di centinaia di posti di lavoro, migliaia di turisti e milioni di giro d\u2019affari nella regione di Liptov, nel nord-ovest della Slovacchia. [&hellip;]<\/p>\n","protected":false},"author":2,"featured_media":793,"comment_status":"open","ping_status":"open","sticky":false,"template":"","format":"standard","meta":[],"categories":[3,1],"tags":[148,116,520,147,145,143,603,242,146,26],"aioseo_notices":[],"jetpack_featured_media_url":"https:\/\/www.turismoslovacchia.it\/wp-content\/uploads\/parco-divertimenti.jpg","jetpack_sharing_enabled":true,"jetpack-related-posts":[{"id":8502,"url":"https:\/\/www.turismoslovacchia.it\/?p=8502","url_meta":{"origin":791,"position":0},"title":"Cresce ancora il numero di turisti in Slovacchia:\u00a0+4,4% nel primo trimestre","date":"13 Luglio 2018","format":false,"excerpt":"Nel primo trimestre di quest'anno sono stati il 4,4% in pi\u00f9 i turisti che hanno trascorso una vacanza in Slovacchia per un totale di 1,2 milioni di presenze. Dopo il record assoluto dello scorso anno, che ha registrato nei dodici mesi del 2017 per la prima volta 5,4 milioni di\u2026","rel":"","context":"In &quot;Articoli&quot;","img":{"alt_text":"","src":"https:\/\/i0.wp.com\/www.turismoslovacchia.it\/wp-content\/uploads\/Liptov_zilinskyturistickykraj.sk_.jpg?resize=350%2C200&ssl=1","width":350,"height":200},"classes":[]},{"id":947,"url":"https:\/\/www.turismoslovacchia.it\/?p=947","url_meta":{"origin":791,"position":1},"title":"SACR: nuovo film promozionale per i turisti in occasione del Campionato di hockey","date":"2 Maggio 2011","format":false,"excerpt":"L\u2019Agenzia Slovacca per il Turismo (SACR) ha presentato un nuovo filmato per promuovere la Slovacchia in occasione dell\u2019inizio dei Campionati del Mondo di hockey su ghiaccio che si giocano in Slovacchia in questi giorni. Il filmato viene proiettato sui megaschermi della Orange Arena di Bratislava e della Steel Arena di\u2026","rel":"","context":"In &quot;Articoli&quot;","img":{"alt_text":"http:\/\/www.turismoslovacchia.it\/wp-admin\/media-upload.php?type=image&tab=library&post_id=1470&post_mime_type=&s=bardej&m=0#","src":"https:\/\/i0.wp.com\/www.turismoslovacchia.it\/wp-content\/uploads\/Bardejov-Slovacchia-flickrbarry_432.jpg?resize=350%2C200&ssl=1","width":350,"height":200},"classes":[]},{"id":8985,"url":"https:\/\/www.turismoslovacchia.it\/?p=8985","url_meta":{"origin":791,"position":2},"title":"Turismo in aumento in Slovacchia, +4,1% nel 2018","date":"13 Giugno 2019","format":false,"excerpt":"Il numero di visitatori in Slovacchia nel 2018\u00a0\u00e8 aumentato del 4,1%\u00a0secondo l'Associazione slovacca delle agenzie di viaggio e dei tour operator. Dei 5,6 milioni totali, 3,3 milioni erano slovacchi, e il resto stranieri.\u00a0La gran parte dei turisti era diretta a Bratislava, Poprad, Liptovsk\u00fd Mikul\u00e1\u0161, \u017dilina e Ko\u0161ice. La regione di\u2026","rel":"","context":"In &quot;Articoli&quot;","img":{"alt_text":"","src":"https:\/\/i0.wp.com\/www.turismoslovacchia.it\/wp-content\/uploads\/bratis-turist_krysi@-124683093_@pano-cc-by.jpg?resize=350%2C200&ssl=1","width":350,"height":200},"classes":[]},{"id":8321,"url":"https:\/\/www.turismoslovacchia.it\/?p=8321","url_meta":{"origin":791,"position":3},"title":"Cresce il numero di turisti in Slovacchia: a fine agosto erano 3,7 milioni","date":"21 Novembre 2017","format":false,"excerpt":"\u00a0 Alla fine di agosto 2017 erano\u00a03,71 milioni i turisti ospitati in Slovacchia quest'anno, l'8,2% in pi\u00f9 (300 mila persone) rispetto all\u2019anno precedente. Si tratta, dicono alla sezione turistica del ministero dei Trasporti e Sviluppo regionale,\u00a0di un chiaro segno che la stagione estiva ha avuto successo, superando il record dell'anno\u2026","rel":"","context":"In &quot;Articoli&quot;","img":{"alt_text":"Castello di Orava","src":"https:\/\/i0.wp.com\/www.turismoslovacchia.it\/wp-content\/uploads\/2010\/10\/Castello-di-Orava-Slovacchia-e1483010993710.jpg?resize=350%2C200&ssl=1","width":350,"height":200},"classes":[]},{"id":3890,"url":"https:\/\/www.turismoslovacchia.it\/?p=3890","url_meta":{"origin":791,"position":4},"title":"Arnold torna a casa. Aquila rientra in Slovacchia dopo lo sverno in Sudafrica a 8000 km di distanza","date":"29 Aprile 2014","format":false,"excerpt":"Un esemplare maschio di Aquila anatraia minore (detta anche Aquila pomarina) ha catturato i cuori degli slovacchi con il suo viaggio migratorio, che l\u2019ha riportato in Slovacchia dopo il soggiorno invernale nell\u2019Africa sub-equatoriale. Le centinaia di bird-watchers in tutto il paese che hanno seguito la migrazione in diretta via Internet\u2026","rel":"","context":"In &quot;Articoli&quot;","img":{"alt_text":"","src":"https:\/\/i0.wp.com\/www.turismoslovacchia.it\/wp-content\/uploads\/arnold_video_tanap.sk_.jpg?resize=350%2C200&ssl=1","width":350,"height":200},"classes":[]},{"id":4351,"url":"https:\/\/www.turismoslovacchia.it\/?p=4351","url_meta":{"origin":791,"position":5},"title":"Bratislava e la Regione di \u017dilina su Kilimangiaro (RAI 3) &#8211; Video","date":"5 Gennaio 2015","format":false,"excerpt":"Andato in onda ieri 4 gennaio, \u00e8 ora disponibile su YouTube grazie a Jaro (Jaruskot TalaPhotography) che lo ha estratto, il servizio di Kilimangiaro sulla Slovacchia. Dopo un breve focus sulla capitale Bratislava, il video \u00e8 puntato innanzitutto su alcune localit\u00e0 della regione di\u00a0\u017dilina. Il servizio di Kilimangiaro sulla Slovacchia:\u2026","rel":"","context":"In &quot;Articoli&quot;","img":{"alt_text":"","src":"https:\/\/i0.wp.com\/www.turismoslovacchia.it\/wp-content\/uploads\/kilim02_jasna.jpg?resize=350%2C200&ssl=1","width":350,"height":200},"classes":[]}],"jetpack_shortlink":"https:\/\/wp.me\/p1oiY9-cL","_links":{"self":[{"href":"https:\/\/www.turismoslovacchia.it\/index.php?rest_route=\/wp\/v2\/posts\/791"}],"collection":[{"href":"https:\/\/www.turismoslovacchia.it\/index.php?rest_route=\/wp\/v2\/posts"}],"about":[{"href":"https:\/\/www.turismoslovacchia.it\/index.php?rest_route=\/wp\/v2\/types\/post"}],"author":[{"embeddable":true,"href":"https:\/\/www.turismoslovacchia.it\/index.php?rest_route=\/wp\/v2\/users\/2"}],"replies":[{"embeddable":true,"href":"https:\/\/www.turismoslovacchia.it\/index.php?rest_route=%2Fwp%2Fv2%2Fcomments&post=791"}],"version-history":[{"count":0,"href":"https:\/\/www.turismoslovacchia.it\/index.php?rest_route=\/wp\/v2\/posts\/791\/revisions"}],"wp:featuredmedia":[{"embeddable":true,"href":"https:\/\/www.turismoslovacchia.it\/index.php?rest_route=\/wp\/v2\/media\/793"}],"wp:attachment":[{"href":"https:\/\/www.turismoslovacchia.it\/index.php?rest_route=%2Fwp%2Fv2%2Fmedia&parent=791"}],"wp:term":[{"taxonomy":"category","embeddable":true,"href":"https:\/\/www.turismoslovacchia.it\/index.php?rest_route=%2Fwp%2Fv2%2Fcategories&post=791"},{"taxonomy":"post_tag","embeddable":true,"href":"https:\/\/www.turismoslovacchia.it\/index.php?rest_route=%2Fwp%2Fv2%2Ftags&post=791"}],"curies":[{"name":"wp","href":"https:\/\/api.w.org\/{rel}","templated":true}]}}