{"id":719,"date":"2010-12-20T12:37:17","date_gmt":"2010-12-20T11:37:17","guid":{"rendered":"http:\/\/www.turismoslovacchia.it\/?p=719"},"modified":"2015-05-15T17:30:16","modified_gmt":"2015-05-15T15:30:16","slug":"alti-tatra-apertura-ufficiale-della-stagione-invernale-a-strbske-pleso","status":"publish","type":"post","link":"https:\/\/www.turismoslovacchia.it\/?p=719","title":{"rendered":"Alti Tatra: apertura ufficiale della stagione invernale a Strbske Pleso"},"content":{"rendered":"<figure id=\"attachment_722\" aria-describedby=\"caption-attachment-722\" style=\"width: 520px\" class=\"wp-caption alignnone\"><a href=\"http:\/\/www.turismoslovacchia.it\/wp-content\/uploads\/Il-complesso-sciistico-di-Strbske-Pleso-negli-Alti-Tatra.jpg\" data-rel=\"lightbox-gallery-38dvRmKM\" data-rl_title=\"\" data-rl_caption=\"\"><img decoding=\"async\" loading=\"lazy\" class=\"size-full wp-image-722\" title=\"\" src=\"http:\/\/www.turismoslovacchia.it\/wp-content\/uploads\/Il-complesso-sciistico-di-Strbske-Pleso-negli-Alti-Tatra.jpg\" alt=\"\" width=\"520\" height=\"370\" srcset=\"https:\/\/www.turismoslovacchia.it\/wp-content\/uploads\/Il-complesso-sciistico-di-Strbske-Pleso-negli-Alti-Tatra.jpg 770w, https:\/\/www.turismoslovacchia.it\/wp-content\/uploads\/Il-complesso-sciistico-di-Strbske-Pleso-negli-Alti-Tatra-300x213.jpg 300w, https:\/\/www.turismoslovacchia.it\/wp-content\/uploads\/Il-complesso-sciistico-di-Strbske-Pleso-negli-Alti-Tatra-600x426.jpg 600w, https:\/\/www.turismoslovacchia.it\/wp-content\/uploads\/Il-complesso-sciistico-di-Strbske-Pleso-negli-Alti-Tatra-400x284.jpg 400w, https:\/\/www.turismoslovacchia.it\/wp-content\/uploads\/Il-complesso-sciistico-di-Strbske-Pleso-negli-Alti-Tatra-100x71.jpg 100w, https:\/\/www.turismoslovacchia.it\/wp-content\/uploads\/Il-complesso-sciistico-di-Strbske-Pleso-negli-Alti-Tatra-176x125.jpg 176w, https:\/\/www.turismoslovacchia.it\/wp-content\/uploads\/Il-complesso-sciistico-di-Strbske-Pleso-negli-Alti-Tatra-150x107.jpg 150w\" sizes=\"(max-width: 520px) 100vw, 520px\" \/><\/a><figcaption id=\"caption-attachment-722\" class=\"wp-caption-text\">Il complesso sciistico di Strbske Pleso negli Alti Tatra<\/figcaption><\/figure>\n<p style=\"text-align: justify;\">Anche se sciatori e snowboarder hanno gia&#8217; potuto godere della neve sugli Alti Tatra ormai da due settimane, \u00e8 solo Sabato 18 Dicembre che la stagione invernale di quest\u2019anno \u00e8 stata ufficialmente aperta sulle pi\u00f9 alte montagne della Slovacchia. La cerimonia di apertura, avvenuta nel centro sciistico di Strbske Pleso, \u00e8 stata caratterizzata da un tradizionale \u2018battesimo del fiocco di neve\u2019, insieme con il voto solenne dei maestri di sci. Turisti e visitatori presenti alla cerimonia hanno anche visto la nuova mascotte della localit\u00e0 Snow Park \u2013 un topo chiamato Lola.<\/p>\n<p style=\"text-align: justify;\">Il Sindaco del villaggio Strba degli Alti Tatra, Michal Sykora, ritiene che la stagione invernale di quest\u2019anno sar\u00e0 migliore di quella dell\u2019anno scorso. \u00abLa neve \u00e8 arrivata prima della fine dell\u2019anno, ma sono confidente che quest\u2019inverno sar\u00e0 pi\u00f9 intenso, e non ci mancher\u00e0 la neve, specialmente sulle piste da sci\u00bb, ha detto. Inoltre, ha annunciato, quest\u2019anno sono disponibili nuovi servizi sugli Alti Tatra, il che dovrebbe aiutare i turisti che vengono in montagna pi\u00f9 a loro agio che negli ultimi anni.<\/p>\n<p>(Fonte <a href=\"http:\/\/www.buongiornoslovacchia.sk\" target=\"_blank\">buongiornoslovacchia.sk<\/a>)<\/p>\n","protected":false},"excerpt":{"rendered":"<p>Anche se sciatori e snowboarder hanno gia&#8217; potuto godere della neve sugli Alti Tatra ormai da due settimane, \u00e8 solo Sabato 18 Dicembre che la stagione invernale di quest\u2019anno \u00e8 stata ufficialmente aperta sulle pi\u00f9 alte montagne della Slovacchia. La cerimonia di apertura, avvenuta nel centro sciistico di Strbske Pleso, \u00e8 stata caratterizzata da un [&hellip;]<\/p>\n","protected":false},"author":2,"featured_media":722,"comment_status":"open","ping_status":"open","sticky":false,"template":"","format":"standard","meta":[],"categories":[3,1],"tags":[33,111,101,130,103,108,127],"aioseo_notices":[],"jetpack_featured_media_url":"https:\/\/www.turismoslovacchia.it\/wp-content\/uploads\/Il-complesso-sciistico-di-Strbske-Pleso-negli-Alti-Tatra.jpg","jetpack_sharing_enabled":true,"jetpack-related-posts":[{"id":713,"url":"https:\/\/www.turismoslovacchia.it\/?p=713","url_meta":{"origin":719,"position":0},"title":"Stagione sciistica in Slovacchia a pieno ritmo, pi\u00f9 turisti degli ultimi due inverni","date":"4 Gennaio 2011","format":false,"excerpt":"Dopo le due ultime stagioni invernali che sono state decisamente in rosso per le stazioni sciistiche slovacche, scrive il quotidiano Pravda oggi, le montagne sono ora di nuovo piene di turisti e sciatori. Durante le vacanze di Natale e Capodanno, il numero di turisti sui monti Tatra \u00e8 cresciuto del\u2026","rel":"","context":"In &quot;Articoli&quot;","img":{"alt_text":"","src":"https:\/\/i0.wp.com\/www.turismoslovacchia.it\/wp-content\/uploads\/sciare-in-slovacchia-foto_slovakia-travel.jpg?resize=350%2C200&ssl=1","width":350,"height":200},"classes":[]},{"id":1064,"url":"https:\/\/www.turismoslovacchia.it\/?p=1064","url_meta":{"origin":719,"position":1},"title":"Nel freddo delle Alpi slovacche gli sport invernali hanno il loro posto assicurato","date":"24 Ottobre 2011","format":false,"excerpt":"Sono passati i tempi in cui l\u2019Europa centro-orientale era considerata una meta di serie B. Centri del turismo internazionale come Budapest o Praga attirano milioni di visitatori, e anche gli interni dei diversi paesi, con le loro bellezze ancora in buona parte incontaminate incuriosiscono i turisti dell\u2019Occidente. Certo \u00e8 dura\u2026","rel":"","context":"In &quot;Articoli&quot;","img":{"alt_text":"","src":"https:\/\/i0.wp.com\/www.turismoslovacchia.it\/wp-content\/uploads\/sciare-in-Slovacchia-foto_residenceclub-sk.jpg?resize=350%2C200&ssl=1","width":350,"height":200},"classes":[]},{"id":8991,"url":"https:\/\/www.turismoslovacchia.it\/?p=8991","url_meta":{"origin":719,"position":2},"title":"Gli Alti Tatra slovacchi sono la destinazione \u2018Best in Europe 2019\u2019 di Lonely Planet","date":"3 Giugno 2019","format":false,"excerpt":"Il paesaggio degli Alti Tatra \u00e8 stato scelto per guidare la classifica \u201cBest in Europe 2019\u201d di Lonely Planet dedicata alle migliori destinazioni per le prossime vacanze estive. Non \u00e8 difficile capire le ragioni per cui gli esperti di viaggio della pi\u00f9 famosa guida\u00a0hanno scelto\u00a0il pi\u00f9 antico parco naturale della\u2026","rel":"","context":"In &quot;Articoli&quot;","img":{"alt_text":"","src":"https:\/\/i0.wp.com\/www.turismoslovacchia.it\/wp-content\/uploads\/altitatra-strbskeples_vendin-cc-by.jpg?resize=350%2C200&ssl=1","width":350,"height":200},"classes":[]},{"id":5925,"url":"https:\/\/www.turismoslovacchia.it\/?p=5925","url_meta":{"origin":719,"position":3},"title":"Le foto pi\u00f9 belle della Slovacchia in autunno","date":"22 Settembre 2015","format":false,"excerpt":"L'autunno in Slovacchia La Slovacchia ha un clima temperato, trovandosi nella zona climatica moderata settentrionale, in una posizione geografica, al centro dell'Europa continentale, e l'altitudine che sono i fattori chiave a influenzare il clima slovacco. Nelle pianure meridionali il clima \u00e8 pi\u00f9 caldo mentre lo \u00e8 meno al nord, sulle\u2026","rel":"","context":"In &quot;Articoli&quot;","img":{"alt_text":"","src":"https:\/\/i0.wp.com\/www.turismoslovacchia.it\/wp-content\/uploads\/Sulovske-skaly_Zilina_zilinskyturistickykraj.sk_.jpg?resize=350%2C200&ssl=1","width":350,"height":200},"classes":[]},{"id":277,"url":"https:\/\/www.turismoslovacchia.it\/?p=277","url_meta":{"origin":719,"position":4},"title":"Citt\u00e0 termali e spa in Slovacchia","date":"15 Ottobre 2010","format":false,"excerpt":"Si sapeva delle sorgenti minerali in Slovacchia da tempo immemorabile, e presto se ne sono scoperti i loro effetti medicinali. Molte di queste sorgenti hanno dato luogo a terme e alcune di loro sono diventate importanti centri terapeutici internazionali con le pi\u00f9 recenti e moderne apparecchiature per la terapia di\u2026","rel":"","context":"In &quot;Articoli&quot;","img":{"alt_text":"","src":"https:\/\/i0.wp.com\/www.turismoslovacchia.it\/wp-content\/uploads\/2010\/10\/Trencianske-Teplice-Slovacchia.jpg?resize=350%2C200&ssl=1","width":350,"height":200},"classes":[]},{"id":8206,"url":"https:\/\/www.turismoslovacchia.it\/?p=8206","url_meta":{"origin":719,"position":5},"title":"Pi\u00f9 di 19.000 persone hanno visitato il Parco Nazionale dei Tatra in un solo giorno","date":"12 Agosto 2017","format":false,"excerpt":"Secondo i risultati dell'ultimo censimento annuale sui propri visitatori, mercoled\u00ec 2 agosto ben 19.227 turisti hanno visitato il Parco Nazionale dei Tatra (TANAP), un vasto territorio alpino negli Alti Tatra, le pi\u00f9 alte montagne della Slovacchia. Tra le nazionalit\u00e0 dei visitatori, la pi\u00f9 numerosa era quella degli slovacchi, seguita da\u2026","rel":"","context":"In &quot;Articoli&quot;","img":{"alt_text":"","src":"https:\/\/i0.wp.com\/www.turismoslovacchia.it\/wp-content\/uploads\/altitatra-2_teveve-cc-by-nc-sa.jpg?resize=350%2C200&ssl=1","width":350,"height":200},"classes":[]}],"jetpack_shortlink":"https:\/\/wp.me\/p1oiY9-bB","_links":{"self":[{"href":"https:\/\/www.turismoslovacchia.it\/index.php?rest_route=\/wp\/v2\/posts\/719"}],"collection":[{"href":"https:\/\/www.turismoslovacchia.it\/index.php?rest_route=\/wp\/v2\/posts"}],"about":[{"href":"https:\/\/www.turismoslovacchia.it\/index.php?rest_route=\/wp\/v2\/types\/post"}],"author":[{"embeddable":true,"href":"https:\/\/www.turismoslovacchia.it\/index.php?rest_route=\/wp\/v2\/users\/2"}],"replies":[{"embeddable":true,"href":"https:\/\/www.turismoslovacchia.it\/index.php?rest_route=%2Fwp%2Fv2%2Fcomments&post=719"}],"version-history":[{"count":0,"href":"https:\/\/www.turismoslovacchia.it\/index.php?rest_route=\/wp\/v2\/posts\/719\/revisions"}],"wp:featuredmedia":[{"embeddable":true,"href":"https:\/\/www.turismoslovacchia.it\/index.php?rest_route=\/wp\/v2\/media\/722"}],"wp:attachment":[{"href":"https:\/\/www.turismoslovacchia.it\/index.php?rest_route=%2Fwp%2Fv2%2Fmedia&parent=719"}],"wp:term":[{"taxonomy":"category","embeddable":true,"href":"https:\/\/www.turismoslovacchia.it\/index.php?rest_route=%2Fwp%2Fv2%2Fcategories&post=719"},{"taxonomy":"post_tag","embeddable":true,"href":"https:\/\/www.turismoslovacchia.it\/index.php?rest_route=%2Fwp%2Fv2%2Ftags&post=719"}],"curies":[{"name":"wp","href":"https:\/\/api.w.org\/{rel}","templated":true}]}}