{"id":6894,"date":"2016-11-12T22:47:15","date_gmt":"2016-11-12T21:47:15","guid":{"rendered":"http:\/\/www.turismoslovacchia.it\/?p=6894"},"modified":"2016-12-09T20:55:54","modified_gmt":"2016-12-09T19:55:54","slug":"un-servizio-tv-su-bratislava-e-andato-in-onda-su-rai2","status":"publish","type":"post","link":"https:\/\/www.turismoslovacchia.it\/?p=6894","title":{"rendered":"Un servizio TV su Bratislava \u00e8 andato in onda su RAI2"},"content":{"rendered":"<p><a href=\"http:\/\/www.turismoslovacchia.it\/wp-content\/uploads\/siviaggiare-rai2.jpg\" data-rel=\"lightbox-gallery-VsaaL8Oj\" data-rl_title=\"\" data-rl_caption=\"\" title=\"\"><img decoding=\"async\" loading=\"lazy\" class=\"alignnone size-full wp-image-6895\" src=\"http:\/\/www.turismoslovacchia.it\/wp-content\/uploads\/siviaggiare-rai2.jpg\" alt=\"siviaggiare-rai2\" width=\"520\" height=\"320\" srcset=\"https:\/\/www.turismoslovacchia.it\/wp-content\/uploads\/siviaggiare-rai2.jpg 520w, https:\/\/www.turismoslovacchia.it\/wp-content\/uploads\/siviaggiare-rai2-300x185.jpg 300w, https:\/\/www.turismoslovacchia.it\/wp-content\/uploads\/siviaggiare-rai2-400x246.jpg 400w, https:\/\/www.turismoslovacchia.it\/wp-content\/uploads\/siviaggiare-rai2-100x62.jpg 100w, https:\/\/www.turismoslovacchia.it\/wp-content\/uploads\/siviaggiare-rai2-200x123.jpg 200w, https:\/\/www.turismoslovacchia.it\/wp-content\/uploads\/siviaggiare-rai2-150x92.jpg 150w\" sizes=\"(max-width: 520px) 100vw, 520px\" \/><\/a><\/p>\n<p style=\"text-align: justify;\">Venerd\u00ec 11 novembre \u00e8 andato in onda, sul programma <em>S\u00ec Viaggiare<\/em>\u00a0di Rai 2, un servizio su\u00a0Bratislava, la capitale che italiani ed europei stanno scoprendo in questi mesi grazie al semestre di presidenza slovacca del consiglio dell&#8217;Unione europea. Il servizio parte dal Danubio, la\u00a0pi\u00f9 lunga\u00a0via d&#8217;acqua dell&#8217;Europa centro-orientale, seconda nel continente solo al Volga, un fiume che separa la citt\u00e0 in due parti separate e molto diverse, con la Citt\u00e0 Vecchia tutta arroccata sulla sponda sinistra sotto il castello, un sito abitato fin da tempi remoti.\u00a0E ritorna al Danubio, il cui corso ci porta in aliscafo alla capitale austriaca\u00a0Vienna &#8211; le due capitali pi\u00f9 vicine al mondo.\u00a0La nave\u00a0del resto \u00e8, assieme ad aereo, treno e auto, uno dei modi per raggiungere la capitale slovacca.<\/p>\n<p style=\"text-align: justify;\">Per chi lo ha perso, il servizio \u00e8 on line sul sito del Tg2 <a href=\"http:\/\/www.tg2.rai.it\/dl\/RaiTV\/programmi\/media\/ContentItem-fd7406d2-de9f-4b92-baa8-b6bea24fecfd-tg2.html#p=0\">a questo link<\/a> a partire dal minuto 7:46.<\/p>\n<p style=\"text-align: justify;\">(<em>Pietro\u00a0Vultaggio<\/em>)<\/p>\n","protected":false},"excerpt":{"rendered":"<p>Venerd\u00ec 11 novembre \u00e8 andato in onda, sul programma S\u00ec Viaggiare\u00a0di Rai 2, un servizio su\u00a0Bratislava, la capitale che italiani ed europei stanno scoprendo in questi mesi grazie al semestre di presidenza slovacca del consiglio dell&#8217;Unione europea. Il servizio parte dal Danubio, la\u00a0pi\u00f9 lunga\u00a0via d&#8217;acqua dell&#8217;Europa centro-orientale, seconda nel continente solo al Volga, un fiume [&hellip;]<\/p>\n","protected":false},"author":2,"featured_media":6895,"comment_status":"open","ping_status":"open","sticky":false,"template":"","format":"standard","meta":[],"categories":[3,1,326],"tags":[9,52,649,577],"aioseo_notices":[],"jetpack_featured_media_url":"https:\/\/www.turismoslovacchia.it\/wp-content\/uploads\/siviaggiare-rai2.jpg","jetpack_sharing_enabled":true,"jetpack-related-posts":[{"id":8636,"url":"https:\/\/www.turismoslovacchia.it\/?p=8636","url_meta":{"origin":6894,"position":0},"title":"Due nuovi video per la promozione di Bratislava come citt\u00e0 verde e regina della natura","date":"29 Novembre 2018","format":false,"excerpt":"La capitale Bratislava ha pubblicato un nuovo video promozionale e una serie di spot per promuovere la citt\u00e0 anche a livello internazionale. Prodotti che si rivolgono a diverse tipologie di turisti, da quelli che vogliono farsi un tranquillo week-end in citt\u00e0 alle famiglie con bambini, da chi preferisce vacanze attive\u2026","rel":"","context":"In &quot;Articoli&quot;","img":{"alt_text":"","src":"https:\/\/i0.wp.com\/www.turismoslovacchia.it\/wp-content\/uploads\/bratis-verde-forest-parch-giard1_visitbratis.jpg?resize=350%2C200&ssl=1","width":350,"height":200},"classes":[]},{"id":8784,"url":"https:\/\/www.turismoslovacchia.it\/?p=8784","url_meta":{"origin":6894,"position":1},"title":"Vota per Bratislava quale &#8220;Miglior destinazione europea 2019&#8221;","date":"25 Gennaio 2019","format":false,"excerpt":"Bratislava \u00e8 stata nominata tra le 20 destinazioni turistiche favorite del 2019 e si \u00e8 stata recentemente classificata terza tra le citt\u00e0 pi\u00f9 verdi del mondo, per i suoi parchi e le foreste che la circondano. Ora la capitale della Slovacchia concorre per vincere il titolo di \"Migliore destinazione europea\u2026","rel":"","context":"In &quot;Articoli&quot;","img":{"alt_text":"","src":"https:\/\/i0.wp.com\/www.turismoslovacchia.it\/wp-content\/uploads\/bratisl-pano_FB-BratislavaRegionTourism.jpg?resize=350%2C200&ssl=1","width":350,"height":200},"classes":[]},{"id":8859,"url":"https:\/\/www.turismoslovacchia.it\/?p=8859","url_meta":{"origin":6894,"position":2},"title":"Vota per Bratislava \u201cMiglior destinazione europea 2019\u201d","date":"4 Febbraio 2019","format":false,"excerpt":"Bratislava \u00e8 stata nominata tra le 20 destinazioni turistiche favorite del 2019 e si \u00e8 stata recentemente classificata terza tra le citt\u00e0 pi\u00f9 verdi del mondo, per i suoi parchi e le foreste che la circondano. Ora la capitale della Slovacchia concorre per vincere\u00a0il titolo di \u201cMigliore destinazione europea 2019\u201d,\u2026","rel":"","context":"In &quot;Articoli&quot;","img":{"alt_text":"","src":"https:\/\/i0.wp.com\/www.turismoslovacchia.it\/wp-content\/uploads\/bratis-cast-int_nrsr.sk6_.jpg?resize=350%2C200&ssl=1","width":350,"height":200},"classes":[]},{"id":9068,"url":"https:\/\/www.turismoslovacchia.it\/?p=9068","url_meta":{"origin":6894,"position":3},"title":"Le dieci migliori esperienze da fare a Bratislava d&#8217;estate","date":"8 Luglio 2019","format":false,"excerpt":"Diversi modi di fare una estate diversa mentre si visita la capitale slovacca. 1. WAKELAKE & ZLAT\u00c9 PIESKY\u00a0 Sei pronto a un'estate di sport estremi a Bratislava? Al famoso lago di Zlat\u00e9 Piesky trovi Wakelake, l'area che offre un wakeboard (uno sport acquatico da tavola che \u00ec una fusione di\u2026","rel":"","context":"In &quot;Articoli&quot;","img":{"alt_text":"","src":"https:\/\/i0.wp.com\/www.turismoslovacchia.it\/wp-content\/uploads\/DivokaVoda-Cunovo-sportacquat-rafting.jpg?resize=350%2C200&ssl=1","width":350,"height":200},"classes":[]},{"id":3410,"url":"https:\/\/www.turismoslovacchia.it\/?p=3410","url_meta":{"origin":6894,"position":4},"title":"Regione di Bratislava, invito alla visita. I nuovi video promozionali","date":"11 Febbraio 2014","format":false,"excerpt":"Sono stati presentati pochi giorni fa tre nuovi video promozionali della Regione di Bratislava, pronti ad invitare nuovi turisti e viaggiatori per la primavera - estate 2014. I video sono focalizzati su tematiche diverse; il primo sulla capitale Bratislava, i suoi angoli pittoreschi e i monumenti, il Teatro Nazionale e\u2026","rel":"","context":"In &quot;Articoli&quot;","img":{"alt_text":"","src":"https:\/\/i0.wp.com\/www.turismoslovacchia.it\/wp-content\/uploads\/brati-vide.jpg?resize=350%2C200&ssl=1","width":350,"height":200},"classes":[]},{"id":1379,"url":"https:\/\/www.turismoslovacchia.it\/?p=1379","url_meta":{"origin":6894,"position":5},"title":"Novy Most\/Most SNP: 40 anni si servizio del ponte pi\u00f9 scenografico di Bratislava","date":"27 Agosto 2012","format":false,"excerpt":"Il Novy Most di Bratislava (Ponte Nuovo) \u2013 che ha compiuto 40 anni proprio ieri essendo stato inaugurato il 26 agosto 1972 \u2013 viene rinominato con il suo vecchio nome SNP, in onore dell\u2019Insurrezione nazionale slovacca della quale si celebra il 68esimo anniversario mercoled\u00ec 29 agosto. La ridenominazione si terr\u00e0\u2026","rel":"","context":"In &quot;Articoli&quot;","img":{"alt_text":"","src":"https:\/\/i0.wp.com\/www.turismoslovacchia.it\/wp-content\/uploads\/Most-SNP-ex-Movy-Most-foto-Miroslav-Petrasko-theodevil-su-Flickr.com_.jpg?resize=350%2C200&ssl=1","width":350,"height":200},"classes":[]}],"jetpack_shortlink":"https:\/\/wp.me\/p1oiY9-1Nc","_links":{"self":[{"href":"https:\/\/www.turismoslovacchia.it\/index.php?rest_route=\/wp\/v2\/posts\/6894"}],"collection":[{"href":"https:\/\/www.turismoslovacchia.it\/index.php?rest_route=\/wp\/v2\/posts"}],"about":[{"href":"https:\/\/www.turismoslovacchia.it\/index.php?rest_route=\/wp\/v2\/types\/post"}],"author":[{"embeddable":true,"href":"https:\/\/www.turismoslovacchia.it\/index.php?rest_route=\/wp\/v2\/users\/2"}],"replies":[{"embeddable":true,"href":"https:\/\/www.turismoslovacchia.it\/index.php?rest_route=%2Fwp%2Fv2%2Fcomments&post=6894"}],"version-history":[{"count":0,"href":"https:\/\/www.turismoslovacchia.it\/index.php?rest_route=\/wp\/v2\/posts\/6894\/revisions"}],"wp:featuredmedia":[{"embeddable":true,"href":"https:\/\/www.turismoslovacchia.it\/index.php?rest_route=\/wp\/v2\/media\/6895"}],"wp:attachment":[{"href":"https:\/\/www.turismoslovacchia.it\/index.php?rest_route=%2Fwp%2Fv2%2Fmedia&parent=6894"}],"wp:term":[{"taxonomy":"category","embeddable":true,"href":"https:\/\/www.turismoslovacchia.it\/index.php?rest_route=%2Fwp%2Fv2%2Fcategories&post=6894"},{"taxonomy":"post_tag","embeddable":true,"href":"https:\/\/www.turismoslovacchia.it\/index.php?rest_route=%2Fwp%2Fv2%2Ftags&post=6894"}],"curies":[{"name":"wp","href":"https:\/\/api.w.org\/{rel}","templated":true}]}}