{"id":6830,"date":"2016-06-09T22:33:21","date_gmt":"2016-06-09T20:33:21","guid":{"rendered":"http:\/\/www.turismoslovacchia.it\/?p=6830"},"modified":"2018-12-15T16:40:45","modified_gmt":"2018-12-15T15:40:45","slug":"artisti-della-slovacchia-viera-zilincanova-1932-2008","status":"publish","type":"post","link":"https:\/\/www.turismoslovacchia.it\/?p=6830","title":{"rendered":"Artisti della Slovacchia: Viera \u017dilin\u010danov\u00e1 (1932 \u2013 2008)"},"content":{"rendered":"<p style=\"text-align: justify;\"><strong><a href=\"http:\/\/www.turismoslovacchia.it\/wp-content\/uploads\/artisti_zilincanova.jpg\" data-rel=\"lightbox-gallery-CQJ3wUYr\" data-rl_title=\"\" data-rl_caption=\"\" title=\"\"><img decoding=\"async\" loading=\"lazy\" class=\"alignnone size-full wp-image-6831\" src=\"http:\/\/www.turismoslovacchia.it\/wp-content\/uploads\/artisti_zilincanova.jpg\" alt=\"artisti_zilincanova\" width=\"520\" height=\"320\" srcset=\"https:\/\/www.turismoslovacchia.it\/wp-content\/uploads\/artisti_zilincanova.jpg 520w, https:\/\/www.turismoslovacchia.it\/wp-content\/uploads\/artisti_zilincanova-300x185.jpg 300w, https:\/\/www.turismoslovacchia.it\/wp-content\/uploads\/artisti_zilincanova-400x246.jpg 400w, https:\/\/www.turismoslovacchia.it\/wp-content\/uploads\/artisti_zilincanova-100x62.jpg 100w, https:\/\/www.turismoslovacchia.it\/wp-content\/uploads\/artisti_zilincanova-200x123.jpg 200w, https:\/\/www.turismoslovacchia.it\/wp-content\/uploads\/artisti_zilincanova-150x92.jpg 150w\" sizes=\"(max-width: 520px) 100vw, 520px\" \/><\/a><\/strong><\/p>\n<p style=\"text-align: justify;\"><strong>Viera \u017dilin\u010danov\u00e1<\/strong>, (1932 Nov\u00e9 Z\u00e1mky \u2013 2008 Bratislava)\u00a0 pittrice e personalit\u00e0 di spicco dell\u2019arte contemporanea slovacca. Ha studiato presso l\u2019Accademia di Belle Arti di Bratislava nel periodo 1950 \u2013 1955 ha proseguito i suoi di studi\u00a0 partecipando alla scuola estiva di pittura O. Kokoschka a Salisburgo e diretta dallo scultore italiano G. Manz\u00f9. La sua espressione pittorica, attraverso un incomparabile virtuosismo tecnico accompagnato da raffinata armonia di colori, contiene elementi di surrealismo fantasioso e di ambientazione irrealistica e si caratterizza attraverso immagini raffinate e poetiche tendenzialmente orientate verso un lirismo onirico. Le sue principali tematiche sono i sentimenti e gli stati d\u2019animo, le relazioni interpersonali, ma anche il rapporto con gli oggetti. Le sue tele parlano spesso dei suoi ricordi e quando dipinge la realt\u00e0 questa viene filtrata dalla sua personale percezione poetica del circostante.<\/p>\n<p style=\"text-align: justify;\"><img decoding=\"async\" loading=\"lazy\" class=\"alignnone\" src=\"http:\/\/www.buongiornoslovacchia.sk\/wp-content\/uploads\/arte-sk\/zilincarova.jpg\" alt=\"\" width=\"520\" height=\"2479\" \/><\/p>\n<p style=\"text-align: justify;\"><span style=\"color: #808080;\"><em>A cura di Mauro Pierluigi, immagini dal gruppo Facebook \u201c<\/em><\/span><a href=\"https:\/\/www.facebook.com\/groups\/196341407148596\/\"><span style=\"color: #888888;\"><em>Arte nell\u2019Est Europa<\/em><\/span><\/a><span style=\"color: #808080;\"><em>\u201d.\u00a0<\/em><\/span><span style=\"color: #888888;\"><em>PS:. Tutti i diritti delle opere raffigurate sono dell\u2019autore o dei suoi eredi. Questa pubblicazione ha mero scopo informativo.<\/em><\/span><\/p>\n","protected":false},"excerpt":{"rendered":"<p>Viera \u017dilin\u010danov\u00e1, (1932 Nov\u00e9 Z\u00e1mky \u2013 2008 Bratislava)\u00a0 pittrice e personalit\u00e0 di spicco dell\u2019arte contemporanea slovacca. Ha studiato presso l\u2019Accademia di Belle Arti di Bratislava nel periodo 1950 \u2013 1955 ha proseguito i suoi di studi\u00a0 partecipando alla scuola estiva di pittura O. Kokoschka a Salisburgo e diretta dallo scultore italiano G. Manz\u00f9. La sua [&hellip;]<\/p>\n","protected":false},"author":2,"featured_media":6831,"comment_status":"open","ping_status":"open","sticky":false,"template":"","format":"standard","meta":[],"categories":[3,1],"tags":[190,748],"aioseo_notices":[],"jetpack_featured_media_url":"https:\/\/www.turismoslovacchia.it\/wp-content\/uploads\/artisti_zilincanova.jpg","jetpack_sharing_enabled":true,"jetpack-related-posts":[{"id":6801,"url":"https:\/\/www.turismoslovacchia.it\/?p=6801","url_meta":{"origin":6830,"position":0},"title":"Artisti della Slovacchia: Edmund Gwerk (1895 \u2013 1956)","date":"21 Marzo 2016","format":false,"excerpt":"Edmund Gwerk (1895, Bansk\u00e1 \u0160tiavnica \u2013 1956, Bratislava) pittore slovacco. Ha frequentato l\u2019Accademia di Belle Arti di Budapest, l\u2019Accademia delle Belle Arti di Praga e ha studiato storia dell\u2019arte presso l\u2019Universit\u00e0 Comenius di Bratislava. Ha viaggiato sempre per motivi di studio a Vienna, Monaco di Baviera, Berlino, Parigi, Roma e\u2026","rel":"","context":"In &quot;Articoli&quot;","img":{"alt_text":"","src":"https:\/\/i0.wp.com\/www.turismoslovacchia.it\/wp-content\/uploads\/artisti_gwerk.jpg?resize=350%2C200&ssl=1","width":350,"height":200},"classes":[]},{"id":1235,"url":"https:\/\/www.turismoslovacchia.it\/?p=1235","url_meta":{"origin":6830,"position":1},"title":"Visitabile ancora nel weekend a Bratislava l\u2019omaggio a Picasso della GMB","date":"4 Maggio 2012","format":false,"excerpt":"Rimane ancora solo questo fine settimana per vedere la mostra \u201cPocta Picassovi\u201d presso la Galleria Civica di Bratislava (GMB). Dopo il successo della mostra di stampe di Pablo Picasso dell\u2019autunno scorso, questa rassegna, realizzata insieme alla GVU di Ostrava (Rep.Ceca), presenta le migliori opere del cubismo ceco, dei rappresentanti spagnoli\u2026","rel":"","context":"In &quot;Articoli&quot;","img":{"alt_text":"","src":"https:\/\/i0.wp.com\/www.turismoslovacchia.it\/wp-content\/uploads\/picasso-alla-GMB-Bratislava.jpg?resize=350%2C200&ssl=1","width":350,"height":200},"classes":[]},{"id":4508,"url":"https:\/\/www.turismoslovacchia.it\/?p=4508","url_meta":{"origin":6830,"position":2},"title":"Crociera virtuale sul Danubio con Google Street View","date":"29 Aprile 2015","format":false,"excerpt":"Il pi\u00f9 lungo e celebre corso d\u2019acqua della Vecchia Europa (secondo nel continente solo al Volga), che dalla Foresta Nera in Germania si inarca attraverso strette valli, catene montuose e lande desolate di ben dieci paesi, per un percorso di 2.850 km fino all\u2019immenso delta sul Mar Nero, ha affascinato\u2026","rel":"","context":"In &quot;Articoli&quot;","img":{"alt_text":"","src":"https:\/\/i0.wp.com\/www.turismoslovacchia.it\/wp-content\/uploads\/danubio-streetview-brati0.jpg?resize=350%2C200&ssl=1","width":350,"height":200},"classes":[]},{"id":1245,"url":"https:\/\/www.turismoslovacchia.it\/?p=1245","url_meta":{"origin":6830,"position":3},"title":"La Galleria Civica di Bratislava compie 50 anni e celebra le sue collezioni","date":"22 Settembre 2011","format":false,"excerpt":"Nella cornice dei festeggiamenti dei cinquant\u2019anni di attivit\u00e1 della Galleria Civica di Bratislava, viene aperta oggi una mostra celebrativa collettiva, collettiva anche dal punto di vista curatoriale poich\u00e9 coinvolge tutte le forze interne dell\u2019istituto. Si tratta di una mostra storica e riepilogativa dello sviluppo dell\u2019istituzione museale che oggi rappresenta uno\u2026","rel":"","context":"In &quot;Articoli&quot;","img":{"alt_text":"","src":"https:\/\/i0.wp.com\/www.turismoslovacchia.it\/wp-content\/uploads\/Palazzo-Mirbach-GBM-Bratislava.jpg?resize=350%2C200&ssl=1","width":350,"height":200},"classes":[]},{"id":9213,"url":"https:\/\/www.turismoslovacchia.it\/?p=9213","url_meta":{"origin":6830,"position":4},"title":"Ottobre 2019: gli eventi a Bratislava e dintorni","date":"27 Settembre 2019","format":false,"excerpt":"Biela noc \/ Notte bianca \u2013 Bratislava 27 - 29 settembre 2019 La Notte Bianca \u00e8 l\u2019evento pi\u00f9 partecipato di arte contemporanea in Slovacchia, e si rif\u00e0 alle esperienze nate in questo campo in altri paesi. Organizzata a Bratislava e nella \u00ecmetropoli dell\u2019est\u2019, Kosice, la Notte Bianca \u00e8 una magica\u2026","rel":"","context":"In &quot;Eventi&quot;","img":{"alt_text":"","src":"https:\/\/i0.wp.com\/www.turismoslovacchia.it\/wp-content\/uploads\/musica-class@pixx.jpg?resize=350%2C200&ssl=1","width":350,"height":200},"classes":[]},{"id":6770,"url":"https:\/\/www.turismoslovacchia.it\/?p=6770","url_meta":{"origin":6830,"position":5},"title":"Artisti della Slovacchia: Rudolf Krivo\u0161 (1933 \u2013 )","date":"1 Gennaio 2016","format":false,"excerpt":"Rudolf Krivo\u0161 (16 novembre 1933, Tisovec)\u00a0 pittore slovacco, vive e lavora a Bratislava. Ha studiato dal\u00a0 1951 \u2013 1956 presso l\u2019Accademia di Belle Arti di Bratislava nel Dipartimento di pittura figurativa. \u00c8 stato co-fondatore del Gruppo Galanda (1957). La sua pittura \u00e8 contraddistinta da due fattori abbastanza peculiari: l\u2019utilizzo di\u2026","rel":"","context":"In &quot;Articoli&quot;","img":{"alt_text":"","src":"https:\/\/i0.wp.com\/www.turismoslovacchia.it\/wp-content\/uploads\/artisti_krivos1.jpg?resize=350%2C200&ssl=1","width":350,"height":200},"classes":[]}],"jetpack_shortlink":"https:\/\/wp.me\/p1oiY9-1Ma","_links":{"self":[{"href":"https:\/\/www.turismoslovacchia.it\/index.php?rest_route=\/wp\/v2\/posts\/6830"}],"collection":[{"href":"https:\/\/www.turismoslovacchia.it\/index.php?rest_route=\/wp\/v2\/posts"}],"about":[{"href":"https:\/\/www.turismoslovacchia.it\/index.php?rest_route=\/wp\/v2\/types\/post"}],"author":[{"embeddable":true,"href":"https:\/\/www.turismoslovacchia.it\/index.php?rest_route=\/wp\/v2\/users\/2"}],"replies":[{"embeddable":true,"href":"https:\/\/www.turismoslovacchia.it\/index.php?rest_route=%2Fwp%2Fv2%2Fcomments&post=6830"}],"version-history":[{"count":1,"href":"https:\/\/www.turismoslovacchia.it\/index.php?rest_route=\/wp\/v2\/posts\/6830\/revisions"}],"predecessor-version":[{"id":8682,"href":"https:\/\/www.turismoslovacchia.it\/index.php?rest_route=\/wp\/v2\/posts\/6830\/revisions\/8682"}],"wp:featuredmedia":[{"embeddable":true,"href":"https:\/\/www.turismoslovacchia.it\/index.php?rest_route=\/wp\/v2\/media\/6831"}],"wp:attachment":[{"href":"https:\/\/www.turismoslovacchia.it\/index.php?rest_route=%2Fwp%2Fv2%2Fmedia&parent=6830"}],"wp:term":[{"taxonomy":"category","embeddable":true,"href":"https:\/\/www.turismoslovacchia.it\/index.php?rest_route=%2Fwp%2Fv2%2Fcategories&post=6830"},{"taxonomy":"post_tag","embeddable":true,"href":"https:\/\/www.turismoslovacchia.it\/index.php?rest_route=%2Fwp%2Fv2%2Ftags&post=6830"}],"curies":[{"name":"wp","href":"https:\/\/api.w.org\/{rel}","templated":true}]}}