{"id":6804,"date":"2016-04-10T15:10:35","date_gmt":"2016-04-10T13:10:35","guid":{"rendered":"http:\/\/www.turismoslovacchia.it\/?p=6804"},"modified":"2018-12-15T17:14:41","modified_gmt":"2018-12-15T16:14:41","slug":"artisti-della-slovacchia-andrej-barcik-1928-2004","status":"publish","type":"post","link":"https:\/\/www.turismoslovacchia.it\/?p=6804","title":{"rendered":"Artisti della Slovacchia: Andrej Bar\u010d\u00edk (1928 \u2013 2004)"},"content":{"rendered":"<p style=\"text-align: justify;\"><strong><a href=\"http:\/\/www.turismoslovacchia.it\/wp-content\/uploads\/artisti_barcik.jpg\" data-rel=\"lightbox-gallery-8wBrlGA8\" data-rl_title=\"\" data-rl_caption=\"\" title=\"\"><img decoding=\"async\" loading=\"lazy\" class=\"alignnone size-full wp-image-6805\" src=\"http:\/\/www.turismoslovacchia.it\/wp-content\/uploads\/artisti_barcik.jpg\" alt=\"artisti_barcik\" width=\"520\" height=\"320\" srcset=\"https:\/\/www.turismoslovacchia.it\/wp-content\/uploads\/artisti_barcik.jpg 520w, https:\/\/www.turismoslovacchia.it\/wp-content\/uploads\/artisti_barcik-300x185.jpg 300w, https:\/\/www.turismoslovacchia.it\/wp-content\/uploads\/artisti_barcik-400x246.jpg 400w, https:\/\/www.turismoslovacchia.it\/wp-content\/uploads\/artisti_barcik-100x62.jpg 100w, https:\/\/www.turismoslovacchia.it\/wp-content\/uploads\/artisti_barcik-200x123.jpg 200w, https:\/\/www.turismoslovacchia.it\/wp-content\/uploads\/artisti_barcik-150x92.jpg 150w\" sizes=\"(max-width: 520px) 100vw, 520px\" \/><\/a>Andrej Bar\u010d\u00edk <\/strong>\u00a0(1928, Zilina \u2013 Zilina, 2004). Nel periodo tra il 1946 e il 1948 ha studiato presso la scuola di Arti Decorative di Praga, e negli anni 1948-1950 presso l\u2019Universit\u00e0 Tecnica Slovacca di Bratislava (Prof. J.Mudra). Nel 1950-1951 ha proseguito gli studi presso l\u2019Accademia di Belle Arti di Bratislava (Prof. L.Fulla). Dal 1958, i suoi mezzi espressivi preferiti erano il collage e le tecniche miste. Caratteristica importante del suo stile era quello di perseguire la purezza del semplice carattere visivo, per questo nelle sue opere si ritrova facilmente la geometrizzazione delle figure o forme espressive che ricordano l\u2019espressivit\u00e0 artistica giapponese. Nell\u2019evoluzione del suo stile si andr\u00e0 verso l\u2019informale come sfondo neutro per le figure ritratte e quindi una tendenza all\u2019astrattismo parziale. Tra il 1959-1970 ha esposto in Cecoslovacchia e all\u2019estero. Dopo una lunga pausa ha iniziato a esporre regolarmente di nuovo dopo il 1989.<\/p>\n<p style=\"text-align: justify;\">\n<p style=\"text-align: justify;\"><img decoding=\"async\" loading=\"lazy\" class=\"alignnone\" src=\"http:\/\/i1.wp.com\/www.buongiornoslovacchia.sk\/wp-content\/uploads\/arte-sk\/barcik.jpg?resize=550%2C1793\" alt=\"\" width=\"520\" height=\"1695\" \/><\/p>\n<p style=\"text-align: justify;\">\n<p style=\"text-align: justify;\"><span style=\"color: #808080;\"><em>A cura di Mauro Pierluigi, immagini dal gruppo Facebook \u201c<\/em><\/span><a href=\"https:\/\/www.facebook.com\/groups\/196341407148596\/\"><span style=\"color: #888888;\"><em>Arte nell\u2019Est Europa<\/em><\/span><\/a><span style=\"color: #808080;\"><em>\u201d.<br \/>\n<\/em><\/span><span style=\"color: #888888;\"><em>PS:. Tutti i diritti delle opere raffigurate sono dell\u2019autore o dei suoi eredi. Questa pubblicazione ha mero scopo informativo.<\/em><\/span><\/p>\n<div class=\"sharedaddy sd-sharing-enabled\" style=\"text-align: justify;\"><\/div>\n","protected":false},"excerpt":{"rendered":"<p>Andrej Bar\u010d\u00edk \u00a0(1928, Zilina \u2013 Zilina, 2004). Nel periodo tra il 1946 e il 1948 ha studiato presso la scuola di Arti Decorative di Praga, e negli anni 1948-1950 presso l\u2019Universit\u00e0 Tecnica Slovacca di Bratislava (Prof. J.Mudra). Nel 1950-1951 ha proseguito gli studi presso l\u2019Accademia di Belle Arti di Bratislava (Prof. L.Fulla). Dal 1958, i [&hellip;]<\/p>\n","protected":false},"author":2,"featured_media":6805,"comment_status":"open","ping_status":"open","sticky":false,"template":"","format":"standard","meta":[],"categories":[3,1],"tags":[190,748],"aioseo_notices":[],"jetpack_featured_media_url":"https:\/\/www.turismoslovacchia.it\/wp-content\/uploads\/artisti_barcik.jpg","jetpack_sharing_enabled":true,"jetpack-related-posts":[{"id":6795,"url":"https:\/\/www.turismoslovacchia.it\/?p=6795","url_meta":{"origin":6804,"position":0},"title":"Artisti della Slovacchia: Vincent Hlo\u017en\u00edk (1919 \u2013 1997)","date":"6 Marzo 2016","format":false,"excerpt":"Vincent Hlo\u017en\u00edk (1919, Svedern\u00edk \u2013 1997, Bratislava), pittore slovacco e famoso illustratore di libri. \u00c8 da considerare tra i pi\u00f9 importanti rappresentanti dell\u2019arte slovacca. Nel 1937-1942 Hlo\u017en\u00edk ha frequentato l\u2019Accademia di Belle Arti di Praga, successivamente ha fatto parte del movimento artistico Gruppo 42 del quale facevano parte J\u00e1n Mudroch,\u2026","rel":"","context":"In &quot;Articoli&quot;","img":{"alt_text":"","src":"https:\/\/i0.wp.com\/www.turismoslovacchia.it\/wp-content\/uploads\/artisti_hloznik.jpg?resize=350%2C200&ssl=1","width":350,"height":200},"classes":[]},{"id":6775,"url":"https:\/\/www.turismoslovacchia.it\/?p=6775","url_meta":{"origin":6804,"position":1},"title":"Artisti della Slovacchia: Albin Brunovsk\u00fd (1935-1997)","date":"8 Gennaio 2016","format":false,"excerpt":"Albin Brunovsk\u00fd (1935, Zohor \u20131997, Bratislava) \u00e8 uno dei pi\u00f9 importanti esponenti delle arti visive slovacche del dopoguerra. Frequenta l\u2019Accademia di Belle Arti (VSVU) di Bratislava con il prof. Vincent Hlo\u017en\u00edk. Nel 1967 diventa professore presso il dipartimento di Arte Grafica ed illustrazione per libri. Nel corso della sua carriera\u2026","rel":"","context":"In &quot;Articoli&quot;","img":{"alt_text":"","src":"https:\/\/i0.wp.com\/www.turismoslovacchia.it\/wp-content\/uploads\/artisti_brunovsky.jpg?resize=350%2C200&ssl=1","width":350,"height":200},"classes":[]},{"id":6807,"url":"https:\/\/www.turismoslovacchia.it\/?p=6807","url_meta":{"origin":6804,"position":2},"title":"Artisti della Slovacchia: Ernest Zmet\u00e1k (1919 \u2013 2004)","date":"18 Aprile 2016","format":false,"excerpt":"Ernest Zmet\u00e1k (1919 \u2013 2004). Ha studiato presso l\u2019Accademia di Belle Arti di Budapest negli anni 1938-1943. A Bratislava fu assistente di Fulla all\u2019Accademia delle Belle Arti. Ebbe modo di viaggiare in parecchi paesi europei e fra questi in Italia che divenne la principale sorgente della sua ispirazione artistica. Il\u2026","rel":"","context":"In &quot;Articoli&quot;","img":{"alt_text":"","src":"https:\/\/i0.wp.com\/www.turismoslovacchia.it\/wp-content\/uploads\/artisti_zmetak.jpg?resize=350%2C200&ssl=1","width":350,"height":200},"classes":[]},{"id":1359,"url":"https:\/\/www.turismoslovacchia.it\/?p=1359","url_meta":{"origin":6804,"position":3},"title":"Karol Kallay, il pi\u00f9 noto fotografo slovacco amava l&#8217;Italia","date":"6 Agosto 2012","format":false,"excerpt":"Karol Kallay, il pi\u00f9 significativo e internazionale fotografo slovacco, \u00e8 morto a 86 anni sabato 2 agosto. Nato a Cadca (regione di Zilina) il 26 aprile 1926, Karol Kallay fece studi in economia e legge, laureandosi nel 1948, ma intraprese nonostante questo la carriera di fotografo professionista. Quando aveva 14\u2026","rel":"","context":"In &quot;Articoli&quot;","img":{"alt_text":"","src":"https:\/\/i0.wp.com\/www.turismoslovacchia.it\/wp-content\/uploads\/Karol-Kallay.jpg?resize=350%2C200&ssl=1","width":350,"height":200},"classes":[]},{"id":6815,"url":"https:\/\/www.turismoslovacchia.it\/?p=6815","url_meta":{"origin":6804,"position":4},"title":"Artisti della Slovacchia: Milan Pa\u0161t\u00e9ka (1931 \u2013 1998)","date":"3 Maggio 2016","format":false,"excerpt":"Milan Pa\u0161t\u00e9ka (Tren\u010d\u00edn, 20 maggio 1931 \u2013 Voznica, 23 settembre 1998) \u00e8 stato un pittore slovacco nonch\u00e9 grafico e ceramista. Dal 1950 al 1955, dopo aver rifiutato le universit\u00e0 di tipo tecnico che la famiglia suggerisce, studia presso l\u2019Accademia di Belle Arti di Bratislava (VSVU). Dopo il diploma divenne co-fondatore\u2026","rel":"","context":"In &quot;Articoli&quot;","img":{"alt_text":"","src":"https:\/\/i0.wp.com\/www.turismoslovacchia.it\/wp-content\/uploads\/artisti_pasteka.jpg?resize=350%2C200&ssl=1","width":350,"height":200},"classes":[]},{"id":2780,"url":"https:\/\/www.turismoslovacchia.it\/?p=2780","url_meta":{"origin":6804,"position":5},"title":"BLAF, Bratislava Art Festival 2013","date":"25 Settembre 2013","format":false,"excerpt":"Prende avvio domani 26 settembre BLAF, il Bratislava Art Festival, rassegna annuale di arti visive che ha l\u2019obiettivo di dare al grande pubblico, anche non avvezzo ai linguaggi dell\u2019arte contemporanea, la possibilita' di vedere, sperimentare, capire, e discutere di arte, confrontandosi con la scena contemporanea slovacca. Il festival \u00e8 una\u2026","rel":"","context":"In &quot;Eventi&quot;","img":{"alt_text":"","src":"https:\/\/i0.wp.com\/www.turismoslovacchia.it\/wp-content\/uploads\/blaf13.jpg?resize=350%2C200&ssl=1","width":350,"height":200},"classes":[]}],"jetpack_shortlink":"https:\/\/wp.me\/p1oiY9-1LK","_links":{"self":[{"href":"https:\/\/www.turismoslovacchia.it\/index.php?rest_route=\/wp\/v2\/posts\/6804"}],"collection":[{"href":"https:\/\/www.turismoslovacchia.it\/index.php?rest_route=\/wp\/v2\/posts"}],"about":[{"href":"https:\/\/www.turismoslovacchia.it\/index.php?rest_route=\/wp\/v2\/types\/post"}],"author":[{"embeddable":true,"href":"https:\/\/www.turismoslovacchia.it\/index.php?rest_route=\/wp\/v2\/users\/2"}],"replies":[{"embeddable":true,"href":"https:\/\/www.turismoslovacchia.it\/index.php?rest_route=%2Fwp%2Fv2%2Fcomments&post=6804"}],"version-history":[{"count":1,"href":"https:\/\/www.turismoslovacchia.it\/index.php?rest_route=\/wp\/v2\/posts\/6804\/revisions"}],"predecessor-version":[{"id":8690,"href":"https:\/\/www.turismoslovacchia.it\/index.php?rest_route=\/wp\/v2\/posts\/6804\/revisions\/8690"}],"wp:featuredmedia":[{"embeddable":true,"href":"https:\/\/www.turismoslovacchia.it\/index.php?rest_route=\/wp\/v2\/media\/6805"}],"wp:attachment":[{"href":"https:\/\/www.turismoslovacchia.it\/index.php?rest_route=%2Fwp%2Fv2%2Fmedia&parent=6804"}],"wp:term":[{"taxonomy":"category","embeddable":true,"href":"https:\/\/www.turismoslovacchia.it\/index.php?rest_route=%2Fwp%2Fv2%2Fcategories&post=6804"},{"taxonomy":"post_tag","embeddable":true,"href":"https:\/\/www.turismoslovacchia.it\/index.php?rest_route=%2Fwp%2Fv2%2Ftags&post=6804"}],"curies":[{"name":"wp","href":"https:\/\/api.w.org\/{rel}","templated":true}]}}