{"id":6735,"date":"2016-10-18T15:19:46","date_gmt":"2016-10-18T13:19:46","guid":{"rendered":"http:\/\/www.turismoslovacchia.it\/?p=6735"},"modified":"2016-10-27T21:37:37","modified_gmt":"2016-10-27T19:37:37","slug":"nel-weekend-il-bratislava-jazz-days-ce-anche-enrico-rava","status":"publish","type":"post","link":"https:\/\/www.turismoslovacchia.it\/?p=6735","title":{"rendered":"Nel weekend il Bratislava Jazz Days. C&#8217;\u00e8 anche Enrico Rava"},"content":{"rendered":"<p style=\"text-align: justify;\"><a href=\"http:\/\/www.turismoslovacchia.it\/wp-content\/uploads\/musica_CC0.jpg\" data-rel=\"lightbox-gallery-mT7CM06K\" data-rl_title=\"\" data-rl_caption=\"\" title=\"\"><img decoding=\"async\" loading=\"lazy\" class=\"alignnone wp-image-6736\" src=\"http:\/\/www.turismoslovacchia.it\/wp-content\/uploads\/musica_CC0.jpg\" alt=\"musica_cc0\" width=\"520\" height=\"320\" srcset=\"https:\/\/www.turismoslovacchia.it\/wp-content\/uploads\/musica_CC0.jpg 720w, https:\/\/www.turismoslovacchia.it\/wp-content\/uploads\/musica_CC0-300x185.jpg 300w, https:\/\/www.turismoslovacchia.it\/wp-content\/uploads\/musica_CC0-600x369.jpg 600w, https:\/\/www.turismoslovacchia.it\/wp-content\/uploads\/musica_CC0-400x246.jpg 400w, https:\/\/www.turismoslovacchia.it\/wp-content\/uploads\/musica_CC0-100x62.jpg 100w, https:\/\/www.turismoslovacchia.it\/wp-content\/uploads\/musica_CC0-200x123.jpg 200w, https:\/\/www.turismoslovacchia.it\/wp-content\/uploads\/musica_CC0-150x92.jpg 150w\" sizes=\"(max-width: 520px) 100vw, 520px\" \/><\/a><\/p>\n<p style=\"text-align: justify;\"><strong>Enrico Rava<\/strong> arriva per la prima volta in Slovacchia, al Bratislava Jazz Days, con il suo quintetto \u201cTribe\u201d, i cui membri \u2013 giovani e ottimi musicisti \u2013 lo hanno gi\u00e0 accompagnato in straordinari concerti sia in Italia sia all\u2019estero: Gianluca Petrella (trombone), Giovanni Guidi (piano), Gabriele Evangelista (contrabasso) e Fabrizio Sferra (batteria). L\u2019appuntamento \u2013 promosso dall\u2019Istituto Italiano di Cultura di Bratislava e Bratislava Jazz Days, in collaborazione con M.G.M. Produzioni Musicali \u2013 \u00e8 per il 21 ottobre presso Incheba Expo Arena.<\/p>\n<p style=\"text-align: justify;\">Rava \u00e8 sicuramente tra i jazzisti italiani pi\u00f9 conosciuti e apprezzati a livello internazionale. Da sempre impegnato nelle esperienze pi\u00f9 diverse e creative, \u00e8 apparso sulla scena jazz a met\u00e0 degli anni Sessanta, imponendosi rapidamente come uno dei pi\u00f9 convincenti trombettisti solisti del jazz mondiale. Durante la sua lunga carriera ha collaborato con musicisti del calibro di Franco D\u2019Andrea, Stefano Bollani, Joe Henderson, John Abercrombie, Pat Metheny, Archie Shepp, Miroslav Vitous, Michel Petrucciani, Richard Gallliano, Steve Lacy, John Scofield e ha registrato pi\u00f9 di 40 album.<\/p>\n<p style=\"text-align: justify;\"><img decoding=\"async\" loading=\"lazy\" class=\"alignnone\" src=\"http:\/\/i2.wp.com\/www.bjd.sk\/sites\/default\/files\/plagat-BJD-2016.jpg?resize=550%2C812\" width=\"520\" height=\"768\" \/><\/p>\n<p style=\"text-align: justify;\">Il festival <strong>Bratislava Jazz Days<\/strong> fu lanciato nel 1975 come iniziativa di un gruppo di appassionati e accoglieva musicisti e gruppi dalla Cecoslovacchia e dai vicini paesi socialisti. Presto per\u00f2 inizi\u00f2 a ospitare musicisti del mondo \u201coccidentale\u201d e divenne una vetrina molto apprezzata della scena musicale jazz internazionale. Sono passate di qui stelle di prima grandezza come Chick Corea, John McLauglin, Bobby McFerrin, Lester Bowie, Billy Cobham, Sun Ra, Michael Brecker, Steve Coleman, Herbie Hancock, Wynton Marsalis, Michel Petrucciani, The Zawinul Syndicate, Jean Luc Ponty, Maceo Parker, Betty Carter, Bill Evans, Al di Meola, Marcus Miller. Nel corso del tempo, con le due edizioni \u2013 autunnale e primaverile \u2013 \u00e8 anche diventato il principale palcoscenico per presentare le giovani leve del jazz slovacco.<\/p>\n<p style=\"text-align: justify;\">All\u2019edizione di questo autunno, dal 21 al 23 ottobre, oltre a Rava e alla sua Tribe si esibiranno Adam Ben Ezra, Nik West, ROBB, Miroslav Vitous, GoGo Penguin, Tiempo Libre, David Golochchekin, John Cleary, Caro Emerald, Luba Mason &amp; Mixtura e la Gustav Brom Big Band.18<\/p>\n<p style=\"text-align: justify;\">Biglietti a partire da 29 euro su ticketportal.sk.\u00a0Info: <a class=\"wp-links-icon\" href=\"http:\/\/www.bjd.sk\/\" target=\"_blank\">www.bjd.sk<\/a><\/p>\n<p style=\"text-align: right;\"><span style=\"color: #808080;\"><em>_<\/em><\/span><br \/>\n<span style=\"color: #808080;\"><em>Foto <a style=\"color: #808080;\" href=\"https:\/\/pixabay.com\/it\/koalika-concerto-tappa-banda-1576293\/\">hendrikertel<\/a>\/CC0<\/em><\/span><\/p>\n","protected":false},"excerpt":{"rendered":"<p>Enrico Rava arriva per la prima volta in Slovacchia, al Bratislava Jazz Days, con il suo quintetto \u201cTribe\u201d, i cui membri \u2013 giovani e ottimi musicisti \u2013 lo hanno gi\u00e0 accompagnato in straordinari concerti sia in Italia sia all\u2019estero: Gianluca Petrella (trombone), Giovanni Guidi (piano), Gabriele Evangelista (contrabasso) e Fabrizio Sferra (batteria). L\u2019appuntamento \u2013 promosso [&hellip;]<\/p>\n","protected":false},"author":2,"featured_media":6736,"comment_status":"open","ping_status":"open","sticky":false,"template":"","format":"standard","meta":[],"categories":[3,5,1],"tags":[9,710,249,42,38],"aioseo_notices":[],"jetpack_featured_media_url":"https:\/\/www.turismoslovacchia.it\/wp-content\/uploads\/musica_CC0.jpg","jetpack_sharing_enabled":true,"jetpack-related-posts":[{"id":6732,"url":"https:\/\/www.turismoslovacchia.it\/?p=6732","url_meta":{"origin":6735,"position":0},"title":"Enrico Rava a Bratislava: sempre alla ricerca di qualcos&#8217;altro, \u201cdiciamo che sono un tipo curioso\u201d","date":"25 Ottobre 2016","format":false,"excerpt":"Prima volta in Slovacchia, lo scorso weekend, per Enrico Rava, trombettista tra i pi\u00f9 noti a livello internazionale e leggenda del jazz Made in Italy, ormai sulla piazza ai pi\u00f9 alti livelli da quattro decenni, da quando a met\u00e0 degli anni Sessanta inizi\u00f2 nella band di Gato Barbieri, trasferendosi poco\u2026","rel":"","context":"In &quot;Articoli&quot;","img":{"alt_text":"","src":"https:\/\/i0.wp.com\/www.turismoslovacchia.it\/wp-content\/uploads\/enricorava_IIC_JanVlkDrea-e1477596881269.jpg?resize=350%2C200&ssl=1","width":350,"height":200},"classes":[]},{"id":8591,"url":"https:\/\/www.turismoslovacchia.it\/?p=8591","url_meta":{"origin":6735,"position":1},"title":"Ai Bratislava Jazz Days sabato anche Stefano Bollani","date":"17 Ottobre 2018","format":false,"excerpt":"Al 44esimo anno dei\u00a0Bratislava Jazz Days, la manifestazione jazzistica dalla storia pi\u00f9 gloriosa in Slovacchia e non solo, sar\u00e0 sul palco nella capitale slovacca anche la stella di\u00a0Stefano Bollani, eclettico compositore, pianista, cantate milanese ben noto anche oltreconfine. Nella sua prima avventura slovacca Bollani porter\u00e0 il progetto\u00a0Napoli Trip, che rivela\u2026","rel":"","context":"In &quot;Articoli&quot;","img":{"alt_text":"","src":"https:\/\/i0.wp.com\/www.turismoslovacchia.it\/wp-content\/uploads\/bollani.jpg?resize=350%2C200&ssl=1","width":350,"height":200},"classes":[]},{"id":9213,"url":"https:\/\/www.turismoslovacchia.it\/?p=9213","url_meta":{"origin":6735,"position":2},"title":"Ottobre 2019: gli eventi a Bratislava e dintorni","date":"27 Settembre 2019","format":false,"excerpt":"Biela noc \/ Notte bianca \u2013 Bratislava 27 - 29 settembre 2019 La Notte Bianca \u00e8 l\u2019evento pi\u00f9 partecipato di arte contemporanea in Slovacchia, e si rif\u00e0 alle esperienze nate in questo campo in altri paesi. Organizzata a Bratislava e nella \u00ecmetropoli dell\u2019est\u2019, Kosice, la Notte Bianca \u00e8 una magica\u2026","rel":"","context":"In &quot;Eventi&quot;","img":{"alt_text":"","src":"https:\/\/i0.wp.com\/www.turismoslovacchia.it\/wp-content\/uploads\/musica-class@pixx.jpg?resize=350%2C200&ssl=1","width":350,"height":200},"classes":[]},{"id":8776,"url":"https:\/\/www.turismoslovacchia.it\/?p=8776","url_meta":{"origin":6735,"position":3},"title":"Ottobre 2018: gli eventi a Bratislava e dintorni","date":"28 Settembre 2018","format":false,"excerpt":"Dni Zel\u00e1 \/\u00a0Festival del cavolo\u00a0\u2013 Stupava 5 - 7 ottobre 2018 Il festival Dni Zel\u00e1 \u00e8 una grande fiera paesana che cerca di preservare le tradizioni della coltivazione e trasformazione delle variet\u00e0 regionali di cavolo che caratterizzano il territorio di Stupava. Il cavolo, nelle sue varie ricette, la fa da\u2026","rel":"","context":"In &quot;Eventi&quot;","img":{"alt_text":"","src":"https:\/\/i0.wp.com\/www.turismoslovacchia.it\/wp-content\/uploads\/eventi_00.jpg?resize=350%2C200&ssl=1","width":350,"height":200},"classes":[]},{"id":8449,"url":"https:\/\/www.turismoslovacchia.it\/?p=8449","url_meta":{"origin":6735,"position":4},"title":"A Bratislava il 20 febbraio in concerto lo Stefano Battaglia Trio","date":"12 Febbraio 2018","format":false,"excerpt":"Marted\u00ec 20 febbraio,\u00a0per la prima volta in Slovacchia, si esibir\u00e0 presso la\u00a0Radio Slovacca a Bratislava lo Stefano Battaglia Trio, formazione jazz italiana ben nota in patria e all\u2019estero, dove ha tenuto una lunga serie di concerti e ha partecipato a importanti festival. Passato al jazz per il fascino che su\u2026","rel":"","context":"In &quot;Articoli&quot;","img":{"alt_text":"","src":"https:\/\/i0.wp.com\/www.turismoslovacchia.it\/wp-content\/uploads\/jazz-music-concer_tatlin-CC0@pix.jpg?resize=350%2C200&ssl=1","width":350,"height":200},"classes":[]},{"id":9118,"url":"https:\/\/www.turismoslovacchia.it\/?p=9118","url_meta":{"origin":6735,"position":5},"title":"Agosto 2019: gli eventi a Bratislava e in Slovacchia","date":"2 Agosto 2019","format":false,"excerpt":"VIVA MUSICA! FESTIVAL \u2013 Bratislava 6 luglio \u2013\u00a025 agosto\u00a02018 Il festival Viva Musica! \u00e8 nato nel 2005 con l'ambizione di creare un evento estivo di un alto livello per tutti gli appassionati di musica - classica e non - ma in luoghi e con stile innovativo. Il festival offre il\u2026","rel":"","context":"In &quot;Eventi&quot;","img":{"alt_text":"","src":"https:\/\/i0.wp.com\/www.turismoslovacchia.it\/wp-content\/uploads\/eventi_00.jpg?resize=350%2C200&ssl=1","width":350,"height":200},"classes":[]}],"jetpack_shortlink":"https:\/\/wp.me\/p1oiY9-1KD","_links":{"self":[{"href":"https:\/\/www.turismoslovacchia.it\/index.php?rest_route=\/wp\/v2\/posts\/6735"}],"collection":[{"href":"https:\/\/www.turismoslovacchia.it\/index.php?rest_route=\/wp\/v2\/posts"}],"about":[{"href":"https:\/\/www.turismoslovacchia.it\/index.php?rest_route=\/wp\/v2\/types\/post"}],"author":[{"embeddable":true,"href":"https:\/\/www.turismoslovacchia.it\/index.php?rest_route=\/wp\/v2\/users\/2"}],"replies":[{"embeddable":true,"href":"https:\/\/www.turismoslovacchia.it\/index.php?rest_route=%2Fwp%2Fv2%2Fcomments&post=6735"}],"version-history":[{"count":0,"href":"https:\/\/www.turismoslovacchia.it\/index.php?rest_route=\/wp\/v2\/posts\/6735\/revisions"}],"wp:featuredmedia":[{"embeddable":true,"href":"https:\/\/www.turismoslovacchia.it\/index.php?rest_route=\/wp\/v2\/media\/6736"}],"wp:attachment":[{"href":"https:\/\/www.turismoslovacchia.it\/index.php?rest_route=%2Fwp%2Fv2%2Fmedia&parent=6735"}],"wp:term":[{"taxonomy":"category","embeddable":true,"href":"https:\/\/www.turismoslovacchia.it\/index.php?rest_route=%2Fwp%2Fv2%2Fcategories&post=6735"},{"taxonomy":"post_tag","embeddable":true,"href":"https:\/\/www.turismoslovacchia.it\/index.php?rest_route=%2Fwp%2Fv2%2Ftags&post=6735"}],"curies":[{"name":"wp","href":"https:\/\/api.w.org\/{rel}","templated":true}]}}