{"id":6732,"date":"2016-10-25T10:12:30","date_gmt":"2016-10-25T08:12:30","guid":{"rendered":"http:\/\/www.turismoslovacchia.it\/?p=6732"},"modified":"2016-10-27T22:49:01","modified_gmt":"2016-10-27T20:49:01","slug":"enrico-rava-a-bratislava-sempre-alla-ricerca-di-qualcosaltro-diciamo-che-sono-un-tipo-curioso","status":"publish","type":"post","link":"https:\/\/www.turismoslovacchia.it\/?p=6732","title":{"rendered":"Enrico Rava a Bratislava: sempre alla ricerca di qualcos&#8217;altro, \u201cdiciamo che sono un tipo curioso\u201d"},"content":{"rendered":"<p style=\"text-align: justify;\"><a href=\"http:\/\/www.turismoslovacchia.it\/wp-content\/uploads\/enricorava_IIC_JanVlkDrea.jpg\" data-rel=\"lightbox-gallery-AJ03n40i\" data-rl_title=\"\" data-rl_caption=\"\" title=\"\"><img decoding=\"async\" loading=\"lazy\" class=\"alignnone wp-image-6733\" src=\"http:\/\/www.turismoslovacchia.it\/wp-content\/uploads\/enricorava_IIC_JanVlkDrea.jpg\" alt=\"enricorava_iic_janvlkdrea\" width=\"520\" height=\"347\" \/><\/a><\/p>\n<p style=\"text-align: justify;\">Prima volta in Slovacchia, lo scorso weekend, per Enrico Rava, trombettista tra i pi\u00f9 noti a livello internazionale e leggenda del jazz Made in Italy, ormai sulla piazza ai pi\u00f9 alti livelli da quattro decenni, da quando a met\u00e0 degli anni Sessanta inizi\u00f2 nella band di Gato Barbieri, trasferendosi poco dopo a New York dove entra nel giro del <em>bebop jazz<\/em> e anche in alcune formazioni di avanguardia. Negli Usa ha collaborato con personaggi come Pat Metheny, Michel Petrucciani, John Abercrombie, Joe Henderson, Richard Galliano. Ha pubblicato oltre 40 album da solista, e una serie di registrazioni ispirate a Miles Davis con un\u2019altra leggendaria tromba del Belpaese, Paolo Fresu.<\/p>\n<p style=\"text-align: justify;\">Rava \u00e8 stato ospite, venerd\u00ec 21 ottobre, della 42esima edizione \u2013 autunnale \u2013 del festival Bratislava Jazz Days, che per tre giorni ha invaso l\u2019auditorium fieristico Incheba nella capitale slovacca. Rava, classe 1939 ma un\u2019energia da invidiare, si \u00e8 presentato con la formazione Tribe, un progetto nato dieci anni fa.<\/p>\n<p style=\"text-align: justify;\">Pubblichiamo qui l\u2019intervista a Rava fatta dalla direttrice dell\u2019Istituto Italiano di Cultura a Bratislava, Antonia Grande, e pubblicata su <a href=\"http:\/\/www.buongiornoslovacchia.sk\/\">Buongiorno Slovacchia<\/a>.<\/p>\n<hr \/>\n<p style=\"text-align: justify;\"><strong>Che impressione ti ha fatto questa capitale mitteleuropea?<\/strong><\/p>\n<p style=\"text-align: justify;\"><em>L\u2019ho trovata molto bella, tenuta benissimo e molto viva. Ovviamente non ho certo avuto modo di conoscerla in un giorno, per\u00f2 l\u2019impressione \u00e8 stata molto, molto positiva.<\/em><\/p>\n<p style=\"text-align: justify;\"><strong>Puoi raccontarci qualche aneddoto dell\u2019inizio della tua carriera quando hai collaborato con Steve Lacy e hai inciso \u201cThe Forest and the Zoo\u201d?<\/strong><\/p>\n<p style=\"text-align: justify;\"><em>Beh, la prima cosa che mi viene in\u00a0 mente \u00e9: come mai siamo rimasti a Buenos Aires un intero anno? Le cose sono andate cos\u00ec. Col quartetto di Steve Lacy, che oltre a me comprendeva i due sudafricani Johnny Dyani e Louis Moholo, facevamo una musica talmente all\u2019avanguardia e ostica che il nostro pubblico in Europa anzich\u00e9 aumentare diminuiva. Da qui la decisione di accettare l\u2019offerta di un teatro di Buenos Aires che ci voleva per una settimana. Il problema \u00e8 che i biglietti aerei che ci avevano mandato erano di andata e ritorno Roma\u00a0 \u2013 Buenos Aires \u2013 Roma. Validit\u00e0 minima 7 giorni.massima 15. Poich\u00e9 non eravamo sicuri di dove volevamo andare da Buenos Aires \u00e8 successo che siamo rimasti oltre i 15 giorni previsti facendo scadere i nostri biglietti. Per cui siamo rimasti in Argentina cercando senza successo di mettere insieme i soldi per dei biglietti per New York. Ed \u00e9 cos\u00ec che siamo rimasti pi\u00f9 di un anno a Buenos Aires, beccandoci anche un golpe militare che avrebbe portato la dittatura di Ongania. Prima di partire comunque abbiamo fatto un concerto d\u2019addio organizzato dal grande compositore Ginastera. Concerto da cui fu tratto il disco per la Esp \u201cThe forest and the zoo\u201d<\/em><\/p>\n<h3 style=\"text-align: justify;\"><a href=\"http:\/\/www.buongiornoslovacchia.sk\/index.php\/archives\/69000\">Continua a leggere<\/a><\/h3>\n<p style=\"text-align: right;\"><span style=\"color: #808080;\"><em>_<\/em><\/span><br \/>\n<span style=\"color: #808080;\"><em>Foto IIC \/ J\u00e1n Vlk-Drea<\/em><\/span><\/p>\n","protected":false},"excerpt":{"rendered":"<p>Prima volta in Slovacchia, lo scorso weekend, per Enrico Rava, trombettista tra i pi\u00f9 noti a livello internazionale e leggenda del jazz Made in Italy, ormai sulla piazza ai pi\u00f9 alti livelli da quattro decenni, da quando a met\u00e0 degli anni Sessanta inizi\u00f2 nella band di Gato Barbieri, trasferendosi poco dopo a New York dove [&hellip;]<\/p>\n","protected":false},"author":2,"featured_media":6733,"comment_status":"open","ping_status":"open","sticky":false,"template":"","format":"standard","meta":[],"categories":[3,5,1],"tags":[30,42,283,38],"aioseo_notices":[],"jetpack_featured_media_url":"https:\/\/www.turismoslovacchia.it\/wp-content\/uploads\/enricorava_IIC_JanVlkDrea-e1477596881269.jpg","jetpack_sharing_enabled":true,"jetpack-related-posts":[{"id":6735,"url":"https:\/\/www.turismoslovacchia.it\/?p=6735","url_meta":{"origin":6732,"position":0},"title":"Nel weekend il Bratislava Jazz Days. C&#8217;\u00e8 anche Enrico Rava","date":"18 Ottobre 2016","format":false,"excerpt":"Enrico Rava arriva per la prima volta in Slovacchia, al Bratislava Jazz Days, con il suo quintetto \u201cTribe\u201d, i cui membri \u2013 giovani e ottimi musicisti \u2013 lo hanno gi\u00e0 accompagnato in straordinari concerti sia in Italia sia all\u2019estero: Gianluca Petrella (trombone), Giovanni Guidi (piano), Gabriele Evangelista (contrabasso) e Fabrizio\u2026","rel":"","context":"In &quot;Articoli&quot;","img":{"alt_text":"","src":"https:\/\/i0.wp.com\/www.turismoslovacchia.it\/wp-content\/uploads\/musica_CC0.jpg?resize=350%2C200&ssl=1","width":350,"height":200},"classes":[]},{"id":8591,"url":"https:\/\/www.turismoslovacchia.it\/?p=8591","url_meta":{"origin":6732,"position":1},"title":"Ai Bratislava Jazz Days sabato anche Stefano Bollani","date":"17 Ottobre 2018","format":false,"excerpt":"Al 44esimo anno dei\u00a0Bratislava Jazz Days, la manifestazione jazzistica dalla storia pi\u00f9 gloriosa in Slovacchia e non solo, sar\u00e0 sul palco nella capitale slovacca anche la stella di\u00a0Stefano Bollani, eclettico compositore, pianista, cantate milanese ben noto anche oltreconfine. Nella sua prima avventura slovacca Bollani porter\u00e0 il progetto\u00a0Napoli Trip, che rivela\u2026","rel":"","context":"In &quot;Articoli&quot;","img":{"alt_text":"","src":"https:\/\/i0.wp.com\/www.turismoslovacchia.it\/wp-content\/uploads\/bollani.jpg?resize=350%2C200&ssl=1","width":350,"height":200},"classes":[]},{"id":173,"url":"https:\/\/www.turismoslovacchia.it\/?p=173","url_meta":{"origin":6732,"position":2},"title":"Eventi in Slovacchia \u2013 OTTOBRE 2010","date":"10 Ottobre 2010","format":false,"excerpt":"Calendario eventi OTTOBRE 2010 15 settembre - 6 dicembre, 2010 Giornate di Visegrad Questo evento porta a Ko\u0161ice tutto il meglio della scena della cultura centro-europea. I visitatori possono aspettarsi molti spettacoli e ottimi artisti provenienti dalla Repubblica Ceca, l'Ungheria, la Polonia e la Slovacchia. Luogo: Ko\u0161ice Informazioni: Zdru\u017eenie Forsa\u2026","rel":"","context":"In &quot;Eventi&quot;","img":{"alt_text":"","src":"https:\/\/i0.wp.com\/www.turismoslovacchia.it\/wp-content\/uploads\/2010\/10\/Eventi-in-Slovacchia.jpg?resize=350%2C200&ssl=1","width":350,"height":200},"classes":[]},{"id":8588,"url":"https:\/\/www.turismoslovacchia.it\/?p=8588","url_meta":{"origin":6732,"position":3},"title":"Cinema e cibo: gli eventi in Slovacchia della Settimana della Lingua Italiana","date":"11 Ottobre 2018","format":false,"excerpt":"In occasione della\u00a0XVIII Settimana della Lingua Italiana nel Mondo, che si svolge sul tema\u201dL\u2019italiano e la rete, le reti per l\u2019italiano\u201d, l\u2019Istituto Italiano di Cultura di Bratislava ha preparato una serie di eventi a Bratislava, Ru\u017eomberok,\u00a0Bansk\u00e1 Bystrica e Nitra tra\u00a0conversazioni, proiezioni di film, seminari. Il programma di Bratislava Luned\u00ec 15\u2026","rel":"","context":"In &quot;Articoli&quot;","img":{"alt_text":"","src":"https:\/\/i0.wp.com\/www.turismoslovacchia.it\/wp-content\/uploads\/filmitabracibo.jpg?resize=350%2C200&ssl=1","width":350,"height":200},"classes":[]},{"id":9118,"url":"https:\/\/www.turismoslovacchia.it\/?p=9118","url_meta":{"origin":6732,"position":4},"title":"Agosto 2019: gli eventi a Bratislava e in Slovacchia","date":"2 Agosto 2019","format":false,"excerpt":"VIVA MUSICA! FESTIVAL \u2013 Bratislava 6 luglio \u2013\u00a025 agosto\u00a02018 Il festival Viva Musica! \u00e8 nato nel 2005 con l'ambizione di creare un evento estivo di un alto livello per tutti gli appassionati di musica - classica e non - ma in luoghi e con stile innovativo. Il festival offre il\u2026","rel":"","context":"In &quot;Eventi&quot;","img":{"alt_text":"","src":"https:\/\/i0.wp.com\/www.turismoslovacchia.it\/wp-content\/uploads\/eventi_00.jpg?resize=350%2C200&ssl=1","width":350,"height":200},"classes":[]},{"id":1279,"url":"https:\/\/www.turismoslovacchia.it\/?p=1279","url_meta":{"origin":6732,"position":5},"title":"Dolce Vitaj 2012: una stagione di appuntamenti italiani in Slovacchia","date":"29 Maggio 2012","format":false,"excerpt":"\u00c8 stato presentato oggi il festival Dolce Vitaj 2012, la pi\u00f9 importante manifestazione culturale italiana in Slovacchia, che realizza per la quinta volta nel mese di giugno una serie di appuntamenti che rappresentano una vera e propria finestra sull\u2019Italia. In una conferenza stampa presso il Comune di Bratislava si sono\u2026","rel":"","context":"In &quot;Eventi&quot;","img":{"alt_text":"","src":"https:\/\/i0.wp.com\/www.turismoslovacchia.it\/wp-content\/uploads\/dolcev12.jpg?resize=350%2C200&ssl=1","width":350,"height":200},"classes":[]}],"jetpack_shortlink":"https:\/\/wp.me\/p1oiY9-1KA","_links":{"self":[{"href":"https:\/\/www.turismoslovacchia.it\/index.php?rest_route=\/wp\/v2\/posts\/6732"}],"collection":[{"href":"https:\/\/www.turismoslovacchia.it\/index.php?rest_route=\/wp\/v2\/posts"}],"about":[{"href":"https:\/\/www.turismoslovacchia.it\/index.php?rest_route=\/wp\/v2\/types\/post"}],"author":[{"embeddable":true,"href":"https:\/\/www.turismoslovacchia.it\/index.php?rest_route=\/wp\/v2\/users\/2"}],"replies":[{"embeddable":true,"href":"https:\/\/www.turismoslovacchia.it\/index.php?rest_route=%2Fwp%2Fv2%2Fcomments&post=6732"}],"version-history":[{"count":0,"href":"https:\/\/www.turismoslovacchia.it\/index.php?rest_route=\/wp\/v2\/posts\/6732\/revisions"}],"wp:featuredmedia":[{"embeddable":true,"href":"https:\/\/www.turismoslovacchia.it\/index.php?rest_route=\/wp\/v2\/media\/6733"}],"wp:attachment":[{"href":"https:\/\/www.turismoslovacchia.it\/index.php?rest_route=%2Fwp%2Fv2%2Fmedia&parent=6732"}],"wp:term":[{"taxonomy":"category","embeddable":true,"href":"https:\/\/www.turismoslovacchia.it\/index.php?rest_route=%2Fwp%2Fv2%2Fcategories&post=6732"},{"taxonomy":"post_tag","embeddable":true,"href":"https:\/\/www.turismoslovacchia.it\/index.php?rest_route=%2Fwp%2Fv2%2Ftags&post=6732"}],"curies":[{"name":"wp","href":"https:\/\/api.w.org\/{rel}","templated":true}]}}