{"id":6645,"date":"2016-09-30T16:57:57","date_gmt":"2016-09-30T14:57:57","guid":{"rendered":"http:\/\/www.turismoslovacchia.it\/?p=6645"},"modified":"2016-09-30T22:23:53","modified_gmt":"2016-09-30T20:23:53","slug":"roma-preziosi-capolavori-gotici-della-slovacchia-in-mostra-al-quirinale","status":"publish","type":"post","link":"https:\/\/www.turismoslovacchia.it\/?p=6645","title":{"rendered":"Preziosi capolavori del gotico slovacco in mostra al Quirinale a Roma"},"content":{"rendered":"<p style=\"text-align: justify;\"><a href=\"http:\/\/www.turismoslovacchia.it\/wp-content\/uploads\/artegotica2016-quirinale-Compianto-PavolLevoca.jpg\" data-rel=\"lightbox-gallery-mKUjllRm\" data-rl_title=\"\" data-rl_caption=\"\" title=\"\"><img decoding=\"async\" loading=\"lazy\" class=\"alignnone wp-image-6662\" src=\"http:\/\/www.turismoslovacchia.it\/wp-content\/uploads\/artegotica2016-quirinale-Compianto-PavolLevoca.jpg\" alt=\"artegotica2016-quirinale-compianto-pavollevoca\" width=\"519\" height=\"346\" srcset=\"https:\/\/www.turismoslovacchia.it\/wp-content\/uploads\/artegotica2016-quirinale-Compianto-PavolLevoca.jpg 720w, https:\/\/www.turismoslovacchia.it\/wp-content\/uploads\/artegotica2016-quirinale-Compianto-PavolLevoca-180x120.jpg 180w, https:\/\/www.turismoslovacchia.it\/wp-content\/uploads\/artegotica2016-quirinale-Compianto-PavolLevoca-300x200.jpg 300w, https:\/\/www.turismoslovacchia.it\/wp-content\/uploads\/artegotica2016-quirinale-Compianto-PavolLevoca-600x400.jpg 600w, https:\/\/www.turismoslovacchia.it\/wp-content\/uploads\/artegotica2016-quirinale-Compianto-PavolLevoca-400x267.jpg 400w, https:\/\/www.turismoslovacchia.it\/wp-content\/uploads\/artegotica2016-quirinale-Compianto-PavolLevoca-100x67.jpg 100w, https:\/\/www.turismoslovacchia.it\/wp-content\/uploads\/artegotica2016-quirinale-Compianto-PavolLevoca-188x125.jpg 188w, https:\/\/www.turismoslovacchia.it\/wp-content\/uploads\/artegotica2016-quirinale-Compianto-PavolLevoca-150x100.jpg 150w, https:\/\/www.turismoslovacchia.it\/wp-content\/uploads\/artegotica2016-quirinale-Compianto-PavolLevoca-272x182.jpg 272w\" sizes=\"(max-width: 519px) 100vw, 519px\" \/><\/a><\/p>\n<p style=\"text-align: justify;\">Ha aperto i battenti <strong>a Roma\u00a0presso il Quirinale<\/strong>, negli spazi della Palazzina Gregoriana,\u00a0una importante mostra di\u00a0<strong>arte gotica della Slovacchia<\/strong>,\u00a0realizzata in occasione della Presidenza slovacca del Consiglio dell\u2019Unione Europea nella seconda met\u00e0 del 2016. Cinquantadue\u00a0capolavori del tardo Medioevo, risalenti al <strong>XV e XVI secolo<\/strong>, provenienti dai pi\u00f9 importanti musei e chiese della Slovacchia, mostrano\u00a0un sunto delle correnti culturali e spirituali che attraversavano l\u2019Europa centrale alla vigilia dell\u2019esplosione del Rinascimento.<\/p>\n<p style=\"text-align: justify;\">La\u00a0mostra <strong>\u201cTesori Gotici dalla Slovacchia\u201d<\/strong>, inaugurata il 29 settembre dai presidenti di Slovacchia e Italia, Andrej Kiska e Sergio Mattarella, \u00e8 stata prodotta dal Museo Nazionale Slovacco (SNM), in collaborazione con il segretariato generale della presidenza italiana, ed \u00e8 \u00abuno dei pi\u00f9 importanti progetti della presidenza della Slovacchia al Consiglio dell&#8217;UE per presentare la cultura e la storia slovacca\u00bb, secondo quanto ha dichiarato l&#8217;ufficio stampa dello stesso\u00a0museo. Con questa\u00a0mostra\u00a0arrivano\u00a0<strong>per la prima volta in Italia<\/strong> capolavori dell\u2019arte e dell\u2019artigianato tardo medievale della nazione\u00a0slovacca dove, soprattutto all\u2019est, si erano raggiunti risultati importanti con figure come il <strong>Maestro Pavol di Levo\u010da<\/strong>.<\/p>\n<p style=\"text-align: justify;\"><a href=\"http:\/\/www.turismoslovacchia.it\/wp-content\/uploads\/artegotica2016_quirinale-roznavskametercia.jpg\" data-rel=\"lightbox-gallery-mKUjllRm\" data-rl_title=\"\" data-rl_caption=\"\" title=\"\"><img decoding=\"async\" loading=\"lazy\" class=\"alignnone size-full wp-image-6657\" src=\"http:\/\/www.turismoslovacchia.it\/wp-content\/uploads\/artegotica2016_quirinale-roznavskametercia.jpg\" alt=\"artegotica2016_quirinale-roznavskametercia\" width=\"520\" height=\"702\" srcset=\"https:\/\/www.turismoslovacchia.it\/wp-content\/uploads\/artegotica2016_quirinale-roznavskametercia.jpg 520w, https:\/\/www.turismoslovacchia.it\/wp-content\/uploads\/artegotica2016_quirinale-roznavskametercia-222x300.jpg 222w, https:\/\/www.turismoslovacchia.it\/wp-content\/uploads\/artegotica2016_quirinale-roznavskametercia-400x540.jpg 400w, https:\/\/www.turismoslovacchia.it\/wp-content\/uploads\/artegotica2016_quirinale-roznavskametercia-56x75.jpg 56w, https:\/\/www.turismoslovacchia.it\/wp-content\/uploads\/artegotica2016_quirinale-roznavskametercia-93x125.jpg 93w, https:\/\/www.turismoslovacchia.it\/wp-content\/uploads\/artegotica2016_quirinale-roznavskametercia-150x203.jpg 150w\" sizes=\"(max-width: 520px) 100vw, 520px\" \/><\/a><\/p>\n<p style=\"text-align: justify;\">Le opere esibite si possono suddividere in due gruppi. Il primo \u00e8 costituito dai <strong>capolavori realizzati dal Maestro Pavol di Levo\u010da<\/strong>, un artista fortemente inserito nel tessuto artistico e culturale europeo, e databili alla <strong>prima met\u00e0 del Cinquecento<\/strong>. Si tratta di realizzazioni ispirate agli episodi della vita di Cristo. Il secondo gruppo \u00e8 formato essenzialmente da <strong>oggetti liturgici<\/strong>, concepiti e realizzati nelle <strong>botteghe degli orafi slovacchi nel Cinquecento e Seicento<\/strong>. Si tratta di una produzione normalmente collocata presso i rispettivi luoghi di origine e largamente sconosciuta al di fuori della Slovacchia, che ora viene proposta all\u2019ammirazione del pubblico italiano ed europeo.<\/p>\n<p style=\"text-align: justify;\"><a href=\"http:\/\/i0.wp.com\/www.buongiornoslovacchia.sk\/wp-content\/uploads\/artegotica2016-adorazione-HansT-Levoca_quirinale-it.jpg?resize=550%2C330\"><img decoding=\"async\" loading=\"lazy\" class=\"alignnone wp-image-68202\" src=\"http:\/\/i0.wp.com\/www.buongiornoslovacchia.sk\/wp-content\/uploads\/artegotica2016-adorazione-HansT-Levoca_quirinale-it.jpg?resize=550%2C330\" sizes=\"(max-width: 550px) 100vw, 550px\" srcset=\"http:\/\/i0.wp.com\/www.buongiornoslovacchia.sk\/wp-content\/uploads\/artegotica2016-adorazione-HansT-Levoca_quirinale-it.jpg?w=550 550w, http:\/\/i0.wp.com\/www.buongiornoslovacchia.sk\/wp-content\/uploads\/artegotica2016-adorazione-HansT-Levoca_quirinale-it.jpg?resize=300%2C180 300w, http:\/\/i0.wp.com\/www.buongiornoslovacchia.sk\/wp-content\/uploads\/artegotica2016-adorazione-HansT-Levoca_quirinale-it.jpg?resize=400%2C240 400w\" alt=\"artegotica2016-adorazione-hanst-levoca_quirinale-it\" width=\"520\" height=\"312\" \/><\/a><\/p>\n<p style=\"text-align: justify;\"><a href=\"http:\/\/www.turismoslovacchia.it\/wp-content\/uploads\/artegotica2016-adorazione-HansT-Levoca1_quirinale-it.jpg\" data-rel=\"lightbox-gallery-mKUjllRm\" data-rl_title=\"\" data-rl_caption=\"\" title=\"\"><img decoding=\"async\" loading=\"lazy\" class=\"alignnone wp-image-6649\" src=\"http:\/\/www.turismoslovacchia.it\/wp-content\/uploads\/artegotica2016-adorazione-HansT-Levoca1_quirinale-it.jpg\" alt=\"artegotica2016-adorazione-hanst-levoca1_quirinale-it\" width=\"520\" height=\"312\" srcset=\"https:\/\/www.turismoslovacchia.it\/wp-content\/uploads\/artegotica2016-adorazione-HansT-Levoca1_quirinale-it.jpg 550w, https:\/\/www.turismoslovacchia.it\/wp-content\/uploads\/artegotica2016-adorazione-HansT-Levoca1_quirinale-it-300x180.jpg 300w, https:\/\/www.turismoslovacchia.it\/wp-content\/uploads\/artegotica2016-adorazione-HansT-Levoca1_quirinale-it-400x240.jpg 400w, https:\/\/www.turismoslovacchia.it\/wp-content\/uploads\/artegotica2016-adorazione-HansT-Levoca1_quirinale-it-100x60.jpg 100w, https:\/\/www.turismoslovacchia.it\/wp-content\/uploads\/artegotica2016-adorazione-HansT-Levoca1_quirinale-it-200x120.jpg 200w, https:\/\/www.turismoslovacchia.it\/wp-content\/uploads\/artegotica2016-adorazione-HansT-Levoca1_quirinale-it-150x90.jpg 150w\" sizes=\"(max-width: 520px) 100vw, 520px\" \/><\/a><\/p>\n<p style=\"text-align: justify;\">Le opere, tutte iscritte nel <strong>patrimonio culturale slovacco<\/strong> e\u00a0con\u00a0uno straordinario valore storico e culturale, includono <strong>sculture policrome in legno<\/strong>, <strong>dipinti su tavola<\/strong>, <strong>pale d\u2019altare<\/strong>, interi <strong>altari lignei<\/strong>, e numerosi e preziosi manufatti dei pi\u00f9 <strong>raffinati orafi ed argentieri<\/strong> della regione che hanno prodotto oggetti di\u00a0uso liturgico di altissimo pregio.\u00a0Alcuni dei 52 pezzi in mostra, come il gruppo di statue dell\u2019<strong>Altare della Nativit\u00e0 di Ges\u00f9<\/strong> o il rilievo del <strong>Compianto di Cristo dall&#8217;Altare di San Giovanni<\/strong> nella\u00a0<strong>Chiesa di San Giacomo a Levo\u010da<\/strong>, non avevano mai lasciato prima la Slovacchia, e viaggiano fuori dai confini nazionali per la prima volta in assoluto. Sono presenti numerose opere del <strong>Maestro Pavol<\/strong>, come anche la statua della <strong>Vergine Maria<\/strong> dall\u2019omonimo <strong>altare a Spi\u0161sk\u00e9 Podhradie<\/strong>, o il <strong>Cristo Crocifisso di Spi\u0161sk\u00e9 Vlachy<\/strong>, figure del <strong>Calvario da Bardejov<\/strong>, il <strong>Cristo in meditazione da\u00a0Pre\u0161ov<\/strong>, e sono\u00a0accompagnate da diversi dipinti di suoi contemporanei come il cosiddetto\u00a0<strong>Monogramista H.L.E.R.<\/strong>, autore dei dipinti su tavola dell&#8217;<strong>altare maggiore di Lipany<\/strong> (<em>vedi sotto<\/em>), o <strong>Hans T.<\/strong>, autore dell&#8217;<strong>Adorazione dei Magi<\/strong>\u00a0(<em>vedi qui sopra<\/em>) del 1510, che lavorarono direttamente al fianco di Majster Pavol.\u00a0Insieme a queste opere pittoriche, \u00e8 da ricordare anche la <strong>Sant&#8217;Anna<\/strong> (Metercia) della <strong>Cattedrale dell&#8217;Assunta\u00a0di\u00a0Ro\u017e\u0148ava<\/strong>, una tavola\u00a0(<em>vedi sopra<\/em>) di straordinaria importanza dipinta da ignoto nel 1513\u00a0che illustra la ricca storia mineraria del tempo nella zona di Gemer.<\/p>\n<p style=\"text-align: justify;\"><a href=\"http:\/\/i0.wp.com\/www.buongiornoslovacchia.sk\/wp-content\/uploads\/artegotica-kiska-mattarella_quirinale.it_.jpg?w=550\"><img decoding=\"async\" loading=\"lazy\" class=\"alignnone\" src=\"http:\/\/i0.wp.com\/www.buongiornoslovacchia.sk\/wp-content\/uploads\/artegotica-kiska-mattarella_quirinale.it_.jpg?w=550\" width=\"550\" height=\"330\" \/><\/a><\/p>\n<p style=\"text-align: justify;\"><a href=\"http:\/\/i0.wp.com\/www.buongiornoslovacchia.sk\/wp-content\/uploads\/artegotica2016-kiska-mattarella-sk-it_prezident.sk_.jpg?w=550\"><img decoding=\"async\" loading=\"lazy\" class=\"alignnone\" src=\"http:\/\/i0.wp.com\/www.buongiornoslovacchia.sk\/wp-content\/uploads\/artegotica2016-kiska-mattarella-sk-it_prezident.sk_.jpg?w=550\" width=\"550\" height=\"319\" \/><\/a><\/p>\n<p style=\"text-align: justify;\">Come detto, sono poi esposti <strong>oggetti\u00a0di uso liturgico<\/strong> di <strong>raffinata oreficeria e argenteria<\/strong>, campioni di <strong>tessuti<\/strong> (in particolare una tipologia di tessuti la cui origine\u00a0proviene da Perugia e che dal 1411 fu prodotta anche a Ko\u0161ice in esclusiva per il Regno d&#8217;Ungheria), <strong>paramenti ecclesiastici<\/strong>, lampade, i tre pi\u00f9 grandi <strong>ostensori tardogotici<\/strong> slovacchi e due <strong>fonti battesimali<\/strong>. Tra i libri \u00e8 presente un <strong><em>Decretum Graziani<\/em><\/strong> stampato a Venezia nel XV secolo e <strong>miniato in Slovacchia<\/strong> nella regione di Spi\u0161.<\/p>\n<p><span class=\"embed-youtube\" style=\"text-align:center; display: block;\"><iframe loading=\"lazy\" class=\"youtube-player\" width=\"1140\" height=\"642\" src=\"https:\/\/www.youtube.com\/embed\/BMYzkSKcX5U?version=3&#038;rel=1&#038;showsearch=0&#038;showinfo=1&#038;iv_load_policy=1&#038;fs=1&#038;hl=it-IT&#038;autohide=2&#038;start=54&#038;wmode=transparent\" allowfullscreen=\"true\" style=\"border:0;\" sandbox=\"allow-scripts allow-same-origin allow-popups allow-presentation\"><\/iframe><\/span><\/p>\n<p style=\"text-align: justify;\">Le opere e gli oggetti che compongono questa esposizione, tutte sottoposte\u00a0a\u00a0restauro o pulizia per questa occasione,\u00a0sono di propriet\u00e0 di venti diversi enti. A parte il Museo Storico Nazionale-SNM, il Museo di Spi\u0161 a\u00a0Levoca, e il Museo di \u0160ari\u0161 a Bardejov,\u00a0la grandissima parte dei prestiti \u00e8 stata fatta da enti ecclesiastici e sono stati radunati in questa occasione per la prima volta.<\/p>\n<p style=\"text-align: justify;\">La mostra \u00e8 a cura di M\u00e1ria Novotn\u00e1, curatrice dell\u2019Arte medievale del Museo Nazionale Slovacco, e Alena Piatrov\u00e1, curatrice dell\u2019Artigianato del Museo Nazionale Slovacco, con la supervisione di\u00a0Louis Godart, consulente del Presidente della Repubblica in materia di iniziative ed eventi culturali ed espositivi. Enti promotori dell\u2019esposizione sono la Presidenza della Repubblica Italiana e la Presidenza della Repubblica Slovacca.<\/p>\n<p style=\"text-align: justify;\"><a href=\"http:\/\/i0.wp.com\/www.buongiornoslovacchia.sk\/wp-content\/uploads\/artegotica16_oggettiliturg_quirinale-it.jpg?resize=550%2C330\"><img decoding=\"async\" loading=\"lazy\" class=\"alignnone wp-image-68203\" src=\"http:\/\/i0.wp.com\/www.buongiornoslovacchia.sk\/wp-content\/uploads\/artegotica16_oggettiliturg_quirinale-it.jpg?resize=550%2C330\" sizes=\"(max-width: 550px) 100vw, 550px\" srcset=\"http:\/\/i0.wp.com\/www.buongiornoslovacchia.sk\/wp-content\/uploads\/artegotica16_oggettiliturg_quirinale-it.jpg?w=550 550w, http:\/\/i0.wp.com\/www.buongiornoslovacchia.sk\/wp-content\/uploads\/artegotica16_oggettiliturg_quirinale-it.jpg?resize=300%2C180 300w, http:\/\/i0.wp.com\/www.buongiornoslovacchia.sk\/wp-content\/uploads\/artegotica16_oggettiliturg_quirinale-it.jpg?resize=400%2C240 400w\" alt=\"artegotica16_oggettiliturg_quirinale-it\" width=\"520\" height=\"312\" \/><\/a><\/p>\n<p style=\"text-align: justify;\"><a href=\"http:\/\/www.turismoslovacchia.it\/wp-content\/uploads\/artegotica2016-quirinale_silviablechova.jpg\" data-rel=\"lightbox-gallery-mKUjllRm\" data-rl_title=\"\" data-rl_caption=\"\" title=\"\"><img decoding=\"async\" loading=\"lazy\" class=\"alignnone wp-image-6653\" src=\"http:\/\/www.turismoslovacchia.it\/wp-content\/uploads\/artegotica2016-quirinale_silviablechova.jpg\" alt=\"artegotica2016-quirinale_silviablechova\" width=\"520\" height=\"286\" srcset=\"https:\/\/www.turismoslovacchia.it\/wp-content\/uploads\/artegotica2016-quirinale_silviablechova.jpg 720w, https:\/\/www.turismoslovacchia.it\/wp-content\/uploads\/artegotica2016-quirinale_silviablechova-300x165.jpg 300w, https:\/\/www.turismoslovacchia.it\/wp-content\/uploads\/artegotica2016-quirinale_silviablechova-600x330.jpg 600w, https:\/\/www.turismoslovacchia.it\/wp-content\/uploads\/artegotica2016-quirinale_silviablechova-400x220.jpg 400w, https:\/\/www.turismoslovacchia.it\/wp-content\/uploads\/artegotica2016-quirinale_silviablechova-100x55.jpg 100w, https:\/\/www.turismoslovacchia.it\/wp-content\/uploads\/artegotica2016-quirinale_silviablechova-200x110.jpg 200w, https:\/\/www.turismoslovacchia.it\/wp-content\/uploads\/artegotica2016-quirinale_silviablechova-150x83.jpg 150w\" sizes=\"(max-width: 520px) 100vw, 520px\" \/><\/a><\/p>\n<p style=\"text-align: justify;\"><a href=\"http:\/\/www.turismoslovacchia.it\/wp-content\/uploads\/artegotica2016-quirinale-MonogramistaHLER-Lipany.jpg\" data-rel=\"lightbox-gallery-mKUjllRm\" data-rl_title=\"\" data-rl_caption=\"\" title=\"\"><img decoding=\"async\" loading=\"lazy\" class=\"alignnone wp-image-6661\" src=\"http:\/\/www.turismoslovacchia.it\/wp-content\/uploads\/artegotica2016-quirinale-MonogramistaHLER-Lipany.jpg\" alt=\"artegotica2016-quirinale-monogramistahler-lipany\" width=\"520\" height=\"675\" srcset=\"https:\/\/www.turismoslovacchia.it\/wp-content\/uploads\/artegotica2016-quirinale-MonogramistaHLER-Lipany.jpg 720w, https:\/\/www.turismoslovacchia.it\/wp-content\/uploads\/artegotica2016-quirinale-MonogramistaHLER-Lipany-231x300.jpg 231w, https:\/\/www.turismoslovacchia.it\/wp-content\/uploads\/artegotica2016-quirinale-MonogramistaHLER-Lipany-600x779.jpg 600w, https:\/\/www.turismoslovacchia.it\/wp-content\/uploads\/artegotica2016-quirinale-MonogramistaHLER-Lipany-400x519.jpg 400w, https:\/\/www.turismoslovacchia.it\/wp-content\/uploads\/artegotica2016-quirinale-MonogramistaHLER-Lipany-58x75.jpg 58w, https:\/\/www.turismoslovacchia.it\/wp-content\/uploads\/artegotica2016-quirinale-MonogramistaHLER-Lipany-96x125.jpg 96w, https:\/\/www.turismoslovacchia.it\/wp-content\/uploads\/artegotica2016-quirinale-MonogramistaHLER-Lipany-150x195.jpg 150w, https:\/\/www.turismoslovacchia.it\/wp-content\/uploads\/artegotica2016-quirinale-MonogramistaHLER-Lipany-616x800.jpg 616w\" sizes=\"(max-width: 520px) 100vw, 520px\" \/><\/a><\/p>\n<h4 style=\"text-align: justify;\">\u2014<br \/>\n<span style=\"color: #3366ff;\"><strong>Tesori Gotici dalla Slovacchia<\/strong><\/span><br \/>\nQuando: 30 settembre \u2013 13 novembre 2016<br \/>\nOrari: mar, mer, ven, sab, dom ore 10-16, chiuso luned\u00ec e gioved\u00ec<br \/>\nIngresso gratuito con prenotazione obbligatoria, da effettuarsi secondo\u00a0le modalit\u00e0 indicate\u00a0<a class=\"wp-links-icon\" href=\"http:\/\/palazzo.quirinale.it\/mostre\/2016_gotici\/prenotamostra.html\" target=\"_blank\">su questa pagina<\/a>.<br \/>\nInfo: <a class=\"wp-links-icon\" href=\"http:\/\/palazzo.quirinale.it\/mostre\/2016_gotici\/gotici_home.html\" target=\"_blank\">Quirinale.it<\/a><\/h4>\n<blockquote><p><span style=\"color: #808080;\"><em><strong>Opere in fotografia:<\/strong><\/em><\/span><br \/>\n<span style=\"color: #808080;\"><em>1. Compianto sul Cristo morto, Maestro Pavol, 1520 \u2013 Basilica di San Giacomo, Levo\u010da<\/em><\/span><br \/>\n<span style=\"color: #808080;\"><em>2.\u00a0Sant\u2019Anna (Metterza), Ignoto centroeuropeo, 1513 \u2013 Cattedrale dell&#8217;Assunta, Ro\u017e\u0148ava<\/em><\/span><br \/>\n<span style=\"color: #808080;\"><em>3. Adorazione dei Magi (partt.), Hans T., 1510 cca. \u2013 Basilica di San Giacomo, Levo\u010da<br \/>\n4. Adorazione dei Magi (partt.), Hans T., 1510 cca. \u2013 Basilica di San Giacomo, Levo\u010da<\/em><\/span><br \/>\n<span style=\"color: #808080;\"><em>5.\u00a0Oggetti liturgici, circa 1500 \u2013 Poprad, Kom\u00e1rno, Nitra<br \/>\n6. Statue policrome dall&#8217;Altare della Nativit\u00e0 di Pavol di\u00a0Levo\u010da, cca. 1506, dalla\u00a0Basilica di San Giacomo, Levo\u010da (foto Silvia Blechova)<br \/>\n7.\u00a0Altare principale della Chiesa\u00a0di Lipany \u2013 Monogramista H.L.E.R<\/em><\/span><\/p><\/blockquote>\n","protected":false},"excerpt":{"rendered":"<p>Ha aperto i battenti a Roma\u00a0presso il Quirinale, negli spazi della Palazzina Gregoriana,\u00a0una importante mostra di\u00a0arte gotica della Slovacchia,\u00a0realizzata in occasione della Presidenza slovacca del Consiglio dell\u2019Unione Europea nella seconda met\u00e0 del 2016. Cinquantadue\u00a0capolavori del tardo Medioevo, risalenti al XV e XVI secolo, provenienti dai pi\u00f9 importanti musei e chiese della Slovacchia, mostrano\u00a0un sunto delle [&hellip;]<\/p>\n","protected":false},"author":2,"featured_media":6653,"comment_status":"open","ping_status":"open","sticky":false,"template":"","format":"standard","meta":[],"categories":[3,5,1],"tags":[125,190,139,29,646,44],"aioseo_notices":[],"jetpack_featured_media_url":"https:\/\/www.turismoslovacchia.it\/wp-content\/uploads\/artegotica2016-quirinale_silviablechova.jpg","jetpack_sharing_enabled":true,"jetpack-related-posts":[{"id":6743,"url":"https:\/\/www.turismoslovacchia.it\/?p=6743","url_meta":{"origin":6645,"position":0},"title":"Le mostre slovacche in Italia","date":"27 Ottobre 2016","format":false,"excerpt":"Sono in corso, e in qualche caso stanno per chiudere in diverse zone d\u2019Italia, alcune mostre di arte, storia ed archeologia provenienti dalla Slovacchia. Tra opere di arte contemporanea, arte storicizzata del \u2018900, manufatti e arte gotica soprattutto della Slovacchia orientale e una grande mostra di archeologia e ritrovamenti celti,\u2026","rel":"","context":"In &quot;Articoli&quot;","img":{"alt_text":"","src":"https:\/\/i0.wp.com\/www.turismoslovacchia.it\/wp-content\/uploads\/artegotica2016-quirinale-Compianto-PavolLevoca.jpg?resize=350%2C200&ssl=1","width":350,"height":200},"classes":[]},{"id":2852,"url":"https:\/\/www.turismoslovacchia.it\/?p=2852","url_meta":{"origin":6645,"position":1},"title":"Vaticano: apre domani mostra archeologica sulle origini del cristianesimo in Slovacchia","date":"11 Novembre 2013","format":false,"excerpt":"Ai Musei Vaticani a Roma viene inaugurata domani 12 novembre la mostra sulle origini del cristianesimo in Slovacchia e sulla missione dei santi Cirillo e Metodio nella Grande Moravia. La mostra \u00e8 stata preparata dal Museo Nazionale Slovacco insieme all\u2019Istituto Archeologico dell\u2019Accademia Slovacca delle Scienze (SAV) in collaborazione con l\u2019Ambasciata\u2026","rel":"","context":"In &quot;Eventi&quot;","img":{"alt_text":"","src":"https:\/\/i0.wp.com\/www.turismoslovacchia.it\/wp-content\/uploads\/evangelario-nitra_fonte_ukrizovananekonecnalaskamilujemta.sk_.jpg?resize=350%2C200&ssl=1","width":350,"height":200},"classes":[]},{"id":758,"url":"https:\/\/www.turismoslovacchia.it\/?p=758","url_meta":{"origin":6645,"position":2},"title":"Grazie alla mostra \u201eL&#8217;Oro e il Fuoco\u201c di Parigi ci si \u00e8 fatta un&#8217;idea diversa dell&#8217;arte slovacca","date":"20 Gennaio 2011","format":false,"excerpt":"La mostra d\u2018arte gotica slovacca a Parigi \u201eL\u2019Oro e il Fuoco\u201c, della quale abbiamo gia' avuto modo di parlare in due precedenti occasioni, \u00e8 stata visitata da ben 105.000 visitatori, secondo le dichiarazioni dei rappresentanti del Museo di Cluny che l\u2019ha ospitata, e la partecipazione \u00e8 stata considerata, anche per\u2026","rel":"","context":"In &quot;Articoli&quot;","img":{"alt_text":"","src":"https:\/\/i0.wp.com\/www.turismoslovacchia.it\/wp-content\/uploads\/arte-gotica-slovacca.jpg?resize=350%2C200&ssl=1","width":350,"height":200},"classes":[]},{"id":9250,"url":"https:\/\/www.turismoslovacchia.it\/?p=9250","url_meta":{"origin":6645,"position":3},"title":"A Roma una mostra-anniversario della Rivoluzione: \u201c30 anni di libert\u00e0 cecoslovacca\u201d","date":"16 Ottobre 2019","format":false,"excerpt":"Due Paesi, la\u00a0Repubblica Ceca\u00a0e la\u00a0Repubblica Slovacca, vogliono insieme ricordare uno dei momenti salienti della storia recente cecoslovacca: la\u00a0fine della quarantennale dittatura comunista.\u00a0Sessanta scatti iconici, realizzati da quindici tra i migliori fotografi cechi, raccontano fatti ed emozioni di quel periodo nella mostra fotografica \u201c1989: Rivoluzione di velluto. 30 anni della libert\u00e0\u2026","rel":"","context":"In &quot;Articoli&quot;","img":{"alt_text":"","src":"https:\/\/i0.wp.com\/www.turismoslovacchia.it\/wp-content\/uploads\/30-1989.jpg?resize=350%2C200&ssl=1","width":350,"height":200},"classes":[]},{"id":8438,"url":"https:\/\/www.turismoslovacchia.it\/?p=8438","url_meta":{"origin":6645,"position":4},"title":"Bratislava, al Museo Nazionale il Maestro Pavol di Levo\u010da","date":"15 Gennaio 2018","format":false,"excerpt":"La mostra \u201cMaestro Pavol di Levo\u010da. Mani e oro al servizio dello spirito\u201d, ospitata dal Museo Nazionale Slovacco a Bratislava, \u00e8 l\u2019ultima delle attivit\u00e0 culturali che nel corso del 2017 hanno voluto ricordare i 500 anni della conclusione dei lavori sull'altare maggiore della Basilica di San Giacomo a Levo\u010da, forse\u2026","rel":"","context":"In &quot;Articoli&quot;","img":{"alt_text":"","src":"https:\/\/i0.wp.com\/www.turismoslovacchia.it\/wp-content\/uploads\/pavol-levoca-snm.jpg?resize=350%2C200&ssl=1","width":350,"height":200},"classes":[]},{"id":8614,"url":"https:\/\/www.turismoslovacchia.it\/?p=8614","url_meta":{"origin":6645,"position":5},"title":"Torino, mostra su 50 anni di Cecoslovacchia, dal 1918 al 1968","date":"22 Novembre 2018","format":false,"excerpt":"Nella Sala Mostre del Palazzo della Citt\u00e0 Metropolitana di Torino, sar\u00e0 inaugurata mercoled\u00ec 28 novembre la mostra storica didattica \u201c1918-1968. Dalla nascita della Cecoslovacchia alla Primavera di Praga\u201c, promossa, in occasione del Centenario dalla fondazione della Repubblica di Cecoslovacchia, dalle Ambasciate della Repubblica Ceca e della Repubblica Slovacca in Italia,\u2026","rel":"","context":"In &quot;Articoli&quot;","img":{"alt_text":"","src":"https:\/\/i0.wp.com\/www.turismoslovacchia.it\/wp-content\/uploads\/cecoslov-28.10.1918.jpg?resize=350%2C200&ssl=1","width":350,"height":200},"classes":[]}],"jetpack_shortlink":"https:\/\/wp.me\/p1oiY9-1Jb","_links":{"self":[{"href":"https:\/\/www.turismoslovacchia.it\/index.php?rest_route=\/wp\/v2\/posts\/6645"}],"collection":[{"href":"https:\/\/www.turismoslovacchia.it\/index.php?rest_route=\/wp\/v2\/posts"}],"about":[{"href":"https:\/\/www.turismoslovacchia.it\/index.php?rest_route=\/wp\/v2\/types\/post"}],"author":[{"embeddable":true,"href":"https:\/\/www.turismoslovacchia.it\/index.php?rest_route=\/wp\/v2\/users\/2"}],"replies":[{"embeddable":true,"href":"https:\/\/www.turismoslovacchia.it\/index.php?rest_route=%2Fwp%2Fv2%2Fcomments&post=6645"}],"version-history":[{"count":0,"href":"https:\/\/www.turismoslovacchia.it\/index.php?rest_route=\/wp\/v2\/posts\/6645\/revisions"}],"wp:featuredmedia":[{"embeddable":true,"href":"https:\/\/www.turismoslovacchia.it\/index.php?rest_route=\/wp\/v2\/media\/6653"}],"wp:attachment":[{"href":"https:\/\/www.turismoslovacchia.it\/index.php?rest_route=%2Fwp%2Fv2%2Fmedia&parent=6645"}],"wp:term":[{"taxonomy":"category","embeddable":true,"href":"https:\/\/www.turismoslovacchia.it\/index.php?rest_route=%2Fwp%2Fv2%2Fcategories&post=6645"},{"taxonomy":"post_tag","embeddable":true,"href":"https:\/\/www.turismoslovacchia.it\/index.php?rest_route=%2Fwp%2Fv2%2Ftags&post=6645"}],"curies":[{"name":"wp","href":"https:\/\/api.w.org\/{rel}","templated":true}]}}