{"id":6110,"date":"2016-02-25T23:15:04","date_gmt":"2016-02-25T22:15:04","guid":{"rendered":"http:\/\/www.turismoslovacchia.it\/?p=6110"},"modified":"2016-03-06T23:42:08","modified_gmt":"2016-03-06T22:42:08","slug":"gran-gala-italiano-a-bratislava-si-festeggia-lattivita-del-liceo-saru","status":"publish","type":"post","link":"https:\/\/www.turismoslovacchia.it\/?p=6110","title":{"rendered":"Gran gala italiano a Bratislava, si festeggia l&#8217;attivit\u00e0 del liceo Saru"},"content":{"rendered":"<p style=\"text-align: justify;\"><img decoding=\"async\" loading=\"lazy\" class=\"alignnone size-full wp-image-6111\" src=\"http:\/\/www.turismoslovacchia.it\/wp-content\/uploads\/gala001.jpg\" alt=\"gala001\" width=\"520\" height=\"320\" srcset=\"https:\/\/www.turismoslovacchia.it\/wp-content\/uploads\/gala001.jpg 520w, https:\/\/www.turismoslovacchia.it\/wp-content\/uploads\/gala001-300x185.jpg 300w, https:\/\/www.turismoslovacchia.it\/wp-content\/uploads\/gala001-400x246.jpg 400w, https:\/\/www.turismoslovacchia.it\/wp-content\/uploads\/gala001-100x62.jpg 100w, https:\/\/www.turismoslovacchia.it\/wp-content\/uploads\/gala001-200x123.jpg 200w, https:\/\/www.turismoslovacchia.it\/wp-content\/uploads\/gala001-150x92.jpg 150w\" sizes=\"(max-width: 520px) 100vw, 520px\" \/><\/p>\n<p style=\"text-align: justify;\">Si \u00a0tenuto a Bratislava il 20 febbraio 2016 il GALA ITALIA, grande festa italiana, raffinata\u00a0ed elegante, che ha festeggiato il 25\u00b0 anniversario della creazione della <strong>sezione bilingue<\/strong> del <strong>Gymnazium ulica Ladislava Saru<\/strong> di Bratislava, unico liceo pubblico con una tale vocazione in Slovacchia.\u00a0Davanti a una platea di istituzioni italiane e slovacche, imprenditori e simpatizzanti, il preside del liceo\u00a0<strong>Pavel Sadlo\u0148<\/strong>\u00a0e il team di docenti della sezione italiana hanno avuto la giusta attenzione per una iniziativa che ha prodotto in venticinque anni di attivit\u00e0\u00a0<strong>centinaia di diplomati<\/strong>\u00a0slovacchi che\u00a0hanno\u00a0agito come mediatori culturali con l&#8217;Italia, e, \u00a0in un certo numero,\u00a0sono entrati a far parte dell&#8217;attuale\u00a0classe dirigente slovacca.<\/p>\n<p style=\"text-align: justify;\">Ai saluti istituzionali, presentati dall&#8217;<strong>Ambasciatore d\u2019Italia Roberto Martini\u00a0<\/strong>e dal<strong> vice presidente del Parlamento slovacco\u00a0Miroslav \u010c\u00ed\u017e<\/strong>,\u00a0ha fatto seguito il preside\u00a0<strong>Sadlo\u0148,<\/strong>\u00a0che ha ricordato come nacque l&#8217;idea della sezione bilingue e ha ringraziato di cuore i tanti insegnanti che con il loro entusiasmo lo hanno aiutato a realizzare\u00a0quel sogno, e ha chiamato accanto a lui sul palco sei di loro che sono stati premiati con un diploma consegnato insieme all&#8217;ambasciatore.<\/p>\n<p style=\"text-align: justify;\"><img decoding=\"async\" loading=\"lazy\" class=\"alignnone\" src=\"http:\/\/i1.wp.com\/www.buongiornoslovacchia.sk\/wp-content\/uploads\/GI_005.jpg?resize=768%2C512\" alt=\"\" width=\"521\" height=\"347\" \/><\/p>\n<p style=\"text-align: justify;\">La serata ha potuto poi proseguire con una cena di gala, diversi spettacoli musicali e di danza, una sfilata di moda molto apprezzata del marchio sartoriale slovacco Jillo e una tombola (lotteria) benefica che ha visto in palio anche premi di notevole valore e il cui incasso \u00e8 andato a favore del liceo.\u00a0Ad ospitare l\u2019evento la magnifica sala <strong>Moyzesova sie\u0148<\/strong>, sita nel palazzo della Facolt\u00e0 di Lettere e Filosofia costruito un secolo fa in stile Secessione per il 5\u00b0 Reggimento dell\u2019Armata Imperiale. Nella stessa sala utilizzata per il gala fu realizzata, esattamente novant\u2019anni fa (nel 1926), la prima trasmissione radiofonica dal territorio della Slovacchia, quando il fabbricato divenne sede governativa dopo la prima guerra mondiale.<\/p>\n<p style=\"text-align: justify;\">Tra le personalit\u00e0 presenti, oltre a quelle menzionate, erano il presidente della Commissione media e cultura del Parlamento slovacco Du\u0161an Jarjabek, la direttrice dell\u2019Istituto Italiano di Cultura Antonia Grande, il presidente della Camera di Commercio Italo-Slovacca Alexander Resch, il rettore dell\u2019Universit\u00e0 Comenius Karol Mi\u010dieta, la direttrice della sezione \u201ccooperazione internazionale\u201d del Ministero slovacco della Cultura Bo\u017eena Kr\u00ed\u017eikov\u00e1, e il noto tenore Miroslav Dvorsk\u00fd che ha aperto la serata con due note canzoni italiane della prima met\u00e0 del secolo scorso.<\/p>\n<p style=\"text-align: justify;\"><img decoding=\"async\" loading=\"lazy\" class=\"alignnone size-full wp-image-6112\" src=\"http:\/\/www.turismoslovacchia.it\/wp-content\/uploads\/gala002.jpg\" alt=\"gala002\" width=\"520\" height=\"320\" srcset=\"https:\/\/www.turismoslovacchia.it\/wp-content\/uploads\/gala002.jpg 520w, https:\/\/www.turismoslovacchia.it\/wp-content\/uploads\/gala002-300x185.jpg 300w, https:\/\/www.turismoslovacchia.it\/wp-content\/uploads\/gala002-400x246.jpg 400w, https:\/\/www.turismoslovacchia.it\/wp-content\/uploads\/gala002-100x62.jpg 100w, https:\/\/www.turismoslovacchia.it\/wp-content\/uploads\/gala002-200x123.jpg 200w, https:\/\/www.turismoslovacchia.it\/wp-content\/uploads\/gala002-150x92.jpg 150w\" sizes=\"(max-width: 520px) 100vw, 520px\" \/><\/p>\n<p style=\"text-align: justify;\">Una <strong>mini esposizione<\/strong> allestita nell\u2019atrio coperto della facolt\u00e0, divenuto nell\u2019occasione <strong>una sorta di \u201cPiazza Italia\u201d<\/strong>, ha dato modo di mostrare, accanto a una <strong>serie di<\/strong> <strong>pannelli<\/strong> che hanno <strong>ripercorso i 25 anni<\/strong> della sezione italiana del liceo (tra fotografie, documenti, e ricordi delle numerose visite e scambi scolastici con l\u2019Italia), alcuni <strong>esempi della creativit\u00e0 italiana<\/strong> e delle bellezze del nostro Paese. Modelli di scooter<strong>Vespa<\/strong>, una serie di <strong>abiti Max Mara<\/strong> e un angolo di arredo-design curato da <strong>Chateau d\u2019Ax<\/strong> ha fatto da corona a un desk informativo dell\u2019<strong>ENIT<\/strong>(l\u2019Agenzia italiana del turismo) con materiali turistici di diverse regioni italiane, cui ha fatto da contraltare il materiale fornito dall\u2019<strong>Ente turistico di Bratislava<\/strong>.<\/p>\n<p style=\"text-align: justify;\">Tra i premi messi in palio nella lotteria erano <strong>opere d\u2019arte e fotografie d&#8217;autore donate<\/strong> da noti artisti slovacchi ed altri premi forniti da partner dell\u2019evento. In palio anche due voucher per un soggiorno presso un\u00a0albergo di lusso a Roma fornito dall\u2019<strong>ENIT<\/strong>\u00a0e <strong>un corso<\/strong> di italiano trimestrale all\u2019<strong>Istituto di Cultura<\/strong>. La somma raccolta dalla vendita dei biglietti della lotteria,<strong>1.290 euro<\/strong>, \u00e8 stata donata con la consegna di un <strong>assegno simbolico\u00a0<\/strong>dall\u2019associazione Allegra al <strong>preside Sadlo\u0148<\/strong> a fine serata insieme a <strong>tre voucher<\/strong> <strong>per soggiorni di studio in Italia<\/strong>\u00a0del valore di <strong>600 euro\u00a0<\/strong>ciascuno, offerti da\u00a0tre\u00a0aziende italiane, che saranno a disposizione degli studenti del liceo.<\/p>\n<p style=\"text-align: justify;\"><img decoding=\"async\" loading=\"lazy\" class=\"alignnone\" src=\"http:\/\/i1.wp.com\/www.buongiornoslovacchia.sk\/wp-content\/uploads\/GI_012.jpg?resize=768%2C512\" alt=\"\" width=\"521\" height=\"347\" \/><\/p>\n<p style=\"text-align: justify;\">La serata \u00e8 stata organizzata dall\u2019<a href=\"http:\/\/www.allegraweb.eu\">associazione Allegra<\/a> che, per voce della presidente Zuzana Solieri, si \u00e8 detta \u00abfelice di aver potuto festeggiare i dieci anni di attivit\u00e0\u00a0con\u00a0questo evento che unisce all&#8217;amicizia italo-slovacca il\u00a0<strong>tema fondamentale dell\u2019educazione<\/strong> delle giovani generazioni\u00bb. Un connubio <strong>fortemente voluto e sostenuto<\/strong> con generosit\u00e0 <strong>dall\u2019ambasciatore Martini e dall\u2019Istituto di Cultura<\/strong>, con i quali si \u00e8 svolto un intenso scambio di opinioni e una fruttuosa collaborazione nel corso degli ultimi mesi. La Solieri ha esteso\u00a0il suo ringraziamento a <strong>tutti i partner<\/strong> che hanno creduto nell\u2019idea di questo primo GALA ITALIA, dando fiducia ad una iniziativa nuova che si incunea tra le altre iniziative italiane in Slovacchia rivolgendosi ad \u00abun pubblico diverso\u00bb da quello che solitamente\u00a0partecipa agli altri eventi organizzati dagli enti italiani\u00a0in questo paese.<\/p>\n<p style=\"text-align: justify;\"><img decoding=\"async\" loading=\"lazy\" class=\"alignnone\" src=\"http:\/\/i0.wp.com\/www.buongiornoslovacchia.sk\/wp-content\/uploads\/GI_002.jpg?resize=768%2C511\" alt=\"\" width=\"520\" height=\"346\" \/><\/p>\n<p style=\"text-align: justify;\">Il GALA ITALIA si \u00e8 tenuto <strong>sotto gli auspici<\/strong> dell\u2019<strong>Ambasciata d\u2019Italia<\/strong>, del\u00a0<strong>Presidente del Parlamento slovacco Peter Pellegrini<\/strong>, del <strong>ministro dell\u2019Istruzione<\/strong> Juraj Draxler, dell\u2019<strong>Istituto Italiano di Cultura<\/strong> di Bratislava, della <strong>Camera di Commercio Italo-Slovacca<\/strong>. Tra gli <strong>sponsor\u00a0<\/strong>si ricordano i <strong>Gold Partner<\/strong> VUB Banka e Calearo, i <strong>Silver Partner<\/strong> Auto Impex, Infinity International Plus e Chateau d\u2019Ax, e i <strong>Bronze Partners\u00a0<\/strong>Generali, Arcese, Carpisa, Yamamay, Kovytech, Tirex, Leoncini, insieme al sostegno della Citt\u00e0 di Bratislava e del Bratislava Tourist Board.<\/p>\n<p style=\"text-align: justify;\">Per saperne di pi\u00f9 leggere <a href=\"http:\/\/www.buongiornoslovacchia.sk\/index.php\/archives\/62411\">il report pubblicato su Buongiorno Slovacchia<\/a>.<\/p>\n<p style=\"text-align: justify;\"><span style=\"color: #808080;\"><em>__<br \/>\nFotografie:\u00a0Igor Stan\u010d\u00edk &amp; Rudolf Baranovi\u010d<\/em><\/span><\/p>\n","protected":false},"excerpt":{"rendered":"<p>Si \u00a0tenuto a Bratislava il 20 febbraio 2016 il GALA ITALIA, grande festa italiana, raffinata\u00a0ed elegante, che ha festeggiato il 25\u00b0 anniversario della creazione della sezione bilingue del Gymnazium ulica Ladislava Saru di Bratislava, unico liceo pubblico con una tale vocazione in Slovacchia.\u00a0Davanti a una platea di istituzioni italiane e slovacche, imprenditori e simpatizzanti, il [&hellip;]<\/p>\n","protected":false},"author":2,"featured_media":6111,"comment_status":"open","ping_status":"open","sticky":false,"template":"","format":"standard","meta":[],"categories":[3,5,1],"tags":[9,29,703,646],"aioseo_notices":[],"jetpack_featured_media_url":"https:\/\/www.turismoslovacchia.it\/wp-content\/uploads\/gala001.jpg","jetpack_sharing_enabled":true,"jetpack-related-posts":[{"id":1279,"url":"https:\/\/www.turismoslovacchia.it\/?p=1279","url_meta":{"origin":6110,"position":0},"title":"Dolce Vitaj 2012: una stagione di appuntamenti italiani in Slovacchia","date":"29 Maggio 2012","format":false,"excerpt":"\u00c8 stato presentato oggi il festival Dolce Vitaj 2012, la pi\u00f9 importante manifestazione culturale italiana in Slovacchia, che realizza per la quinta volta nel mese di giugno una serie di appuntamenti che rappresentano una vera e propria finestra sull\u2019Italia. In una conferenza stampa presso il Comune di Bratislava si sono\u2026","rel":"","context":"In &quot;Eventi&quot;","img":{"alt_text":"","src":"https:\/\/i0.wp.com\/www.turismoslovacchia.it\/wp-content\/uploads\/dolcev12.jpg?resize=350%2C200&ssl=1","width":350,"height":200},"classes":[]},{"id":8601,"url":"https:\/\/www.turismoslovacchia.it\/?p=8601","url_meta":{"origin":6110,"position":1},"title":"Tutti gli eventi della Settimana della cucina italiana in Slovacchia","date":"19 Novembre 2018","format":false,"excerpt":"Prendono il via oggi le iniziative organizzate dal Sistema Italia in Slovacchia nell\u2019ambito della\u00a0Settimana della Cucina Italiana nel Mondo. La manifestazione, promossa dal governo italiano e giunta alla terza edizione, prevede nella settimana\u00a0dal 19 al 25 novembre\u00a0oltre 1000 attivit\u00e0 promosse\u00a0in tutto il mondo\u00a0nel solco delle grandi tematiche che, a partire\u2026","rel":"","context":"In &quot;Articoli&quot;","img":{"alt_text":"","src":"https:\/\/i0.wp.com\/www.turismoslovacchia.it\/wp-content\/uploads\/cucinaita.jpg?resize=350%2C200&ssl=1","width":350,"height":200},"classes":[]},{"id":691,"url":"https:\/\/www.turismoslovacchia.it\/?p=691","url_meta":{"origin":6110,"position":2},"title":"Pubblicata la prima guida del Touring Club sulla Slovacchia","date":"1 Febbraio 2011","format":false,"excerpt":"L\u2019editore italiano Touring Editore ha pubblicato la sua prima guida turistica completa della Slovacchia in lingua italiana dal titolo \u201cSlovacchia \u2013 Bratislava e il Danubio, i Tatra e il Paradiso Slovacco, i centri termali e i castelli\u201d. In 168 pagine dai testi eloquenti, piene di fotografie a colori e corredate\u2026","rel":"","context":"In &quot;Articoli&quot;","img":{"alt_text":"","src":"https:\/\/i0.wp.com\/www.turismoslovacchia.it\/wp-content\/uploads\/Guida-Touring_Slovacchia.jpg?resize=350%2C200&ssl=1","width":350,"height":200},"classes":[]},{"id":8421,"url":"https:\/\/www.turismoslovacchia.it\/?p=8421","url_meta":{"origin":6110,"position":3},"title":"Febbraio 2018: gli eventi a Bratislava e dintorni","date":"28 Gennaio 2018","format":false,"excerpt":"Tra\u00a0gli eventi pi\u00f9 rilevanti del febbraio 2010 nella citt\u00e0 e regione di Bratislava\u00a0vanno ricordati la stagione dei balli che come tutti gli anni riporta in Slovacchia un po' dell'atmosfera delle serate danzanti d'epoca asburgica, l'opportunit\u00e0 di assaggiare piatti di stagione dei migliori chef slovacchi a costi accessibili, o di\u00a0godere della\u2026","rel":"","context":"In &quot;Articoli&quot;","img":{"alt_text":"","src":"https:\/\/i0.wp.com\/www.turismoslovacchia.it\/wp-content\/uploads\/music-concer_pix.jpg?resize=350%2C200&ssl=1","width":350,"height":200},"classes":[]},{"id":1907,"url":"https:\/\/www.turismoslovacchia.it\/?p=1907","url_meta":{"origin":6110,"position":4},"title":"Dolce Vitaj: decine di appuntamenti per l\u2019Italia in festival","date":"30 Maggio 2013","format":false,"excerpt":"Una trentina di eventi effonderanno gli aromi del bel Paese in tutta la Slovacchia nel giugno 2013, che si annuncia fitto di appuntamenti tricolori. Il festival di cultura italiana Dolce Vitaj porta anche quest'anno in varie citta' e cittadine della Slovacchia un po\u2019 di italianita'. Eventi molteplici e mostre d\u2019arte,\u2026","rel":"","context":"In &quot;Eventi&quot;","img":{"alt_text":"","src":"https:\/\/i0.wp.com\/www.turismoslovacchia.it\/wp-content\/uploads\/dv13.jpg?resize=350%2C200&ssl=1","width":350,"height":200},"classes":[]},{"id":4331,"url":"https:\/\/www.turismoslovacchia.it\/?p=4331","url_meta":{"origin":6110,"position":5},"title":"A Ferrara \u00e8 passato il meglio della cultura slovacca","date":"10 Novembre 2014","format":false,"excerpt":"La Slovacchia, con la sua ricchezza culturale, \u00e8 \u201catterrata\u201d a Ferrara nell\u2019ottobre scorso e per due giorni si \u00e8 messa in passerella: musica, arte, storia e turismo sono stati protagonisti di quattro appuntamenti tra venerd\u00ec 10 e sabato 11 ottobre presso Palazzo della Racchetta, in una ideale continuazione, nelle fastose\u2026","rel":"","context":"In &quot;Articoli&quot;","img":{"alt_text":"","src":"https:\/\/i0.wp.com\/www.turismoslovacchia.it\/wp-content\/uploads\/LSiF.jpg?resize=350%2C200&ssl=1","width":350,"height":200},"classes":[]}],"jetpack_shortlink":"https:\/\/wp.me\/p1oiY9-1Ay","_links":{"self":[{"href":"https:\/\/www.turismoslovacchia.it\/index.php?rest_route=\/wp\/v2\/posts\/6110"}],"collection":[{"href":"https:\/\/www.turismoslovacchia.it\/index.php?rest_route=\/wp\/v2\/posts"}],"about":[{"href":"https:\/\/www.turismoslovacchia.it\/index.php?rest_route=\/wp\/v2\/types\/post"}],"author":[{"embeddable":true,"href":"https:\/\/www.turismoslovacchia.it\/index.php?rest_route=\/wp\/v2\/users\/2"}],"replies":[{"embeddable":true,"href":"https:\/\/www.turismoslovacchia.it\/index.php?rest_route=%2Fwp%2Fv2%2Fcomments&post=6110"}],"version-history":[{"count":0,"href":"https:\/\/www.turismoslovacchia.it\/index.php?rest_route=\/wp\/v2\/posts\/6110\/revisions"}],"wp:featuredmedia":[{"embeddable":true,"href":"https:\/\/www.turismoslovacchia.it\/index.php?rest_route=\/wp\/v2\/media\/6111"}],"wp:attachment":[{"href":"https:\/\/www.turismoslovacchia.it\/index.php?rest_route=%2Fwp%2Fv2%2Fmedia&parent=6110"}],"wp:term":[{"taxonomy":"category","embeddable":true,"href":"https:\/\/www.turismoslovacchia.it\/index.php?rest_route=%2Fwp%2Fv2%2Fcategories&post=6110"},{"taxonomy":"post_tag","embeddable":true,"href":"https:\/\/www.turismoslovacchia.it\/index.php?rest_route=%2Fwp%2Fv2%2Ftags&post=6110"}],"curies":[{"name":"wp","href":"https:\/\/api.w.org\/{rel}","templated":true}]}}