{"id":6046,"date":"2015-11-05T09:03:07","date_gmt":"2015-11-05T08:03:07","guid":{"rendered":"http:\/\/www.turismoslovacchia.it\/?p=6046"},"modified":"2015-11-29T16:55:23","modified_gmt":"2015-11-29T15:55:23","slug":"novembre-a-bratislava-e-il-mese-della-fotografia","status":"publish","type":"post","link":"https:\/\/www.turismoslovacchia.it\/?p=6046","title":{"rendered":"Novembre, a Bratislava \u00e8 il Mese della Fotografia"},"content":{"rendered":"<p style=\"text-align: justify;\"><img decoding=\"async\" loading=\"lazy\" class=\"alignnone size-full wp-image-6047\" src=\"http:\/\/www.turismoslovacchia.it\/wp-content\/uploads\/mesefotog15.jpg\" alt=\"mesefotog15\" width=\"520\" height=\"320\" srcset=\"https:\/\/www.turismoslovacchia.it\/wp-content\/uploads\/mesefotog15.jpg 520w, https:\/\/www.turismoslovacchia.it\/wp-content\/uploads\/mesefotog15-300x185.jpg 300w, https:\/\/www.turismoslovacchia.it\/wp-content\/uploads\/mesefotog15-400x246.jpg 400w, https:\/\/www.turismoslovacchia.it\/wp-content\/uploads\/mesefotog15-100x62.jpg 100w, https:\/\/www.turismoslovacchia.it\/wp-content\/uploads\/mesefotog15-200x123.jpg 200w, https:\/\/www.turismoslovacchia.it\/wp-content\/uploads\/mesefotog15-150x92.jpg 150w\" sizes=\"(max-width: 520px) 100vw, 520px\" \/><\/p>\n<p style=\"text-align: justify;\">Si stanno tenendo in questi giorni le numerose inaugurazioni del festival di fotografia Mesiac Fotografie 2015, che come tutti gli anni invade nel mese di novembre la capitale slovacca con mostre, workshops, conferenze ed eventi collaterali.<\/p>\n<p style=\"text-align: justify;\">La venticinquesima edizione della manifestazione, porta nuovi nomi, e nuove location grazie a una collaborazione con il Museo Nazionale Slovacco, che ospiter\u00e0 tre mostre nella sede di via \u017di\u017ekova, e con la Galleria d\u2019arte moderna Danubiana che pure per la prima volta sar\u00e0 parte del festival.<\/p>\n<p style=\"text-align: justify;\">Il tema principale della rassegna sar\u00e0 incentrato sulla dualit\u00e0 e contrapposizione tra \u201ccasa e nomadismo\u201d, che nonostante un nesso con l\u2019attualit\u00e0 non ha in realt\u00e0 correlazioni, dicono gli organizzatori, con la crisi dei rifugiati in Europa, essendo stato questo tema deciso un anno fa.<\/p>\n<p style=\"text-align: justify;\">Tra i protagonisti della manifestazione, oltre alla retrospettiva storica su Robert Doisneau, che riflette perfettamente l\u2019era gioiosa e ottimista degli anni Cinquanta e Sessanta e Bernard Plossu che nei decenni successivi cercava nuove forme di fotografia, ci saranno le osservazioni Zen di Noro Knap (SK) sul passaggio del tempo in natura o nella vita, la fotografia documentaria di Chris Niedenthal (PL) sulla lotta tra solidariet\u00e0 e potere negli anni Ottanta in Polonia, gli scatti israeliani di Martin Koll\u00e1r (SK), le immagini di Gregor Sailer (AT) di luoghi dove avvengono conflitti crudeli dietro a uno scenario paradisiaco, o i maestri della fotografia di avanguardia ceca.<\/p>\n<figure style=\"width: 521px\" class=\"wp-caption alignnone\"><a href=\"http:\/\/www.buongiornoslovacchia.sk\/wp-content\/uploads\/Niedermayr-Rhonegletscher-2-2004.jpg\" data-rel=\"lightbox-gallery-InoAIbIH\" data-rl_title=\"\" data-rl_caption=\"\"><img decoding=\"async\" loading=\"lazy\" title=\"\" src=\"http:\/\/www.buongiornoslovacchia.sk\/wp-content\/uploads\/Niedermayr-Rhonegletscher-2-2004.jpg\" alt=\"\" width=\"521\" height=\"320\" \/><\/a><figcaption class=\"wp-caption-text\"><em>Walter Niedermayr, &#8220;Rh\u00f4negletscher 2 2004&#8221; Courtesy: the Artist and Galerie Nordenhake, Berlin\/Stockholm<\/em><\/figcaption><\/figure>\n<p style=\"text-align: justify;\">Ci sar\u00e0 anche un protagonista italiano, il <strong>bolzanino Walter Niedermayr\u00a0<\/strong>(foto sopra), che da trent\u2019anni lavora a progetti nei quali si occupa della realt\u00e0 in quanto spazio occupato e modificato dall\u2019uomo, e investigando le zone effimere che si trovano a met\u00e0 strada fra rappresentazione e immaginazione (Wikipedia). Niedermayr \u00e8 un noto esponente della moderna fotografia di paesaggio, focalizzata sull\u2019interazione tra la natura e le tracce del passaggio dell\u2019uomo. Dal 2011 insegna fotografia artistica presso la Facolt\u00e0 di Design e Arti della Libera Universit\u00e0 di Bolzano. La mostra, esposta alla <strong>Galleria Civica di Bratislava<\/strong> (<a class=\"wp-links-icon\" href=\"http:\/\/www.gmb.sk\/en\/exhibition\/detail\/horske-mutacie\" target=\"_blank\" rel=\"external nofollow\">vedi sul sito gmb.sk<\/a>) e curata da Gigliola Foschi, sar\u00e0 aperta dal direttore dell\u2019Istituto Italiano di Cultural, Antonia Grande, il <strong>5 novembre alle 16:30<\/strong>. (Info su <a class=\"wp-links-icon\" href=\"http:\/\/www.iicbratislava.esteri.it\/IIC_Bratislava\/webform\/SchedaEvento.aspx?id=823&amp;citta=Bratislava\" target=\"_blank\" rel=\"external nofollow\">IIC.sk<\/a> e <a class=\"wp-links-icon\" href=\"http:\/\/2015.mesiacfotografie.sk\/article\/showArticle\/20-walter-niedermayr\" target=\"_blank\" rel=\"external nofollow\">mesiacfotografie.sk<\/a>)<\/p>\n<p style=\"text-align: justify;\">A <a class=\"wp-links-icon\" href=\"http:\/\/www.sedf.sk\/en\/moph2015\/openings\/499-verni15\" target=\"_blank\" rel=\"external nofollow\">questa pagina tutti i vernissage<\/a> delle 27 mostre del festival 2015, che proseguiranno fino a sabato 7 novembre. Dopo le inaugurazioni, a ingresso gratuito, le mostre saranno visitabili con <a class=\"wp-links-icon\" href=\"http:\/\/www.sedf.sk\/en\/moph2015\" target=\"_blank\" rel=\"external nofollow\">un pass<\/a> al costo di 13\u00a0\u20ac. Qui <a class=\"wp-links-icon\" href=\"http:\/\/2015.mesiacfotografie.sk\/ftp\/buletin-mf-2015.pdf\" target=\"_blank\" rel=\"external nofollow\">il\u00a0programma in Pdf <\/a>della rassegna.<\/p>\n<p style=\"text-align: justify;\">(<a href=\"http:\/\/www.buongiornoslovacchia.sk\/\">Buongiorno Slovacchia<\/a>)<\/p>\n<p style=\"text-align: justify;\"><span style=\"color: #808080;\"><em>___<br \/>\nFoto sotto: Walter Niedermayr,\u00a0&#8220;Rh\u00f4negletscher 2 2004&#8221;\u00a0!\u00a0Courtesy: the Artist and Galerie Nordenhake, Berlin\/Stockholm<br \/>\n<\/em><\/span><\/p>\n","protected":false},"excerpt":{"rendered":"<p>Si stanno tenendo in questi giorni le numerose inaugurazioni del festival di fotografia Mesiac Fotografie 2015, che come tutti gli anni invade nel mese di novembre la capitale slovacca con mostre, workshops, conferenze ed eventi collaterali. La venticinquesima edizione della manifestazione, porta nuovi nomi, e nuove location grazie a una collaborazione con il Museo Nazionale [&hellip;]<\/p>\n","protected":false},"author":2,"featured_media":6047,"comment_status":"open","ping_status":"open","sticky":false,"template":"","format":"standard","meta":[],"categories":[3,5,1],"tags":[],"aioseo_notices":[],"jetpack_featured_media_url":"https:\/\/www.turismoslovacchia.it\/wp-content\/uploads\/mesefotog15.jpg","jetpack_sharing_enabled":true,"jetpack-related-posts":[{"id":4269,"url":"https:\/\/www.turismoslovacchia.it\/?p=4269","url_meta":{"origin":6046,"position":0},"title":"A Bratislava \u00e8 novembre il Mese della Fotografia","date":"7 Novembre 2014","format":false,"excerpt":"Ha avuto inizio da poco pi\u00f9 di una settimana, e si svolger\u00e0 fino al 30 novembre a Bratislava, la 24esima edizione del Festival internazionaleMesiac fotografie\u00a0(Mese della fotografia). Divenuto nel corso del tempo uno dei pi\u00f9 importanti eventi culturali d\u2019autunno dell\u2019intera regione, il festival vede nel corso del mese decine di\u2026","rel":"","context":"In &quot;Articoli&quot;","img":{"alt_text":"","src":"https:\/\/i0.wp.com\/www.turismoslovacchia.it\/wp-content\/uploads\/mesefotogr-koppitz-2014.jpg?resize=350%2C200&ssl=1","width":350,"height":200},"classes":[]},{"id":8295,"url":"https:\/\/www.turismoslovacchia.it\/?p=8295","url_meta":{"origin":6046,"position":1},"title":"Novembre 2017: gli eventi a Bratislava e dintorni","date":"28 Ottobre 2017","format":false,"excerpt":"Tra\u00a0gli eventi pi\u00f9 rilevanti del novembre 2017 nella citt\u00e0 e regione di Bratislava\u00a0vanno ricordati nella capitale il Mese della Fotografia e lo Slovak Press Photo,\u00a0 appuntamenti che da tempo sono ormai diventati un must del mese di novembre, e poi il Festival della Libert\u00e0, che si tiene nelle date intorno\u2026","rel":"","context":"In &quot;Articoli&quot;","img":{"alt_text":"","src":"https:\/\/i0.wp.com\/www.turismoslovacchia.it\/wp-content\/uploads\/eventi_00.jpg?resize=350%2C200&ssl=1","width":350,"height":200},"classes":[]},{"id":6848,"url":"https:\/\/www.turismoslovacchia.it\/?p=6848","url_meta":{"origin":6046,"position":2},"title":"Mese della Fotografia 2016, a Bratislava anche i grandi maestri italiani","date":"3 Novembre 2016","format":false,"excerpt":"Dal 4 novembre a Bratislava parte la rassegna internazionale annuale Mese della Fotografia (Mesiac fotografie) con numerose mostre\u00a0che inonderanno la capitale slovacca di immagini e\u00a0autori di alto profilo, slovacchi e internazionali. Alla sua 26esima\u00a0edizione\u00a0la rassegna presenta anche il terzo volume\u00a0della \u201cStoria della fotografia europea del XX secolo\u201d, un lavoro di\u2026","rel":"","context":"In &quot;Articoli&quot;","img":{"alt_text":"","src":"https:\/\/i0.wp.com\/www.turismoslovacchia.it\/wp-content\/uploads\/mesiacfotogr2016_poster.jpg?resize=350%2C200&ssl=1","width":350,"height":200},"classes":[]},{"id":1575,"url":"https:\/\/www.turismoslovacchia.it\/?p=1575","url_meta":{"origin":6046,"position":3},"title":"Mese della Fotografia: aperta la rassegna fotografica clou dell\u2019anno a Bratislava","date":"31 Ottobre 2012","format":false,"excerpt":"La ventiduesima edizione del Mese della Fotografia (Mesiac fotografie) ha preso avvio con la bella mostra di Robert Capa alla Galleria Nazionale Slovacca (SNG) ed \u00e8 proseguita con l'apertura della mostra National Geographic, mentre oggi apre presso la Galleria Civica di Bratislava (GMB) la rassegna di Lewis Hine. Un altro\u2026","rel":"","context":"In &quot;Articoli&quot;","img":{"alt_text":"","src":"https:\/\/i0.wp.com\/www.turismoslovacchia.it\/wp-content\/uploads\/mese-fotografia-2012.jpg?resize=350%2C200&ssl=1","width":350,"height":200},"classes":[]},{"id":8297,"url":"https:\/\/www.turismoslovacchia.it\/?p=8297","url_meta":{"origin":6046,"position":4},"title":"Il Mese della fotografia 2017 a Bratislava","date":"27 Ottobre 2017","format":false,"excerpt":"Con il mese di novembre ritorna a Bratislava il Mese della fotografia - Mesiac fotografie, il pi\u00f9 grande evento di fotografia in Slovacchia, arrivato quest\u2019anno alla sua 27esima edizione. Saranno aperte 26 mostre con opere di artisti da 18 paesi del mondo. Il festival slovacco, che dal 2004 \u00e8 stato\u2026","rel":"","context":"In &quot;Articoli&quot;","img":{"alt_text":"","src":"https:\/\/i0.wp.com\/www.turismoslovacchia.it\/wp-content\/uploads\/mesiacfotografie-2017.jpg?resize=350%2C200&ssl=1","width":350,"height":200},"classes":[]},{"id":9222,"url":"https:\/\/www.turismoslovacchia.it\/?p=9222","url_meta":{"origin":6046,"position":5},"title":"Bratislava, ritorna il Mese della fotografia","date":"1 Novembre 2019","format":false,"excerpt":"Ritorna per la ventinovesima volta il festival annuale Mesiac Fotografie \u2013 Month of Photography che ancora una volta porta a Bratislava star internazionali della fotografia contemporanea come AES + F e Joan Fountcouberta (vincitore del Premio Hasselblad, l'equivalente fotografico del Premio Nobel), insieme a vecchie glorie che dell'ottava arte hanno\u2026","rel":"","context":"In &quot;Articoli&quot;","img":{"alt_text":"","src":"https:\/\/i0.wp.com\/www.turismoslovacchia.it\/wp-content\/uploads\/mesiac-fotograf-19_1.jpg?resize=350%2C200&ssl=1","width":350,"height":200},"classes":[]}],"jetpack_shortlink":"https:\/\/wp.me\/p1oiY9-1zw","_links":{"self":[{"href":"https:\/\/www.turismoslovacchia.it\/index.php?rest_route=\/wp\/v2\/posts\/6046"}],"collection":[{"href":"https:\/\/www.turismoslovacchia.it\/index.php?rest_route=\/wp\/v2\/posts"}],"about":[{"href":"https:\/\/www.turismoslovacchia.it\/index.php?rest_route=\/wp\/v2\/types\/post"}],"author":[{"embeddable":true,"href":"https:\/\/www.turismoslovacchia.it\/index.php?rest_route=\/wp\/v2\/users\/2"}],"replies":[{"embeddable":true,"href":"https:\/\/www.turismoslovacchia.it\/index.php?rest_route=%2Fwp%2Fv2%2Fcomments&post=6046"}],"version-history":[{"count":0,"href":"https:\/\/www.turismoslovacchia.it\/index.php?rest_route=\/wp\/v2\/posts\/6046\/revisions"}],"wp:featuredmedia":[{"embeddable":true,"href":"https:\/\/www.turismoslovacchia.it\/index.php?rest_route=\/wp\/v2\/media\/6047"}],"wp:attachment":[{"href":"https:\/\/www.turismoslovacchia.it\/index.php?rest_route=%2Fwp%2Fv2%2Fmedia&parent=6046"}],"wp:term":[{"taxonomy":"category","embeddable":true,"href":"https:\/\/www.turismoslovacchia.it\/index.php?rest_route=%2Fwp%2Fv2%2Fcategories&post=6046"},{"taxonomy":"post_tag","embeddable":true,"href":"https:\/\/www.turismoslovacchia.it\/index.php?rest_route=%2Fwp%2Fv2%2Ftags&post=6046"}],"curies":[{"name":"wp","href":"https:\/\/api.w.org\/{rel}","templated":true}]}}