{"id":5925,"date":"2015-09-22T22:13:03","date_gmt":"2015-09-22T20:13:03","guid":{"rendered":"http:\/\/www.turismoslovacchia.it\/?p=5925"},"modified":"2015-09-24T23:43:50","modified_gmt":"2015-09-24T21:43:50","slug":"le-foto-piu-belle-della-slovacchia-in-autunno","status":"publish","type":"post","link":"https:\/\/www.turismoslovacchia.it\/?p=5925","title":{"rendered":"Le foto pi\u00f9 belle della Slovacchia in autunno"},"content":{"rendered":"<p><strong>L&#8217;autunno in Slovacchia<\/strong><\/p>\n<p style=\"text-align: justify;\"><a href=\"https:\/\/c1.staticflickr.com\/5\/4112\/4836446281_6dd7d31d64_b.jpg\" data-rel=\"lightbox-gallery-Vey5qVeH\" data-rl_title=\"\" data-rl_caption=\"\" title=\"\"><img decoding=\"async\" loading=\"lazy\" class=\"alignnone\" src=\"https:\/\/c1.staticflickr.com\/5\/4112\/4836446281_6dd7d31d64_b.jpg\" alt=\"\" width=\"720\" height=\"480\" \/><\/a><\/p>\n<p style=\"text-align: justify;\">La Slovacchia ha un clima temperato, trovandosi nella zona climatica moderata settentrionale, in una posizione geografica, al centro dell&#8217;Europa continentale, e l&#8217;altitudine che sono i fattori chiave a influenzare il clima slovacco. Nelle pianure meridionali il clima \u00e8 pi\u00f9 caldo mentre lo \u00e8 meno al nord, sulle altitudini di media e alta montagna. La parte della Slovacchia con le temperature pi\u00f9 calde comprende la pianura alluvionale del Danubio e la piana della Slovacchia orientale.<\/p>\n<p style=\"text-align: justify;\">L\u2019autunno in Slovacchia \u00e8 in genere piovoso e ventoso, con temperature che passano da una media di 14\u00b0 C a settembre ai 3\u00b0 C nel mese di novembre. \u00a0Vero \u00e8 che, in parte a causa dei cambiamenti climatici, ma anche per il noto fenomeno dell\u2019estate di San Martino, anche qui si possono vedere degli autunni insolitamente caldi e secchi.<\/p>\n<p style=\"text-align: justify;\">Settembre e ottobre, con le temperature ancora tiepide e un sole caldo sono decisamente adatte alle passeggiate nei boschi e in montagna e alle altre attivit\u00e0 all\u2019aria aperta. Tra queste ultime, le pi\u00f9 sfiziose sono le molteplici sagre stagionali, da quelle della vendemmia e del vino novello, a quelle per i frutti e vegetali autunnali, fino a quelle dedicate ai prodotti di allevamento come la carne e gli insaccati del maiale e i piatti a base di fegato e carne d\u2019oca e anatra.<\/p>\n<h4 style=\"text-align: justify;\"><strong>Guarda una galleria delle pi\u00f9 belle foto della Slovacchia in autunno<\/strong>.<\/h4>\n<p><em><span style=\"color: #808080;\">(cliccare sulle immagini per ingrandirle<\/span><span style=\"color: #808080;\">)<\/span><\/em><\/p>\n<p><em>Foto sotto al titolo<\/em>: Drama in the Sky ~ Horehronie, Slovakia &#8211;\u00a0<a class=\"owner-name truncate\" title=\"Go to Martin Sojka's photostream\" href=\"https:\/\/www.flickr.com\/photos\/msojka\/\" data-track=\"attributionNameClick\" data-rapid_p=\"35\">Martin Sojka<\/a>, cc-by-nc-sa 2.0<\/p>\n<p><a href=\"https:\/\/c1.staticflickr.com\/3\/2496\/4059835967_505c76a3e4_b.jpg\" data-rel=\"lightbox-gallery-Vey5qVeH\" data-rl_title=\"\" data-rl_caption=\"\"><img decoding=\"async\" loading=\"lazy\" class=\"alignnone\" title=\"\" src=\"https:\/\/c1.staticflickr.com\/3\/2496\/4059835967_505c76a3e4_b.jpg\" alt=\"\" width=\"721\" height=\"481\" \/><\/a><\/p>\n<p>Soft Morning Touch ~ High Tatras, Slovakia &#8211;\u00a0<a class=\"owner-name truncate\" title=\"Go to Martin Sojka's photostream\" href=\"https:\/\/www.flickr.com\/photos\/msojka\/\" data-track=\"attributionNameClick\" data-rapid_p=\"35\">Martin Sojka<\/a>, cc-by-nc-sa 2.0<\/p>\n<p><a title=\"Morning Unfolding ~ Slovakia\" href=\"https:\/\/www.flickr.com\/photos\/msojka\/6229512631\/in\/album-72157616273824336\/\" data-flickr-embed=\"true\"><img decoding=\"async\" loading=\"lazy\" class=\"alignnone\" title=\"Morning Unfolding ~ Sumiac, Banskobystricky, Slovakia - Martin Sojka, (c)\" src=\"https:\/\/farm7.staticflickr.com\/6119\/6229512631_34ea4712ee_z.jpg\" alt=\"Morning Unfolding ~ Slovakia\" width=\"720\" height=\"475\" \/><\/a><\/p>\n<p>Morning Unfolding ~ Sumiac, Banskobystricky, Slovakia &#8211;\u00a0<a class=\"owner-name truncate\" title=\"Go to Martin Sojka's photostream\" href=\"https:\/\/www.flickr.com\/photos\/msojka\/\" data-track=\"attributionNameClick\" data-rapid_p=\"35\">Martin Sojka<\/a>,\u00a0(c)<\/p>\n<p><script src=\"\/\/embedr.flickr.com\/assets\/client-code.js\" async=\"\" charset=\"utf-8\"><\/script><a title=\"Here I Stand ~ Slovakia\" href=\"https:\/\/www.flickr.com\/photos\/msojka\/6193926019\/in\/album-72157616273824336\/\" data-flickr-embed=\"true\"><img decoding=\"async\" loading=\"lazy\" class=\"alignnone\" title=\"Here I Stand ~ Sumiac, Banskobystricky, Slovakia - Martin Sojka, (c)\" src=\"https:\/\/farm7.staticflickr.com\/6153\/6193926019_236abb76a2_z.jpg\" alt=\"Here I Stand ~ Slovakia\" width=\"720\" height=\"475\" \/><\/a><\/p>\n<p><script src=\"\/\/embedr.flickr.com\/assets\/client-code.js\" async=\"\" charset=\"utf-8\"><\/script>Here I Stand ~ Sumiac, Banskobystricky, Slovakia &#8211;\u00a0<a class=\"owner-name truncate\" title=\"Go to Martin Sojka's photostream\" href=\"https:\/\/www.flickr.com\/photos\/msojka\/\" data-track=\"attributionNameClick\" data-rapid_p=\"35\">Martin Sojka<\/a>,\u00a0(c)<\/p>\n<p><a href=\"https:\/\/c1.staticflickr.com\/3\/2660\/4043788385_62c103f9cc_o.jpg\" data-rel=\"lightbox-gallery-Vey5qVeH\" data-rl_title=\"\" data-rl_caption=\"\" title=\"\"><img decoding=\"async\" loading=\"lazy\" class=\"alignnone\" src=\"https:\/\/c1.staticflickr.com\/3\/2660\/4043788385_62c103f9cc_o.jpg\" alt=\"monoceros84 cc-by-nc-sa 2.0\" width=\"722\" height=\"481\" \/><\/a><\/p>\n<p>Strbske pleso, Alti Tatra, Slovakia &#8211;\u00a0<a class=\"owner-name truncate\" title=\"Go to monoceros84's photostream\" href=\"https:\/\/www.flickr.com\/photos\/monoceros84\/\" data-track=\"attributionNameClick\" data-rapid_p=\"35\">monoceros8<\/a>,\u00a0cc-by-nc-sa 2.0<\/p>\n<p><a href=\"https:\/\/lh4.googleusercontent.com\/-peclcK979bo\/TNnFp1m_BhI\/AAAAAAAAEiU\/zGjgO2FUKF8\/w1560-h905-no\/_DSC3670.jpg\" data-rel=\"lightbox-gallery-Vey5qVeH\" data-rl_title=\"\" data-rl_caption=\"\"><img decoding=\"async\" loading=\"lazy\" class=\"alignnone\" title=\"\" src=\"https:\/\/lh4.googleusercontent.com\/-peclcK979bo\/TNnFp1m_BhI\/AAAAAAAAEiU\/zGjgO2FUKF8\/w1560-h905-no\/_DSC3670.jpg\" alt=\"\" width=\"721\" height=\"418\" \/><\/a><\/p>\n<p>\u0160trbsk\u00e9 Pleso, High Tatras, Slovakia &#8211; <a href=\"https:\/\/plus.google.com\/102764187455966925983\">Roman Ondrejec<\/a>, cc-by 3.0 @picasa<\/p>\n<p><a href=\"https:\/\/lh6.googleusercontent.com\/-GmOuKae8AYQ\/TNnFpRoxmsI\/AAAAAAAAEiM\/d8ZaUj9cdKI\/w1362-h905-no\/_DSC3677.jpg\" data-rel=\"lightbox-gallery-Vey5qVeH\" data-rl_title=\"\" data-rl_caption=\"\"><img decoding=\"async\" loading=\"lazy\" class=\"alignnone\" title=\"\" src=\"https:\/\/lh6.googleusercontent.com\/-GmOuKae8AYQ\/TNnFpRoxmsI\/AAAAAAAAEiM\/d8ZaUj9cdKI\/w1362-h905-no\/_DSC3677.jpg\" alt=\"\" width=\"721\" height=\"479\" \/><\/a><\/p>\n<p>\u0160trbsk\u00e9 Pleso, High Tatras, Slovakia &#8211; <a href=\"https:\/\/plus.google.com\/102764187455966925983\">Roman Ondrejec<\/a>, cc-by 3.0 @picasa<\/p>\n<p><a href=\"https:\/\/c1.staticflickr.com\/7\/6098\/6301993588_b7c1b4b341_b.jpg\" data-rel=\"lightbox-gallery-Vey5qVeH\" data-rl_title=\"\" data-rl_caption=\"\"><img decoding=\"async\" loading=\"lazy\" class=\"alignnone\" title=\"\" src=\"https:\/\/c1.staticflickr.com\/7\/6098\/6301993588_b7c1b4b341_b.jpg\" alt=\"\" width=\"721\" height=\"479\" \/><\/a><\/p>\n<p>Pine forest in the mist, High Tatras, Slovakia &#8211; <a href=\"https:\/\/www.flickr.com\/photos\/teveve\/\">\u0e51\u06e9\u0e51 V \u0e51\u06e9\u0e51<\/a><a href=\"https:\/\/www.flickr.com\/photos\/teveve\/\">\u00a0(teveve)<\/a>, cc-by-nc-sa 2.0<\/p>\n<p><a href=\"https:\/\/c1.staticflickr.com\/7\/6043\/6364932545_e90ae59742_b.jpg\" data-rel=\"lightbox-gallery-Vey5qVeH\" data-rl_title=\"\" data-rl_caption=\"\"><img decoding=\"async\" loading=\"lazy\" class=\"alignnone\" title=\"\" src=\"https:\/\/c1.staticflickr.com\/7\/6043\/6364932545_e90ae59742_b.jpg\" alt=\"\" width=\"721\" height=\"479\" \/><\/a><\/p>\n<p>Colourful forest, Slovensky Raj, Slovakia &#8211; <a href=\"https:\/\/www.flickr.com\/photos\/teveve\/\">\u0e51\u06e9\u0e51 V \u0e51\u06e9\u0e51<\/a><a href=\"https:\/\/www.flickr.com\/photos\/teveve\/\">\u00a0(teveve)<\/a>, cc-by-nc-sa 2.0<\/p>\n<p><a href=\"http:\/\/static.panoramio.com\/photos\/large\/83852547.jpg\" data-rel=\"lightbox-gallery-Vey5qVeH\" data-rl_title=\"\" data-rl_caption=\"\"><img decoding=\"async\" loading=\"lazy\" class=\"alignnone\" title=\"\" src=\"http:\/\/static.panoramio.com\/photos\/large\/83852547.jpg\" alt=\"\" width=\"721\" height=\"481\" \/><\/a><\/p>\n<p>V Sedielku (In sella), Alti Tatra, Slovakia &#8211; <a href=\"http:\/\/www.panoramio.com\/user\/2699116?with_photo_id=83852547\" rel=\"author\">ROSTAMDALILA<\/a>\u00a0cc-by-nc-nd 3.0<\/p>\n<p><a href=\"https:\/\/c1.staticflickr.com\/3\/2043\/2160190769_7244cf17bb_b.jpg\" data-rel=\"lightbox-gallery-Vey5qVeH\" data-rl_title=\"\" data-rl_caption=\"\"><img decoding=\"async\" loading=\"lazy\" class=\"alignnone\" title=\"\" src=\"https:\/\/c1.staticflickr.com\/3\/2043\/2160190769_7244cf17bb_b.jpg\" alt=\"\" width=\"721\" height=\"480\" \/><\/a><\/p>\n<p>Lago Zelene pleso, Alti Tatra, Slovakia &#8211;\u00a0<a class=\"owner-name truncate\" title=\"Go to VnGrijl's photostream\" href=\"https:\/\/www.flickr.com\/photos\/vngrijl\/\" data-track=\"attributionNameClick\" data-rapid_p=\"35\">VnGrijl<\/a>, cc-by 2.0<\/p>\n<p><a href=\"https:\/\/c1.staticflickr.com\/3\/2083\/2161264018_d107469782_b.jpg\" data-rel=\"lightbox-gallery-Vey5qVeH\" data-rl_title=\"\" data-rl_caption=\"\"><img decoding=\"async\" loading=\"lazy\" class=\"alignnone\" title=\"\" src=\"https:\/\/c1.staticflickr.com\/3\/2083\/2161264018_d107469782_b.jpg\" alt=\"\" width=\"721\" height=\"480\" \/><\/a><\/p>\n<p>Lago Zelene pleso, Alti Tatra, Slovakia &#8211;\u00a0<a class=\"owner-name truncate\" title=\"Go to VnGrijl's photostream\" href=\"https:\/\/www.flickr.com\/photos\/vngrijl\/\" data-track=\"attributionNameClick\" data-rapid_p=\"35\">VnGrijl<\/a>, cc-by 2.0<\/p>\n<p><a href=\"https:\/\/c1.staticflickr.com\/3\/2575\/4009339065_6d02a76342_o.jpg\" data-rel=\"lightbox-gallery-Vey5qVeH\" data-rl_title=\"\" data-rl_caption=\"\" title=\"\"><img decoding=\"async\" loading=\"lazy\" class=\"alignnone\" src=\"https:\/\/c1.staticflickr.com\/3\/2575\/4009339065_6d02a76342_o.jpg\" alt=\"Foresta a Petrzalka, Bratislava, confine slovacco-austriaco - amneziak cc-by 2.0\" width=\"721\" height=\"479\" \/><\/a><\/p>\n<p>Foresta a Petrzalka, Bratislava, confine slovacco-austriaco &#8211; <a href=\"https:\/\/www.flickr.com\/photos\/amneziak83\/\">amneziak<\/a>,\u00a0cc-by 2.0<\/p>\n<p><a href=\"https:\/\/c2.staticflickr.com\/2\/1256\/5136292607_d728c58314_b.jpg\" data-rel=\"lightbox-gallery-Vey5qVeH\" data-rl_title=\"\" data-rl_caption=\"\" title=\"\"><img decoding=\"async\" loading=\"lazy\" class=\"alignnone\" src=\"https:\/\/c2.staticflickr.com\/2\/1256\/5136292607_d728c58314_b.jpg\" alt=\"Marianka (Bratislava), Calvario - Digital Media House, cc-by-nc-sa 2.0\" width=\"721\" height=\"541\" \/><\/a><\/p>\n<p>Marianka Calvary, Bratislava, Slovakia &#8211; <a class=\"owner-name truncate\" title=\"Go to Juraj Ilavsk\u00fd's photostream\" href=\"https:\/\/www.flickr.com\/photos\/digitalmediahouse\/\" data-track=\"attributionNameClick\" data-rapid_p=\"35\">Juraj Ilavsk\u00fd<\/a>, cc-by-nc-sa 2.0<\/p>\n<p><a href=\"http:\/\/static.panoramio.com\/photos\/large\/25419304.jpg\" data-rel=\"lightbox-gallery-Vey5qVeH\" data-rl_title=\"\" data-rl_caption=\"\"><img decoding=\"async\" loading=\"lazy\" class=\"alignnone\" title=\"\" src=\"http:\/\/static.panoramio.com\/photos\/large\/25419304.jpg\" alt=\"\" width=\"721\" height=\"482\" \/><\/a><\/p>\n<p>Mestsk\u00e1 ve\u017ea po z\u00e1pade slnka,\u00a0Tren\u010d\u00edn, Slovakia &#8211;\u00a0<a href=\"http:\/\/www.panoramio.com\/user\/81425?with_photo_id=25419304\" rel=\"author\">mirhul<\/a>, cc-by-nd 3.0<\/p>\n<p><a href=\"https:\/\/c2.staticflickr.com\/6\/5091\/5567306292_7c93b59649_b.jpg\" data-rel=\"lightbox-gallery-Vey5qVeH\" data-rl_title=\"\" data-rl_caption=\"\"><img decoding=\"async\" loading=\"lazy\" class=\"alignnone\" title=\"\" src=\"https:\/\/c2.staticflickr.com\/6\/5091\/5567306292_7c93b59649_b.jpg\" alt=\"\" width=\"721\" height=\"480\" \/><\/a><\/p>\n<p>Blue Water, Bratislava, Slovakia &#8211;\u00a0<a class=\"owner-name truncate\" title=\"Go to Miroslav Petrasko's photostream\" href=\"https:\/\/www.flickr.com\/photos\/theodevil\/\" data-track=\"attributionNameClick\" data-rapid_p=\"35\">Miroslav Petrasko<\/a>, cc-by-nc-nd 2.0<\/p>\n<p><a href=\"https:\/\/c1.staticflickr.com\/3\/2550\/4103650374_5141b75e37_o.jpg\" data-rel=\"lightbox-gallery-Vey5qVeH\" data-rl_title=\"\" data-rl_caption=\"\"><img decoding=\"async\" loading=\"lazy\" class=\"alignnone\" title=\"\" src=\"https:\/\/c1.staticflickr.com\/3\/2550\/4103650374_5141b75e37_o.jpg\" alt=\"\" width=\"720\" height=\"480\" \/><\/a><\/p>\n<p>Bunker degli Elfi, \u017delezn\u00e1 studni\u010dka, Bratislava, Slovakia &#8211;\u00a0<a class=\"owner-name truncate\" title=\"Go to Michal Hrabovec's photostream\" href=\"https:\/\/www.flickr.com\/photos\/kamienok\/\" data-track=\"attributionNameClick\" data-rapid_p=\"35\">Michal Hrabovec<\/a>, cc-by-nc-sa 2.0<\/p>\n<p><a href=\"https:\/\/c1.staticflickr.com\/3\/2775\/4124457991_5bf3a076a4_b.jpg\" data-rel=\"lightbox-gallery-Vey5qVeH\" data-rl_title=\"\" data-rl_caption=\"\"><img decoding=\"async\" loading=\"lazy\" class=\"alignnone\" title=\"\" src=\"https:\/\/c1.staticflickr.com\/3\/2775\/4124457991_5bf3a076a4_b.jpg\" alt=\"\" width=\"721\" height=\"722\" \/><\/a><\/p>\n<p>Military Cemetery ~ Va\u017eec, Slovakia &#8211;\u00a0<a class=\"owner-name truncate\" title=\"Go to Martin Sojka's photostream\" href=\"https:\/\/www.flickr.com\/photos\/msojka\/\" data-track=\"attributionNameClick\" data-rapid_p=\"35\">Martin Sojka<\/a>, cc-by-nc-sa 2.0<\/p>\n<p><a href=\"https:\/\/c1.staticflickr.com\/5\/4001\/4159959749_ed94040c32_b.jpg\" data-rel=\"lightbox-gallery-Vey5qVeH\" data-rl_title=\"\" data-rl_caption=\"\"><img decoding=\"async\" loading=\"lazy\" class=\"alignnone\" title=\"\" src=\"https:\/\/c1.staticflickr.com\/5\/4001\/4159959749_ed94040c32_b.jpg\" alt=\"\" width=\"720\" height=\"451\" \/><\/a><\/p>\n<p>Military Cemetery ~ Va\u017eec, Slovakia &#8211;\u00a0<a class=\"owner-name truncate\" title=\"Go to Martin Sojka's photostream\" href=\"https:\/\/www.flickr.com\/photos\/msojka\/\" data-track=\"attributionNameClick\" data-rapid_p=\"35\">Martin Sojka<\/a>, cc-by-nc-sa 2.0<\/p>\n<p><a href=\"http:\/\/static.panoramio.com\/photos\/large\/29507777.jpg\" data-rel=\"lightbox-gallery-Vey5qVeH\" data-rl_title=\"\" data-rl_caption=\"\"><img decoding=\"async\" loading=\"lazy\" class=\"alignnone wp-image-5938 size-full\" title=\"\" src=\"http:\/\/www.turismoslovacchia.it\/wp-content\/uploads\/Tatra_Kasanicky-by-nc-nd.jpg\" alt=\"Tatra_(Kasanicky-by-nc-nd)\" width=\"720\" height=\"443\" srcset=\"https:\/\/www.turismoslovacchia.it\/wp-content\/uploads\/Tatra_Kasanicky-by-nc-nd.jpg 720w, https:\/\/www.turismoslovacchia.it\/wp-content\/uploads\/Tatra_Kasanicky-by-nc-nd-300x185.jpg 300w, https:\/\/www.turismoslovacchia.it\/wp-content\/uploads\/Tatra_Kasanicky-by-nc-nd-600x369.jpg 600w, https:\/\/www.turismoslovacchia.it\/wp-content\/uploads\/Tatra_Kasanicky-by-nc-nd-400x246.jpg 400w, https:\/\/www.turismoslovacchia.it\/wp-content\/uploads\/Tatra_Kasanicky-by-nc-nd-100x62.jpg 100w, https:\/\/www.turismoslovacchia.it\/wp-content\/uploads\/Tatra_Kasanicky-by-nc-nd-200x123.jpg 200w, https:\/\/www.turismoslovacchia.it\/wp-content\/uploads\/Tatra_Kasanicky-by-nc-nd-150x92.jpg 150w\" sizes=\"(max-width: 720px) 100vw, 720px\" \/><\/a><\/p>\n<p>Tatranska dialnica,\u00a0Alti Tatra, Slovakia &#8211; <a href=\"http:\/\/www.panoramio.com\/user\/724518\">Kasanicky<\/a>, cc&#8211;by-nc-nd 3.0<\/p>\n<p><a href=\"https:\/\/c1.staticflickr.com\/3\/2581\/4043724152_16ea1d75d3_b.jpg\" data-rel=\"lightbox-gallery-Vey5qVeH\" data-rl_title=\"\" data-rl_caption=\"\"><img decoding=\"async\" loading=\"lazy\" class=\"alignnone\" title=\"\" src=\"https:\/\/c1.staticflickr.com\/3\/2581\/4043724152_16ea1d75d3_b.jpg\" alt=\"\" width=\"720\" height=\"481\" \/><\/a><\/p>\n<p>Walking in the Land of Colors ~ Horehron, Slovakia\u00a0&#8211;\u00a0<a class=\"owner-name truncate\" title=\"Go to Martin Sojka's photostream\" href=\"https:\/\/www.flickr.com\/photos\/msojka\/\" data-track=\"attributionNameClick\" data-rapid_p=\"35\">Martin Sojka<\/a>, cc-by-nc-sa 2.0<\/p>\n<p><a href=\"http:\/\/www.turismoslovacchia.it\/wp-content\/uploads\/Liptov_zilinskyturistickykraj.sk_.jpg\" data-rel=\"lightbox-gallery-Vey5qVeH\" data-rl_title=\"\" data-rl_caption=\"\"><img decoding=\"async\" loading=\"lazy\" class=\"alignnone wp-image-5945 size-full\" title=\"\" src=\"http:\/\/www.turismoslovacchia.it\/wp-content\/uploads\/Liptov_zilinskyturistickykraj.sk_.jpg\" alt=\"Liptov_(zilinskyturistickykraj.sk)\" width=\"720\" height=\"443\" srcset=\"https:\/\/www.turismoslovacchia.it\/wp-content\/uploads\/Liptov_zilinskyturistickykraj.sk_.jpg 720w, https:\/\/www.turismoslovacchia.it\/wp-content\/uploads\/Liptov_zilinskyturistickykraj.sk_-300x185.jpg 300w, https:\/\/www.turismoslovacchia.it\/wp-content\/uploads\/Liptov_zilinskyturistickykraj.sk_-600x369.jpg 600w, https:\/\/www.turismoslovacchia.it\/wp-content\/uploads\/Liptov_zilinskyturistickykraj.sk_-400x246.jpg 400w, https:\/\/www.turismoslovacchia.it\/wp-content\/uploads\/Liptov_zilinskyturistickykraj.sk_-100x62.jpg 100w, https:\/\/www.turismoslovacchia.it\/wp-content\/uploads\/Liptov_zilinskyturistickykraj.sk_-200x123.jpg 200w, https:\/\/www.turismoslovacchia.it\/wp-content\/uploads\/Liptov_zilinskyturistickykraj.sk_-150x92.jpg 150w\" sizes=\"(max-width: 720px) 100vw, 720px\" \/><\/a><\/p>\n<p>Liptov, regione Zilina,\u00a0Slovacchia &#8211;\u00a0<a href=\"http:\/\/www.ztk-kocr.sk\/fotogaleria\/?album=1&amp;gallery=7\">ZTK Ente turismo regionale Zilina<\/a><\/p>\n<p><a href=\"http:\/\/www.turismoslovacchia.it\/wp-content\/uploads\/Sulovske-skaly_Zilina_zilinskyturistickykraj.sk_.jpg\" data-rel=\"lightbox-gallery-Vey5qVeH\" data-rl_title=\"\" data-rl_caption=\"\"><img decoding=\"async\" loading=\"lazy\" class=\"alignnone wp-image-5946 size-full\" title=\"\" src=\"http:\/\/www.turismoslovacchia.it\/wp-content\/uploads\/Sulovske-skaly_Zilina_zilinskyturistickykraj.sk_.jpg\" alt=\"Sulovske-skaly_Zilina_(zilinskyturistickykraj.sk)\" width=\"720\" height=\"443\" srcset=\"https:\/\/www.turismoslovacchia.it\/wp-content\/uploads\/Sulovske-skaly_Zilina_zilinskyturistickykraj.sk_.jpg 720w, https:\/\/www.turismoslovacchia.it\/wp-content\/uploads\/Sulovske-skaly_Zilina_zilinskyturistickykraj.sk_-300x185.jpg 300w, https:\/\/www.turismoslovacchia.it\/wp-content\/uploads\/Sulovske-skaly_Zilina_zilinskyturistickykraj.sk_-600x369.jpg 600w, https:\/\/www.turismoslovacchia.it\/wp-content\/uploads\/Sulovske-skaly_Zilina_zilinskyturistickykraj.sk_-400x246.jpg 400w, https:\/\/www.turismoslovacchia.it\/wp-content\/uploads\/Sulovske-skaly_Zilina_zilinskyturistickykraj.sk_-100x62.jpg 100w, https:\/\/www.turismoslovacchia.it\/wp-content\/uploads\/Sulovske-skaly_Zilina_zilinskyturistickykraj.sk_-200x123.jpg 200w, https:\/\/www.turismoslovacchia.it\/wp-content\/uploads\/Sulovske-skaly_Zilina_zilinskyturistickykraj.sk_-150x92.jpg 150w\" sizes=\"(max-width: 720px) 100vw, 720px\" \/><\/a><\/p>\n<p>Sulovske Skaly, regione Zilina, Slovacchia &#8211;\u00a0<a href=\"http:\/\/zilinskyturistickykraj.sk\/\">ZTK zilinskyturistickykraj.sk<\/a><\/p>\n<p><a href=\"https:\/\/c2.staticflickr.com\/8\/7441\/10289105293_8305870874_o.jpg\" data-rel=\"lightbox-gallery-Vey5qVeH\" data-rl_title=\"\" data-rl_caption=\"\" title=\"\"><img decoding=\"async\" loading=\"lazy\" class=\"alignnone\" src=\"https:\/\/c2.staticflickr.com\/8\/7441\/10289105293_8305870874_o.jpg\" alt=\"\" width=\"720\" height=\"720\" \/><\/a><\/p>\n<p>Danube river, Pot\u00f4nske L\u00faky,\u00a0Slovakia &#8211;\u00a0<a class=\"owner-name truncate\" title=\"Go to www.toprq.com\/iphone's photostream\" href=\"https:\/\/www.flickr.com\/photos\/andybutkaj\/\" data-track=\"attributionNameClick\" data-rapid_p=\"35\">www.toprq.com\/iphone<\/a>, cc-by-nc-sa 2.0<\/p>\n<p><a href=\"https:\/\/c2.staticflickr.com\/8\/7389\/10365168334_38d8cc69d7_o.jpg\" data-rel=\"lightbox-gallery-Vey5qVeH\" data-rl_title=\"\" data-rl_caption=\"\"><img decoding=\"async\" loading=\"lazy\" class=\"alignnone\" title=\"\" src=\"https:\/\/c2.staticflickr.com\/8\/7389\/10365168334_38d8cc69d7_o.jpg\" alt=\"\" width=\"719\" height=\"719\" \/><\/a><\/p>\n<p>Maly Dunaj,\u00a0Nov\u00e9 osady,\u00a0Slovakia &#8211;\u00a0<a class=\"owner-name truncate\" title=\"Go to www.toprq.com\/iphone's photostream\" href=\"https:\/\/www.flickr.com\/photos\/andybutkaj\/\" data-track=\"attributionNameClick\" data-rapid_p=\"35\">www.toprq.com\/iphone<\/a>, cc-by-nc-sa 2.0<\/p>\n<p><a href=\"https:\/\/c2.staticflickr.com\/8\/7500\/15949100061_fa946018ad_h.jpg\" data-rel=\"lightbox-gallery-Vey5qVeH\" data-rl_title=\"\" data-rl_caption=\"\"><img decoding=\"async\" loading=\"lazy\" class=\"alignnone\" title=\"\" src=\"https:\/\/c2.staticflickr.com\/8\/7500\/15949100061_fa946018ad_h.jpg\" alt=\"\" width=\"721\" height=\"1081\" \/><\/a><\/p>\n<p>Slovakia &#8211;\u00a0<a class=\"owner-name truncate\" title=\"Go to JeromeSnap's photostream\" href=\"https:\/\/www.flickr.com\/photos\/86394117@N04\/\" data-track=\"attributionNameClick\" data-rapid_p=\"35\">JeromeSnap<\/a>, cc-by-nc-sa 2.0<\/p>\n<p><a href=\"http:\/\/static.panoramio.com\/photos\/large\/65758611.jpg\" data-rel=\"lightbox-gallery-Vey5qVeH\" data-rl_title=\"\" data-rl_caption=\"\" title=\"\"><img decoding=\"async\" loading=\"lazy\" class=\"alignnone\" src=\"http:\/\/static.panoramio.com\/photos\/large\/65758611.jpg\" alt=\"Kopanice, Slovakia - wwedar, cc-by-nc-nd 3.0\" width=\"722\" height=\"480\" \/><\/a><\/p>\n<p>Kopanice, Slovakia &#8211; <a href=\"http:\/\/www.panoramio.com\/user\/4354817?with_photo_id=65758611\" rel=\"author\">wwedar<\/a>, cc-by-nc-nd 3.0<\/p>\n<p><a href=\"https:\/\/c1.staticflickr.com\/3\/2118\/1629191489_39d49673d3_o.jpg\" data-rel=\"lightbox-gallery-Vey5qVeH\" data-rl_title=\"\" data-rl_caption=\"\"><img decoding=\"async\" loading=\"lazy\" class=\"alignnone\" title=\"\" src=\"https:\/\/c1.staticflickr.com\/3\/2118\/1629191489_39d49673d3_o.jpg\" alt=\"\" width=\"720\" height=\"489\" \/><\/a><\/p>\n<p>Stolicke mountains, Muranska Lehota village, Slovakia &#8211;\u00a0<a class=\"owner-name truncate\" title=\"Go to jano mraz's photostream\" href=\"https:\/\/www.flickr.com\/photos\/janophotos\/\" data-track=\"attributionNameClick\" data-rapid_p=\"35\">jano mraz<\/a>, cc-by-nc-nd 2.0<\/p>\n<p><a href=\"https:\/\/c1.staticflickr.com\/1\/118\/260908084_f28328dcbf_o.jpg\" data-rel=\"lightbox-gallery-Vey5qVeH\" data-rl_title=\"\" data-rl_caption=\"\"><img decoding=\"async\" loading=\"lazy\" class=\"alignnone\" title=\"\" src=\"https:\/\/c1.staticflickr.com\/1\/118\/260908084_f28328dcbf_o.jpg\" alt=\"\" width=\"721\" height=\"480\" \/><\/a><\/p>\n<p>Svitanie nad Mur\u00e1\u0148om, Slovakia &#8211;\u00a0<a class=\"owner-name truncate\" title=\"Go to jano mraz's photostream\" href=\"https:\/\/www.flickr.com\/photos\/janophotos\/\" data-track=\"attributionNameClick\" data-rapid_p=\"35\">jano mraz<\/a>,\u00a0cc-by-nc-nd 2.0<\/p>\n<p><a href=\"https:\/\/c1.staticflickr.com\/3\/2580\/4056495138_4e0fcbf40a_b.jpg\" data-rel=\"lightbox-gallery-Vey5qVeH\" data-rl_title=\"\" data-rl_caption=\"\"><img decoding=\"async\" loading=\"lazy\" class=\"alignnone\" title=\"\" src=\"https:\/\/c1.staticflickr.com\/3\/2580\/4056495138_4e0fcbf40a_b.jpg\" alt=\"\" width=\"720\" height=\"270\" \/><\/a><\/p>\n<p>Pumpkins, Slovakia &#8211;\u00a0<a class=\"owner-name truncate\" title=\"Go to jano mraz's photostream\" href=\"https:\/\/www.flickr.com\/photos\/janophotos\/\" data-track=\"attributionNameClick\" data-rapid_p=\"35\">jano mraz<\/a>, cc-by-nc-nd 2.0<\/p>\n<p><a href=\"https:\/\/c1.staticflickr.com\/7\/6071\/6057228802_a01ed0a50e_b.jpg\" data-rel=\"lightbox-gallery-Vey5qVeH\" data-rl_title=\"\" data-rl_caption=\"\"><img decoding=\"async\" loading=\"lazy\" class=\"alignnone\" title=\"\" src=\"https:\/\/c1.staticflickr.com\/7\/6071\/6057228802_a01ed0a50e_b.jpg\" alt=\"\" width=\"722\" height=\"203\" \/><\/a><\/p>\n<p>Sunset in the west, Slovakia &#8211;\u00a0<a class=\"owner-name truncate\" title=\"Go to jano mraz's photostream\" href=\"https:\/\/www.flickr.com\/photos\/janophotos\/\" data-track=\"attributionNameClick\" data-rapid_p=\"35\">jano mraz<\/a>, cc-by-nc-nd 2.0<\/p>\n<p><a href=\"https:\/\/c1.staticflickr.com\/3\/2261\/1590634243_3dc0adc222_o.jpg\" data-rel=\"lightbox-gallery-Vey5qVeH\" data-rl_title=\"\" data-rl_caption=\"\"><img decoding=\"async\" loading=\"lazy\" class=\"alignnone\" title=\"\" src=\"https:\/\/c1.staticflickr.com\/3\/2261\/1590634243_3dc0adc222_o.jpg\" alt=\"\" width=\"722\" height=\"936\" \/><\/a><\/p>\n<p>Color of Autumn, Slovakia &#8211;\u00a0<a class=\"owner-name truncate\" title=\"Go to jano mraz's photostream\" href=\"https:\/\/www.flickr.com\/photos\/janophotos\/\" data-track=\"attributionNameClick\" data-rapid_p=\"35\">jano mraz<\/a>, cc-by-nc-nd 2.0<\/p>\n<p><a href=\"https:\/\/c1.staticflickr.com\/1\/100\/308065893_270a9afb0d_o.jpg\" data-rel=\"lightbox-gallery-Vey5qVeH\" data-rl_title=\"\" data-rl_caption=\"\"><img decoding=\"async\" loading=\"lazy\" class=\"alignnone\" title=\"\" src=\"https:\/\/c1.staticflickr.com\/1\/100\/308065893_270a9afb0d_o.jpg\" alt=\"\" width=\"722\" height=\"519\" \/><\/a><\/p>\n<p>Lake Pocuvadlo by Banska Stiavnica, Slovakia &#8211;\u00a0<a class=\"owner-name truncate\" title=\"Go to jano mraz's photostream\" href=\"https:\/\/www.flickr.com\/photos\/janophotos\/\" data-track=\"attributionNameClick\" data-rapid_p=\"35\">jano mraz<\/a>, cc-by-nc-nd 2.0<\/p>\n<p><a href=\"http:\/\/static.panoramio.com\/photos\/large\/61550992.jpg\" data-rel=\"lightbox-gallery-Vey5qVeH\" data-rl_title=\"\" data-rl_caption=\"\" title=\"\"><img decoding=\"async\" loading=\"lazy\" class=\"alignnone\" src=\"http:\/\/static.panoramio.com\/photos\/large\/61550992.jpg\" alt=\"Slne\u010dn\u00e9 l\u00fa\u010de v hmle..., Zlatno, Slovajua - Igor Marhevsk\u00fd, cc-by-nc-nd 3.0\" width=\"721\" height=\"479\" \/><\/a><\/p>\n<p>Slne\u010dn\u00e9 l\u00fa\u010de v hmle&#8230;, Zlatno, Slovajua &#8211; <a href=\"http:\/\/www.panoramio.com\/user\/1060260?with_photo_id=61550992\" rel=\"author\">Igor Marhevsk\u00fd<\/a>, cc-by-nc-nd 3.0<\/p>\n<p><a href=\"http:\/\/static.panoramio.com\/photos\/large\/50192433.jpg\" data-rel=\"lightbox-gallery-Vey5qVeH\" data-rl_title=\"\" data-rl_caption=\"\"><img decoding=\"async\" loading=\"lazy\" class=\"alignnone\" title=\"\" src=\"http:\/\/static.panoramio.com\/photos\/large\/50192433.jpg\" alt=\"\" width=\"721\" height=\"483\" \/><\/a><\/p>\n<p>Poh\u013ead na juh,\u00a0Tren\u010dianska Turn\u00e1, Slovakia &#8211;\u00a0<a href=\"http:\/\/www.panoramio.com\/user\/81425?with_photo_id=50192433\" rel=\"author\">mirhul<\/a>, cc-by-nd 3.0<\/p>\n<p><a href=\"https:\/\/c1.staticflickr.com\/3\/2358\/1525128759_7d3d4e0a41_b.jpg\" data-rel=\"lightbox-gallery-Vey5qVeH\" data-rl_title=\"\" data-rl_caption=\"\"><img decoding=\"async\" loading=\"lazy\" class=\"alignnone\" title=\"\" src=\"https:\/\/c1.staticflickr.com\/3\/2358\/1525128759_7d3d4e0a41_b.jpg\" alt=\"\" width=\"721\" height=\"433\" \/><\/a><\/p>\n<p>Phase-out, Hubertus,\u00a0Brezany, Slovakia &#8211;\u00a0<a class=\"owner-name truncate\" title=\"Go to Andrij Bulba's photostream\" href=\"https:\/\/www.flickr.com\/photos\/andrijbulba\/\" data-track=\"attributionNameClick\" data-rapid_p=\"35\">Andrij Bulba<\/a>, cc-by 2.0<\/p>\n<p><a href=\"https:\/\/c1.staticflickr.com\/3\/2804\/4130898510_53bcb0ce8b_b.jpg\" data-rel=\"lightbox-gallery-Vey5qVeH\" data-rl_title=\"\" data-rl_caption=\"\"><img decoding=\"async\" loading=\"lazy\" class=\"alignnone\" title=\"\" src=\"https:\/\/c1.staticflickr.com\/3\/2804\/4130898510_53bcb0ce8b_b.jpg\" alt=\"\" width=\"720\" height=\"480\" \/><\/a><\/p>\n<p>Little Carpatian Mountains, Bratislava Region, Slovakia &#8211; <a class=\"owner-name truncate\" title=\"Go to Lubomir Panak's photostream\" href=\"https:\/\/www.flickr.com\/photos\/drakh\/\" data-track=\"attributionNameClick\" data-rapid_p=\"35\">Lubomir Panak<\/a>, cc-by-nc-sa 2.0<\/p>\n<p><a title=\"Mraziv\u00e1 jese\u0148\" href=\"https:\/\/www.flickr.com\/photos\/110971508@N03\/12201439375\" data-flickr-embed=\"true\"><img decoding=\"async\" loading=\"lazy\" src=\"https:\/\/farm4.staticflickr.com\/3789\/12201439375_bbaf410fa7_z.jpg\" alt=\"Mraziv\u00e1 jese\u0148\" width=\"720\" height=\"420\" \/><\/a><\/p>\n<p><script src=\"\/\/embedr.flickr.com\/assets\/client-code.js\" async=\"\" charset=\"utf-8\"><\/script>Frozen autumn,\u00a0Belianske Tatry, Slovakia &#8211;\u00a0<a class=\"owner-name truncate\" title=\"Go to Belianske Tatry's photostream\" href=\"https:\/\/www.flickr.com\/photos\/beliansketatry\/\" data-track=\"attributionNameClick\" data-rapid_p=\"35\">Belianske Tatry<\/a>,\u00a0(c) @Flickr<\/p>\n<p><a title=\"Cinnamon\" href=\"https:\/\/www.flickr.com\/photos\/52846362@N04\/15554975872\" data-flickr-embed=\"true\"><img decoding=\"async\" loading=\"lazy\" src=\"https:\/\/farm6.staticflickr.com\/5607\/15554975872_921a38f8ed_z.jpg\" alt=\"Cinnamon\" width=\"720\" height=\"370\" \/><\/a><\/p>\n<p><script src=\"\/\/embedr.flickr.com\/assets\/client-code.js\" async=\"\" charset=\"utf-8\"><\/script>Cinnamon, Low Tatras, Slovakia &#8211;\u00a0<a class=\"owner-name truncate\" title=\"Go to Mat\u00fa\u0161 Ko\u0161\u00fat's photostream\" href=\"https:\/\/www.flickr.com\/photos\/matuskosut\/\" data-track=\"attributionNameClick\" data-rapid_p=\"35\">Mat\u00fa\u0161 Ko\u0161\u00fat<\/a>, (c) @Flickr<\/p>\n<p><a title=\"Surround me - Velky Rozsutec (Slovakia)\" href=\"https:\/\/www.flickr.com\/photos\/matuskosut\/15993907550\/in\/photostream\/\" data-flickr-embed=\"true\"><img decoding=\"async\" loading=\"lazy\" src=\"https:\/\/farm8.staticflickr.com\/7464\/15993907550_8c5402d675_z.jpg\" alt=\"Surround me - Velky Rozsutec (Slovakia)\" width=\"720\" height=\"275\" \/><\/a><script src=\"\/\/embedr.flickr.com\/assets\/client-code.js\" async=\"\" charset=\"utf-8\"><\/script><\/p>\n<p>Surround me &#8211; Velky Rozsutec,\u00a0Low Tatras, Slovakia &#8211;\u00a0<a class=\"owner-name truncate\" title=\"Go to Mat\u00fa\u0161 Ko\u0161\u00fat's photostream\" href=\"https:\/\/www.flickr.com\/photos\/matuskosut\/\" data-track=\"attributionNameClick\" data-rapid_p=\"35\">Mat\u00fa\u0161 Ko\u0161\u00fat<\/a>, (c) @Flickr<\/p>\n<p><a href=\"http:\/\/static.panoramio.com\/photos\/large\/58336680.jpg\" data-rel=\"lightbox-gallery-Vey5qVeH\" data-rl_title=\"\" data-rl_caption=\"\"><img decoding=\"async\" loading=\"lazy\" class=\"alignnone wp-image-5935 size-full\" title=\"\" src=\"http:\/\/www.turismoslovacchia.it\/wp-content\/uploads\/Alti-Tatra_Marian-Lacko-cc-by@panoram.jpg\" alt=\"Alti-Tatra_(Marian Lacko-cc-by@panoram)\" width=\"720\" height=\"361\" srcset=\"https:\/\/www.turismoslovacchia.it\/wp-content\/uploads\/Alti-Tatra_Marian-Lacko-cc-by@panoram.jpg 720w, https:\/\/www.turismoslovacchia.it\/wp-content\/uploads\/Alti-Tatra_Marian-Lacko-cc-by@panoram-300x150.jpg 300w, https:\/\/www.turismoslovacchia.it\/wp-content\/uploads\/Alti-Tatra_Marian-Lacko-cc-by@panoram-600x301.jpg 600w, https:\/\/www.turismoslovacchia.it\/wp-content\/uploads\/Alti-Tatra_Marian-Lacko-cc-by@panoram-400x201.jpg 400w, https:\/\/www.turismoslovacchia.it\/wp-content\/uploads\/Alti-Tatra_Marian-Lacko-cc-by@panoram-100x50.jpg 100w, https:\/\/www.turismoslovacchia.it\/wp-content\/uploads\/Alti-Tatra_Marian-Lacko-cc-by@panoram-200x100.jpg 200w, https:\/\/www.turismoslovacchia.it\/wp-content\/uploads\/Alti-Tatra_Marian-Lacko-cc-by@panoram-150x75.jpg 150w\" sizes=\"(max-width: 720px) 100vw, 720px\" \/><\/a><\/p>\n<p>Sunset, Alti Tatra, Slovakia\u00a0&#8211;\u00a0<a href=\"http:\/\/www.panoramio.com\/user\/382342\">Marian Lacko<\/a> cc-by 3.0<\/p>\n<p><a href=\"http:\/\/static.panoramio.com\/photos\/large\/15218135.jpg\" data-rel=\"lightbox-gallery-Vey5qVeH\" data-rl_title=\"\" data-rl_caption=\"\"><img decoding=\"async\" loading=\"lazy\" class=\"alignnone\" title=\"\" src=\"http:\/\/static.panoramio.com\/photos\/large\/15218135.jpg\" alt=\"\" width=\"720\" height=\"540\" \/><\/a><\/p>\n<p>Poh\u013ead na hrb, Dobro\u010d, Slovakia &#8211; <a href=\"http:\/\/www.panoramio.com\/user\/382342\">Marian Lacko<\/a> cc-by 3.0<\/p>\n<p><a href=\"http:\/\/static.panoramio.com\/photos\/large\/58334698.jpg\" data-rel=\"lightbox-gallery-Vey5qVeH\" data-rl_title=\"\" data-rl_caption=\"\"><img decoding=\"async\" loading=\"lazy\" class=\"alignnone\" title=\"\" src=\"http:\/\/static.panoramio.com\/photos\/large\/58334698.jpg\" alt=\"\" width=\"721\" height=\"481\" \/><\/a><\/p>\n<p>Potok (ruscello), Dobro\u010d, Slovakia &#8211; <a href=\"http:\/\/www.panoramio.com\/user\/382342\">Marian Lacko<\/a> cc-by 3.0<\/p>\n<p><a href=\"https:\/\/flic.kr\/p\/hyigS2\"><img decoding=\"async\" loading=\"lazy\" src=\"https:\/\/live.staticflickr.com\/2884\/10867206425_87fdc0262d_b.jpg\" alt=\"Morava River Devinska and Sandberg Hill\" width=\"1024\" height=\"589\" \/><\/a><\/p>\n<p>Morava River and Sandberg Hill, Devin,\u00a0Bratislava, Slovakia &#8211;\u00a0<a class=\"owner-name truncate\" title=\"Go to Palo Bartos's photostream\" href=\"https:\/\/www.flickr.com\/photos\/pipet\/\" data-track=\"attributionNameClick\" data-rapid_p=\"35\">Palo Bartos<\/a>, (c) @Flickr<\/p>\n<p><a href=\"https:\/\/flic.kr\/p\/aBu6zE\"><img decoding=\"async\" loading=\"lazy\" src=\"https:\/\/live.staticflickr.com\/6231\/6308770180_f2d8fd95d9_b.jpg\" alt=\"Golden River Nitra, Nocrop\" width=\"1024\" height=\"683\" \/><\/a><\/p>\n<p>Prievidza, Slovakia &#8211;\u00a0<a class=\"owner-name truncate\" title=\"Go to Palo Bartos's photostream\" href=\"https:\/\/www.flickr.com\/photos\/pipet\/\" data-track=\"attributionNameClick\" data-rapid_p=\"35\">Palo Bartos<\/a>, (c) @Flickr<\/p>\n<p><a href=\"http:\/\/static.panoramio.com\/photos\/large\/41697449.jpg\" data-rel=\"lightbox-gallery-Vey5qVeH\" data-rl_title=\"\" data-rl_caption=\"\"><img decoding=\"async\" loading=\"lazy\" class=\"alignnone\" title=\"\" src=\"http:\/\/static.panoramio.com\/photos\/large\/41697449.jpg\" alt=\"\" width=\"721\" height=\"481\" \/><\/a><\/p>\n<p>Morsk\u00e9 oko, Vy\u0161n\u00e1 Rybnica, High Tatras, Slovakia &#8211; <a href=\"http:\/\/www.panoramio.com\/user\/724518?with_photo_id=41697434\" rel=\"author\">Kasanicky<\/a>, cc-by-nc-nd 3.0<\/p>\n<p><a href=\"http:\/\/static.panoramio.com\/photos\/large\/41697434.jpg\" data-rel=\"lightbox-gallery-Vey5qVeH\" data-rl_title=\"\" data-rl_caption=\"\" title=\"\"><img decoding=\"async\" loading=\"lazy\" class=\"alignnone\" src=\"http:\/\/static.panoramio.com\/photos\/large\/41697434.jpg\" alt=\"Morsk\u00e9 oko, Vy\u0161n\u00e1 Rybnica, High Tatras, Slovakia - Kasanicky, cc-by-nc-nd 3.0\" width=\"720\" height=\"480\" \/><\/a><\/p>\n<p>Morsk\u00e9 oko, Vy\u0161n\u00e1 Rybnica, High Tatras, Slovakia &#8211; <a href=\"http:\/\/www.panoramio.com\/user\/724518?with_photo_id=41697434\" rel=\"author\">Kasanicky<\/a>, cc-by-nc-nd 3.0<\/p>\n<p><a href=\"http:\/\/static.panoramio.com\/photos\/large\/81187064.jpg\" data-rel=\"lightbox-gallery-Vey5qVeH\" data-rl_title=\"\" data-rl_caption=\"\"><img decoding=\"async\" loading=\"lazy\" class=\"alignnone\" title=\"\" src=\"http:\/\/static.panoramio.com\/photos\/large\/81187064.jpg\" alt=\"\" width=\"720\" height=\"479\" \/><\/a><\/p>\n<p>Lago Morsk\u00e9 oko, Remetsk\u00e9 H\u00e1mre, High Tatras, Slovakia &#8211;\u00a0<a href=\"http:\/\/www.panoramio.com\/user\/6314033?with_photo_id=81187064\" rel=\"author\">MOVLANX<\/a>, cc-by-nc-nd 3.0<\/p>\n<p><a href=\"http:\/\/static.panoramio.com\/photos\/large\/81188493.jpg\" data-rel=\"lightbox-gallery-Vey5qVeH\" data-rl_title=\"\" data-rl_caption=\"\"><img decoding=\"async\" loading=\"lazy\" class=\"alignnone\" title=\"\" src=\"http:\/\/static.panoramio.com\/photos\/large\/81188493.jpg\" alt=\"\" width=\"722\" height=\"406\" \/><\/a><\/p>\n<p>Lago Mal\u00e9 Morsk\u00e9 oko, High Tatras, Slovakia &#8211; <a href=\"http:\/\/www.panoramio.com\/user\/6314033\">MOVLANX<\/a>, cc-by-nc-nd 3.0<\/p>\n<p>&nbsp;<\/p>\n","protected":false},"excerpt":{"rendered":"<p>L&#8217;autunno in Slovacchia La Slovacchia ha un clima temperato, trovandosi nella zona climatica moderata settentrionale, in una posizione geografica, al centro dell&#8217;Europa continentale, e l&#8217;altitudine che sono i fattori chiave a influenzare il clima slovacco. Nelle pianure meridionali il clima \u00e8 pi\u00f9 caldo mentre lo \u00e8 meno al nord, sulle altitudini di media e alta [&hellip;]<\/p>\n","protected":false},"author":2,"featured_media":5946,"comment_status":"open","ping_status":"open","sticky":false,"template":"","format":"standard","meta":[],"categories":[3,5,1],"tags":[33,693,353,52,346,692,594,111,245,160,229,100,623],"aioseo_notices":[],"jetpack_featured_media_url":"https:\/\/www.turismoslovacchia.it\/wp-content\/uploads\/Sulovske-skaly_Zilina_zilinskyturistickykraj.sk_.jpg","jetpack_sharing_enabled":true,"jetpack-related-posts":[{"id":119,"url":"https:\/\/www.turismoslovacchia.it\/?p=119","url_meta":{"origin":5925,"position":0},"title":"Consigli d\u2019autunno","date":"21 Ottobre 2010","format":false,"excerpt":"Quanto l'estate volge al termine, viene una stagione che \u00e8 tra le pi\u00f9 varie e piacevoli. In autunno la natura viene vissuta con tutti i sensi: vigneti dai grappoli maturi, boschi dai mille colori, il profumo dei funghi, il fruscio delle foglie. Anche dal punto di vista gastronomico, l'autunno ha\u2026","rel":"","context":"In &quot;Articoli&quot;","img":{"alt_text":"","src":"https:\/\/i0.wp.com\/www.turismoslovacchia.it\/wp-content\/uploads\/2010\/10\/Autunno-in-Slovacchia-flickr-photonature.jpg?resize=350%2C200&ssl=1","width":350,"height":200},"classes":[]},{"id":6066,"url":"https:\/\/www.turismoslovacchia.it\/?p=6066","url_meta":{"origin":5925,"position":1},"title":"Autunno in Slovacchia","date":"28 Novembre 2015","format":false,"excerpt":"Dopo la galleria \"Le foto pi\u00f9 belle della Slovacchia in autunno\", che riguardava per lo pi\u00f9 i mesi di settembre e ottobre, pubblichiamo una nuova galleria di fotografie scattate in Slovacchia nel\u00a0mese di novembre, che nonostante nel 2015 sia stato pi\u00f9 caldo del solito,\u00a0\u00e8 caratterizzato da\u00a0una rapida caduta giornaliera delle\u2026","rel":"","context":"In &quot;Articoli&quot;","img":{"alt_text":"","src":"https:\/\/i0.wp.com\/www.turismoslovacchia.it\/wp-content\/uploads\/2010\/10\/Autunno-in-Slovacchia-flickr-photonature.jpg?resize=350%2C200&ssl=1","width":350,"height":200},"classes":[]},{"id":277,"url":"https:\/\/www.turismoslovacchia.it\/?p=277","url_meta":{"origin":5925,"position":2},"title":"Citt\u00e0 termali e spa in Slovacchia","date":"15 Ottobre 2010","format":false,"excerpt":"Si sapeva delle sorgenti minerali in Slovacchia da tempo immemorabile, e presto se ne sono scoperti i loro effetti medicinali. Molte di queste sorgenti hanno dato luogo a terme e alcune di loro sono diventate importanti centri terapeutici internazionali con le pi\u00f9 recenti e moderne apparecchiature per la terapia di\u2026","rel":"","context":"In &quot;Articoli&quot;","img":{"alt_text":"","src":"https:\/\/i0.wp.com\/www.turismoslovacchia.it\/wp-content\/uploads\/2010\/10\/Trencianske-Teplice-Slovacchia.jpg?resize=350%2C200&ssl=1","width":350,"height":200},"classes":[]},{"id":3884,"url":"https:\/\/www.turismoslovacchia.it\/?p=3884","url_meta":{"origin":5925,"position":3},"title":"In viaggio, un mese \u201ctra le tette di Donna Slovacchia\u201d (gallery)","date":"23 Maggio 2014","format":false,"excerpt":"1700 km di passaggi e incroci di vite dopo, il grande Far Est. Non poi cos\u00ec lontano se contiamo i passi ma, varcato il confine austriaco, un ponte levatoio si schianta pesantemente al suolo. Diradatasi la polvere, si scorge l\u2019ingresso per un mondo nuovo ma con quell\u2019aspetto un po\u2019 stantio\u2026","rel":"","context":"In &quot;Articoli&quot;","img":{"alt_text":"","src":"https:\/\/i0.wp.com\/www.turismoslovacchia.it\/wp-content\/uploads\/trotamun.jpg?resize=350%2C200&ssl=1","width":350,"height":200},"classes":[]},{"id":8411,"url":"https:\/\/www.turismoslovacchia.it\/?p=8411","url_meta":{"origin":5925,"position":4},"title":"La Slovacchia candida all\u2019Unesco la frontiera dell\u2019Impero Romano","date":"8 Febbraio 2018","format":false,"excerpt":"Il comitato slovacco per l\u2019Unesco ha presentato una nuova candidatura della Slovacchia per l\u2019inserimento tra i siti del patrimonio mondiale dell'Unesco. Si tratta di un progetto congiunto transfrontaliero che coinvolge anche Germania, Austria e Ungheria. La candidatura comune \u00e8 quella del Limes Danubiano, l'ex confine settentrionale e nord-orientale dell'Impero Romano,\u2026","rel":"","context":"In &quot;Articoli&quot;","img":{"alt_text":"","src":"https:\/\/i0.wp.com\/www.turismoslovacchia.it\/wp-content\/uploads\/gerulata-rusovce-imperoroman_wiki.jpg?resize=350%2C200&ssl=1","width":350,"height":200},"classes":[]},{"id":4483,"url":"https:\/\/www.turismoslovacchia.it\/?p=4483","url_meta":{"origin":5925,"position":5},"title":"Disney, dal 2016 crociera sul Danubio, dalla Germania a Budapest, ferma anche a Bratislava","date":"16 Aprile 2015","format":false,"excerpt":"La Disney, gi\u00e0 un gigante nel settore vacanze, grazie a una partnership con AmaWaterways si appresta ad aprire una nuova era per il settore delle crociere fluviali. In Europa. La Adventures by Disney offre da ieri un nuovo programma vacanze di otto giorni (sette notti) in crociera sul Danubio, il\u2026","rel":"","context":"In &quot;Articoli&quot;","img":{"alt_text":"","src":"https:\/\/i0.wp.com\/www.turismoslovacchia.it\/wp-content\/uploads\/bratislava-danubio_theodevil-7745154702-CC-BY-NC-ND.jpg?resize=350%2C200&ssl=1","width":350,"height":200},"classes":[]}],"jetpack_shortlink":"https:\/\/wp.me\/p1oiY9-1xz","_links":{"self":[{"href":"https:\/\/www.turismoslovacchia.it\/index.php?rest_route=\/wp\/v2\/posts\/5925"}],"collection":[{"href":"https:\/\/www.turismoslovacchia.it\/index.php?rest_route=\/wp\/v2\/posts"}],"about":[{"href":"https:\/\/www.turismoslovacchia.it\/index.php?rest_route=\/wp\/v2\/types\/post"}],"author":[{"embeddable":true,"href":"https:\/\/www.turismoslovacchia.it\/index.php?rest_route=\/wp\/v2\/users\/2"}],"replies":[{"embeddable":true,"href":"https:\/\/www.turismoslovacchia.it\/index.php?rest_route=%2Fwp%2Fv2%2Fcomments&post=5925"}],"version-history":[{"count":0,"href":"https:\/\/www.turismoslovacchia.it\/index.php?rest_route=\/wp\/v2\/posts\/5925\/revisions"}],"wp:featuredmedia":[{"embeddable":true,"href":"https:\/\/www.turismoslovacchia.it\/index.php?rest_route=\/wp\/v2\/media\/5946"}],"wp:attachment":[{"href":"https:\/\/www.turismoslovacchia.it\/index.php?rest_route=%2Fwp%2Fv2%2Fmedia&parent=5925"}],"wp:term":[{"taxonomy":"category","embeddable":true,"href":"https:\/\/www.turismoslovacchia.it\/index.php?rest_route=%2Fwp%2Fv2%2Fcategories&post=5925"},{"taxonomy":"post_tag","embeddable":true,"href":"https:\/\/www.turismoslovacchia.it\/index.php?rest_route=%2Fwp%2Fv2%2Ftags&post=5925"}],"curies":[{"name":"wp","href":"https:\/\/api.w.org\/{rel}","templated":true}]}}