{"id":5296,"date":"2015-06-09T15:52:39","date_gmt":"2015-06-09T13:52:39","guid":{"rendered":"http:\/\/www.turismoslovacchia.it\/?p=5296"},"modified":"2015-06-09T17:07:19","modified_gmt":"2015-06-09T15:07:19","slug":"estate-culturale-di-bratislava-al-via-300-eventi-fino-a-settembre","status":"publish","type":"post","link":"https:\/\/www.turismoslovacchia.it\/?p=5296","title":{"rendered":"Al via l&#8217;Estate di Bratislava 2015: saranno 300 gli eventi fino a settembre"},"content":{"rendered":"<p style=\"text-align: justify;\"><img decoding=\"async\" loading=\"lazy\" class=\"alignnone  wp-image-5298\" src=\"http:\/\/www.turismoslovacchia.it\/wp-content\/uploads\/bratislava_EadaoinFlynn-BY-NC-ND.jpg\" alt=\"bratislava_(EadaoinFlynn BY-NC-ND)\" width=\"520\" height=\"320\" srcset=\"https:\/\/www.turismoslovacchia.it\/wp-content\/uploads\/bratislava_EadaoinFlynn-BY-NC-ND.jpg 720w, https:\/\/www.turismoslovacchia.it\/wp-content\/uploads\/bratislava_EadaoinFlynn-BY-NC-ND-300x185.jpg 300w, https:\/\/www.turismoslovacchia.it\/wp-content\/uploads\/bratislava_EadaoinFlynn-BY-NC-ND-600x369.jpg 600w, https:\/\/www.turismoslovacchia.it\/wp-content\/uploads\/bratislava_EadaoinFlynn-BY-NC-ND-400x246.jpg 400w, https:\/\/www.turismoslovacchia.it\/wp-content\/uploads\/bratislava_EadaoinFlynn-BY-NC-ND-100x62.jpg 100w, https:\/\/www.turismoslovacchia.it\/wp-content\/uploads\/bratislava_EadaoinFlynn-BY-NC-ND-200x123.jpg 200w, https:\/\/www.turismoslovacchia.it\/wp-content\/uploads\/bratislava_EadaoinFlynn-BY-NC-ND-150x92.jpg 150w\" sizes=\"(max-width: 520px) 100vw, 520px\" \/><\/p>\n<p style=\"text-align: justify;\">\u00c8 stato presentato ieri il programma della 40esima edizione dell\u2019<strong>Estate culturale di Bratislava<\/strong> (Festival Kult\u00farne leto a Hradn\u00e9 sl\u00e1vnosti Bratislava). La capitale, che vanta la stagione culturale pi\u00f9 longeva della Slovacchia, vedr\u00e0 svolgersi nelle diverse location \u2013 tra le quali diverse piazze e il castello \u2013 oltre 300 eventi culturali tra giugno e settembre per adulti, bambini e anche anziani.<\/p>\n<p style=\"text-align: justify;\">Tra le rassegne pi\u00f9 conosciute all\u2019interno dell\u2019estate bratislaviana, vi saranno ancora una volta il <strong>Festival del Folklore<\/strong> slovacco, il <strong>Festival Shakespeare<\/strong>, il <strong>Festival Organistico<\/strong>, il <strong>Festival Internazionale della Chitarra<\/strong> e la rassegna internazionale di scultura <strong>Socha a Objekt<\/strong>, arrivata al ventesimo compleanno.<\/p>\n<p style=\"text-align: justify;\">Ad aprire \u201cle danze\u201d in maniera ufficiale sar\u00e0 il 26 giugno la serata di apertura del festival musicale <strong>Viva Musica!<\/strong> sulla piazza principale della citt\u00e0 (Hlavne Nnamestie) con un\u2019orchestra, noti cantanti lirici e attori. Viva Musica! proseguir\u00e0 poi fino alla fine di agosto, e come star del suo cartellone avr\u00e0 un concerto del compositore americano <strong>Philip Glass<\/strong>, icona della minimal music.<\/p>\n<p style=\"text-align: justify;\"><img decoding=\"async\" loading=\"lazy\" class=\"alignnone\" src=\"https:\/\/scontent-vie1-1.xx.fbcdn.net\/hphotos-xfp1\/v\/t1.0-9\/10428658_10152557068320522_968258318006883627_n.jpg?oh=455fd59a151245feff16a78ed689dac1&amp;oe=55E93B4F\" alt=\"\" width=\"550\" height=\"310\" \/><\/p>\n<p style=\"text-align: justify;\">Ma il programma \u00e8 in realt\u00e0 gi\u00e0 partito lo scorso weekend al Castello di Devin, con un primo evento ambientato nell\u2019epoca rinascimentale, con torneo di cavalieri e altro.<\/p>\n<p style=\"text-align: justify;\">Nel complesso, l&#8217;estate culturale della capitale comprender\u00e0 circa <strong>20 festival<\/strong> con artisti provenienti da 33 diversi Paesi. Tra le (quasi) novit\u00e0, il festival <strong>World Music pri D\u00f3me<\/strong>, che proporr\u00e0 il marted\u00ec sera (a partire da oggi alle 20) artisti interessanti di generi musicali diversi e contrapposti, un festival di favole interattive (<strong>Kde bolo, tam bolo \/ C\u2019era una volta<\/strong>), l\u2019<strong>International Youth Music Festival<\/strong> I \u2013 II, il <strong>Music Square <\/strong>festival con jazz, classica e folk, e il <strong>Music on the Danube River<\/strong>. Altri eventi saranno una mostra speciale intitolata &#8216;<strong>Ho visto tutte le chiese della Slovacchia<\/strong>\u2019 presso la sala Klarisky, una <strong>sfilata di moda<\/strong>, <strong>letture ed eventi letterari<\/strong> presso il giardino del Museo Farmaceutico (<strong>Letna citaren U cerveneho raka<\/strong>), la <strong>Settimana della cultura ungherese<\/strong>, e gli appuntamenti di danza <strong>Latino Show<\/strong> e <strong>Bratislava Tango Party<\/strong>.<\/p>\n<p style=\"text-align: justify;\">Clou del programma sar\u00e0 la <strong>Solenne Messa di Incoronazione<\/strong>, che si terr\u00e0 il 6 settembre presso la Cattedrale di San Martino, per ricordare il 452\u00b0 anniversario dell&#8217;incoronazione del primo dei re ungheresi ad essere stato incoronato a Bratislava: l\u2019Imperatore del Sacro Romano Impero <strong>Massimiliano II<\/strong> con la consorte Maria di Spagna.<\/p>\n<p style=\"text-align: justify;\"><a href=\"http:\/\/www.citylife.sk\/festival\/kulturne-leto-hradne-slavnosti-bratislava-jun-2015\">Qui una panoramica degli eventi<\/a> inseriti nel programma dell\u2019Estate culturale 2015 di Bratislava.<\/p>\n<p style=\"text-align: justify;\">Info:\u00a0<a href=\"https:\/\/www.facebook.com\/Kulturneleto\">https:\/\/www.facebook.com\/Kulturneleto<\/a><\/p>\n<p style=\"text-align: right;\"><span style=\"color: #808080;\"><em>Foto <a style=\"color: #808080;\" href=\"https:\/\/www.flickr.com\/photos\/87305017@N00\/\">EadaoinFlynn CC-BY-NC-ND<\/a><\/em><\/span><\/p>\n","protected":false},"excerpt":{"rendered":"<p>\u00c8 stato presentato ieri il programma della 40esima edizione dell\u2019Estate culturale di Bratislava (Festival Kult\u00farne leto a Hradn\u00e9 sl\u00e1vnosti Bratislava). La capitale, che vanta la stagione culturale pi\u00f9 longeva della Slovacchia, vedr\u00e0 svolgersi nelle diverse location \u2013 tra le quali diverse piazze e il castello \u2013 oltre 300 eventi culturali tra giugno e settembre per [&hellip;]<\/p>\n","protected":false},"author":2,"featured_media":5298,"comment_status":"open","ping_status":"open","sticky":false,"template":"","format":"standard","meta":[],"categories":[3,5,1],"tags":[],"aioseo_notices":[],"jetpack_featured_media_url":"https:\/\/www.turismoslovacchia.it\/wp-content\/uploads\/bratislava_EadaoinFlynn-BY-NC-ND.jpg","jetpack_sharing_enabled":true,"jetpack-related-posts":[{"id":3936,"url":"https:\/\/www.turismoslovacchia.it\/?p=3936","url_meta":{"origin":5296,"position":0},"title":"Parte oggi l\u2019Estate di Bratislava con una sfilata in piazza. In totale 250 eventi fino a settembre","date":"12 Giugno 2014","format":false,"excerpt":"Prende il via oggi 12 giugno L'estate culturale di Bratislava che, insieme al Festival del Castello propone eventi multi-genere nella capitale slovacca per i prossimi tre mesi. L\u2019evento con cui si apre ufficialmente la 39esima edizione dell\u2019Estate \u00e8 \u201cM\u00f3da v meste\u201d, Moda in citta', una sfilata di abiti delle collezioni\u2026","rel":"","context":"In &quot;Eventi&quot;","img":{"alt_text":"","src":"https:\/\/i0.wp.com\/www.turismoslovacchia.it\/wp-content\/uploads\/Bratislava-estate-eventi_flickr-10099099554.jpg?resize=350%2C200&ssl=1","width":350,"height":200},"classes":[]},{"id":8270,"url":"https:\/\/www.turismoslovacchia.it\/?p=8270","url_meta":{"origin":5296,"position":1},"title":"Settembre 2017: gli eventi a Bratislava e dintorni","date":"25 Agosto 2017","format":false,"excerpt":"Segnaliamo qui gli eventi pi\u00f9 rilevanti del mese di settembre 2017 nella citt\u00e0 e regione di Bratislava.\u00a0Tra quelli da segnalare ci sono diverse Farm Fest, appuntamenti gastronomici in tutta la regione che includono il famoso Festival del cavolo di Stupava o il Regno dell'Oca di Slovensk\u00fd Grob, le sagre della\u2026","rel":"","context":"In &quot;Articoli&quot;","img":{"alt_text":"","src":"https:\/\/i0.wp.com\/www.turismoslovacchia.it\/wp-content\/uploads\/eventi_00.jpg?resize=350%2C200&ssl=1","width":350,"height":200},"classes":[]},{"id":8779,"url":"https:\/\/www.turismoslovacchia.it\/?p=8779","url_meta":{"origin":5296,"position":2},"title":"Novembre 2018: gli eventi a Bratislava e dintorni","date":"28 Ottobre 2018","format":false,"excerpt":"Bratislava Music Festival \u2013 Bratislava 28 settembre \u2013 14 ottobre 2018 La 54esima edizione del pi\u00f9 antico e prestigioso festival musicale internazionale in Slovacchia,\u00a0Bratislavsk\u00e9 Hudobn\u00e9 Sl\u00e1vnosti (BHS) prende il via il 28 settembre con un concerto inaugurale della Filarmonica Slovacca diretta da James Judd che vedr\u00e0 eseguiti brani di\u00a0Alexander Moyzes\u2026","rel":"","context":"In &quot;Eventi&quot;","img":{"alt_text":"","src":"https:\/\/i0.wp.com\/www.turismoslovacchia.it\/wp-content\/uploads\/vino-FB_malokarpatskavinnacestaMVC.jpg?resize=350%2C200&ssl=1","width":350,"height":200},"classes":[]},{"id":8236,"url":"https:\/\/www.turismoslovacchia.it\/?p=8236","url_meta":{"origin":5296,"position":3},"title":"Giugno 2017: gli eventi a Bratislava e dintorni","date":"22 Maggio 2017","format":false,"excerpt":"Segnaliamo qui gli eventi pi\u00f9 rilevanti del mese di giugno\u00a02017 nella citt\u00e0 e regione di Bratislava.\u00a0Tra quelli da segnalare ci sono l'estate culturale di Bratislava, che durer\u00e0 con centinaia di appuntamenti fino a settembre, il festival Viva Musica!, il grande Mercato della Ceramica di Pezinok, ma anche\u00a0la festa dell'incoronazione, che\u2026","rel":"","context":"In &quot;Articoli&quot;","img":{"alt_text":"","src":"https:\/\/i0.wp.com\/www.turismoslovacchia.it\/wp-content\/uploads\/eventi_00.jpg?resize=350%2C200&ssl=1","width":350,"height":200},"classes":[]},{"id":9043,"url":"https:\/\/www.turismoslovacchia.it\/?p=9043","url_meta":{"origin":5296,"position":4},"title":"Luglio 2019: gli eventi a Bratislava e in Slovacchia","date":"2 Luglio 2019","format":false,"excerpt":"Estate culturale di Bratislava 2019 \u2013 Bratislava giugno\u00a0\u2013 settembre\u00a02019 La rassegna\u00a0\u201cEstate culturale di Bratislava\u201d \u00e8 il pi\u00f9 grande evento estivo in Slovacchia che, nel corso dei mesi d\u2019estate propone nella capitale centinaia di appuntamenti culturali, musicali, letterari, teatrali, e attivit\u00e0 per il tempo libero\u00a0per i residenti e i tanti turisti.\u2026","rel":"","context":"In &quot;Eventi&quot;","img":{"alt_text":"","src":"https:\/\/i0.wp.com\/www.turismoslovacchia.it\/wp-content\/uploads\/vychodna-festiv-folk.jpg?resize=350%2C200&ssl=1","width":350,"height":200},"classes":[]},{"id":9118,"url":"https:\/\/www.turismoslovacchia.it\/?p=9118","url_meta":{"origin":5296,"position":5},"title":"Agosto 2019: gli eventi a Bratislava e in Slovacchia","date":"2 Agosto 2019","format":false,"excerpt":"VIVA MUSICA! FESTIVAL \u2013 Bratislava 6 luglio \u2013\u00a025 agosto\u00a02018 Il festival Viva Musica! \u00e8 nato nel 2005 con l'ambizione di creare un evento estivo di un alto livello per tutti gli appassionati di musica - classica e non - ma in luoghi e con stile innovativo. Il festival offre il\u2026","rel":"","context":"In &quot;Eventi&quot;","img":{"alt_text":"","src":"https:\/\/i0.wp.com\/www.turismoslovacchia.it\/wp-content\/uploads\/eventi_00.jpg?resize=350%2C200&ssl=1","width":350,"height":200},"classes":[]}],"jetpack_shortlink":"https:\/\/wp.me\/p1oiY9-1nq","_links":{"self":[{"href":"https:\/\/www.turismoslovacchia.it\/index.php?rest_route=\/wp\/v2\/posts\/5296"}],"collection":[{"href":"https:\/\/www.turismoslovacchia.it\/index.php?rest_route=\/wp\/v2\/posts"}],"about":[{"href":"https:\/\/www.turismoslovacchia.it\/index.php?rest_route=\/wp\/v2\/types\/post"}],"author":[{"embeddable":true,"href":"https:\/\/www.turismoslovacchia.it\/index.php?rest_route=\/wp\/v2\/users\/2"}],"replies":[{"embeddable":true,"href":"https:\/\/www.turismoslovacchia.it\/index.php?rest_route=%2Fwp%2Fv2%2Fcomments&post=5296"}],"version-history":[{"count":0,"href":"https:\/\/www.turismoslovacchia.it\/index.php?rest_route=\/wp\/v2\/posts\/5296\/revisions"}],"wp:featuredmedia":[{"embeddable":true,"href":"https:\/\/www.turismoslovacchia.it\/index.php?rest_route=\/wp\/v2\/media\/5298"}],"wp:attachment":[{"href":"https:\/\/www.turismoslovacchia.it\/index.php?rest_route=%2Fwp%2Fv2%2Fmedia&parent=5296"}],"wp:term":[{"taxonomy":"category","embeddable":true,"href":"https:\/\/www.turismoslovacchia.it\/index.php?rest_route=%2Fwp%2Fv2%2Fcategories&post=5296"},{"taxonomy":"post_tag","embeddable":true,"href":"https:\/\/www.turismoslovacchia.it\/index.php?rest_route=%2Fwp%2Fv2%2Ftags&post=5296"}],"curies":[{"name":"wp","href":"https:\/\/api.w.org\/{rel}","templated":true}]}}