{"id":5291,"date":"2015-06-09T13:15:22","date_gmt":"2015-06-09T11:15:22","guid":{"rendered":"http:\/\/www.turismoslovacchia.it\/?p=5291"},"modified":"2015-06-09T17:07:57","modified_gmt":"2015-06-09T15:07:57","slug":"cresce-la-popolazione-di-marmotte-nei-belianske-tatra","status":"publish","type":"post","link":"https:\/\/www.turismoslovacchia.it\/?p=5291","title":{"rendered":"Cresce la popolazione di marmotte nei Belianske Tatra"},"content":{"rendered":"<p style=\"text-align: justify;\"><img decoding=\"async\" loading=\"lazy\" class=\"alignnone  wp-image-5293\" src=\"http:\/\/www.turismoslovacchia.it\/wp-content\/uploads\/marmotta_nuriamp-9134330257-NC-ND.jpg\" alt=\"marmotta_(nuriamp 9134330257 NC-ND)\" width=\"520\" height=\"320\" srcset=\"https:\/\/www.turismoslovacchia.it\/wp-content\/uploads\/marmotta_nuriamp-9134330257-NC-ND.jpg 720w, https:\/\/www.turismoslovacchia.it\/wp-content\/uploads\/marmotta_nuriamp-9134330257-NC-ND-300x185.jpg 300w, https:\/\/www.turismoslovacchia.it\/wp-content\/uploads\/marmotta_nuriamp-9134330257-NC-ND-600x369.jpg 600w, https:\/\/www.turismoslovacchia.it\/wp-content\/uploads\/marmotta_nuriamp-9134330257-NC-ND-400x246.jpg 400w, https:\/\/www.turismoslovacchia.it\/wp-content\/uploads\/marmotta_nuriamp-9134330257-NC-ND-100x62.jpg 100w, https:\/\/www.turismoslovacchia.it\/wp-content\/uploads\/marmotta_nuriamp-9134330257-NC-ND-200x123.jpg 200w, https:\/\/www.turismoslovacchia.it\/wp-content\/uploads\/marmotta_nuriamp-9134330257-NC-ND-150x92.jpg 150w\" sizes=\"(max-width: 520px) 100vw, 520px\" \/><\/p>\n<p style=\"text-align: justify;\">Il numero di marmotte che vivono nella catena montuosa Belianske Tatra (poco ad est delle maggiori cime degli Alti Tatra) risulta in aumento, dopo diversi anni senza sviluppi positivi. Dalla reintroduzione della marmotta alpina (<em>Marmota marmota<\/em>) nella zona, sei anni fa, per la prima volta la direzione del Parco nazionale degli Alti Tatra (Tanap) ha registrato la presenza dopo il letargo invernale di una famiglia in pi\u00f9.<\/p>\n<p style=\"text-align: justify;\">Il progetto di ripopolazione nei monti Belianske Tatra, grazie alla cattura delle coppie di roditori sugli Alti Tatra e al rilascio pi\u00f9 ad est, \u00e8 stato realizzato nel 2008 ed \u00e8 durato per tre anni. All&#8217;inizio di questo monitoraggio primavera ha portato alla scoperta di una famiglia di marmotte in pi\u00f9 nella catena montuosa. Dall\u2019inizio del progetto nell\u2019area sono nati trentotto \u201cmarmottini\u201d.<\/p>\n<p style=\"text-align: justify;\">(Red)<\/p>\n<p style=\"text-align: right;\"><span style=\"color: #808080;\"><em>&#8212;<br \/>\nFoto <a style=\"color: #808080;\" href=\"https:\/\/www.flickr.com\/photos\/31334159@N07\/\">nuriamp<\/a> CC-BY-NC-ND<\/em><\/span><\/p>\n","protected":false},"excerpt":{"rendered":"<p>Il numero di marmotte che vivono nella catena montuosa Belianske Tatra (poco ad est delle maggiori cime degli Alti Tatra) risulta in aumento, dopo diversi anni senza sviluppi positivi. Dalla reintroduzione della marmotta alpina (Marmota marmota) nella zona, sei anni fa, per la prima volta la direzione del Parco nazionale degli Alti Tatra (Tanap) ha [&hellip;]<\/p>\n","protected":false},"author":2,"featured_media":5293,"comment_status":"open","ping_status":"open","sticky":false,"template":"","format":"standard","meta":[],"categories":[3,1],"tags":[663,592,662,146],"aioseo_notices":[],"jetpack_featured_media_url":"https:\/\/www.turismoslovacchia.it\/wp-content\/uploads\/marmotta_nuriamp-9134330257-NC-ND.jpg","jetpack_sharing_enabled":true,"jetpack-related-posts":[{"id":8991,"url":"https:\/\/www.turismoslovacchia.it\/?p=8991","url_meta":{"origin":5291,"position":0},"title":"Gli Alti Tatra slovacchi sono la destinazione \u2018Best in Europe 2019\u2019 di Lonely Planet","date":"3 Giugno 2019","format":false,"excerpt":"Il paesaggio degli Alti Tatra \u00e8 stato scelto per guidare la classifica \u201cBest in Europe 2019\u201d di Lonely Planet dedicata alle migliori destinazioni per le prossime vacanze estive. Non \u00e8 difficile capire le ragioni per cui gli esperti di viaggio della pi\u00f9 famosa guida\u00a0hanno scelto\u00a0il pi\u00f9 antico parco naturale della\u2026","rel":"","context":"In &quot;Articoli&quot;","img":{"alt_text":"","src":"https:\/\/i0.wp.com\/www.turismoslovacchia.it\/wp-content\/uploads\/altitatra-strbskeples_vendin-cc-by.jpg?resize=350%2C200&ssl=1","width":350,"height":200},"classes":[]},{"id":5589,"url":"https:\/\/www.turismoslovacchia.it\/?p=5589","url_meta":{"origin":5291,"position":1},"title":"Le 7 cose da non perdere in Slovacchia","date":"12 Agosto 2015","format":false,"excerpt":"Sono molti\u00a0i posti da visitare in Slovacchia prima di morire, \u00a0e sono legati alla storia e cultura di questo bel paese. Gi\u00e0\u00a0parte dell'impero austro-ungarico, la Slovacchia ha\u00a0mantenuto forti\u00a0tradizioni popolari e culturali, soprattutto musica e danza, e chi visita il paese le trova sempre affascinanti.\u00a0La Slovacchia \u00e8 un paese ospitale, e\u2026","rel":"","context":"In &quot;Articoli&quot;","img":{"alt_text":"","src":"https:\/\/i0.wp.com\/www.turismoslovacchia.it\/wp-content\/uploads\/malafatra-parc1_honzasterba-cc-by-nc-nd.jpg?resize=350%2C200&ssl=1","width":350,"height":200},"classes":[]},{"id":8206,"url":"https:\/\/www.turismoslovacchia.it\/?p=8206","url_meta":{"origin":5291,"position":2},"title":"Pi\u00f9 di 19.000 persone hanno visitato il Parco Nazionale dei Tatra in un solo giorno","date":"12 Agosto 2017","format":false,"excerpt":"Secondo i risultati dell'ultimo censimento annuale sui propri visitatori, mercoled\u00ec 2 agosto ben 19.227 turisti hanno visitato il Parco Nazionale dei Tatra (TANAP), un vasto territorio alpino negli Alti Tatra, le pi\u00f9 alte montagne della Slovacchia. Tra le nazionalit\u00e0 dei visitatori, la pi\u00f9 numerosa era quella degli slovacchi, seguita da\u2026","rel":"","context":"In &quot;Articoli&quot;","img":{"alt_text":"","src":"https:\/\/i0.wp.com\/www.turismoslovacchia.it\/wp-content\/uploads\/altitatra-2_teveve-cc-by-nc-sa.jpg?resize=350%2C200&ssl=1","width":350,"height":200},"classes":[]},{"id":5925,"url":"https:\/\/www.turismoslovacchia.it\/?p=5925","url_meta":{"origin":5291,"position":3},"title":"Le foto pi\u00f9 belle della Slovacchia in autunno","date":"22 Settembre 2015","format":false,"excerpt":"L'autunno in Slovacchia La Slovacchia ha un clima temperato, trovandosi nella zona climatica moderata settentrionale, in una posizione geografica, al centro dell'Europa continentale, e l'altitudine che sono i fattori chiave a influenzare il clima slovacco. Nelle pianure meridionali il clima \u00e8 pi\u00f9 caldo mentre lo \u00e8 meno al nord, sulle\u2026","rel":"","context":"In &quot;Articoli&quot;","img":{"alt_text":"","src":"https:\/\/i0.wp.com\/www.turismoslovacchia.it\/wp-content\/uploads\/Sulovske-skaly_Zilina_zilinskyturistickykraj.sk_.jpg?resize=350%2C200&ssl=1","width":350,"height":200},"classes":[]},{"id":1064,"url":"https:\/\/www.turismoslovacchia.it\/?p=1064","url_meta":{"origin":5291,"position":4},"title":"Nel freddo delle Alpi slovacche gli sport invernali hanno il loro posto assicurato","date":"24 Ottobre 2011","format":false,"excerpt":"Sono passati i tempi in cui l\u2019Europa centro-orientale era considerata una meta di serie B. Centri del turismo internazionale come Budapest o Praga attirano milioni di visitatori, e anche gli interni dei diversi paesi, con le loro bellezze ancora in buona parte incontaminate incuriosiscono i turisti dell\u2019Occidente. Certo \u00e8 dura\u2026","rel":"","context":"In &quot;Articoli&quot;","img":{"alt_text":"","src":"https:\/\/i0.wp.com\/www.turismoslovacchia.it\/wp-content\/uploads\/sciare-in-Slovacchia-foto_residenceclub-sk.jpg?resize=350%2C200&ssl=1","width":350,"height":200},"classes":[]},{"id":719,"url":"https:\/\/www.turismoslovacchia.it\/?p=719","url_meta":{"origin":5291,"position":5},"title":"Alti Tatra: apertura ufficiale della stagione invernale a Strbske Pleso","date":"20 Dicembre 2010","format":false,"excerpt":"Anche se sciatori e snowboarder hanno gia' potuto godere della neve sugli Alti Tatra ormai da due settimane, \u00e8 solo Sabato 18 Dicembre che la stagione invernale di quest\u2019anno \u00e8 stata ufficialmente aperta sulle pi\u00f9 alte montagne della Slovacchia. La cerimonia di apertura, avvenuta nel centro sciistico di Strbske Pleso,\u2026","rel":"","context":"In &quot;Articoli&quot;","img":{"alt_text":"","src":"https:\/\/i0.wp.com\/www.turismoslovacchia.it\/wp-content\/uploads\/Il-complesso-sciistico-di-Strbske-Pleso-negli-Alti-Tatra.jpg?resize=350%2C200&ssl=1","width":350,"height":200},"classes":[]}],"jetpack_shortlink":"https:\/\/wp.me\/p1oiY9-1nl","_links":{"self":[{"href":"https:\/\/www.turismoslovacchia.it\/index.php?rest_route=\/wp\/v2\/posts\/5291"}],"collection":[{"href":"https:\/\/www.turismoslovacchia.it\/index.php?rest_route=\/wp\/v2\/posts"}],"about":[{"href":"https:\/\/www.turismoslovacchia.it\/index.php?rest_route=\/wp\/v2\/types\/post"}],"author":[{"embeddable":true,"href":"https:\/\/www.turismoslovacchia.it\/index.php?rest_route=\/wp\/v2\/users\/2"}],"replies":[{"embeddable":true,"href":"https:\/\/www.turismoslovacchia.it\/index.php?rest_route=%2Fwp%2Fv2%2Fcomments&post=5291"}],"version-history":[{"count":0,"href":"https:\/\/www.turismoslovacchia.it\/index.php?rest_route=\/wp\/v2\/posts\/5291\/revisions"}],"wp:featuredmedia":[{"embeddable":true,"href":"https:\/\/www.turismoslovacchia.it\/index.php?rest_route=\/wp\/v2\/media\/5293"}],"wp:attachment":[{"href":"https:\/\/www.turismoslovacchia.it\/index.php?rest_route=%2Fwp%2Fv2%2Fmedia&parent=5291"}],"wp:term":[{"taxonomy":"category","embeddable":true,"href":"https:\/\/www.turismoslovacchia.it\/index.php?rest_route=%2Fwp%2Fv2%2Fcategories&post=5291"},{"taxonomy":"post_tag","embeddable":true,"href":"https:\/\/www.turismoslovacchia.it\/index.php?rest_route=%2Fwp%2Fv2%2Ftags&post=5291"}],"curies":[{"name":"wp","href":"https:\/\/api.w.org\/{rel}","templated":true}]}}